{"id":18133,"date":"2026-04-05T21:05:25","date_gmt":"2026-04-06T00:05:25","guid":{"rendered":"https:\/\/fmgente.com.ar\/web\/semana-santa-no-llevo-alivio-al-turismo-mucha-gente-en-tandil-y-mar-del-plata-pero-con-pocos-gastos\/"},"modified":"2026-04-05T21:05:25","modified_gmt":"2026-04-06T00:05:25","slug":"semana-santa-no-llevo-alivio-al-turismo-mucha-gente-en-tandil-y-mar-del-plata-pero-con-pocos-gastos","status":"publish","type":"post","link":"https:\/\/fmgente.com.ar\/web\/semana-santa-no-llevo-alivio-al-turismo-mucha-gente-en-tandil-y-mar-del-plata-pero-con-pocos-gastos\/","title":{"rendered":"Semana Santa no llev\u00f3 alivio al turismo: mucha gente en Tandil y Mar del Plata pero con pocos gastos"},"content":{"rendered":"<p>Buenos Aires, 5 abril (NA) \u2013 El fin de semana largo de Semana Santa dej\u00f3 un balance dispar en dos de los principales destinos tur\u00edsticos de la provincia de Buenos Aires porque tanto Mar del Plata como Tandil registraron una importante afluencia de visitantes, aunque con un dato en com\u00fan: el consumo fue significativamente menor.<\/p>\n<p>Tanto fue as\u00ed, que un importante operador tur\u00edstico de Mar del Plata le dijo a la Agencia Noticias Argentinas que este fin de semana de Pascuas tuvo m\u00e1s movimiento el Balneario 12 de Punta Mogotes para el a\u00f1o que viene (reservas 2027) que la gente consumiendo en bares, restos o negocios de ropa. <\/p>\n<p>MAR DEL PLATA CON M\u00c1S GENTE PERO MENOS GASTOS<\/p>\n<p>En Mar del Plata, la ocupaci\u00f3n hotelera apenas alcanz\u00f3 el 50%, a pesar de que la ciudad recibi\u00f3 un 9% m\u00e1s de turistas que en el mismo per\u00edodo del a\u00f1o pasado. Seg\u00fan el balance de UTHGRA Mar del Plata, el movimiento tur\u00edstico estuvo \u201cbastante lejos al de otros a\u00f1os\u201d, cuando este feriado sol\u00eda ser uno de los puntos m\u00e1s fuertes del calendario.<\/p>\n<p>\u201cLa actividad fue moderada. Claramente el clima no nos acompa\u00f1\u00f3, tambi\u00e9n hab\u00edamos tenido otro fin de semana largo muy cerca y es evidente la ca\u00edda del poder adquisitivo de la gente. Semana Santa no explot\u00f3 como otras veces\u201d, explic\u00f3 el secretario general del gremio, Pablo Sant\u00edn, en base al relevamiento realizado entre el mi\u00e9rcoles y este domingo, seg\u00fan publica el sitio 0223.<\/p>\n<p>En cuanto al consumo, desde el sector gastron\u00f3mico se\u00f1alaron que la mayor actividad se concentr\u00f3 en el centro, la calle G\u00fcemes y otros polos comerciales, mientras que el Puerto tuvo un fuerte movimiento, especialmente el viernes. Sin embargo, en otras zonas \u201cno se sinti\u00f3 tanto\u201d la presencia de turistas.<\/p>\n<p>\u201cFue un fin de semana largo m\u00e1s, con movimiento moderado, no como otros a\u00f1os donde Semana Santa era un punto fuerte\u201d, agregaron desde el gremio, al tiempo que advirtieron que el gasto fue \u201cmuy cuidado\u201d, en l\u00ednea con una \u201csituaci\u00f3n econ\u00f3mica compleja\u201d y una \u201cprogresiva retracci\u00f3n del consumo\u201d.<\/p>\n<p>TANDIL CON MUCHA GENTE <\/p>\n<p>Un panorama distinto, aunque con el mismo denominador com\u00fan en el gasto, se vivi\u00f3 en Tandil. All\u00ed, la ocupaci\u00f3n hotelera y de caba\u00f1as alcanz\u00f3 el 95%, pero el consumo fue bajo. <\/p>\n<p>Seg\u00fan referentes locales, los restaurantes trabajaron con niveles similares a un fin de semana habitual, con fuerte presencia de residentes m\u00e1s que de turistas.<\/p>\n<p>Tandil tiene un turismo cautivo de las zonas aleda\u00f1as y en Semana Santa m\u00e1s, por el car\u00e1cter religioso de la ciudad y la cantidad de ferias, sobre todo la del Parque Independencia, que explot\u00f3 de gente todos los d\u00edas. <\/p>\n<p>MAL FIN DE SEMANA LARGO A NIVEL NACIONAL<\/p>\n<p>A nivel nacional, los datos de la Confederaci\u00f3n Argentina de la Mediana Empresa reflejan esta tendencia: durante el feriado se movilizaron 2.852.256 personas, un 5,6% m\u00e1s que el a\u00f1o pasado. Sin embargo, el impacto econ\u00f3mico fue menor. El movimiento gener\u00f3 $808.198 millones, pero al descontar la inflaci\u00f3n se registr\u00f3 una ca\u00edda interanual del 18,9%.<\/p>\n<p>El gasto promedio diario por turista fue de $108.982, lo que representa una baja real del 8,4%. Adem\u00e1s, la estad\u00eda promedio se redujo a 2,6 noches, un 16,1% menos que en 2025, confirmando una tendencia hacia viajes m\u00e1s cortos y austeros.<\/p>\n<p>El costo tambi\u00e9n fue determinante: una familia tipo necesit\u00f3 m\u00e1s de $1,1 millones para viajar dentro del pa\u00eds durante el fin de semana largo, cifra equivalente a cerca del 69% de un salario promedio. En este contexto, el turismo se mantuvo activo, pero con un perfil mucho m\u00e1s medido, marcado por el ajuste en los bolsillos.<\/p>\n<p>#AgenciaNA<\/p>\n","protected":false},"excerpt":{"rendered":"<p>Buenos Aires, 5 abril (NA) \u2013 El fin de semana largo de Semana Santa dej\u00f3<\/p>\n","protected":false},"author":0,"featured_media":18134,"comment_status":"","ping_status":"","sticky":false,"template":"","format":"standard","meta":{"footnotes":""},"categories":[1],"tags":[],"class_list":["post-18133","post","type-post","status-publish","format-standard","has-post-thumbnail","hentry","category-regionales"],"yoast_head":"<!-- This site is optimized with the Yoast SEO plugin v27.4 - https:\/\/yoast.com\/product\/yoast-seo-wordpress\/ -->\n<title>Semana Santa no llev\u00f3 alivio al turismo: mucha gente en Tandil y Mar del Plata pero con pocos gastos - Fm Gente<\/title>\n<meta name=\"robots\" content=\"index, follow, max-snippet:-1, max-image-preview:large, max-video-preview:-1\" \/>\n<link rel=\"canonical\" href=\"https:\/\/fmgente.com.ar\/web\/semana-santa-no-llevo-alivio-al-turismo-mucha-gente-en-tandil-y-mar-del-plata-pero-con-pocos-gastos\/\" \/>\n<meta property=\"og:locale\" content=\"es_ES\" \/>\n<meta property=\"og:type\" content=\"article\" \/>\n<meta property=\"og:title\" content=\"Semana Santa no llev\u00f3 alivio al turismo: mucha gente en Tandil y Mar del Plata pero con pocos gastos - Fm Gente\" \/>\n<meta property=\"og:description\" content=\"Buenos Aires, 5 abril (NA) \u2013 El fin de semana largo de Semana Santa dej\u00f3\" \/>\n<meta property=\"og:url\" content=\"https:\/\/fmgente.com.ar\/web\/semana-santa-no-llevo-alivio-al-turismo-mucha-gente-en-tandil-y-mar-del-plata-pero-con-pocos-gastos\/\" \/>\n<meta property=\"og:site_name\" content=\"Fm Gente\" \/>\n<meta property=\"article:published_time\" content=\"2026-04-06T00:05:25+00:00\" \/>\n<meta name=\"twitter:card\" content=\"summary_large_image\" \/>\n<meta name=\"twitter:label1\" content=\"Tiempo de lectura\" \/>\n\t<meta name=\"twitter:data1\" content=\"3 minutos\" \/>\n<script type=\"application\/ld+json\" class=\"yoast-schema-graph\">{\"@context\":\"https:\\\/\\\/schema.org\",\"@graph\":[{\"@type\":\"Article\",\"@id\":\"https:\\\/\\\/fmgente.com.ar\\\/web\\\/semana-santa-no-llevo-alivio-al-turismo-mucha-gente-en-tandil-y-mar-del-plata-pero-con-pocos-gastos\\\/#article\",\"isPartOf\":{\"@id\":\"https:\\\/\\\/fmgente.com.ar\\\/web\\\/semana-santa-no-llevo-alivio-al-turismo-mucha-gente-en-tandil-y-mar-del-plata-pero-con-pocos-gastos\\\/\"},\"author\":{\"name\":\"\",\"@id\":\"\"},\"headline\":\"Semana Santa no llev\u00f3 alivio al turismo: mucha gente en Tandil y Mar del Plata pero con pocos gastos\",\"datePublished\":\"2026-04-06T00:05:25+00:00\",\"mainEntityOfPage\":{\"@id\":\"https:\\\/\\\/fmgente.com.ar\\\/web\\\/semana-santa-no-llevo-alivio-al-turismo-mucha-gente-en-tandil-y-mar-del-plata-pero-con-pocos-gastos\\\/\"},\"wordCount\":648,\"publisher\":{\"@id\":\"https:\\\/\\\/fmgente.com.ar\\\/web\\\/#organization\"},\"image\":{\"@id\":\"https:\\\/\\\/fmgente.com.ar\\\/web\\\/semana-santa-no-llevo-alivio-al-turismo-mucha-gente-en-tandil-y-mar-del-plata-pero-con-pocos-gastos\\\/#primaryimage\"},\"thumbnailUrl\":\"https:\\\/\\\/fmgente.com.ar\\\/web\\\/wp-content\\\/uploads\\\/2026\\\/04\\\/720-272.jpeg\",\"articleSection\":[\"REGIONALES\"],\"inLanguage\":\"es\"},{\"@type\":\"WebPage\",\"@id\":\"https:\\\/\\\/fmgente.com.ar\\\/web\\\/semana-santa-no-llevo-alivio-al-turismo-mucha-gente-en-tandil-y-mar-del-plata-pero-con-pocos-gastos\\\/\",\"url\":\"https:\\\/\\\/fmgente.com.ar\\\/web\\\/semana-santa-no-llevo-alivio-al-turismo-mucha-gente-en-tandil-y-mar-del-plata-pero-con-pocos-gastos\\\/\",\"name\":\"Semana Santa no llev\u00f3 alivio al turismo: mucha gente en Tandil y Mar del Plata pero con pocos gastos - Fm Gente\",\"isPartOf\":{\"@id\":\"https:\\\/\\\/fmgente.com.ar\\\/web\\\/#website\"},\"primaryImageOfPage\":{\"@id\":\"https:\\\/\\\/fmgente.com.ar\\\/web\\\/semana-santa-no-llevo-alivio-al-turismo-mucha-gente-en-tandil-y-mar-del-plata-pero-con-pocos-gastos\\\/#primaryimage\"},\"image\":{\"@id\":\"https:\\\/\\\/fmgente.com.ar\\\/web\\\/semana-santa-no-llevo-alivio-al-turismo-mucha-gente-en-tandil-y-mar-del-plata-pero-con-pocos-gastos\\\/#primaryimage\"},\"thumbnailUrl\":\"https:\\\/\\\/fmgente.com.ar\\\/web\\\/wp-content\\\/uploads\\\/2026\\\/04\\\/720-272.jpeg\",\"datePublished\":\"2026-04-06T00:05:25+00:00\",\"inLanguage\":\"es\",\"potentialAction\":[{\"@type\":\"ReadAction\",\"target\":[\"https:\\\/\\\/fmgente.com.ar\\\/web\\\/semana-santa-no-llevo-alivio-al-turismo-mucha-gente-en-tandil-y-mar-del-plata-pero-con-pocos-gastos\\\/\"]}]},{\"@type\":\"ImageObject\",\"inLanguage\":\"es\",\"@id\":\"https:\\\/\\\/fmgente.com.ar\\\/web\\\/semana-santa-no-llevo-alivio-al-turismo-mucha-gente-en-tandil-y-mar-del-plata-pero-con-pocos-gastos\\\/#primaryimage\",\"url\":\"https:\\\/\\\/fmgente.com.ar\\\/web\\\/wp-content\\\/uploads\\\/2026\\\/04\\\/720-272.jpeg\",\"contentUrl\":\"https:\\\/\\\/fmgente.com.ar\\\/web\\\/wp-content\\\/uploads\\\/2026\\\/04\\\/720-272.jpeg\",\"width\":960,\"height\":720},{\"@type\":\"WebSite\",\"@id\":\"https:\\\/\\\/fmgente.com.ar\\\/web\\\/#website\",\"url\":\"https:\\\/\\\/fmgente.com.ar\\\/web\\\/\",\"name\":\"Fm Gente\",\"description\":\"- Jes\u00fas Mar\u00eda\",\"publisher\":{\"@id\":\"https:\\\/\\\/fmgente.com.ar\\\/web\\\/#organization\"},\"potentialAction\":[{\"@type\":\"SearchAction\",\"target\":{\"@type\":\"EntryPoint\",\"urlTemplate\":\"https:\\\/\\\/fmgente.com.ar\\\/web\\\/?s={search_term_string}\"},\"query-input\":{\"@type\":\"PropertyValueSpecification\",\"valueRequired\":true,\"valueName\":\"search_term_string\"}}],\"inLanguage\":\"es\"},{\"@type\":\"Organization\",\"@id\":\"https:\\\/\\\/fmgente.com.ar\\\/web\\\/#organization\",\"name\":\"Fm Gente\",\"url\":\"https:\\\/\\\/fmgente.com.ar\\\/web\\\/\",\"logo\":{\"@type\":\"ImageObject\",\"inLanguage\":\"es\",\"@id\":\"https:\\\/\\\/fmgente.com.ar\\\/web\\\/#\\\/schema\\\/logo\\\/image\\\/\",\"url\":\"https:\\\/\\\/fmgente.com.ar\\\/web\\\/wp-content\\\/uploads\\\/2023\\\/07\\\/cropped-cropped-logo-sombra2.png\",\"contentUrl\":\"https:\\\/\\\/fmgente.com.ar\\\/web\\\/wp-content\\\/uploads\\\/2023\\\/07\\\/cropped-cropped-logo-sombra2.png\",\"width\":1782,\"height\":1782,\"caption\":\"Fm Gente\"},\"image\":{\"@id\":\"https:\\\/\\\/fmgente.com.ar\\\/web\\\/#\\\/schema\\\/logo\\\/image\\\/\"}}]}<\/script>\n<!-- \/ Yoast SEO plugin. -->","yoast_head_json":{"title":"Semana Santa no llev\u00f3 alivio al turismo: mucha gente en Tandil y Mar del Plata pero con pocos gastos - Fm Gente","robots":{"index":"index","follow":"follow","max-snippet":"max-snippet:-1","max-image-preview":"max-image-preview:large","max-video-preview":"max-video-preview:-1"},"canonical":"https:\/\/fmgente.com.ar\/web\/semana-santa-no-llevo-alivio-al-turismo-mucha-gente-en-tandil-y-mar-del-plata-pero-con-pocos-gastos\/","og_locale":"es_ES","og_type":"article","og_title":"Semana Santa no llev\u00f3 alivio al turismo: mucha gente en Tandil y Mar del Plata pero con pocos gastos - Fm Gente","og_description":"Buenos Aires, 5 abril (NA) \u2013 El fin de semana largo de Semana Santa dej\u00f3","og_url":"https:\/\/fmgente.com.ar\/web\/semana-santa-no-llevo-alivio-al-turismo-mucha-gente-en-tandil-y-mar-del-plata-pero-con-pocos-gastos\/","og_site_name":"Fm Gente","article_published_time":"2026-04-06T00:05:25+00:00","twitter_card":"summary_large_image","twitter_misc":{"Tiempo de lectura":"3 minutos"},"schema":{"@context":"https:\/\/schema.org","@graph":[{"@type":"Article","@id":"https:\/\/fmgente.com.ar\/web\/semana-santa-no-llevo-alivio-al-turismo-mucha-gente-en-tandil-y-mar-del-plata-pero-con-pocos-gastos\/#article","isPartOf":{"@id":"https:\/\/fmgente.com.ar\/web\/semana-santa-no-llevo-alivio-al-turismo-mucha-gente-en-tandil-y-mar-del-plata-pero-con-pocos-gastos\/"},"author":{"name":"","@id":""},"headline":"Semana Santa no llev\u00f3 alivio al turismo: mucha gente en Tandil y Mar del Plata pero con pocos gastos","datePublished":"2026-04-06T00:05:25+00:00","mainEntityOfPage":{"@id":"https:\/\/fmgente.com.ar\/web\/semana-santa-no-llevo-alivio-al-turismo-mucha-gente-en-tandil-y-mar-del-plata-pero-con-pocos-gastos\/"},"wordCount":648,"publisher":{"@id":"https:\/\/fmgente.com.ar\/web\/#organization"},"image":{"@id":"https:\/\/fmgente.com.ar\/web\/semana-santa-no-llevo-alivio-al-turismo-mucha-gente-en-tandil-y-mar-del-plata-pero-con-pocos-gastos\/#primaryimage"},"thumbnailUrl":"https:\/\/fmgente.com.ar\/web\/wp-content\/uploads\/2026\/04\/720-272.jpeg","articleSection":["REGIONALES"],"inLanguage":"es"},{"@type":"WebPage","@id":"https:\/\/fmgente.com.ar\/web\/semana-santa-no-llevo-alivio-al-turismo-mucha-gente-en-tandil-y-mar-del-plata-pero-con-pocos-gastos\/","url":"https:\/\/fmgente.com.ar\/web\/semana-santa-no-llevo-alivio-al-turismo-mucha-gente-en-tandil-y-mar-del-plata-pero-con-pocos-gastos\/","name":"Semana Santa no llev\u00f3 alivio al turismo: mucha gente en Tandil y Mar del Plata pero con pocos gastos - Fm Gente","isPartOf":{"@id":"https:\/\/fmgente.com.ar\/web\/#website"},"primaryImageOfPage":{"@id":"https:\/\/fmgente.com.ar\/web\/semana-santa-no-llevo-alivio-al-turismo-mucha-gente-en-tandil-y-mar-del-plata-pero-con-pocos-gastos\/#primaryimage"},"image":{"@id":"https:\/\/fmgente.com.ar\/web\/semana-santa-no-llevo-alivio-al-turismo-mucha-gente-en-tandil-y-mar-del-plata-pero-con-pocos-gastos\/#primaryimage"},"thumbnailUrl":"https:\/\/fmgente.com.ar\/web\/wp-content\/uploads\/2026\/04\/720-272.jpeg","datePublished":"2026-04-06T00:05:25+00:00","inLanguage":"es","potentialAction":[{"@type":"ReadAction","target":["https:\/\/fmgente.com.ar\/web\/semana-santa-no-llevo-alivio-al-turismo-mucha-gente-en-tandil-y-mar-del-plata-pero-con-pocos-gastos\/"]}]},{"@type":"ImageObject","inLanguage":"es","@id":"https:\/\/fmgente.com.ar\/web\/semana-santa-no-llevo-alivio-al-turismo-mucha-gente-en-tandil-y-mar-del-plata-pero-con-pocos-gastos\/#primaryimage","url":"https:\/\/fmgente.com.ar\/web\/wp-content\/uploads\/2026\/04\/720-272.jpeg","contentUrl":"https:\/\/fmgente.com.ar\/web\/wp-content\/uploads\/2026\/04\/720-272.jpeg","width":960,"height":720},{"@type":"WebSite","@id":"https:\/\/fmgente.com.ar\/web\/#website","url":"https:\/\/fmgente.com.ar\/web\/","name":"Fm Gente","description":"- Jes\u00fas Mar\u00eda","publisher":{"@id":"https:\/\/fmgente.com.ar\/web\/#organization"},"potentialAction":[{"@type":"SearchAction","target":{"@type":"EntryPoint","urlTemplate":"https:\/\/fmgente.com.ar\/web\/?s={search_term_string}"},"query-input":{"@type":"PropertyValueSpecification","valueRequired":true,"valueName":"search_term_string"}}],"inLanguage":"es"},{"@type":"Organization","@id":"https:\/\/fmgente.com.ar\/web\/#organization","name":"Fm Gente","url":"https:\/\/fmgente.com.ar\/web\/","logo":{"@type":"ImageObject","inLanguage":"es","@id":"https:\/\/fmgente.com.ar\/web\/#\/schema\/logo\/image\/","url":"https:\/\/fmgente.com.ar\/web\/wp-content\/uploads\/2023\/07\/cropped-cropped-logo-sombra2.png","contentUrl":"https:\/\/fmgente.com.ar\/web\/wp-content\/uploads\/2023\/07\/cropped-cropped-logo-sombra2.png","width":1782,"height":1782,"caption":"Fm Gente"},"image":{"@id":"https:\/\/fmgente.com.ar\/web\/#\/schema\/logo\/image\/"}}]}},"_links":{"self":[{"href":"https:\/\/fmgente.com.ar\/web\/wp-json\/wp\/v2\/posts\/18133","targetHints":{"allow":["GET"]}}],"collection":[{"href":"https:\/\/fmgente.com.ar\/web\/wp-json\/wp\/v2\/posts"}],"about":[{"href":"https:\/\/fmgente.com.ar\/web\/wp-json\/wp\/v2\/types\/post"}],"replies":[{"embeddable":true,"href":"https:\/\/fmgente.com.ar\/web\/wp-json\/wp\/v2\/comments?post=18133"}],"version-history":[{"count":0,"href":"https:\/\/fmgente.com.ar\/web\/wp-json\/wp\/v2\/posts\/18133\/revisions"}],"wp:featuredmedia":[{"embeddable":true,"href":"https:\/\/fmgente.com.ar\/web\/wp-json\/wp\/v2\/media\/18134"}],"wp:attachment":[{"href":"https:\/\/fmgente.com.ar\/web\/wp-json\/wp\/v2\/media?parent=18133"}],"wp:term":[{"taxonomy":"category","embeddable":true,"href":"https:\/\/fmgente.com.ar\/web\/wp-json\/wp\/v2\/categories?post=18133"},{"taxonomy":"post_tag","embeddable":true,"href":"https:\/\/fmgente.com.ar\/web\/wp-json\/wp\/v2\/tags?post=18133"}],"curies":[{"name":"wp","href":"https:\/\/api.w.org\/{rel}","templated":true}]}}