{"id":18119,"date":"2026-04-05T19:08:17","date_gmt":"2026-04-05T22:08:17","guid":{"rendered":"https:\/\/fmgente.com.ar\/web\/el-patriarca-de-jerusalen-pudo-oficiar-la-misa-de-pascua-pero-a-puertas-cerradas\/"},"modified":"2026-04-05T19:08:17","modified_gmt":"2026-04-05T22:08:17","slug":"el-patriarca-de-jerusalen-pudo-oficiar-la-misa-de-pascua-pero-a-puertas-cerradas","status":"publish","type":"post","link":"https:\/\/fmgente.com.ar\/web\/el-patriarca-de-jerusalen-pudo-oficiar-la-misa-de-pascua-pero-a-puertas-cerradas\/","title":{"rendered":"El patriarca de Jerusal\u00e9n pudo oficiar la Misa de Pascua, pero a puertas cerradas"},"content":{"rendered":"<p>Buenos Aires, 5 abril (NA) \u2013El cardenal Pierbattista Pizzaballa, patriarca latino de Jerusal\u00e9n, pudo oficiar misa en el Domingo de Pascua, aunque solo lo hizo a puertas cerradas por imposici\u00f3n del Gobierno israel\u00ed, que hace siete d\u00edas impidi\u00f3 la misa del Domingo de Ramos.<\/p>\n<p>Pizzaballa, seg\u00fan pudo confirmar la Agencia Noticias Argentinas, ofici\u00f3 la misa en la Bas\u00edlica del Santo Sepulcro -desde donde, seg\u00fan la tradici\u00f3n cristiana, Jes\u00fas resucit\u00f3 tres d\u00edas despu\u00e9s de muerto- a puertas cerradas y junto a un peque\u00f1o grupo de frailes, debido a las restricciones israel\u00edes en el marco de guerra con Ir\u00e1n.<\/p>\n<p>\u00ab\u00a1Felices Pascuas!\u00bb, manifest\u00f3 el cardenal, m\u00e1xima autoridad cat\u00f3lica de Jerusal\u00e9n, al entrar en la Iglesia del Santo Sepulcro, desde donde destac\u00f3 que \u00abno nos encontramos ante un s\u00edmbolo, nos enfrentamos a un vac\u00edo real\u00bb, en referencia al cierre prolongado de uno de los lugares m\u00e1s sagrados del cristianismo.<\/p>\n<p>La Polic\u00eda israel\u00ed impidi\u00f3 el domingo pasado a Pizzaballa acceder a la iglesia del Santo Sepulcro para oficiar la misa del Domingo de Ramos, en un hecho que el Patriarcado ha calificado como \u00abun desprecio hacia la sensibilidad de miles de millones de personas en todo el mundo\u00bb que no tiene prededentes \u00aben siglos\u00bb.<\/p>\n<p>La decisi\u00f3n del Gobierno de Benjam\u00edn Netanyah\u00fa provoc\u00f3 un fuerte rechazo internacional, que oblig\u00f3 a Israel a replanteaser el cierre del templo, para lo que hab\u00eda argumentado motivos de seguridad para los fieles cat\u00f3licos que asistan al lugar.<\/p>\n<p>\u00abLa Pascua comienza as\u00ed: no con una explicaci\u00f3n, sino con una ruptura. No con emoci\u00f3n, sino con una pregunta desorientadora\u00bb, expres\u00f3 el religioso en declaraciones difundidas por diferentes agencias iunternacionales.<\/p>\n<p>En el rito en esta bas\u00edlica, situada en la Ciudad Vieja del ocupado Jerusal\u00e9n Este, han participado el patriarca y alrededor de una veintena de personas, entre religiosos y algunos frailes que residen en el complejo, seg\u00fan un v\u00eddeo de la misa.<\/p>\n<p>La Polic\u00eda israel\u00ed, sin embargo, impidi\u00f3 la entrada a fieles que se congregaron en los alrededores con palmas, cruces y velas.<\/p>\n<p>#AgenciaNA<\/p>\n","protected":false},"excerpt":{"rendered":"<p>Buenos Aires, 5 abril (NA) \u2013El cardenal Pierbattista Pizzaballa, patriarca latino de Jerusal\u00e9n, pudo oficiar<\/p>\n","protected":false},"author":0,"featured_media":18120,"comment_status":"","ping_status":"","sticky":false,"template":"","format":"standard","meta":{"footnotes":""},"categories":[1],"tags":[],"class_list":["post-18119","post","type-post","status-publish","format-standard","has-post-thumbnail","hentry","category-regionales"],"yoast_head":"<!-- This site is optimized with the Yoast SEO plugin v27.4 - https:\/\/yoast.com\/product\/yoast-seo-wordpress\/ -->\n<title>El patriarca de Jerusal\u00e9n pudo oficiar la Misa de Pascua, pero a puertas cerradas - Fm Gente<\/title>\n<meta name=\"robots\" content=\"index, follow, max-snippet:-1, max-image-preview:large, max-video-preview:-1\" \/>\n<link rel=\"canonical\" href=\"https:\/\/fmgente.com.ar\/web\/el-patriarca-de-jerusalen-pudo-oficiar-la-misa-de-pascua-pero-a-puertas-cerradas\/\" \/>\n<meta property=\"og:locale\" content=\"es_ES\" \/>\n<meta property=\"og:type\" content=\"article\" \/>\n<meta property=\"og:title\" content=\"El patriarca de Jerusal\u00e9n pudo oficiar la Misa de Pascua, pero a puertas cerradas - Fm Gente\" \/>\n<meta property=\"og:description\" content=\"Buenos Aires, 5 abril (NA) \u2013El cardenal Pierbattista Pizzaballa, patriarca latino de Jerusal\u00e9n, pudo oficiar\" \/>\n<meta property=\"og:url\" content=\"https:\/\/fmgente.com.ar\/web\/el-patriarca-de-jerusalen-pudo-oficiar-la-misa-de-pascua-pero-a-puertas-cerradas\/\" \/>\n<meta property=\"og:site_name\" content=\"Fm Gente\" \/>\n<meta property=\"article:published_time\" content=\"2026-04-05T22:08:17+00:00\" \/>\n<meta name=\"twitter:card\" content=\"summary_large_image\" \/>\n<meta name=\"twitter:label1\" content=\"Tiempo de lectura\" \/>\n\t<meta name=\"twitter:data1\" content=\"2 minutos\" \/>\n<script type=\"application\/ld+json\" class=\"yoast-schema-graph\">{\"@context\":\"https:\\\/\\\/schema.org\",\"@graph\":[{\"@type\":\"Article\",\"@id\":\"https:\\\/\\\/fmgente.com.ar\\\/web\\\/el-patriarca-de-jerusalen-pudo-oficiar-la-misa-de-pascua-pero-a-puertas-cerradas\\\/#article\",\"isPartOf\":{\"@id\":\"https:\\\/\\\/fmgente.com.ar\\\/web\\\/el-patriarca-de-jerusalen-pudo-oficiar-la-misa-de-pascua-pero-a-puertas-cerradas\\\/\"},\"author\":{\"name\":\"\",\"@id\":\"\"},\"headline\":\"El patriarca de Jerusal\u00e9n pudo oficiar la Misa de Pascua, pero a puertas cerradas\",\"datePublished\":\"2026-04-05T22:08:17+00:00\",\"mainEntityOfPage\":{\"@id\":\"https:\\\/\\\/fmgente.com.ar\\\/web\\\/el-patriarca-de-jerusalen-pudo-oficiar-la-misa-de-pascua-pero-a-puertas-cerradas\\\/\"},\"wordCount\":376,\"publisher\":{\"@id\":\"https:\\\/\\\/fmgente.com.ar\\\/web\\\/#organization\"},\"image\":{\"@id\":\"https:\\\/\\\/fmgente.com.ar\\\/web\\\/el-patriarca-de-jerusalen-pudo-oficiar-la-misa-de-pascua-pero-a-puertas-cerradas\\\/#primaryimage\"},\"thumbnailUrl\":\"https:\\\/\\\/fmgente.com.ar\\\/web\\\/wp-content\\\/uploads\\\/2026\\\/04\\\/720-265.jpeg\",\"articleSection\":[\"REGIONALES\"],\"inLanguage\":\"es\"},{\"@type\":\"WebPage\",\"@id\":\"https:\\\/\\\/fmgente.com.ar\\\/web\\\/el-patriarca-de-jerusalen-pudo-oficiar-la-misa-de-pascua-pero-a-puertas-cerradas\\\/\",\"url\":\"https:\\\/\\\/fmgente.com.ar\\\/web\\\/el-patriarca-de-jerusalen-pudo-oficiar-la-misa-de-pascua-pero-a-puertas-cerradas\\\/\",\"name\":\"El patriarca de Jerusal\u00e9n pudo oficiar la Misa de Pascua, pero a puertas cerradas - Fm Gente\",\"isPartOf\":{\"@id\":\"https:\\\/\\\/fmgente.com.ar\\\/web\\\/#website\"},\"primaryImageOfPage\":{\"@id\":\"https:\\\/\\\/fmgente.com.ar\\\/web\\\/el-patriarca-de-jerusalen-pudo-oficiar-la-misa-de-pascua-pero-a-puertas-cerradas\\\/#primaryimage\"},\"image\":{\"@id\":\"https:\\\/\\\/fmgente.com.ar\\\/web\\\/el-patriarca-de-jerusalen-pudo-oficiar-la-misa-de-pascua-pero-a-puertas-cerradas\\\/#primaryimage\"},\"thumbnailUrl\":\"https:\\\/\\\/fmgente.com.ar\\\/web\\\/wp-content\\\/uploads\\\/2026\\\/04\\\/720-265.jpeg\",\"datePublished\":\"2026-04-05T22:08:17+00:00\",\"inLanguage\":\"es\",\"potentialAction\":[{\"@type\":\"ReadAction\",\"target\":[\"https:\\\/\\\/fmgente.com.ar\\\/web\\\/el-patriarca-de-jerusalen-pudo-oficiar-la-misa-de-pascua-pero-a-puertas-cerradas\\\/\"]}]},{\"@type\":\"ImageObject\",\"inLanguage\":\"es\",\"@id\":\"https:\\\/\\\/fmgente.com.ar\\\/web\\\/el-patriarca-de-jerusalen-pudo-oficiar-la-misa-de-pascua-pero-a-puertas-cerradas\\\/#primaryimage\",\"url\":\"https:\\\/\\\/fmgente.com.ar\\\/web\\\/wp-content\\\/uploads\\\/2026\\\/04\\\/720-265.jpeg\",\"contentUrl\":\"https:\\\/\\\/fmgente.com.ar\\\/web\\\/wp-content\\\/uploads\\\/2026\\\/04\\\/720-265.jpeg\",\"width\":1280,\"height\":720},{\"@type\":\"WebSite\",\"@id\":\"https:\\\/\\\/fmgente.com.ar\\\/web\\\/#website\",\"url\":\"https:\\\/\\\/fmgente.com.ar\\\/web\\\/\",\"name\":\"Fm Gente\",\"description\":\"- Jes\u00fas Mar\u00eda\",\"publisher\":{\"@id\":\"https:\\\/\\\/fmgente.com.ar\\\/web\\\/#organization\"},\"potentialAction\":[{\"@type\":\"SearchAction\",\"target\":{\"@type\":\"EntryPoint\",\"urlTemplate\":\"https:\\\/\\\/fmgente.com.ar\\\/web\\\/?s={search_term_string}\"},\"query-input\":{\"@type\":\"PropertyValueSpecification\",\"valueRequired\":true,\"valueName\":\"search_term_string\"}}],\"inLanguage\":\"es\"},{\"@type\":\"Organization\",\"@id\":\"https:\\\/\\\/fmgente.com.ar\\\/web\\\/#organization\",\"name\":\"Fm Gente\",\"url\":\"https:\\\/\\\/fmgente.com.ar\\\/web\\\/\",\"logo\":{\"@type\":\"ImageObject\",\"inLanguage\":\"es\",\"@id\":\"https:\\\/\\\/fmgente.com.ar\\\/web\\\/#\\\/schema\\\/logo\\\/image\\\/\",\"url\":\"https:\\\/\\\/fmgente.com.ar\\\/web\\\/wp-content\\\/uploads\\\/2023\\\/07\\\/cropped-cropped-logo-sombra2.png\",\"contentUrl\":\"https:\\\/\\\/fmgente.com.ar\\\/web\\\/wp-content\\\/uploads\\\/2023\\\/07\\\/cropped-cropped-logo-sombra2.png\",\"width\":1782,\"height\":1782,\"caption\":\"Fm Gente\"},\"image\":{\"@id\":\"https:\\\/\\\/fmgente.com.ar\\\/web\\\/#\\\/schema\\\/logo\\\/image\\\/\"}}]}<\/script>\n<!-- \/ Yoast SEO plugin. -->","yoast_head_json":{"title":"El patriarca de Jerusal\u00e9n pudo oficiar la Misa de Pascua, pero a puertas cerradas - Fm Gente","robots":{"index":"index","follow":"follow","max-snippet":"max-snippet:-1","max-image-preview":"max-image-preview:large","max-video-preview":"max-video-preview:-1"},"canonical":"https:\/\/fmgente.com.ar\/web\/el-patriarca-de-jerusalen-pudo-oficiar-la-misa-de-pascua-pero-a-puertas-cerradas\/","og_locale":"es_ES","og_type":"article","og_title":"El patriarca de Jerusal\u00e9n pudo oficiar la Misa de Pascua, pero a puertas cerradas - Fm Gente","og_description":"Buenos Aires, 5 abril (NA) \u2013El cardenal Pierbattista Pizzaballa, patriarca latino de Jerusal\u00e9n, pudo oficiar","og_url":"https:\/\/fmgente.com.ar\/web\/el-patriarca-de-jerusalen-pudo-oficiar-la-misa-de-pascua-pero-a-puertas-cerradas\/","og_site_name":"Fm Gente","article_published_time":"2026-04-05T22:08:17+00:00","twitter_card":"summary_large_image","twitter_misc":{"Tiempo de lectura":"2 minutos"},"schema":{"@context":"https:\/\/schema.org","@graph":[{"@type":"Article","@id":"https:\/\/fmgente.com.ar\/web\/el-patriarca-de-jerusalen-pudo-oficiar-la-misa-de-pascua-pero-a-puertas-cerradas\/#article","isPartOf":{"@id":"https:\/\/fmgente.com.ar\/web\/el-patriarca-de-jerusalen-pudo-oficiar-la-misa-de-pascua-pero-a-puertas-cerradas\/"},"author":{"name":"","@id":""},"headline":"El patriarca de Jerusal\u00e9n pudo oficiar la Misa de Pascua, pero a puertas cerradas","datePublished":"2026-04-05T22:08:17+00:00","mainEntityOfPage":{"@id":"https:\/\/fmgente.com.ar\/web\/el-patriarca-de-jerusalen-pudo-oficiar-la-misa-de-pascua-pero-a-puertas-cerradas\/"},"wordCount":376,"publisher":{"@id":"https:\/\/fmgente.com.ar\/web\/#organization"},"image":{"@id":"https:\/\/fmgente.com.ar\/web\/el-patriarca-de-jerusalen-pudo-oficiar-la-misa-de-pascua-pero-a-puertas-cerradas\/#primaryimage"},"thumbnailUrl":"https:\/\/fmgente.com.ar\/web\/wp-content\/uploads\/2026\/04\/720-265.jpeg","articleSection":["REGIONALES"],"inLanguage":"es"},{"@type":"WebPage","@id":"https:\/\/fmgente.com.ar\/web\/el-patriarca-de-jerusalen-pudo-oficiar-la-misa-de-pascua-pero-a-puertas-cerradas\/","url":"https:\/\/fmgente.com.ar\/web\/el-patriarca-de-jerusalen-pudo-oficiar-la-misa-de-pascua-pero-a-puertas-cerradas\/","name":"El patriarca de Jerusal\u00e9n pudo oficiar la Misa de Pascua, pero a puertas cerradas - Fm Gente","isPartOf":{"@id":"https:\/\/fmgente.com.ar\/web\/#website"},"primaryImageOfPage":{"@id":"https:\/\/fmgente.com.ar\/web\/el-patriarca-de-jerusalen-pudo-oficiar-la-misa-de-pascua-pero-a-puertas-cerradas\/#primaryimage"},"image":{"@id":"https:\/\/fmgente.com.ar\/web\/el-patriarca-de-jerusalen-pudo-oficiar-la-misa-de-pascua-pero-a-puertas-cerradas\/#primaryimage"},"thumbnailUrl":"https:\/\/fmgente.com.ar\/web\/wp-content\/uploads\/2026\/04\/720-265.jpeg","datePublished":"2026-04-05T22:08:17+00:00","inLanguage":"es","potentialAction":[{"@type":"ReadAction","target":["https:\/\/fmgente.com.ar\/web\/el-patriarca-de-jerusalen-pudo-oficiar-la-misa-de-pascua-pero-a-puertas-cerradas\/"]}]},{"@type":"ImageObject","inLanguage":"es","@id":"https:\/\/fmgente.com.ar\/web\/el-patriarca-de-jerusalen-pudo-oficiar-la-misa-de-pascua-pero-a-puertas-cerradas\/#primaryimage","url":"https:\/\/fmgente.com.ar\/web\/wp-content\/uploads\/2026\/04\/720-265.jpeg","contentUrl":"https:\/\/fmgente.com.ar\/web\/wp-content\/uploads\/2026\/04\/720-265.jpeg","width":1280,"height":720},{"@type":"WebSite","@id":"https:\/\/fmgente.com.ar\/web\/#website","url":"https:\/\/fmgente.com.ar\/web\/","name":"Fm Gente","description":"- Jes\u00fas Mar\u00eda","publisher":{"@id":"https:\/\/fmgente.com.ar\/web\/#organization"},"potentialAction":[{"@type":"SearchAction","target":{"@type":"EntryPoint","urlTemplate":"https:\/\/fmgente.com.ar\/web\/?s={search_term_string}"},"query-input":{"@type":"PropertyValueSpecification","valueRequired":true,"valueName":"search_term_string"}}],"inLanguage":"es"},{"@type":"Organization","@id":"https:\/\/fmgente.com.ar\/web\/#organization","name":"Fm Gente","url":"https:\/\/fmgente.com.ar\/web\/","logo":{"@type":"ImageObject","inLanguage":"es","@id":"https:\/\/fmgente.com.ar\/web\/#\/schema\/logo\/image\/","url":"https:\/\/fmgente.com.ar\/web\/wp-content\/uploads\/2023\/07\/cropped-cropped-logo-sombra2.png","contentUrl":"https:\/\/fmgente.com.ar\/web\/wp-content\/uploads\/2023\/07\/cropped-cropped-logo-sombra2.png","width":1782,"height":1782,"caption":"Fm Gente"},"image":{"@id":"https:\/\/fmgente.com.ar\/web\/#\/schema\/logo\/image\/"}}]}},"_links":{"self":[{"href":"https:\/\/fmgente.com.ar\/web\/wp-json\/wp\/v2\/posts\/18119","targetHints":{"allow":["GET"]}}],"collection":[{"href":"https:\/\/fmgente.com.ar\/web\/wp-json\/wp\/v2\/posts"}],"about":[{"href":"https:\/\/fmgente.com.ar\/web\/wp-json\/wp\/v2\/types\/post"}],"replies":[{"embeddable":true,"href":"https:\/\/fmgente.com.ar\/web\/wp-json\/wp\/v2\/comments?post=18119"}],"version-history":[{"count":0,"href":"https:\/\/fmgente.com.ar\/web\/wp-json\/wp\/v2\/posts\/18119\/revisions"}],"wp:featuredmedia":[{"embeddable":true,"href":"https:\/\/fmgente.com.ar\/web\/wp-json\/wp\/v2\/media\/18120"}],"wp:attachment":[{"href":"https:\/\/fmgente.com.ar\/web\/wp-json\/wp\/v2\/media?parent=18119"}],"wp:term":[{"taxonomy":"category","embeddable":true,"href":"https:\/\/fmgente.com.ar\/web\/wp-json\/wp\/v2\/categories?post=18119"},{"taxonomy":"post_tag","embeddable":true,"href":"https:\/\/fmgente.com.ar\/web\/wp-json\/wp\/v2\/tags?post=18119"}],"curies":[{"name":"wp","href":"https:\/\/api.w.org\/{rel}","templated":true}]}}