{"id":18115,"date":"2026-04-05T19:08:16","date_gmt":"2026-04-05T22:08:16","guid":{"rendered":"https:\/\/fmgente.com.ar\/web\/milei-comienza-la-semana-con-una-nueva-reunion-de-gabinete\/"},"modified":"2026-04-05T19:08:16","modified_gmt":"2026-04-05T22:08:16","slug":"milei-comienza-la-semana-con-una-nueva-reunion-de-gabinete","status":"publish","type":"post","link":"https:\/\/fmgente.com.ar\/web\/milei-comienza-la-semana-con-una-nueva-reunion-de-gabinete\/","title":{"rendered":"Milei comienza la semana con una nueva reuni\u00f3n de Gabinete"},"content":{"rendered":"<p>Buenos Aires, 5 abril (NA) \u2013 El presidente Javier Milei comenzar\u00e1, esta semana, con una nueva reuni\u00f3n de Gabinete, que tendr\u00e1 como objetivo, adem\u00e1s de los temas de agenda vinculados al paquete de reformas, mostrar y refozar la unidad dentro del Gobierno Nacional, luego de las imputaciones hacia uno de los funcionarios de confianza del jefe de Estado, Manuel Adorni, por presunto enriquecimiento il\u00edtico.<\/p>\n<p>La reuni\u00f3n prevista para este lunes al mediod\u00eda, en Casa Rosada, contar\u00e1 con la presencia de varios funcionarios del c\u00edrculo rojo de Milei: adem\u00e1s de Adorni, se preve la asistencia de la secretaria de Presidencia, Karina Milei; el asesor presidencial Santiago Caputo; el presidente de la C\u00e1mara de Diputados, Mart\u00edn Menem; y el ministro del Interior Diego Santilli, entre otros.<\/p>\n<p>Luego de una semana turbulenta por las acusaciones hacia Adorni por sus inmuebles no declarados y por falta de facturas claras sobre sus viajes al exterior, el Gobierno Nacional planea diagramar las tareas con cada ministerio para la \u2018segunda etapa de la gesti\u00f3n\u2019; tambi\u00e9n se rumorea que el jefe de Gabinete inicie una serie de encuentros individuales con ciertos funcionarios, a lo largo de la semana, para ahondar principalmente en los temas de Seguridad Nacional, Defensa y Salud.<\/p>\n<p>Este encuentro, adem\u00e1s de los puntos centrales que determinar\u00e1n los pr\u00f3ximos d\u00edas de trabajo, tambi\u00e9n servir\u00e1 como gesto de apoyo pol\u00edtico hacia Adorni y dar una imagen de cohesi\u00f3n interna, despu\u00e9s de la imputaci\u00f3n de Adorni que afect\u00f3 al Poder Ejecutivo Nacional. #AgenciaNA<\/p>\n","protected":false},"excerpt":{"rendered":"<p>Buenos Aires, 5 abril (NA) \u2013 El presidente Javier Milei comenzar\u00e1, esta semana, con una<\/p>\n","protected":false},"author":0,"featured_media":18116,"comment_status":"","ping_status":"","sticky":false,"template":"","format":"standard","meta":{"footnotes":""},"categories":[1],"tags":[],"class_list":["post-18115","post","type-post","status-publish","format-standard","has-post-thumbnail","hentry","category-regionales"],"yoast_head":"<!-- This site is optimized with the Yoast SEO plugin v27.4 - https:\/\/yoast.com\/product\/yoast-seo-wordpress\/ -->\n<title>Milei comienza la semana con una nueva reuni\u00f3n de Gabinete - Fm Gente<\/title>\n<meta name=\"robots\" content=\"index, follow, max-snippet:-1, max-image-preview:large, max-video-preview:-1\" \/>\n<link rel=\"canonical\" href=\"https:\/\/fmgente.com.ar\/web\/milei-comienza-la-semana-con-una-nueva-reunion-de-gabinete\/\" \/>\n<meta property=\"og:locale\" content=\"es_ES\" \/>\n<meta property=\"og:type\" content=\"article\" \/>\n<meta property=\"og:title\" content=\"Milei comienza la semana con una nueva reuni\u00f3n de Gabinete - Fm Gente\" \/>\n<meta property=\"og:description\" content=\"Buenos Aires, 5 abril (NA) \u2013 El presidente Javier Milei comenzar\u00e1, esta semana, con una\" \/>\n<meta property=\"og:url\" content=\"https:\/\/fmgente.com.ar\/web\/milei-comienza-la-semana-con-una-nueva-reunion-de-gabinete\/\" \/>\n<meta property=\"og:site_name\" content=\"Fm Gente\" \/>\n<meta property=\"article:published_time\" content=\"2026-04-05T22:08:16+00:00\" \/>\n<meta name=\"twitter:card\" content=\"summary_large_image\" \/>\n<meta name=\"twitter:label1\" content=\"Tiempo de lectura\" \/>\n\t<meta name=\"twitter:data1\" content=\"1 minuto\" \/>\n<script type=\"application\/ld+json\" class=\"yoast-schema-graph\">{\"@context\":\"https:\\\/\\\/schema.org\",\"@graph\":[{\"@type\":\"Article\",\"@id\":\"https:\\\/\\\/fmgente.com.ar\\\/web\\\/milei-comienza-la-semana-con-una-nueva-reunion-de-gabinete\\\/#article\",\"isPartOf\":{\"@id\":\"https:\\\/\\\/fmgente.com.ar\\\/web\\\/milei-comienza-la-semana-con-una-nueva-reunion-de-gabinete\\\/\"},\"author\":{\"name\":\"\",\"@id\":\"\"},\"headline\":\"Milei comienza la semana con una nueva reuni\u00f3n de Gabinete\",\"datePublished\":\"2026-04-05T22:08:16+00:00\",\"mainEntityOfPage\":{\"@id\":\"https:\\\/\\\/fmgente.com.ar\\\/web\\\/milei-comienza-la-semana-con-una-nueva-reunion-de-gabinete\\\/\"},\"wordCount\":274,\"publisher\":{\"@id\":\"https:\\\/\\\/fmgente.com.ar\\\/web\\\/#organization\"},\"image\":{\"@id\":\"https:\\\/\\\/fmgente.com.ar\\\/web\\\/milei-comienza-la-semana-con-una-nueva-reunion-de-gabinete\\\/#primaryimage\"},\"thumbnailUrl\":\"https:\\\/\\\/fmgente.com.ar\\\/web\\\/wp-content\\\/uploads\\\/2026\\\/04\\\/720-263.jpeg\",\"articleSection\":[\"REGIONALES\"],\"inLanguage\":\"es\"},{\"@type\":\"WebPage\",\"@id\":\"https:\\\/\\\/fmgente.com.ar\\\/web\\\/milei-comienza-la-semana-con-una-nueva-reunion-de-gabinete\\\/\",\"url\":\"https:\\\/\\\/fmgente.com.ar\\\/web\\\/milei-comienza-la-semana-con-una-nueva-reunion-de-gabinete\\\/\",\"name\":\"Milei comienza la semana con una nueva reuni\u00f3n de Gabinete - Fm Gente\",\"isPartOf\":{\"@id\":\"https:\\\/\\\/fmgente.com.ar\\\/web\\\/#website\"},\"primaryImageOfPage\":{\"@id\":\"https:\\\/\\\/fmgente.com.ar\\\/web\\\/milei-comienza-la-semana-con-una-nueva-reunion-de-gabinete\\\/#primaryimage\"},\"image\":{\"@id\":\"https:\\\/\\\/fmgente.com.ar\\\/web\\\/milei-comienza-la-semana-con-una-nueva-reunion-de-gabinete\\\/#primaryimage\"},\"thumbnailUrl\":\"https:\\\/\\\/fmgente.com.ar\\\/web\\\/wp-content\\\/uploads\\\/2026\\\/04\\\/720-263.jpeg\",\"datePublished\":\"2026-04-05T22:08:16+00:00\",\"inLanguage\":\"es\",\"potentialAction\":[{\"@type\":\"ReadAction\",\"target\":[\"https:\\\/\\\/fmgente.com.ar\\\/web\\\/milei-comienza-la-semana-con-una-nueva-reunion-de-gabinete\\\/\"]}]},{\"@type\":\"ImageObject\",\"inLanguage\":\"es\",\"@id\":\"https:\\\/\\\/fmgente.com.ar\\\/web\\\/milei-comienza-la-semana-con-una-nueva-reunion-de-gabinete\\\/#primaryimage\",\"url\":\"https:\\\/\\\/fmgente.com.ar\\\/web\\\/wp-content\\\/uploads\\\/2026\\\/04\\\/720-263.jpeg\",\"contentUrl\":\"https:\\\/\\\/fmgente.com.ar\\\/web\\\/wp-content\\\/uploads\\\/2026\\\/04\\\/720-263.jpeg\",\"width\":1120,\"height\":720},{\"@type\":\"WebSite\",\"@id\":\"https:\\\/\\\/fmgente.com.ar\\\/web\\\/#website\",\"url\":\"https:\\\/\\\/fmgente.com.ar\\\/web\\\/\",\"name\":\"Fm Gente\",\"description\":\"- Jes\u00fas Mar\u00eda\",\"publisher\":{\"@id\":\"https:\\\/\\\/fmgente.com.ar\\\/web\\\/#organization\"},\"potentialAction\":[{\"@type\":\"SearchAction\",\"target\":{\"@type\":\"EntryPoint\",\"urlTemplate\":\"https:\\\/\\\/fmgente.com.ar\\\/web\\\/?s={search_term_string}\"},\"query-input\":{\"@type\":\"PropertyValueSpecification\",\"valueRequired\":true,\"valueName\":\"search_term_string\"}}],\"inLanguage\":\"es\"},{\"@type\":\"Organization\",\"@id\":\"https:\\\/\\\/fmgente.com.ar\\\/web\\\/#organization\",\"name\":\"Fm Gente\",\"url\":\"https:\\\/\\\/fmgente.com.ar\\\/web\\\/\",\"logo\":{\"@type\":\"ImageObject\",\"inLanguage\":\"es\",\"@id\":\"https:\\\/\\\/fmgente.com.ar\\\/web\\\/#\\\/schema\\\/logo\\\/image\\\/\",\"url\":\"https:\\\/\\\/fmgente.com.ar\\\/web\\\/wp-content\\\/uploads\\\/2023\\\/07\\\/cropped-cropped-logo-sombra2.png\",\"contentUrl\":\"https:\\\/\\\/fmgente.com.ar\\\/web\\\/wp-content\\\/uploads\\\/2023\\\/07\\\/cropped-cropped-logo-sombra2.png\",\"width\":1782,\"height\":1782,\"caption\":\"Fm Gente\"},\"image\":{\"@id\":\"https:\\\/\\\/fmgente.com.ar\\\/web\\\/#\\\/schema\\\/logo\\\/image\\\/\"}}]}<\/script>\n<!-- \/ Yoast SEO plugin. -->","yoast_head_json":{"title":"Milei comienza la semana con una nueva reuni\u00f3n de Gabinete - Fm Gente","robots":{"index":"index","follow":"follow","max-snippet":"max-snippet:-1","max-image-preview":"max-image-preview:large","max-video-preview":"max-video-preview:-1"},"canonical":"https:\/\/fmgente.com.ar\/web\/milei-comienza-la-semana-con-una-nueva-reunion-de-gabinete\/","og_locale":"es_ES","og_type":"article","og_title":"Milei comienza la semana con una nueva reuni\u00f3n de Gabinete - Fm Gente","og_description":"Buenos Aires, 5 abril (NA) \u2013 El presidente Javier Milei comenzar\u00e1, esta semana, con una","og_url":"https:\/\/fmgente.com.ar\/web\/milei-comienza-la-semana-con-una-nueva-reunion-de-gabinete\/","og_site_name":"Fm Gente","article_published_time":"2026-04-05T22:08:16+00:00","twitter_card":"summary_large_image","twitter_misc":{"Tiempo de lectura":"1 minuto"},"schema":{"@context":"https:\/\/schema.org","@graph":[{"@type":"Article","@id":"https:\/\/fmgente.com.ar\/web\/milei-comienza-la-semana-con-una-nueva-reunion-de-gabinete\/#article","isPartOf":{"@id":"https:\/\/fmgente.com.ar\/web\/milei-comienza-la-semana-con-una-nueva-reunion-de-gabinete\/"},"author":{"name":"","@id":""},"headline":"Milei comienza la semana con una nueva reuni\u00f3n de Gabinete","datePublished":"2026-04-05T22:08:16+00:00","mainEntityOfPage":{"@id":"https:\/\/fmgente.com.ar\/web\/milei-comienza-la-semana-con-una-nueva-reunion-de-gabinete\/"},"wordCount":274,"publisher":{"@id":"https:\/\/fmgente.com.ar\/web\/#organization"},"image":{"@id":"https:\/\/fmgente.com.ar\/web\/milei-comienza-la-semana-con-una-nueva-reunion-de-gabinete\/#primaryimage"},"thumbnailUrl":"https:\/\/fmgente.com.ar\/web\/wp-content\/uploads\/2026\/04\/720-263.jpeg","articleSection":["REGIONALES"],"inLanguage":"es"},{"@type":"WebPage","@id":"https:\/\/fmgente.com.ar\/web\/milei-comienza-la-semana-con-una-nueva-reunion-de-gabinete\/","url":"https:\/\/fmgente.com.ar\/web\/milei-comienza-la-semana-con-una-nueva-reunion-de-gabinete\/","name":"Milei comienza la semana con una nueva reuni\u00f3n de Gabinete - Fm Gente","isPartOf":{"@id":"https:\/\/fmgente.com.ar\/web\/#website"},"primaryImageOfPage":{"@id":"https:\/\/fmgente.com.ar\/web\/milei-comienza-la-semana-con-una-nueva-reunion-de-gabinete\/#primaryimage"},"image":{"@id":"https:\/\/fmgente.com.ar\/web\/milei-comienza-la-semana-con-una-nueva-reunion-de-gabinete\/#primaryimage"},"thumbnailUrl":"https:\/\/fmgente.com.ar\/web\/wp-content\/uploads\/2026\/04\/720-263.jpeg","datePublished":"2026-04-05T22:08:16+00:00","inLanguage":"es","potentialAction":[{"@type":"ReadAction","target":["https:\/\/fmgente.com.ar\/web\/milei-comienza-la-semana-con-una-nueva-reunion-de-gabinete\/"]}]},{"@type":"ImageObject","inLanguage":"es","@id":"https:\/\/fmgente.com.ar\/web\/milei-comienza-la-semana-con-una-nueva-reunion-de-gabinete\/#primaryimage","url":"https:\/\/fmgente.com.ar\/web\/wp-content\/uploads\/2026\/04\/720-263.jpeg","contentUrl":"https:\/\/fmgente.com.ar\/web\/wp-content\/uploads\/2026\/04\/720-263.jpeg","width":1120,"height":720},{"@type":"WebSite","@id":"https:\/\/fmgente.com.ar\/web\/#website","url":"https:\/\/fmgente.com.ar\/web\/","name":"Fm Gente","description":"- Jes\u00fas Mar\u00eda","publisher":{"@id":"https:\/\/fmgente.com.ar\/web\/#organization"},"potentialAction":[{"@type":"SearchAction","target":{"@type":"EntryPoint","urlTemplate":"https:\/\/fmgente.com.ar\/web\/?s={search_term_string}"},"query-input":{"@type":"PropertyValueSpecification","valueRequired":true,"valueName":"search_term_string"}}],"inLanguage":"es"},{"@type":"Organization","@id":"https:\/\/fmgente.com.ar\/web\/#organization","name":"Fm Gente","url":"https:\/\/fmgente.com.ar\/web\/","logo":{"@type":"ImageObject","inLanguage":"es","@id":"https:\/\/fmgente.com.ar\/web\/#\/schema\/logo\/image\/","url":"https:\/\/fmgente.com.ar\/web\/wp-content\/uploads\/2023\/07\/cropped-cropped-logo-sombra2.png","contentUrl":"https:\/\/fmgente.com.ar\/web\/wp-content\/uploads\/2023\/07\/cropped-cropped-logo-sombra2.png","width":1782,"height":1782,"caption":"Fm Gente"},"image":{"@id":"https:\/\/fmgente.com.ar\/web\/#\/schema\/logo\/image\/"}}]}},"_links":{"self":[{"href":"https:\/\/fmgente.com.ar\/web\/wp-json\/wp\/v2\/posts\/18115","targetHints":{"allow":["GET"]}}],"collection":[{"href":"https:\/\/fmgente.com.ar\/web\/wp-json\/wp\/v2\/posts"}],"about":[{"href":"https:\/\/fmgente.com.ar\/web\/wp-json\/wp\/v2\/types\/post"}],"replies":[{"embeddable":true,"href":"https:\/\/fmgente.com.ar\/web\/wp-json\/wp\/v2\/comments?post=18115"}],"version-history":[{"count":0,"href":"https:\/\/fmgente.com.ar\/web\/wp-json\/wp\/v2\/posts\/18115\/revisions"}],"wp:featuredmedia":[{"embeddable":true,"href":"https:\/\/fmgente.com.ar\/web\/wp-json\/wp\/v2\/media\/18116"}],"wp:attachment":[{"href":"https:\/\/fmgente.com.ar\/web\/wp-json\/wp\/v2\/media?parent=18115"}],"wp:term":[{"taxonomy":"category","embeddable":true,"href":"https:\/\/fmgente.com.ar\/web\/wp-json\/wp\/v2\/categories?post=18115"},{"taxonomy":"post_tag","embeddable":true,"href":"https:\/\/fmgente.com.ar\/web\/wp-json\/wp\/v2\/tags?post=18115"}],"curies":[{"name":"wp","href":"https:\/\/api.w.org\/{rel}","templated":true}]}}