{"id":18113,"date":"2026-04-05T19:08:15","date_gmt":"2026-04-05T22:08:15","guid":{"rendered":"https:\/\/fmgente.com.ar\/web\/facundo-pasquevich-la-misma-nasa-pensaba-que-no-ibamos-a-poder-hacerlo-porque-teniamos-plazos-muy-cortos\/"},"modified":"2026-04-05T19:08:15","modified_gmt":"2026-04-05T22:08:15","slug":"facundo-pasquevich-la-misma-nasa-pensaba-que-no-ibamos-a-poder-hacerlo-porque-teniamos-plazos-muy-cortos","status":"publish","type":"post","link":"https:\/\/fmgente.com.ar\/web\/facundo-pasquevich-la-misma-nasa-pensaba-que-no-ibamos-a-poder-hacerlo-porque-teniamos-plazos-muy-cortos\/","title":{"rendered":"Facundo Pasquevich: \u201cLa misma NASA pensaba que no \u00edbamos a poder hacerlo porque ten\u00edamos plazos muy cortos\u201d"},"content":{"rendered":"<p>Buenos Aires, 5 abril (NA) &#8211; \u201cEs muy dificil. De los 60 pa\u00edses que se presentaron se eligieron 4. De esos 4, todos pod\u00edan poner este sat\u00e9lite en \u00f3rbita, con la c\u00e1psula Ori\u00f3n, pero la misma NASA no pensaba que \u00edbamos a poder hacerlo, no por una cuesti\u00f3n argentina sino porque los tiempos y los plazos eran muy cortos. No te olvides que tienen requerimientos de seguridad muy altos. Un dato de color para resaltar respecto a la calidad del trabajo que se hizo fue que de los 4 sat\u00e9lites: uno de Alemania, uno de Arabia Saudita, uno de Corea del Sur y el nuestro; solamente 2 pudieron establecer un enlace de comunicaci\u00f3n correcto, y eso tambi\u00e9n es importante, ya que uno de ellos fue el argentino\u201d, explic\u00f3 el ingeniero aeroespacial argentino Facundo Pasquevich a Radio Rivadavia y recogida por la Agencia Noticias Argentinas.<\/p>\n<p>Cabe destacar que Pasquevich fue responsable de de Integraci\u00f3n Mec\u00e1nica del microsat\u00e9lite Atenea, que complet\u00f3 recientemente con \u00e9xito su misi\u00f3n en Artemis II de la NASA, aportando datos clave para futuras misiones. La Comisi\u00f3n Nacional de Actividades Espaciales (CONAE) detall\u00f3 que los datos fueron recibidos por estaciones preparadas en C\u00f3rdoba y Tierra del Fuego, que estuvieron coordinadas con estaciones internacionales, que participan de la misi\u00f3n Artemis II.<\/p>\n<p>Este sat\u00e9lite nacional oper\u00f3 por 20 horas y rompi\u00f3 marcas nacionales, validando tecnolog\u00eda en el espacio profundo. Desde el gobierno argentino celebraron el hecho, se\u00f1alando que es \u201cun hito en materia espacial de la Rep\u00fablica Argentina\u201d y que a la vez \u201cconsolida la cooperaci\u00f3n de nuestro pa\u00eds con Estados Unidos y la comunidad internacional de primer nivel en este tipo de actividades\u201d. Con un comunicado de la Oficina del Presidente, el gobierno detall\u00f3: \u201cArgentina vuelve a ser parte del concierto de las Naciones que hacen historia y esto no es casualidad. Es el resultado de un cambio de paradigma impulsado por el Presidente Javier Milei, quien marc\u00f3 un rumbo claro de inserci\u00f3n global y de excelencia. Hoy el mundo nos elige por nuestra confiabilidad, seguridad y vanguardia tecnol\u00f3gica\u201d.<\/p>\n<p>As\u00ed las cosas, Atenea pudo emitir los datos que fueron recibidos sin problemas en las estaciones terrestres, concluyendo sus operaciones a las 20.42 horas. Form\u00f3 parte de la misi\u00f3n Artemis II como carga secundaria y mientras estuvo operativo envi\u00f3 telemetr\u00eda sobre su funcionamiento en condiciones extremas hacia las estaciones que se hab\u00edan designado en C\u00f3rdoba y Tierra del Fuego.<\/p>\n<p>El microsat\u00e9lite Atenea se ocup\u00f3 de la medici\u00f3n de niveles de radiaci\u00f3n desde la \u00f3rbita baja terrestre hacia regiones m\u00e1s alejadas como la evaluaci\u00f3n del comportamiento de componentes electr\u00f3nicos sometidos a ambientes de alta exigencia. Atenea se transform\u00f3 en el sat\u00e9lite nacional que alcanz\u00f3 la mayor distancia respecto de la Tierra, ya que la primera se\u00f1al fue recibida a m\u00e1s de 40.000 kil\u00f3metros de distancia y la segunda super\u00f3 los 70.000 kil\u00f3metros, representando un r\u00e9cord para la Argentina.<\/p>\n<p>Atenea permit\u00f3 ensayar comunicaciones a gran escala en un contexto operativo real. Adem\u00e1s de probar enlaces de comunicaci\u00f3n de largo alcance, valid\u00f3 sistemas electr\u00f3nicos en entornos de alta radiaci\u00f3n y analiz\u00f3 se\u00f1ales de navegaci\u00f3n en altitudes superiores. De acuerdo a lo informado por la CONAE, \u201clos datos recolectados ser\u00e1n clave para el desarrollo de futuras misiones con mayor complejidad t\u00e9cnica\u201d. En este proyecto liderado por la CONAE, participaron tambi\u00e9n la Universidad Nacional de La Plata (UNLP), la Universidad Nacional de San Mart\u00edn (UNSAM), la Facultad de Ingenier\u00eda de la Universidad de Buenos Aires (FIUBA), la Comisi\u00f3n Nacional de Energ\u00eda At\u00f3mica (CNEA), el Instituto Argentino de Radioastronom\u00eda (IAR) y la empresa argentina VENG S.A. #AgenciaNA<\/p>\n","protected":false},"excerpt":{"rendered":"<p>Buenos Aires, 5 abril (NA) &#8211; \u201cEs muy dificil. De los 60 pa\u00edses que se<\/p>\n","protected":false},"author":0,"featured_media":18114,"comment_status":"","ping_status":"","sticky":false,"template":"","format":"standard","meta":{"footnotes":""},"categories":[1],"tags":[],"class_list":["post-18113","post","type-post","status-publish","format-standard","has-post-thumbnail","hentry","category-regionales"],"yoast_head":"<!-- This site is optimized with the Yoast SEO plugin v27.4 - https:\/\/yoast.com\/product\/yoast-seo-wordpress\/ -->\n<title>Facundo Pasquevich: \u201cLa misma NASA pensaba que no \u00edbamos a poder hacerlo porque ten\u00edamos plazos muy cortos\u201d - Fm Gente<\/title>\n<meta name=\"robots\" content=\"index, follow, max-snippet:-1, max-image-preview:large, max-video-preview:-1\" \/>\n<link rel=\"canonical\" href=\"https:\/\/fmgente.com.ar\/web\/facundo-pasquevich-la-misma-nasa-pensaba-que-no-ibamos-a-poder-hacerlo-porque-teniamos-plazos-muy-cortos\/\" \/>\n<meta property=\"og:locale\" content=\"es_ES\" \/>\n<meta property=\"og:type\" content=\"article\" \/>\n<meta property=\"og:title\" content=\"Facundo Pasquevich: \u201cLa misma NASA pensaba que no \u00edbamos a poder hacerlo porque ten\u00edamos plazos muy cortos\u201d - Fm Gente\" \/>\n<meta property=\"og:description\" content=\"Buenos Aires, 5 abril (NA) &#8211; \u201cEs muy dificil. De los 60 pa\u00edses que se\" \/>\n<meta property=\"og:url\" content=\"https:\/\/fmgente.com.ar\/web\/facundo-pasquevich-la-misma-nasa-pensaba-que-no-ibamos-a-poder-hacerlo-porque-teniamos-plazos-muy-cortos\/\" \/>\n<meta property=\"og:site_name\" content=\"Fm Gente\" \/>\n<meta property=\"article:published_time\" content=\"2026-04-05T22:08:15+00:00\" \/>\n<meta name=\"twitter:card\" content=\"summary_large_image\" \/>\n<meta name=\"twitter:label1\" content=\"Tiempo de lectura\" \/>\n\t<meta name=\"twitter:data1\" content=\"3 minutos\" \/>\n<script type=\"application\/ld+json\" class=\"yoast-schema-graph\">{\"@context\":\"https:\\\/\\\/schema.org\",\"@graph\":[{\"@type\":\"Article\",\"@id\":\"https:\\\/\\\/fmgente.com.ar\\\/web\\\/facundo-pasquevich-la-misma-nasa-pensaba-que-no-ibamos-a-poder-hacerlo-porque-teniamos-plazos-muy-cortos\\\/#article\",\"isPartOf\":{\"@id\":\"https:\\\/\\\/fmgente.com.ar\\\/web\\\/facundo-pasquevich-la-misma-nasa-pensaba-que-no-ibamos-a-poder-hacerlo-porque-teniamos-plazos-muy-cortos\\\/\"},\"author\":{\"name\":\"\",\"@id\":\"\"},\"headline\":\"Facundo Pasquevich: \u201cLa misma NASA pensaba que no \u00edbamos a poder hacerlo porque ten\u00edamos plazos muy cortos\u201d\",\"datePublished\":\"2026-04-05T22:08:15+00:00\",\"mainEntityOfPage\":{\"@id\":\"https:\\\/\\\/fmgente.com.ar\\\/web\\\/facundo-pasquevich-la-misma-nasa-pensaba-que-no-ibamos-a-poder-hacerlo-porque-teniamos-plazos-muy-cortos\\\/\"},\"wordCount\":654,\"publisher\":{\"@id\":\"https:\\\/\\\/fmgente.com.ar\\\/web\\\/#organization\"},\"image\":{\"@id\":\"https:\\\/\\\/fmgente.com.ar\\\/web\\\/facundo-pasquevich-la-misma-nasa-pensaba-que-no-ibamos-a-poder-hacerlo-porque-teniamos-plazos-muy-cortos\\\/#primaryimage\"},\"thumbnailUrl\":\"https:\\\/\\\/fmgente.com.ar\\\/web\\\/wp-content\\\/uploads\\\/2026\\\/04\\\/720-262.jpeg\",\"articleSection\":[\"REGIONALES\"],\"inLanguage\":\"es\"},{\"@type\":\"WebPage\",\"@id\":\"https:\\\/\\\/fmgente.com.ar\\\/web\\\/facundo-pasquevich-la-misma-nasa-pensaba-que-no-ibamos-a-poder-hacerlo-porque-teniamos-plazos-muy-cortos\\\/\",\"url\":\"https:\\\/\\\/fmgente.com.ar\\\/web\\\/facundo-pasquevich-la-misma-nasa-pensaba-que-no-ibamos-a-poder-hacerlo-porque-teniamos-plazos-muy-cortos\\\/\",\"name\":\"Facundo Pasquevich: \u201cLa misma NASA pensaba que no \u00edbamos a poder hacerlo porque ten\u00edamos plazos muy cortos\u201d - Fm Gente\",\"isPartOf\":{\"@id\":\"https:\\\/\\\/fmgente.com.ar\\\/web\\\/#website\"},\"primaryImageOfPage\":{\"@id\":\"https:\\\/\\\/fmgente.com.ar\\\/web\\\/facundo-pasquevich-la-misma-nasa-pensaba-que-no-ibamos-a-poder-hacerlo-porque-teniamos-plazos-muy-cortos\\\/#primaryimage\"},\"image\":{\"@id\":\"https:\\\/\\\/fmgente.com.ar\\\/web\\\/facundo-pasquevich-la-misma-nasa-pensaba-que-no-ibamos-a-poder-hacerlo-porque-teniamos-plazos-muy-cortos\\\/#primaryimage\"},\"thumbnailUrl\":\"https:\\\/\\\/fmgente.com.ar\\\/web\\\/wp-content\\\/uploads\\\/2026\\\/04\\\/720-262.jpeg\",\"datePublished\":\"2026-04-05T22:08:15+00:00\",\"inLanguage\":\"es\",\"potentialAction\":[{\"@type\":\"ReadAction\",\"target\":[\"https:\\\/\\\/fmgente.com.ar\\\/web\\\/facundo-pasquevich-la-misma-nasa-pensaba-que-no-ibamos-a-poder-hacerlo-porque-teniamos-plazos-muy-cortos\\\/\"]}]},{\"@type\":\"ImageObject\",\"inLanguage\":\"es\",\"@id\":\"https:\\\/\\\/fmgente.com.ar\\\/web\\\/facundo-pasquevich-la-misma-nasa-pensaba-que-no-ibamos-a-poder-hacerlo-porque-teniamos-plazos-muy-cortos\\\/#primaryimage\",\"url\":\"https:\\\/\\\/fmgente.com.ar\\\/web\\\/wp-content\\\/uploads\\\/2026\\\/04\\\/720-262.jpeg\",\"contentUrl\":\"https:\\\/\\\/fmgente.com.ar\\\/web\\\/wp-content\\\/uploads\\\/2026\\\/04\\\/720-262.jpeg\",\"width\":960,\"height\":720},{\"@type\":\"WebSite\",\"@id\":\"https:\\\/\\\/fmgente.com.ar\\\/web\\\/#website\",\"url\":\"https:\\\/\\\/fmgente.com.ar\\\/web\\\/\",\"name\":\"Fm Gente\",\"description\":\"- Jes\u00fas Mar\u00eda\",\"publisher\":{\"@id\":\"https:\\\/\\\/fmgente.com.ar\\\/web\\\/#organization\"},\"potentialAction\":[{\"@type\":\"SearchAction\",\"target\":{\"@type\":\"EntryPoint\",\"urlTemplate\":\"https:\\\/\\\/fmgente.com.ar\\\/web\\\/?s={search_term_string}\"},\"query-input\":{\"@type\":\"PropertyValueSpecification\",\"valueRequired\":true,\"valueName\":\"search_term_string\"}}],\"inLanguage\":\"es\"},{\"@type\":\"Organization\",\"@id\":\"https:\\\/\\\/fmgente.com.ar\\\/web\\\/#organization\",\"name\":\"Fm Gente\",\"url\":\"https:\\\/\\\/fmgente.com.ar\\\/web\\\/\",\"logo\":{\"@type\":\"ImageObject\",\"inLanguage\":\"es\",\"@id\":\"https:\\\/\\\/fmgente.com.ar\\\/web\\\/#\\\/schema\\\/logo\\\/image\\\/\",\"url\":\"https:\\\/\\\/fmgente.com.ar\\\/web\\\/wp-content\\\/uploads\\\/2023\\\/07\\\/cropped-cropped-logo-sombra2.png\",\"contentUrl\":\"https:\\\/\\\/fmgente.com.ar\\\/web\\\/wp-content\\\/uploads\\\/2023\\\/07\\\/cropped-cropped-logo-sombra2.png\",\"width\":1782,\"height\":1782,\"caption\":\"Fm Gente\"},\"image\":{\"@id\":\"https:\\\/\\\/fmgente.com.ar\\\/web\\\/#\\\/schema\\\/logo\\\/image\\\/\"}}]}<\/script>\n<!-- \/ Yoast SEO plugin. -->","yoast_head_json":{"title":"Facundo Pasquevich: \u201cLa misma NASA pensaba que no \u00edbamos a poder hacerlo porque ten\u00edamos plazos muy cortos\u201d - Fm Gente","robots":{"index":"index","follow":"follow","max-snippet":"max-snippet:-1","max-image-preview":"max-image-preview:large","max-video-preview":"max-video-preview:-1"},"canonical":"https:\/\/fmgente.com.ar\/web\/facundo-pasquevich-la-misma-nasa-pensaba-que-no-ibamos-a-poder-hacerlo-porque-teniamos-plazos-muy-cortos\/","og_locale":"es_ES","og_type":"article","og_title":"Facundo Pasquevich: \u201cLa misma NASA pensaba que no \u00edbamos a poder hacerlo porque ten\u00edamos plazos muy cortos\u201d - Fm Gente","og_description":"Buenos Aires, 5 abril (NA) &#8211; \u201cEs muy dificil. De los 60 pa\u00edses que se","og_url":"https:\/\/fmgente.com.ar\/web\/facundo-pasquevich-la-misma-nasa-pensaba-que-no-ibamos-a-poder-hacerlo-porque-teniamos-plazos-muy-cortos\/","og_site_name":"Fm Gente","article_published_time":"2026-04-05T22:08:15+00:00","twitter_card":"summary_large_image","twitter_misc":{"Tiempo de lectura":"3 minutos"},"schema":{"@context":"https:\/\/schema.org","@graph":[{"@type":"Article","@id":"https:\/\/fmgente.com.ar\/web\/facundo-pasquevich-la-misma-nasa-pensaba-que-no-ibamos-a-poder-hacerlo-porque-teniamos-plazos-muy-cortos\/#article","isPartOf":{"@id":"https:\/\/fmgente.com.ar\/web\/facundo-pasquevich-la-misma-nasa-pensaba-que-no-ibamos-a-poder-hacerlo-porque-teniamos-plazos-muy-cortos\/"},"author":{"name":"","@id":""},"headline":"Facundo Pasquevich: \u201cLa misma NASA pensaba que no \u00edbamos a poder hacerlo porque ten\u00edamos plazos muy cortos\u201d","datePublished":"2026-04-05T22:08:15+00:00","mainEntityOfPage":{"@id":"https:\/\/fmgente.com.ar\/web\/facundo-pasquevich-la-misma-nasa-pensaba-que-no-ibamos-a-poder-hacerlo-porque-teniamos-plazos-muy-cortos\/"},"wordCount":654,"publisher":{"@id":"https:\/\/fmgente.com.ar\/web\/#organization"},"image":{"@id":"https:\/\/fmgente.com.ar\/web\/facundo-pasquevich-la-misma-nasa-pensaba-que-no-ibamos-a-poder-hacerlo-porque-teniamos-plazos-muy-cortos\/#primaryimage"},"thumbnailUrl":"https:\/\/fmgente.com.ar\/web\/wp-content\/uploads\/2026\/04\/720-262.jpeg","articleSection":["REGIONALES"],"inLanguage":"es"},{"@type":"WebPage","@id":"https:\/\/fmgente.com.ar\/web\/facundo-pasquevich-la-misma-nasa-pensaba-que-no-ibamos-a-poder-hacerlo-porque-teniamos-plazos-muy-cortos\/","url":"https:\/\/fmgente.com.ar\/web\/facundo-pasquevich-la-misma-nasa-pensaba-que-no-ibamos-a-poder-hacerlo-porque-teniamos-plazos-muy-cortos\/","name":"Facundo Pasquevich: \u201cLa misma NASA pensaba que no \u00edbamos a poder hacerlo porque ten\u00edamos plazos muy cortos\u201d - Fm Gente","isPartOf":{"@id":"https:\/\/fmgente.com.ar\/web\/#website"},"primaryImageOfPage":{"@id":"https:\/\/fmgente.com.ar\/web\/facundo-pasquevich-la-misma-nasa-pensaba-que-no-ibamos-a-poder-hacerlo-porque-teniamos-plazos-muy-cortos\/#primaryimage"},"image":{"@id":"https:\/\/fmgente.com.ar\/web\/facundo-pasquevich-la-misma-nasa-pensaba-que-no-ibamos-a-poder-hacerlo-porque-teniamos-plazos-muy-cortos\/#primaryimage"},"thumbnailUrl":"https:\/\/fmgente.com.ar\/web\/wp-content\/uploads\/2026\/04\/720-262.jpeg","datePublished":"2026-04-05T22:08:15+00:00","inLanguage":"es","potentialAction":[{"@type":"ReadAction","target":["https:\/\/fmgente.com.ar\/web\/facundo-pasquevich-la-misma-nasa-pensaba-que-no-ibamos-a-poder-hacerlo-porque-teniamos-plazos-muy-cortos\/"]}]},{"@type":"ImageObject","inLanguage":"es","@id":"https:\/\/fmgente.com.ar\/web\/facundo-pasquevich-la-misma-nasa-pensaba-que-no-ibamos-a-poder-hacerlo-porque-teniamos-plazos-muy-cortos\/#primaryimage","url":"https:\/\/fmgente.com.ar\/web\/wp-content\/uploads\/2026\/04\/720-262.jpeg","contentUrl":"https:\/\/fmgente.com.ar\/web\/wp-content\/uploads\/2026\/04\/720-262.jpeg","width":960,"height":720},{"@type":"WebSite","@id":"https:\/\/fmgente.com.ar\/web\/#website","url":"https:\/\/fmgente.com.ar\/web\/","name":"Fm Gente","description":"- Jes\u00fas Mar\u00eda","publisher":{"@id":"https:\/\/fmgente.com.ar\/web\/#organization"},"potentialAction":[{"@type":"SearchAction","target":{"@type":"EntryPoint","urlTemplate":"https:\/\/fmgente.com.ar\/web\/?s={search_term_string}"},"query-input":{"@type":"PropertyValueSpecification","valueRequired":true,"valueName":"search_term_string"}}],"inLanguage":"es"},{"@type":"Organization","@id":"https:\/\/fmgente.com.ar\/web\/#organization","name":"Fm Gente","url":"https:\/\/fmgente.com.ar\/web\/","logo":{"@type":"ImageObject","inLanguage":"es","@id":"https:\/\/fmgente.com.ar\/web\/#\/schema\/logo\/image\/","url":"https:\/\/fmgente.com.ar\/web\/wp-content\/uploads\/2023\/07\/cropped-cropped-logo-sombra2.png","contentUrl":"https:\/\/fmgente.com.ar\/web\/wp-content\/uploads\/2023\/07\/cropped-cropped-logo-sombra2.png","width":1782,"height":1782,"caption":"Fm Gente"},"image":{"@id":"https:\/\/fmgente.com.ar\/web\/#\/schema\/logo\/image\/"}}]}},"_links":{"self":[{"href":"https:\/\/fmgente.com.ar\/web\/wp-json\/wp\/v2\/posts\/18113","targetHints":{"allow":["GET"]}}],"collection":[{"href":"https:\/\/fmgente.com.ar\/web\/wp-json\/wp\/v2\/posts"}],"about":[{"href":"https:\/\/fmgente.com.ar\/web\/wp-json\/wp\/v2\/types\/post"}],"replies":[{"embeddable":true,"href":"https:\/\/fmgente.com.ar\/web\/wp-json\/wp\/v2\/comments?post=18113"}],"version-history":[{"count":0,"href":"https:\/\/fmgente.com.ar\/web\/wp-json\/wp\/v2\/posts\/18113\/revisions"}],"wp:featuredmedia":[{"embeddable":true,"href":"https:\/\/fmgente.com.ar\/web\/wp-json\/wp\/v2\/media\/18114"}],"wp:attachment":[{"href":"https:\/\/fmgente.com.ar\/web\/wp-json\/wp\/v2\/media?parent=18113"}],"wp:term":[{"taxonomy":"category","embeddable":true,"href":"https:\/\/fmgente.com.ar\/web\/wp-json\/wp\/v2\/categories?post=18113"},{"taxonomy":"post_tag","embeddable":true,"href":"https:\/\/fmgente.com.ar\/web\/wp-json\/wp\/v2\/tags?post=18113"}],"curies":[{"name":"wp","href":"https:\/\/api.w.org\/{rel}","templated":true}]}}