{"id":18109,"date":"2026-04-05T18:05:18","date_gmt":"2026-04-05T21:05:18","guid":{"rendered":"https:\/\/fmgente.com.ar\/web\/ate-reclama-creditos-con-mismas-tasas-montos-y-plazos-que-los-otorgados-a-dirigentes-oficialistas\/"},"modified":"2026-04-05T18:05:18","modified_gmt":"2026-04-05T21:05:18","slug":"ate-reclama-creditos-con-mismas-tasas-montos-y-plazos-que-los-otorgados-a-dirigentes-oficialistas","status":"publish","type":"post","link":"https:\/\/fmgente.com.ar\/web\/ate-reclama-creditos-con-mismas-tasas-montos-y-plazos-que-los-otorgados-a-dirigentes-oficialistas\/","title":{"rendered":"ATE reclama cr\u00e9ditos con mismas tasas, montos y plazos que los otorgados a dirigentes oficialistas"},"content":{"rendered":"<p>Buenos Aires, 5 abril (NA) \u2013  La Asociaci\u00f3n de Trabajadores del Estado (ATE) impulsa que m\u00e1s de 1.000 delegados de la administraci\u00f3n p\u00fablica y sus afiliados soliciten cr\u00e9ditos en el Banco Naci\u00f3n, durante toda esta semana y en todo el pa\u00eds, \u00abcon las mismas condiciones que los allegados de La Libertad Avanza\u00bb (LLA)\u00bb.<\/p>\n<p>Seg\u00fan supo la Agencia Noticias Argentinas, esta medida es impulsada por el gremio luego de las irregularidades que \u201cpodr\u00edan escalar en una gran causa de corrupci\u00f3n\u201d por la entrega de prestamos \u201cpreferenciales\u201d a funcionarios, legisladores y militantes oficialistas.<\/p>\n<p>\u201cNo vinieron a destruir el Estado, vinieron a servirse de \u00e9l. Ahora los trabajadores somos los que queremos cr\u00e9ditos de los mismos montos, con las mismas tasas de inter\u00e9s y los mismos plazos de financiaci\u00f3n que tuvieron los funcionarios, diputados y allegados de LLA\u201d, indic\u00f3 Rodolfo Aguiar, secretario general de ATE.<\/p>\n<p>En la misma l\u00ednea, sostuvo que esta medida se definir\u00e1 en la reuni\u00f3n de Consejo Directivo Nacional que mantendr\u00e1n el pr\u00f3ximo jueves 9 en el Hotel 27 de Junio, perteneciente al sindicato, en el barrio porte\u00f1o de San Telmo, alrededor de las 12hs., donde estar\u00e1n presentes las conducciones de las 24 provincias del pa\u00eds.<\/p>\n<p>Asimismo, Aguiar apunt\u00f3 contra la gesti\u00f3n del presidente Javier Milei y record\u00f3 la frase que impuls\u00f3, desde su campa\u00f1a, sobre la desaparici\u00f3n del Estado \u201cpara terminar con los privilegios de la casta\u201d: \u00abSon los propios funcionarios y diputados de LLA los que est\u00e1n desesperados por hacer guita con los aportes de todos los contribuyentes\u201d, a\u00f1adi\u00f3 el gremialista.<\/p>\n<p>\u201cLa hipocres\u00eda del Gobierno es monumental. \u00bfC\u00f3mo explican la pol\u00edtica de austeridad con la toma de estos cr\u00e9ditos multimillonarios? Deben existir explicaciones oficiales y debe iniciarse una inmediata investigaci\u00f3n en la administraci\u00f3n adem\u00e1s de realizar las denuncias penales que correspondan. Adem\u00e1s, en estos casos puntuales es incre\u00edble que para otorgar sumas tan elevadas no se les haya exigido el requisito de estabilidad como ocurrir\u00eda con cualquier otro ciudadano. Los funcionarios, por despido o por renuncia, se pueden ir en cualquier momento. Un ejemplo lamentable viene de mi propia provincia, como es el caso del Jefe de Gabinete de Capital Humano, Leandro Massaccesi, quien adquiri\u00f3 un cr\u00e9dito hace d\u00edas y lo acaban de despedir. Se la est\u00e1n llevando toda. Estas pr\u00e1cticas son obscenas y configuran una grave irregularidad. Adem\u00e1s se dan en un contexto en el que el acceso a la vivienda para la mayor\u00eda de los argentinos se convierte en un drama y es imposible. Es evidente que estamos frente a numerosos enriquecimientos il\u00edcitos\u201d, asever\u00f3.<\/p>\n<p>Para finalizar, remarc\u00f3 que estos cr\u00e9ditos \u201cse encuentran anclados en el ajuste brutal sobre toda la sociedad\u201d y que se otorgaron \u201csobre el sufrimiento de los comerciantes que tuvieron que bajar sus persianas\u201d, sobre los jubilados \u201cque vieron reducidos sus haberes\u201d y con los trabajadores del sector p\u00fablico y privado porque sus salarios \u00abfueron destrozados\u201d, concluy\u00f3 Aguiar.<\/p>\n<p>Entre la extensa lista de beneficiarios de los cr\u00e9ditos aparecen funcionarios del Banco Central, directores de YPF, la diputada libertaria rionegrina Lorena Villaverde, investigada por su v\u00ednculo con el supuesto narcotraficante Fred Machado, y el influencer Juan Pablo Carreira, quien se desempe\u00f1a como director de Comunicaci\u00f3n Digital del Gobierno Nacional. #AgenciaNA<\/p>\n","protected":false},"excerpt":{"rendered":"<p>Buenos Aires, 5 abril (NA) \u2013 La Asociaci\u00f3n de Trabajadores del Estado (ATE) impulsa que<\/p>\n","protected":false},"author":0,"featured_media":18110,"comment_status":"","ping_status":"","sticky":false,"template":"","format":"standard","meta":{"footnotes":""},"categories":[1],"tags":[],"class_list":["post-18109","post","type-post","status-publish","format-standard","has-post-thumbnail","hentry","category-regionales"],"yoast_head":"<!-- This site is optimized with the Yoast SEO plugin v27.4 - https:\/\/yoast.com\/product\/yoast-seo-wordpress\/ -->\n<title>ATE reclama cr\u00e9ditos con mismas tasas, montos y plazos que los otorgados a dirigentes oficialistas - Fm Gente<\/title>\n<meta name=\"robots\" content=\"index, follow, max-snippet:-1, max-image-preview:large, max-video-preview:-1\" \/>\n<link rel=\"canonical\" href=\"https:\/\/fmgente.com.ar\/web\/ate-reclama-creditos-con-mismas-tasas-montos-y-plazos-que-los-otorgados-a-dirigentes-oficialistas\/\" \/>\n<meta property=\"og:locale\" content=\"es_ES\" \/>\n<meta property=\"og:type\" content=\"article\" \/>\n<meta property=\"og:title\" content=\"ATE reclama cr\u00e9ditos con mismas tasas, montos y plazos que los otorgados a dirigentes oficialistas - Fm Gente\" \/>\n<meta property=\"og:description\" content=\"Buenos Aires, 5 abril (NA) \u2013 La Asociaci\u00f3n de Trabajadores del Estado (ATE) impulsa que\" \/>\n<meta property=\"og:url\" content=\"https:\/\/fmgente.com.ar\/web\/ate-reclama-creditos-con-mismas-tasas-montos-y-plazos-que-los-otorgados-a-dirigentes-oficialistas\/\" \/>\n<meta property=\"og:site_name\" content=\"Fm Gente\" \/>\n<meta property=\"article:published_time\" content=\"2026-04-05T21:05:18+00:00\" \/>\n<meta name=\"twitter:card\" content=\"summary_large_image\" \/>\n<meta name=\"twitter:label1\" content=\"Tiempo de lectura\" \/>\n\t<meta name=\"twitter:data1\" content=\"3 minutos\" \/>\n<script type=\"application\/ld+json\" class=\"yoast-schema-graph\">{\"@context\":\"https:\\\/\\\/schema.org\",\"@graph\":[{\"@type\":\"Article\",\"@id\":\"https:\\\/\\\/fmgente.com.ar\\\/web\\\/ate-reclama-creditos-con-mismas-tasas-montos-y-plazos-que-los-otorgados-a-dirigentes-oficialistas\\\/#article\",\"isPartOf\":{\"@id\":\"https:\\\/\\\/fmgente.com.ar\\\/web\\\/ate-reclama-creditos-con-mismas-tasas-montos-y-plazos-que-los-otorgados-a-dirigentes-oficialistas\\\/\"},\"author\":{\"name\":\"\",\"@id\":\"\"},\"headline\":\"ATE reclama cr\u00e9ditos con mismas tasas, montos y plazos que los otorgados a dirigentes oficialistas\",\"datePublished\":\"2026-04-05T21:05:18+00:00\",\"mainEntityOfPage\":{\"@id\":\"https:\\\/\\\/fmgente.com.ar\\\/web\\\/ate-reclama-creditos-con-mismas-tasas-montos-y-plazos-que-los-otorgados-a-dirigentes-oficialistas\\\/\"},\"wordCount\":584,\"publisher\":{\"@id\":\"https:\\\/\\\/fmgente.com.ar\\\/web\\\/#organization\"},\"image\":{\"@id\":\"https:\\\/\\\/fmgente.com.ar\\\/web\\\/ate-reclama-creditos-con-mismas-tasas-montos-y-plazos-que-los-otorgados-a-dirigentes-oficialistas\\\/#primaryimage\"},\"thumbnailUrl\":\"https:\\\/\\\/fmgente.com.ar\\\/web\\\/wp-content\\\/uploads\\\/2026\\\/04\\\/720-261.jpeg\",\"articleSection\":[\"REGIONALES\"],\"inLanguage\":\"es\"},{\"@type\":\"WebPage\",\"@id\":\"https:\\\/\\\/fmgente.com.ar\\\/web\\\/ate-reclama-creditos-con-mismas-tasas-montos-y-plazos-que-los-otorgados-a-dirigentes-oficialistas\\\/\",\"url\":\"https:\\\/\\\/fmgente.com.ar\\\/web\\\/ate-reclama-creditos-con-mismas-tasas-montos-y-plazos-que-los-otorgados-a-dirigentes-oficialistas\\\/\",\"name\":\"ATE reclama cr\u00e9ditos con mismas tasas, montos y plazos que los otorgados a dirigentes oficialistas - Fm Gente\",\"isPartOf\":{\"@id\":\"https:\\\/\\\/fmgente.com.ar\\\/web\\\/#website\"},\"primaryImageOfPage\":{\"@id\":\"https:\\\/\\\/fmgente.com.ar\\\/web\\\/ate-reclama-creditos-con-mismas-tasas-montos-y-plazos-que-los-otorgados-a-dirigentes-oficialistas\\\/#primaryimage\"},\"image\":{\"@id\":\"https:\\\/\\\/fmgente.com.ar\\\/web\\\/ate-reclama-creditos-con-mismas-tasas-montos-y-plazos-que-los-otorgados-a-dirigentes-oficialistas\\\/#primaryimage\"},\"thumbnailUrl\":\"https:\\\/\\\/fmgente.com.ar\\\/web\\\/wp-content\\\/uploads\\\/2026\\\/04\\\/720-261.jpeg\",\"datePublished\":\"2026-04-05T21:05:18+00:00\",\"inLanguage\":\"es\",\"potentialAction\":[{\"@type\":\"ReadAction\",\"target\":[\"https:\\\/\\\/fmgente.com.ar\\\/web\\\/ate-reclama-creditos-con-mismas-tasas-montos-y-plazos-que-los-otorgados-a-dirigentes-oficialistas\\\/\"]}]},{\"@type\":\"ImageObject\",\"inLanguage\":\"es\",\"@id\":\"https:\\\/\\\/fmgente.com.ar\\\/web\\\/ate-reclama-creditos-con-mismas-tasas-montos-y-plazos-que-los-otorgados-a-dirigentes-oficialistas\\\/#primaryimage\",\"url\":\"https:\\\/\\\/fmgente.com.ar\\\/web\\\/wp-content\\\/uploads\\\/2026\\\/04\\\/720-261.jpeg\",\"contentUrl\":\"https:\\\/\\\/fmgente.com.ar\\\/web\\\/wp-content\\\/uploads\\\/2026\\\/04\\\/720-261.jpeg\",\"width\":1082,\"height\":720},{\"@type\":\"WebSite\",\"@id\":\"https:\\\/\\\/fmgente.com.ar\\\/web\\\/#website\",\"url\":\"https:\\\/\\\/fmgente.com.ar\\\/web\\\/\",\"name\":\"Fm Gente\",\"description\":\"- Jes\u00fas Mar\u00eda\",\"publisher\":{\"@id\":\"https:\\\/\\\/fmgente.com.ar\\\/web\\\/#organization\"},\"potentialAction\":[{\"@type\":\"SearchAction\",\"target\":{\"@type\":\"EntryPoint\",\"urlTemplate\":\"https:\\\/\\\/fmgente.com.ar\\\/web\\\/?s={search_term_string}\"},\"query-input\":{\"@type\":\"PropertyValueSpecification\",\"valueRequired\":true,\"valueName\":\"search_term_string\"}}],\"inLanguage\":\"es\"},{\"@type\":\"Organization\",\"@id\":\"https:\\\/\\\/fmgente.com.ar\\\/web\\\/#organization\",\"name\":\"Fm Gente\",\"url\":\"https:\\\/\\\/fmgente.com.ar\\\/web\\\/\",\"logo\":{\"@type\":\"ImageObject\",\"inLanguage\":\"es\",\"@id\":\"https:\\\/\\\/fmgente.com.ar\\\/web\\\/#\\\/schema\\\/logo\\\/image\\\/\",\"url\":\"https:\\\/\\\/fmgente.com.ar\\\/web\\\/wp-content\\\/uploads\\\/2023\\\/07\\\/cropped-cropped-logo-sombra2.png\",\"contentUrl\":\"https:\\\/\\\/fmgente.com.ar\\\/web\\\/wp-content\\\/uploads\\\/2023\\\/07\\\/cropped-cropped-logo-sombra2.png\",\"width\":1782,\"height\":1782,\"caption\":\"Fm Gente\"},\"image\":{\"@id\":\"https:\\\/\\\/fmgente.com.ar\\\/web\\\/#\\\/schema\\\/logo\\\/image\\\/\"}}]}<\/script>\n<!-- \/ Yoast SEO plugin. -->","yoast_head_json":{"title":"ATE reclama cr\u00e9ditos con mismas tasas, montos y plazos que los otorgados a dirigentes oficialistas - Fm Gente","robots":{"index":"index","follow":"follow","max-snippet":"max-snippet:-1","max-image-preview":"max-image-preview:large","max-video-preview":"max-video-preview:-1"},"canonical":"https:\/\/fmgente.com.ar\/web\/ate-reclama-creditos-con-mismas-tasas-montos-y-plazos-que-los-otorgados-a-dirigentes-oficialistas\/","og_locale":"es_ES","og_type":"article","og_title":"ATE reclama cr\u00e9ditos con mismas tasas, montos y plazos que los otorgados a dirigentes oficialistas - Fm Gente","og_description":"Buenos Aires, 5 abril (NA) \u2013 La Asociaci\u00f3n de Trabajadores del Estado (ATE) impulsa que","og_url":"https:\/\/fmgente.com.ar\/web\/ate-reclama-creditos-con-mismas-tasas-montos-y-plazos-que-los-otorgados-a-dirigentes-oficialistas\/","og_site_name":"Fm Gente","article_published_time":"2026-04-05T21:05:18+00:00","twitter_card":"summary_large_image","twitter_misc":{"Tiempo de lectura":"3 minutos"},"schema":{"@context":"https:\/\/schema.org","@graph":[{"@type":"Article","@id":"https:\/\/fmgente.com.ar\/web\/ate-reclama-creditos-con-mismas-tasas-montos-y-plazos-que-los-otorgados-a-dirigentes-oficialistas\/#article","isPartOf":{"@id":"https:\/\/fmgente.com.ar\/web\/ate-reclama-creditos-con-mismas-tasas-montos-y-plazos-que-los-otorgados-a-dirigentes-oficialistas\/"},"author":{"name":"","@id":""},"headline":"ATE reclama cr\u00e9ditos con mismas tasas, montos y plazos que los otorgados a dirigentes oficialistas","datePublished":"2026-04-05T21:05:18+00:00","mainEntityOfPage":{"@id":"https:\/\/fmgente.com.ar\/web\/ate-reclama-creditos-con-mismas-tasas-montos-y-plazos-que-los-otorgados-a-dirigentes-oficialistas\/"},"wordCount":584,"publisher":{"@id":"https:\/\/fmgente.com.ar\/web\/#organization"},"image":{"@id":"https:\/\/fmgente.com.ar\/web\/ate-reclama-creditos-con-mismas-tasas-montos-y-plazos-que-los-otorgados-a-dirigentes-oficialistas\/#primaryimage"},"thumbnailUrl":"https:\/\/fmgente.com.ar\/web\/wp-content\/uploads\/2026\/04\/720-261.jpeg","articleSection":["REGIONALES"],"inLanguage":"es"},{"@type":"WebPage","@id":"https:\/\/fmgente.com.ar\/web\/ate-reclama-creditos-con-mismas-tasas-montos-y-plazos-que-los-otorgados-a-dirigentes-oficialistas\/","url":"https:\/\/fmgente.com.ar\/web\/ate-reclama-creditos-con-mismas-tasas-montos-y-plazos-que-los-otorgados-a-dirigentes-oficialistas\/","name":"ATE reclama cr\u00e9ditos con mismas tasas, montos y plazos que los otorgados a dirigentes oficialistas - Fm Gente","isPartOf":{"@id":"https:\/\/fmgente.com.ar\/web\/#website"},"primaryImageOfPage":{"@id":"https:\/\/fmgente.com.ar\/web\/ate-reclama-creditos-con-mismas-tasas-montos-y-plazos-que-los-otorgados-a-dirigentes-oficialistas\/#primaryimage"},"image":{"@id":"https:\/\/fmgente.com.ar\/web\/ate-reclama-creditos-con-mismas-tasas-montos-y-plazos-que-los-otorgados-a-dirigentes-oficialistas\/#primaryimage"},"thumbnailUrl":"https:\/\/fmgente.com.ar\/web\/wp-content\/uploads\/2026\/04\/720-261.jpeg","datePublished":"2026-04-05T21:05:18+00:00","inLanguage":"es","potentialAction":[{"@type":"ReadAction","target":["https:\/\/fmgente.com.ar\/web\/ate-reclama-creditos-con-mismas-tasas-montos-y-plazos-que-los-otorgados-a-dirigentes-oficialistas\/"]}]},{"@type":"ImageObject","inLanguage":"es","@id":"https:\/\/fmgente.com.ar\/web\/ate-reclama-creditos-con-mismas-tasas-montos-y-plazos-que-los-otorgados-a-dirigentes-oficialistas\/#primaryimage","url":"https:\/\/fmgente.com.ar\/web\/wp-content\/uploads\/2026\/04\/720-261.jpeg","contentUrl":"https:\/\/fmgente.com.ar\/web\/wp-content\/uploads\/2026\/04\/720-261.jpeg","width":1082,"height":720},{"@type":"WebSite","@id":"https:\/\/fmgente.com.ar\/web\/#website","url":"https:\/\/fmgente.com.ar\/web\/","name":"Fm Gente","description":"- Jes\u00fas Mar\u00eda","publisher":{"@id":"https:\/\/fmgente.com.ar\/web\/#organization"},"potentialAction":[{"@type":"SearchAction","target":{"@type":"EntryPoint","urlTemplate":"https:\/\/fmgente.com.ar\/web\/?s={search_term_string}"},"query-input":{"@type":"PropertyValueSpecification","valueRequired":true,"valueName":"search_term_string"}}],"inLanguage":"es"},{"@type":"Organization","@id":"https:\/\/fmgente.com.ar\/web\/#organization","name":"Fm Gente","url":"https:\/\/fmgente.com.ar\/web\/","logo":{"@type":"ImageObject","inLanguage":"es","@id":"https:\/\/fmgente.com.ar\/web\/#\/schema\/logo\/image\/","url":"https:\/\/fmgente.com.ar\/web\/wp-content\/uploads\/2023\/07\/cropped-cropped-logo-sombra2.png","contentUrl":"https:\/\/fmgente.com.ar\/web\/wp-content\/uploads\/2023\/07\/cropped-cropped-logo-sombra2.png","width":1782,"height":1782,"caption":"Fm Gente"},"image":{"@id":"https:\/\/fmgente.com.ar\/web\/#\/schema\/logo\/image\/"}}]}},"_links":{"self":[{"href":"https:\/\/fmgente.com.ar\/web\/wp-json\/wp\/v2\/posts\/18109","targetHints":{"allow":["GET"]}}],"collection":[{"href":"https:\/\/fmgente.com.ar\/web\/wp-json\/wp\/v2\/posts"}],"about":[{"href":"https:\/\/fmgente.com.ar\/web\/wp-json\/wp\/v2\/types\/post"}],"replies":[{"embeddable":true,"href":"https:\/\/fmgente.com.ar\/web\/wp-json\/wp\/v2\/comments?post=18109"}],"version-history":[{"count":0,"href":"https:\/\/fmgente.com.ar\/web\/wp-json\/wp\/v2\/posts\/18109\/revisions"}],"wp:featuredmedia":[{"embeddable":true,"href":"https:\/\/fmgente.com.ar\/web\/wp-json\/wp\/v2\/media\/18110"}],"wp:attachment":[{"href":"https:\/\/fmgente.com.ar\/web\/wp-json\/wp\/v2\/media?parent=18109"}],"wp:term":[{"taxonomy":"category","embeddable":true,"href":"https:\/\/fmgente.com.ar\/web\/wp-json\/wp\/v2\/categories?post=18109"},{"taxonomy":"post_tag","embeddable":true,"href":"https:\/\/fmgente.com.ar\/web\/wp-json\/wp\/v2\/tags?post=18109"}],"curies":[{"name":"wp","href":"https:\/\/api.w.org\/{rel}","templated":true}]}}