{"id":18099,"date":"2026-04-05T17:04:56","date_gmt":"2026-04-05T20:04:56","guid":{"rendered":"https:\/\/fmgente.com.ar\/web\/tucuman-encuentran-muerta-a-la-pareja-que-estaba-desaparecida-desde-anoche-por-el-temporal\/"},"modified":"2026-04-05T17:04:56","modified_gmt":"2026-04-05T20:04:56","slug":"tucuman-encuentran-muerta-a-la-pareja-que-estaba-desaparecida-desde-anoche-por-el-temporal","status":"publish","type":"post","link":"https:\/\/fmgente.com.ar\/web\/tucuman-encuentran-muerta-a-la-pareja-que-estaba-desaparecida-desde-anoche-por-el-temporal\/","title":{"rendered":"Tucum\u00e1n: encuentran muerta a la pareja que estaba desaparecida desde anoche por el temporal"},"content":{"rendered":"<p>Buenos Aires, 5 abril (NA) \u2013 Una pareja que estaba desaparecida desde anoche en medio del temporal que azot\u00f3 la provincia de Tucum\u00e1n, fue encontrada muerta en su autom\u00f3vil por la polic\u00eda provincial en la zona del barrio Nueva Italia, a unos 400 metros de la Ruta 9.<\/p>\n<p>La pareja integrada por Mariano Robles (28) y Solana Albornoz (32) se comunic\u00f3 por \u00faltima vez con su familia alrededor de las 21 de anoche, luego de asistir a un casamiento, cuando relataron que estaban bloqueados y esperaban a que el agua bajara para poder reanudar su viaje de regreso a su domicilio.<\/p>\n<p>Con la muerte de esta pareja se elevar\u00eda a por lo menos tres el n\u00famero de v\u00edctimas fatales provocadas por la tormenta que azot\u00f3 Tucum\u00e1n durante la noche del s\u00e1bado, y que provoc\u00f3 el anegamiento de calles, la ca\u00edda de \u00e1rboles y se cobr\u00f3 la vida de un adolescente, en el sur de la capital tucumana. <\/p>\n<p>Seg\u00fan pudo conocer la Agencia Noticias Argentinas, de acuerdo con los primeros informes, cayeron alrededor de 110 mil\u00edmetros de lluvia en un lapso de tres horas, lo que colaps\u00f3 las arterias del microcentro y gran parte de la zona urbana.<\/p>\n<p>Esta ma\u00f1ana, desde la Secretar\u00eda de Estado de Comunicaci\u00f3n, informaron que \u00abun adolescente falleci\u00f3 por electrocuci\u00f3n mientras transitaba por la v\u00eda p\u00fablica en medio de calles anegadas, en la intersecci\u00f3n de Democracia y 9 de Julio\u00bb.<\/p>\n<p>Esta v\u00edctima se suma a Robles y Albornoz, cuyos cuerpos sin vida fueron encontrados esta tarde, seg\u00fan lo confirm\u00f3 a los medios de prensa el jefe de la Polic\u00eda de Tucum\u00e1n, comisario general Joaqu\u00edn Alfredo Girvau.<\/p>\n<p>Los familiares de Robles y Albornoz, que para asistir al casamiento dejaron sus hijos al cuidado de una ni\u00f1era, alertaron anoche sobre la desaparici\u00f3n de la pareja, con la que hab\u00edan perdido comunicaci\u00f3n alrededor de las 21.<\/p>\n<p>En ese momento, se encontraban dentro de su veh\u00edculo, esperando que disminuyera la intensidad de la tormenta para poder regresar a su casa. <\/p>\n<p>#AgenciaNA<\/p>\n","protected":false},"excerpt":{"rendered":"<p>Buenos Aires, 5 abril (NA) \u2013 Una pareja que estaba desaparecida desde anoche en medio<\/p>\n","protected":false},"author":0,"featured_media":18100,"comment_status":"","ping_status":"","sticky":false,"template":"","format":"standard","meta":{"footnotes":""},"categories":[1],"tags":[],"class_list":["post-18099","post","type-post","status-publish","format-standard","has-post-thumbnail","hentry","category-regionales"],"yoast_head":"<!-- This site is optimized with the Yoast SEO plugin v27.4 - https:\/\/yoast.com\/product\/yoast-seo-wordpress\/ -->\n<title>Tucum\u00e1n: encuentran muerta a la pareja que estaba desaparecida desde anoche por el temporal - Fm Gente<\/title>\n<meta name=\"robots\" content=\"index, follow, max-snippet:-1, max-image-preview:large, max-video-preview:-1\" \/>\n<link rel=\"canonical\" href=\"https:\/\/fmgente.com.ar\/web\/tucuman-encuentran-muerta-a-la-pareja-que-estaba-desaparecida-desde-anoche-por-el-temporal\/\" \/>\n<meta property=\"og:locale\" content=\"es_ES\" \/>\n<meta property=\"og:type\" content=\"article\" \/>\n<meta property=\"og:title\" content=\"Tucum\u00e1n: encuentran muerta a la pareja que estaba desaparecida desde anoche por el temporal - Fm Gente\" \/>\n<meta property=\"og:description\" content=\"Buenos Aires, 5 abril (NA) \u2013 Una pareja que estaba desaparecida desde anoche en medio\" \/>\n<meta property=\"og:url\" content=\"https:\/\/fmgente.com.ar\/web\/tucuman-encuentran-muerta-a-la-pareja-que-estaba-desaparecida-desde-anoche-por-el-temporal\/\" \/>\n<meta property=\"og:site_name\" content=\"Fm Gente\" \/>\n<meta property=\"article:published_time\" content=\"2026-04-05T20:04:56+00:00\" \/>\n<meta name=\"twitter:card\" content=\"summary_large_image\" \/>\n<meta name=\"twitter:label1\" content=\"Tiempo de lectura\" \/>\n\t<meta name=\"twitter:data1\" content=\"2 minutos\" \/>\n<script type=\"application\/ld+json\" class=\"yoast-schema-graph\">{\"@context\":\"https:\\\/\\\/schema.org\",\"@graph\":[{\"@type\":\"Article\",\"@id\":\"https:\\\/\\\/fmgente.com.ar\\\/web\\\/tucuman-encuentran-muerta-a-la-pareja-que-estaba-desaparecida-desde-anoche-por-el-temporal\\\/#article\",\"isPartOf\":{\"@id\":\"https:\\\/\\\/fmgente.com.ar\\\/web\\\/tucuman-encuentran-muerta-a-la-pareja-que-estaba-desaparecida-desde-anoche-por-el-temporal\\\/\"},\"author\":{\"name\":\"\",\"@id\":\"\"},\"headline\":\"Tucum\u00e1n: encuentran muerta a la pareja que estaba desaparecida desde anoche por el temporal\",\"datePublished\":\"2026-04-05T20:04:56+00:00\",\"mainEntityOfPage\":{\"@id\":\"https:\\\/\\\/fmgente.com.ar\\\/web\\\/tucuman-encuentran-muerta-a-la-pareja-que-estaba-desaparecida-desde-anoche-por-el-temporal\\\/\"},\"wordCount\":363,\"publisher\":{\"@id\":\"https:\\\/\\\/fmgente.com.ar\\\/web\\\/#organization\"},\"image\":{\"@id\":\"https:\\\/\\\/fmgente.com.ar\\\/web\\\/tucuman-encuentran-muerta-a-la-pareja-que-estaba-desaparecida-desde-anoche-por-el-temporal\\\/#primaryimage\"},\"thumbnailUrl\":\"https:\\\/\\\/fmgente.com.ar\\\/web\\\/wp-content\\\/uploads\\\/2026\\\/04\\\/720-256.jpeg\",\"articleSection\":[\"REGIONALES\"],\"inLanguage\":\"es\"},{\"@type\":\"WebPage\",\"@id\":\"https:\\\/\\\/fmgente.com.ar\\\/web\\\/tucuman-encuentran-muerta-a-la-pareja-que-estaba-desaparecida-desde-anoche-por-el-temporal\\\/\",\"url\":\"https:\\\/\\\/fmgente.com.ar\\\/web\\\/tucuman-encuentran-muerta-a-la-pareja-que-estaba-desaparecida-desde-anoche-por-el-temporal\\\/\",\"name\":\"Tucum\u00e1n: encuentran muerta a la pareja que estaba desaparecida desde anoche por el temporal - Fm Gente\",\"isPartOf\":{\"@id\":\"https:\\\/\\\/fmgente.com.ar\\\/web\\\/#website\"},\"primaryImageOfPage\":{\"@id\":\"https:\\\/\\\/fmgente.com.ar\\\/web\\\/tucuman-encuentran-muerta-a-la-pareja-que-estaba-desaparecida-desde-anoche-por-el-temporal\\\/#primaryimage\"},\"image\":{\"@id\":\"https:\\\/\\\/fmgente.com.ar\\\/web\\\/tucuman-encuentran-muerta-a-la-pareja-que-estaba-desaparecida-desde-anoche-por-el-temporal\\\/#primaryimage\"},\"thumbnailUrl\":\"https:\\\/\\\/fmgente.com.ar\\\/web\\\/wp-content\\\/uploads\\\/2026\\\/04\\\/720-256.jpeg\",\"datePublished\":\"2026-04-05T20:04:56+00:00\",\"inLanguage\":\"es\",\"potentialAction\":[{\"@type\":\"ReadAction\",\"target\":[\"https:\\\/\\\/fmgente.com.ar\\\/web\\\/tucuman-encuentran-muerta-a-la-pareja-que-estaba-desaparecida-desde-anoche-por-el-temporal\\\/\"]}]},{\"@type\":\"ImageObject\",\"inLanguage\":\"es\",\"@id\":\"https:\\\/\\\/fmgente.com.ar\\\/web\\\/tucuman-encuentran-muerta-a-la-pareja-que-estaba-desaparecida-desde-anoche-por-el-temporal\\\/#primaryimage\",\"url\":\"https:\\\/\\\/fmgente.com.ar\\\/web\\\/wp-content\\\/uploads\\\/2026\\\/04\\\/720-256.jpeg\",\"contentUrl\":\"https:\\\/\\\/fmgente.com.ar\\\/web\\\/wp-content\\\/uploads\\\/2026\\\/04\\\/720-256.jpeg\",\"width\":1080,\"height\":720},{\"@type\":\"WebSite\",\"@id\":\"https:\\\/\\\/fmgente.com.ar\\\/web\\\/#website\",\"url\":\"https:\\\/\\\/fmgente.com.ar\\\/web\\\/\",\"name\":\"Fm Gente\",\"description\":\"- Jes\u00fas Mar\u00eda\",\"publisher\":{\"@id\":\"https:\\\/\\\/fmgente.com.ar\\\/web\\\/#organization\"},\"potentialAction\":[{\"@type\":\"SearchAction\",\"target\":{\"@type\":\"EntryPoint\",\"urlTemplate\":\"https:\\\/\\\/fmgente.com.ar\\\/web\\\/?s={search_term_string}\"},\"query-input\":{\"@type\":\"PropertyValueSpecification\",\"valueRequired\":true,\"valueName\":\"search_term_string\"}}],\"inLanguage\":\"es\"},{\"@type\":\"Organization\",\"@id\":\"https:\\\/\\\/fmgente.com.ar\\\/web\\\/#organization\",\"name\":\"Fm Gente\",\"url\":\"https:\\\/\\\/fmgente.com.ar\\\/web\\\/\",\"logo\":{\"@type\":\"ImageObject\",\"inLanguage\":\"es\",\"@id\":\"https:\\\/\\\/fmgente.com.ar\\\/web\\\/#\\\/schema\\\/logo\\\/image\\\/\",\"url\":\"https:\\\/\\\/fmgente.com.ar\\\/web\\\/wp-content\\\/uploads\\\/2023\\\/07\\\/cropped-cropped-logo-sombra2.png\",\"contentUrl\":\"https:\\\/\\\/fmgente.com.ar\\\/web\\\/wp-content\\\/uploads\\\/2023\\\/07\\\/cropped-cropped-logo-sombra2.png\",\"width\":1782,\"height\":1782,\"caption\":\"Fm Gente\"},\"image\":{\"@id\":\"https:\\\/\\\/fmgente.com.ar\\\/web\\\/#\\\/schema\\\/logo\\\/image\\\/\"}}]}<\/script>\n<!-- \/ Yoast SEO plugin. -->","yoast_head_json":{"title":"Tucum\u00e1n: encuentran muerta a la pareja que estaba desaparecida desde anoche por el temporal - Fm Gente","robots":{"index":"index","follow":"follow","max-snippet":"max-snippet:-1","max-image-preview":"max-image-preview:large","max-video-preview":"max-video-preview:-1"},"canonical":"https:\/\/fmgente.com.ar\/web\/tucuman-encuentran-muerta-a-la-pareja-que-estaba-desaparecida-desde-anoche-por-el-temporal\/","og_locale":"es_ES","og_type":"article","og_title":"Tucum\u00e1n: encuentran muerta a la pareja que estaba desaparecida desde anoche por el temporal - Fm Gente","og_description":"Buenos Aires, 5 abril (NA) \u2013 Una pareja que estaba desaparecida desde anoche en medio","og_url":"https:\/\/fmgente.com.ar\/web\/tucuman-encuentran-muerta-a-la-pareja-que-estaba-desaparecida-desde-anoche-por-el-temporal\/","og_site_name":"Fm Gente","article_published_time":"2026-04-05T20:04:56+00:00","twitter_card":"summary_large_image","twitter_misc":{"Tiempo de lectura":"2 minutos"},"schema":{"@context":"https:\/\/schema.org","@graph":[{"@type":"Article","@id":"https:\/\/fmgente.com.ar\/web\/tucuman-encuentran-muerta-a-la-pareja-que-estaba-desaparecida-desde-anoche-por-el-temporal\/#article","isPartOf":{"@id":"https:\/\/fmgente.com.ar\/web\/tucuman-encuentran-muerta-a-la-pareja-que-estaba-desaparecida-desde-anoche-por-el-temporal\/"},"author":{"name":"","@id":""},"headline":"Tucum\u00e1n: encuentran muerta a la pareja que estaba desaparecida desde anoche por el temporal","datePublished":"2026-04-05T20:04:56+00:00","mainEntityOfPage":{"@id":"https:\/\/fmgente.com.ar\/web\/tucuman-encuentran-muerta-a-la-pareja-que-estaba-desaparecida-desde-anoche-por-el-temporal\/"},"wordCount":363,"publisher":{"@id":"https:\/\/fmgente.com.ar\/web\/#organization"},"image":{"@id":"https:\/\/fmgente.com.ar\/web\/tucuman-encuentran-muerta-a-la-pareja-que-estaba-desaparecida-desde-anoche-por-el-temporal\/#primaryimage"},"thumbnailUrl":"https:\/\/fmgente.com.ar\/web\/wp-content\/uploads\/2026\/04\/720-256.jpeg","articleSection":["REGIONALES"],"inLanguage":"es"},{"@type":"WebPage","@id":"https:\/\/fmgente.com.ar\/web\/tucuman-encuentran-muerta-a-la-pareja-que-estaba-desaparecida-desde-anoche-por-el-temporal\/","url":"https:\/\/fmgente.com.ar\/web\/tucuman-encuentran-muerta-a-la-pareja-que-estaba-desaparecida-desde-anoche-por-el-temporal\/","name":"Tucum\u00e1n: encuentran muerta a la pareja que estaba desaparecida desde anoche por el temporal - Fm Gente","isPartOf":{"@id":"https:\/\/fmgente.com.ar\/web\/#website"},"primaryImageOfPage":{"@id":"https:\/\/fmgente.com.ar\/web\/tucuman-encuentran-muerta-a-la-pareja-que-estaba-desaparecida-desde-anoche-por-el-temporal\/#primaryimage"},"image":{"@id":"https:\/\/fmgente.com.ar\/web\/tucuman-encuentran-muerta-a-la-pareja-que-estaba-desaparecida-desde-anoche-por-el-temporal\/#primaryimage"},"thumbnailUrl":"https:\/\/fmgente.com.ar\/web\/wp-content\/uploads\/2026\/04\/720-256.jpeg","datePublished":"2026-04-05T20:04:56+00:00","inLanguage":"es","potentialAction":[{"@type":"ReadAction","target":["https:\/\/fmgente.com.ar\/web\/tucuman-encuentran-muerta-a-la-pareja-que-estaba-desaparecida-desde-anoche-por-el-temporal\/"]}]},{"@type":"ImageObject","inLanguage":"es","@id":"https:\/\/fmgente.com.ar\/web\/tucuman-encuentran-muerta-a-la-pareja-que-estaba-desaparecida-desde-anoche-por-el-temporal\/#primaryimage","url":"https:\/\/fmgente.com.ar\/web\/wp-content\/uploads\/2026\/04\/720-256.jpeg","contentUrl":"https:\/\/fmgente.com.ar\/web\/wp-content\/uploads\/2026\/04\/720-256.jpeg","width":1080,"height":720},{"@type":"WebSite","@id":"https:\/\/fmgente.com.ar\/web\/#website","url":"https:\/\/fmgente.com.ar\/web\/","name":"Fm Gente","description":"- Jes\u00fas Mar\u00eda","publisher":{"@id":"https:\/\/fmgente.com.ar\/web\/#organization"},"potentialAction":[{"@type":"SearchAction","target":{"@type":"EntryPoint","urlTemplate":"https:\/\/fmgente.com.ar\/web\/?s={search_term_string}"},"query-input":{"@type":"PropertyValueSpecification","valueRequired":true,"valueName":"search_term_string"}}],"inLanguage":"es"},{"@type":"Organization","@id":"https:\/\/fmgente.com.ar\/web\/#organization","name":"Fm Gente","url":"https:\/\/fmgente.com.ar\/web\/","logo":{"@type":"ImageObject","inLanguage":"es","@id":"https:\/\/fmgente.com.ar\/web\/#\/schema\/logo\/image\/","url":"https:\/\/fmgente.com.ar\/web\/wp-content\/uploads\/2023\/07\/cropped-cropped-logo-sombra2.png","contentUrl":"https:\/\/fmgente.com.ar\/web\/wp-content\/uploads\/2023\/07\/cropped-cropped-logo-sombra2.png","width":1782,"height":1782,"caption":"Fm Gente"},"image":{"@id":"https:\/\/fmgente.com.ar\/web\/#\/schema\/logo\/image\/"}}]}},"_links":{"self":[{"href":"https:\/\/fmgente.com.ar\/web\/wp-json\/wp\/v2\/posts\/18099","targetHints":{"allow":["GET"]}}],"collection":[{"href":"https:\/\/fmgente.com.ar\/web\/wp-json\/wp\/v2\/posts"}],"about":[{"href":"https:\/\/fmgente.com.ar\/web\/wp-json\/wp\/v2\/types\/post"}],"replies":[{"embeddable":true,"href":"https:\/\/fmgente.com.ar\/web\/wp-json\/wp\/v2\/comments?post=18099"}],"version-history":[{"count":0,"href":"https:\/\/fmgente.com.ar\/web\/wp-json\/wp\/v2\/posts\/18099\/revisions"}],"wp:featuredmedia":[{"embeddable":true,"href":"https:\/\/fmgente.com.ar\/web\/wp-json\/wp\/v2\/media\/18100"}],"wp:attachment":[{"href":"https:\/\/fmgente.com.ar\/web\/wp-json\/wp\/v2\/media?parent=18099"}],"wp:term":[{"taxonomy":"category","embeddable":true,"href":"https:\/\/fmgente.com.ar\/web\/wp-json\/wp\/v2\/categories?post=18099"},{"taxonomy":"post_tag","embeddable":true,"href":"https:\/\/fmgente.com.ar\/web\/wp-json\/wp\/v2\/tags?post=18099"}],"curies":[{"name":"wp","href":"https:\/\/api.w.org\/{rel}","templated":true}]}}