{"id":18097,"date":"2026-04-05T17:04:55","date_gmt":"2026-04-05T20:04:55","guid":{"rendered":"https:\/\/fmgente.com.ar\/web\/autopsia-preliminar-revela-que-adolescente-con-discapacidad-murio-hace-mas-de-un-mes-en-federacion\/"},"modified":"2026-04-05T17:04:55","modified_gmt":"2026-04-05T20:04:55","slug":"autopsia-preliminar-revela-que-adolescente-con-discapacidad-murio-hace-mas-de-un-mes-en-federacion","status":"publish","type":"post","link":"https:\/\/fmgente.com.ar\/web\/autopsia-preliminar-revela-que-adolescente-con-discapacidad-murio-hace-mas-de-un-mes-en-federacion\/","title":{"rendered":"Autopsia preliminar revela que adolescente con discapacidad muri\u00f3 hace m\u00e1s de un mes en Federaci\u00f3n"},"content":{"rendered":"<p>Buenos Aires, 5 abril (NA) &#8211; El hallazgo del cuerpo de una adolescente con discapacidad en una vivienda de la ciudad de Federaci\u00f3n tom\u00f3 ribetes macabros con las \u00faltimas revelaciones. Lo que comenz\u00f3 como una investigaci\u00f3n por un fallecimiento reciente se transform\u00f3 en un escenario mucho m\u00e1s grave: los resultados preliminares de la autopsia confirmaron que la menor llevaba fallecida un mes o m\u00e1s al momento de ser encontrada, seg\u00fan informaci\u00f3n exclusiva a la que accedi\u00f3 la Agencia Noticias Argentinas.<\/p>\n<p>El hecho se produjo el pasado jueves por la tarde en una propiedad ubicada entre las calles Las Rosas y Tita Bonutti. Fue un familiar de la v\u00edctima \u2014tambi\u00e9n menor de edad\u2014 quien ingres\u00f3 al domicilio y dio aviso inmediato a la Polic\u00eda tras encontrarse con la escena.<\/p>\n<p>La investigaci\u00f3n qued\u00f3 a cargo de la fiscal Josefina Pen\u00f3n, quien de inmediato orden\u00f3 el despliegue de los peritos en el domicilio. Si bien las primeras versiones suger\u00edan la posibilidad de que el deceso hubiera ocurrido unos tres d\u00edas antes, el examen forense preliminar ech\u00f3 por tierra esa hip\u00f3tesis, estableciendo una data de muerte significativamente mayor.<\/p>\n<p>IMPUTACI\u00d3N Y DETENCIONES<\/p>\n<p>A ra\u00edz del estado del cuerpo y las condiciones del entorno, la Justicia orden\u00f3 la detenci\u00f3n inmediata de ambos padres. La situaci\u00f3n procesal de los progenitores se encierra bajo la Car\u00e1tula actual de \u00abAbandono de persona seguido de muerte, agravado por el v\u00ednculo\u00bb.<\/p>\n<p>Fuentes judiciales indicaron que esta car\u00e1tula es provisoria y podr\u00eda modificarse o agravarse conforme se incorporen nuevos datos de la investigaci\u00f3n y el resultado final de los estudios complementarios.<\/p>\n<p>TRASLADO A LA MORGUE DE PARAN\u00c1<\/p>\n<p>Dada la complejidad del caso y el avanzado estado de descomposici\u00f3n del cuerpo, la fiscal Pen\u00f3n solicit\u00f3 el traslado de los restos a la morgue judicial de Paran\u00e1. El objetivo de las autoridades es realizar pericias m\u00e1s espec\u00edficas para determinar la causa exacta del fallecimiento y el estado de salud general previo y las condiciones de cuidado en las que se encontraba la menor, quien depend\u00eda de una silla de ruedas debido a su grave discapacidad.<\/p>\n<p>La justicia busca esclarecer c\u00f3mo el fallecimiento de la adolescente pudo pasar inadvertido para sus responsables directos durante un per\u00edodo de tiempo tan prolongado, en un caso que apunta a una negligencia extrema o abandono total de los deberes de cuidado. #AgenciaNA<\/p>\n","protected":false},"excerpt":{"rendered":"<p>Buenos Aires, 5 abril (NA) &#8211; El hallazgo del cuerpo de una adolescente con discapacidad<\/p>\n","protected":false},"author":0,"featured_media":18098,"comment_status":"","ping_status":"","sticky":false,"template":"","format":"standard","meta":{"footnotes":""},"categories":[1],"tags":[],"class_list":["post-18097","post","type-post","status-publish","format-standard","has-post-thumbnail","hentry","category-regionales"],"yoast_head":"<!-- This site is optimized with the Yoast SEO plugin v27.4 - https:\/\/yoast.com\/product\/yoast-seo-wordpress\/ -->\n<title>Autopsia preliminar revela que adolescente con discapacidad muri\u00f3 hace m\u00e1s de un mes en Federaci\u00f3n - Fm Gente<\/title>\n<meta name=\"robots\" content=\"index, follow, max-snippet:-1, max-image-preview:large, max-video-preview:-1\" \/>\n<link rel=\"canonical\" href=\"https:\/\/fmgente.com.ar\/web\/autopsia-preliminar-revela-que-adolescente-con-discapacidad-murio-hace-mas-de-un-mes-en-federacion\/\" \/>\n<meta property=\"og:locale\" content=\"es_ES\" \/>\n<meta property=\"og:type\" content=\"article\" \/>\n<meta property=\"og:title\" content=\"Autopsia preliminar revela que adolescente con discapacidad muri\u00f3 hace m\u00e1s de un mes en Federaci\u00f3n - Fm Gente\" \/>\n<meta property=\"og:description\" content=\"Buenos Aires, 5 abril (NA) &#8211; El hallazgo del cuerpo de una adolescente con discapacidad\" \/>\n<meta property=\"og:url\" content=\"https:\/\/fmgente.com.ar\/web\/autopsia-preliminar-revela-que-adolescente-con-discapacidad-murio-hace-mas-de-un-mes-en-federacion\/\" \/>\n<meta property=\"og:site_name\" content=\"Fm Gente\" \/>\n<meta property=\"article:published_time\" content=\"2026-04-05T20:04:55+00:00\" \/>\n<meta name=\"twitter:card\" content=\"summary_large_image\" \/>\n<meta name=\"twitter:label1\" content=\"Tiempo de lectura\" \/>\n\t<meta name=\"twitter:data1\" content=\"2 minutos\" \/>\n<script type=\"application\/ld+json\" class=\"yoast-schema-graph\">{\"@context\":\"https:\\\/\\\/schema.org\",\"@graph\":[{\"@type\":\"Article\",\"@id\":\"https:\\\/\\\/fmgente.com.ar\\\/web\\\/autopsia-preliminar-revela-que-adolescente-con-discapacidad-murio-hace-mas-de-un-mes-en-federacion\\\/#article\",\"isPartOf\":{\"@id\":\"https:\\\/\\\/fmgente.com.ar\\\/web\\\/autopsia-preliminar-revela-que-adolescente-con-discapacidad-murio-hace-mas-de-un-mes-en-federacion\\\/\"},\"author\":{\"name\":\"\",\"@id\":\"\"},\"headline\":\"Autopsia preliminar revela que adolescente con discapacidad muri\u00f3 hace m\u00e1s de un mes en Federaci\u00f3n\",\"datePublished\":\"2026-04-05T20:04:55+00:00\",\"mainEntityOfPage\":{\"@id\":\"https:\\\/\\\/fmgente.com.ar\\\/web\\\/autopsia-preliminar-revela-que-adolescente-con-discapacidad-murio-hace-mas-de-un-mes-en-federacion\\\/\"},\"wordCount\":429,\"publisher\":{\"@id\":\"https:\\\/\\\/fmgente.com.ar\\\/web\\\/#organization\"},\"image\":{\"@id\":\"https:\\\/\\\/fmgente.com.ar\\\/web\\\/autopsia-preliminar-revela-que-adolescente-con-discapacidad-murio-hace-mas-de-un-mes-en-federacion\\\/#primaryimage\"},\"thumbnailUrl\":\"https:\\\/\\\/fmgente.com.ar\\\/web\\\/wp-content\\\/uploads\\\/2026\\\/04\\\/720-255.jpeg\",\"articleSection\":[\"REGIONALES\"],\"inLanguage\":\"es\"},{\"@type\":\"WebPage\",\"@id\":\"https:\\\/\\\/fmgente.com.ar\\\/web\\\/autopsia-preliminar-revela-que-adolescente-con-discapacidad-murio-hace-mas-de-un-mes-en-federacion\\\/\",\"url\":\"https:\\\/\\\/fmgente.com.ar\\\/web\\\/autopsia-preliminar-revela-que-adolescente-con-discapacidad-murio-hace-mas-de-un-mes-en-federacion\\\/\",\"name\":\"Autopsia preliminar revela que adolescente con discapacidad muri\u00f3 hace m\u00e1s de un mes en Federaci\u00f3n - Fm Gente\",\"isPartOf\":{\"@id\":\"https:\\\/\\\/fmgente.com.ar\\\/web\\\/#website\"},\"primaryImageOfPage\":{\"@id\":\"https:\\\/\\\/fmgente.com.ar\\\/web\\\/autopsia-preliminar-revela-que-adolescente-con-discapacidad-murio-hace-mas-de-un-mes-en-federacion\\\/#primaryimage\"},\"image\":{\"@id\":\"https:\\\/\\\/fmgente.com.ar\\\/web\\\/autopsia-preliminar-revela-que-adolescente-con-discapacidad-murio-hace-mas-de-un-mes-en-federacion\\\/#primaryimage\"},\"thumbnailUrl\":\"https:\\\/\\\/fmgente.com.ar\\\/web\\\/wp-content\\\/uploads\\\/2026\\\/04\\\/720-255.jpeg\",\"datePublished\":\"2026-04-05T20:04:55+00:00\",\"inLanguage\":\"es\",\"potentialAction\":[{\"@type\":\"ReadAction\",\"target\":[\"https:\\\/\\\/fmgente.com.ar\\\/web\\\/autopsia-preliminar-revela-que-adolescente-con-discapacidad-murio-hace-mas-de-un-mes-en-federacion\\\/\"]}]},{\"@type\":\"ImageObject\",\"inLanguage\":\"es\",\"@id\":\"https:\\\/\\\/fmgente.com.ar\\\/web\\\/autopsia-preliminar-revela-que-adolescente-con-discapacidad-murio-hace-mas-de-un-mes-en-federacion\\\/#primaryimage\",\"url\":\"https:\\\/\\\/fmgente.com.ar\\\/web\\\/wp-content\\\/uploads\\\/2026\\\/04\\\/720-255.jpeg\",\"contentUrl\":\"https:\\\/\\\/fmgente.com.ar\\\/web\\\/wp-content\\\/uploads\\\/2026\\\/04\\\/720-255.jpeg\",\"width\":1280,\"height\":720},{\"@type\":\"WebSite\",\"@id\":\"https:\\\/\\\/fmgente.com.ar\\\/web\\\/#website\",\"url\":\"https:\\\/\\\/fmgente.com.ar\\\/web\\\/\",\"name\":\"Fm Gente\",\"description\":\"- Jes\u00fas Mar\u00eda\",\"publisher\":{\"@id\":\"https:\\\/\\\/fmgente.com.ar\\\/web\\\/#organization\"},\"potentialAction\":[{\"@type\":\"SearchAction\",\"target\":{\"@type\":\"EntryPoint\",\"urlTemplate\":\"https:\\\/\\\/fmgente.com.ar\\\/web\\\/?s={search_term_string}\"},\"query-input\":{\"@type\":\"PropertyValueSpecification\",\"valueRequired\":true,\"valueName\":\"search_term_string\"}}],\"inLanguage\":\"es\"},{\"@type\":\"Organization\",\"@id\":\"https:\\\/\\\/fmgente.com.ar\\\/web\\\/#organization\",\"name\":\"Fm Gente\",\"url\":\"https:\\\/\\\/fmgente.com.ar\\\/web\\\/\",\"logo\":{\"@type\":\"ImageObject\",\"inLanguage\":\"es\",\"@id\":\"https:\\\/\\\/fmgente.com.ar\\\/web\\\/#\\\/schema\\\/logo\\\/image\\\/\",\"url\":\"https:\\\/\\\/fmgente.com.ar\\\/web\\\/wp-content\\\/uploads\\\/2023\\\/07\\\/cropped-cropped-logo-sombra2.png\",\"contentUrl\":\"https:\\\/\\\/fmgente.com.ar\\\/web\\\/wp-content\\\/uploads\\\/2023\\\/07\\\/cropped-cropped-logo-sombra2.png\",\"width\":1782,\"height\":1782,\"caption\":\"Fm Gente\"},\"image\":{\"@id\":\"https:\\\/\\\/fmgente.com.ar\\\/web\\\/#\\\/schema\\\/logo\\\/image\\\/\"}}]}<\/script>\n<!-- \/ Yoast SEO plugin. -->","yoast_head_json":{"title":"Autopsia preliminar revela que adolescente con discapacidad muri\u00f3 hace m\u00e1s de un mes en Federaci\u00f3n - Fm Gente","robots":{"index":"index","follow":"follow","max-snippet":"max-snippet:-1","max-image-preview":"max-image-preview:large","max-video-preview":"max-video-preview:-1"},"canonical":"https:\/\/fmgente.com.ar\/web\/autopsia-preliminar-revela-que-adolescente-con-discapacidad-murio-hace-mas-de-un-mes-en-federacion\/","og_locale":"es_ES","og_type":"article","og_title":"Autopsia preliminar revela que adolescente con discapacidad muri\u00f3 hace m\u00e1s de un mes en Federaci\u00f3n - Fm Gente","og_description":"Buenos Aires, 5 abril (NA) &#8211; El hallazgo del cuerpo de una adolescente con discapacidad","og_url":"https:\/\/fmgente.com.ar\/web\/autopsia-preliminar-revela-que-adolescente-con-discapacidad-murio-hace-mas-de-un-mes-en-federacion\/","og_site_name":"Fm Gente","article_published_time":"2026-04-05T20:04:55+00:00","twitter_card":"summary_large_image","twitter_misc":{"Tiempo de lectura":"2 minutos"},"schema":{"@context":"https:\/\/schema.org","@graph":[{"@type":"Article","@id":"https:\/\/fmgente.com.ar\/web\/autopsia-preliminar-revela-que-adolescente-con-discapacidad-murio-hace-mas-de-un-mes-en-federacion\/#article","isPartOf":{"@id":"https:\/\/fmgente.com.ar\/web\/autopsia-preliminar-revela-que-adolescente-con-discapacidad-murio-hace-mas-de-un-mes-en-federacion\/"},"author":{"name":"","@id":""},"headline":"Autopsia preliminar revela que adolescente con discapacidad muri\u00f3 hace m\u00e1s de un mes en Federaci\u00f3n","datePublished":"2026-04-05T20:04:55+00:00","mainEntityOfPage":{"@id":"https:\/\/fmgente.com.ar\/web\/autopsia-preliminar-revela-que-adolescente-con-discapacidad-murio-hace-mas-de-un-mes-en-federacion\/"},"wordCount":429,"publisher":{"@id":"https:\/\/fmgente.com.ar\/web\/#organization"},"image":{"@id":"https:\/\/fmgente.com.ar\/web\/autopsia-preliminar-revela-que-adolescente-con-discapacidad-murio-hace-mas-de-un-mes-en-federacion\/#primaryimage"},"thumbnailUrl":"https:\/\/fmgente.com.ar\/web\/wp-content\/uploads\/2026\/04\/720-255.jpeg","articleSection":["REGIONALES"],"inLanguage":"es"},{"@type":"WebPage","@id":"https:\/\/fmgente.com.ar\/web\/autopsia-preliminar-revela-que-adolescente-con-discapacidad-murio-hace-mas-de-un-mes-en-federacion\/","url":"https:\/\/fmgente.com.ar\/web\/autopsia-preliminar-revela-que-adolescente-con-discapacidad-murio-hace-mas-de-un-mes-en-federacion\/","name":"Autopsia preliminar revela que adolescente con discapacidad muri\u00f3 hace m\u00e1s de un mes en Federaci\u00f3n - Fm Gente","isPartOf":{"@id":"https:\/\/fmgente.com.ar\/web\/#website"},"primaryImageOfPage":{"@id":"https:\/\/fmgente.com.ar\/web\/autopsia-preliminar-revela-que-adolescente-con-discapacidad-murio-hace-mas-de-un-mes-en-federacion\/#primaryimage"},"image":{"@id":"https:\/\/fmgente.com.ar\/web\/autopsia-preliminar-revela-que-adolescente-con-discapacidad-murio-hace-mas-de-un-mes-en-federacion\/#primaryimage"},"thumbnailUrl":"https:\/\/fmgente.com.ar\/web\/wp-content\/uploads\/2026\/04\/720-255.jpeg","datePublished":"2026-04-05T20:04:55+00:00","inLanguage":"es","potentialAction":[{"@type":"ReadAction","target":["https:\/\/fmgente.com.ar\/web\/autopsia-preliminar-revela-que-adolescente-con-discapacidad-murio-hace-mas-de-un-mes-en-federacion\/"]}]},{"@type":"ImageObject","inLanguage":"es","@id":"https:\/\/fmgente.com.ar\/web\/autopsia-preliminar-revela-que-adolescente-con-discapacidad-murio-hace-mas-de-un-mes-en-federacion\/#primaryimage","url":"https:\/\/fmgente.com.ar\/web\/wp-content\/uploads\/2026\/04\/720-255.jpeg","contentUrl":"https:\/\/fmgente.com.ar\/web\/wp-content\/uploads\/2026\/04\/720-255.jpeg","width":1280,"height":720},{"@type":"WebSite","@id":"https:\/\/fmgente.com.ar\/web\/#website","url":"https:\/\/fmgente.com.ar\/web\/","name":"Fm Gente","description":"- Jes\u00fas Mar\u00eda","publisher":{"@id":"https:\/\/fmgente.com.ar\/web\/#organization"},"potentialAction":[{"@type":"SearchAction","target":{"@type":"EntryPoint","urlTemplate":"https:\/\/fmgente.com.ar\/web\/?s={search_term_string}"},"query-input":{"@type":"PropertyValueSpecification","valueRequired":true,"valueName":"search_term_string"}}],"inLanguage":"es"},{"@type":"Organization","@id":"https:\/\/fmgente.com.ar\/web\/#organization","name":"Fm Gente","url":"https:\/\/fmgente.com.ar\/web\/","logo":{"@type":"ImageObject","inLanguage":"es","@id":"https:\/\/fmgente.com.ar\/web\/#\/schema\/logo\/image\/","url":"https:\/\/fmgente.com.ar\/web\/wp-content\/uploads\/2023\/07\/cropped-cropped-logo-sombra2.png","contentUrl":"https:\/\/fmgente.com.ar\/web\/wp-content\/uploads\/2023\/07\/cropped-cropped-logo-sombra2.png","width":1782,"height":1782,"caption":"Fm Gente"},"image":{"@id":"https:\/\/fmgente.com.ar\/web\/#\/schema\/logo\/image\/"}}]}},"_links":{"self":[{"href":"https:\/\/fmgente.com.ar\/web\/wp-json\/wp\/v2\/posts\/18097","targetHints":{"allow":["GET"]}}],"collection":[{"href":"https:\/\/fmgente.com.ar\/web\/wp-json\/wp\/v2\/posts"}],"about":[{"href":"https:\/\/fmgente.com.ar\/web\/wp-json\/wp\/v2\/types\/post"}],"replies":[{"embeddable":true,"href":"https:\/\/fmgente.com.ar\/web\/wp-json\/wp\/v2\/comments?post=18097"}],"version-history":[{"count":0,"href":"https:\/\/fmgente.com.ar\/web\/wp-json\/wp\/v2\/posts\/18097\/revisions"}],"wp:featuredmedia":[{"embeddable":true,"href":"https:\/\/fmgente.com.ar\/web\/wp-json\/wp\/v2\/media\/18098"}],"wp:attachment":[{"href":"https:\/\/fmgente.com.ar\/web\/wp-json\/wp\/v2\/media?parent=18097"}],"wp:term":[{"taxonomy":"category","embeddable":true,"href":"https:\/\/fmgente.com.ar\/web\/wp-json\/wp\/v2\/categories?post=18097"},{"taxonomy":"post_tag","embeddable":true,"href":"https:\/\/fmgente.com.ar\/web\/wp-json\/wp\/v2\/tags?post=18097"}],"curies":[{"name":"wp","href":"https:\/\/api.w.org\/{rel}","templated":true}]}}