{"id":18091,"date":"2026-04-05T16:06:55","date_gmt":"2026-04-05T19:06:55","guid":{"rendered":"https:\/\/fmgente.com.ar\/web\/mundial-2026-victorias-de-paises-bajos-y-japon-y-un-empate-entre-los-antecedentes-del-grupo-f\/"},"modified":"2026-04-05T16:06:55","modified_gmt":"2026-04-05T19:06:55","slug":"mundial-2026-victorias-de-paises-bajos-y-japon-y-un-empate-entre-los-antecedentes-del-grupo-f","status":"publish","type":"post","link":"https:\/\/fmgente.com.ar\/web\/mundial-2026-victorias-de-paises-bajos-y-japon-y-un-empate-entre-los-antecedentes-del-grupo-f\/","title":{"rendered":"Mundial 2026: victorias de Pa\u00edses Bajos y Jap\u00f3n y un empate, entre los antecedentes del Grupo F"},"content":{"rendered":"<p>Buenos Aires, 5 abril (NA) &#8212; La clasificaci\u00f3n de Suecia, Bosnia-Herzegovina, Turqu\u00eda, Rep\u00fablica Checa, Irak y la Rep\u00fablica Democr\u00e1tica del Congo permiti\u00f3 terminar de definir los grupos del Mundial de Estados Unidos, M\u00e9xico y Canad\u00e1 2026, pero no aport\u00f3 demasiado en relaci\u00f3n con los historiales de partidos entre s\u00ed, a excepci\u00f3n de un caso.<\/p>\n<p>Se trata del conjunto escandinavo, que cay\u00f3 en el Grupo F, que tambi\u00e9n integran Pa\u00edses Bajos, Jap\u00f3n y T\u00fanez.<\/p>\n<p>Suecia le sum\u00f3 un enfrentamiento al historial de partidos entre s\u00ed de las diferentes selecciones de esta zona, ya que jug\u00f3 frente al elenco \u00abNaranja\u00bb nada m\u00e1s ni nada menos que en Alemania 1974, cuando los encabezados por Johan Cruyff dieron una muestra de un f\u00fatbol vistoso y contundente, aunque se quedaron en la final al perder por 2 a 1 con los anfitriones.<\/p>\n<p>En aquella oportunidad Suecia empat\u00f3 0 a 0 con Pa\u00edses Bajos, por la segunda fecha del Grupo 3 en la fase inicial de ese certamen.<\/p>\n<p>De esa manera, el cotejo se sum\u00f3 a otros dos partidos del historial, seg\u00fan un relevamiento llevado a cabo por la Agencia Noticias Argentinas.<\/p>\n<p>En el Mundial de Corea del Sur-Jap\u00f3n 2002, por el Grupo H, los nipones vencieron por 2 a 0 a T\u00fanez, con goles de Hiroaki Morishima e Hidetoshi Nakata.<\/p>\n<p>Asimismo, los asi\u00e1ticos tambi\u00e9n registran un antecedente con Pa\u00edses Bajos, por el Grupo E del Mundial de Sud\u00e1frica 2010, aunque en este caso el ganador fue el elenco \u00abNaranja\u00bb por 1 a 0, con un tanto de Wesley Sneijder.<\/p>\n<p>#AgenciaNA<\/p>\n","protected":false},"excerpt":{"rendered":"<p>Buenos Aires, 5 abril (NA) &#8212; La clasificaci\u00f3n de Suecia, Bosnia-Herzegovina, Turqu\u00eda, Rep\u00fablica Checa, Irak<\/p>\n","protected":false},"author":0,"featured_media":18092,"comment_status":"","ping_status":"","sticky":false,"template":"","format":"standard","meta":{"footnotes":""},"categories":[1],"tags":[],"class_list":["post-18091","post","type-post","status-publish","format-standard","has-post-thumbnail","hentry","category-regionales"],"yoast_head":"<!-- This site is optimized with the Yoast SEO plugin v27.4 - https:\/\/yoast.com\/product\/yoast-seo-wordpress\/ -->\n<title>Mundial 2026: victorias de Pa\u00edses Bajos y Jap\u00f3n y un empate, entre los antecedentes del Grupo F - Fm Gente<\/title>\n<meta name=\"robots\" content=\"index, follow, max-snippet:-1, max-image-preview:large, max-video-preview:-1\" \/>\n<link rel=\"canonical\" href=\"https:\/\/fmgente.com.ar\/web\/mundial-2026-victorias-de-paises-bajos-y-japon-y-un-empate-entre-los-antecedentes-del-grupo-f\/\" \/>\n<meta property=\"og:locale\" content=\"es_ES\" \/>\n<meta property=\"og:type\" content=\"article\" \/>\n<meta property=\"og:title\" content=\"Mundial 2026: victorias de Pa\u00edses Bajos y Jap\u00f3n y un empate, entre los antecedentes del Grupo F - Fm Gente\" \/>\n<meta property=\"og:description\" content=\"Buenos Aires, 5 abril (NA) &#8212; La clasificaci\u00f3n de Suecia, Bosnia-Herzegovina, Turqu\u00eda, Rep\u00fablica Checa, Irak\" \/>\n<meta property=\"og:url\" content=\"https:\/\/fmgente.com.ar\/web\/mundial-2026-victorias-de-paises-bajos-y-japon-y-un-empate-entre-los-antecedentes-del-grupo-f\/\" \/>\n<meta property=\"og:site_name\" content=\"Fm Gente\" \/>\n<meta property=\"article:published_time\" content=\"2026-04-05T19:06:55+00:00\" \/>\n<meta name=\"twitter:card\" content=\"summary_large_image\" \/>\n<meta name=\"twitter:label1\" content=\"Tiempo de lectura\" \/>\n\t<meta name=\"twitter:data1\" content=\"1 minuto\" \/>\n<script type=\"application\/ld+json\" class=\"yoast-schema-graph\">{\"@context\":\"https:\\\/\\\/schema.org\",\"@graph\":[{\"@type\":\"Article\",\"@id\":\"https:\\\/\\\/fmgente.com.ar\\\/web\\\/mundial-2026-victorias-de-paises-bajos-y-japon-y-un-empate-entre-los-antecedentes-del-grupo-f\\\/#article\",\"isPartOf\":{\"@id\":\"https:\\\/\\\/fmgente.com.ar\\\/web\\\/mundial-2026-victorias-de-paises-bajos-y-japon-y-un-empate-entre-los-antecedentes-del-grupo-f\\\/\"},\"author\":{\"name\":\"\",\"@id\":\"\"},\"headline\":\"Mundial 2026: victorias de Pa\u00edses Bajos y Jap\u00f3n y un empate, entre los antecedentes del Grupo F\",\"datePublished\":\"2026-04-05T19:06:55+00:00\",\"mainEntityOfPage\":{\"@id\":\"https:\\\/\\\/fmgente.com.ar\\\/web\\\/mundial-2026-victorias-de-paises-bajos-y-japon-y-un-empate-entre-los-antecedentes-del-grupo-f\\\/\"},\"wordCount\":281,\"publisher\":{\"@id\":\"https:\\\/\\\/fmgente.com.ar\\\/web\\\/#organization\"},\"image\":{\"@id\":\"https:\\\/\\\/fmgente.com.ar\\\/web\\\/mundial-2026-victorias-de-paises-bajos-y-japon-y-un-empate-entre-los-antecedentes-del-grupo-f\\\/#primaryimage\"},\"thumbnailUrl\":\"https:\\\/\\\/fmgente.com.ar\\\/web\\\/wp-content\\\/uploads\\\/2026\\\/04\\\/720-252.jpeg\",\"articleSection\":[\"REGIONALES\"],\"inLanguage\":\"es\"},{\"@type\":\"WebPage\",\"@id\":\"https:\\\/\\\/fmgente.com.ar\\\/web\\\/mundial-2026-victorias-de-paises-bajos-y-japon-y-un-empate-entre-los-antecedentes-del-grupo-f\\\/\",\"url\":\"https:\\\/\\\/fmgente.com.ar\\\/web\\\/mundial-2026-victorias-de-paises-bajos-y-japon-y-un-empate-entre-los-antecedentes-del-grupo-f\\\/\",\"name\":\"Mundial 2026: victorias de Pa\u00edses Bajos y Jap\u00f3n y un empate, entre los antecedentes del Grupo F - Fm Gente\",\"isPartOf\":{\"@id\":\"https:\\\/\\\/fmgente.com.ar\\\/web\\\/#website\"},\"primaryImageOfPage\":{\"@id\":\"https:\\\/\\\/fmgente.com.ar\\\/web\\\/mundial-2026-victorias-de-paises-bajos-y-japon-y-un-empate-entre-los-antecedentes-del-grupo-f\\\/#primaryimage\"},\"image\":{\"@id\":\"https:\\\/\\\/fmgente.com.ar\\\/web\\\/mundial-2026-victorias-de-paises-bajos-y-japon-y-un-empate-entre-los-antecedentes-del-grupo-f\\\/#primaryimage\"},\"thumbnailUrl\":\"https:\\\/\\\/fmgente.com.ar\\\/web\\\/wp-content\\\/uploads\\\/2026\\\/04\\\/720-252.jpeg\",\"datePublished\":\"2026-04-05T19:06:55+00:00\",\"inLanguage\":\"es\",\"potentialAction\":[{\"@type\":\"ReadAction\",\"target\":[\"https:\\\/\\\/fmgente.com.ar\\\/web\\\/mundial-2026-victorias-de-paises-bajos-y-japon-y-un-empate-entre-los-antecedentes-del-grupo-f\\\/\"]}]},{\"@type\":\"ImageObject\",\"inLanguage\":\"es\",\"@id\":\"https:\\\/\\\/fmgente.com.ar\\\/web\\\/mundial-2026-victorias-de-paises-bajos-y-japon-y-un-empate-entre-los-antecedentes-del-grupo-f\\\/#primaryimage\",\"url\":\"https:\\\/\\\/fmgente.com.ar\\\/web\\\/wp-content\\\/uploads\\\/2026\\\/04\\\/720-252.jpeg\",\"contentUrl\":\"https:\\\/\\\/fmgente.com.ar\\\/web\\\/wp-content\\\/uploads\\\/2026\\\/04\\\/720-252.jpeg\",\"width\":1126,\"height\":720},{\"@type\":\"WebSite\",\"@id\":\"https:\\\/\\\/fmgente.com.ar\\\/web\\\/#website\",\"url\":\"https:\\\/\\\/fmgente.com.ar\\\/web\\\/\",\"name\":\"Fm Gente\",\"description\":\"- Jes\u00fas Mar\u00eda\",\"publisher\":{\"@id\":\"https:\\\/\\\/fmgente.com.ar\\\/web\\\/#organization\"},\"potentialAction\":[{\"@type\":\"SearchAction\",\"target\":{\"@type\":\"EntryPoint\",\"urlTemplate\":\"https:\\\/\\\/fmgente.com.ar\\\/web\\\/?s={search_term_string}\"},\"query-input\":{\"@type\":\"PropertyValueSpecification\",\"valueRequired\":true,\"valueName\":\"search_term_string\"}}],\"inLanguage\":\"es\"},{\"@type\":\"Organization\",\"@id\":\"https:\\\/\\\/fmgente.com.ar\\\/web\\\/#organization\",\"name\":\"Fm Gente\",\"url\":\"https:\\\/\\\/fmgente.com.ar\\\/web\\\/\",\"logo\":{\"@type\":\"ImageObject\",\"inLanguage\":\"es\",\"@id\":\"https:\\\/\\\/fmgente.com.ar\\\/web\\\/#\\\/schema\\\/logo\\\/image\\\/\",\"url\":\"https:\\\/\\\/fmgente.com.ar\\\/web\\\/wp-content\\\/uploads\\\/2023\\\/07\\\/cropped-cropped-logo-sombra2.png\",\"contentUrl\":\"https:\\\/\\\/fmgente.com.ar\\\/web\\\/wp-content\\\/uploads\\\/2023\\\/07\\\/cropped-cropped-logo-sombra2.png\",\"width\":1782,\"height\":1782,\"caption\":\"Fm Gente\"},\"image\":{\"@id\":\"https:\\\/\\\/fmgente.com.ar\\\/web\\\/#\\\/schema\\\/logo\\\/image\\\/\"}}]}<\/script>\n<!-- \/ Yoast SEO plugin. -->","yoast_head_json":{"title":"Mundial 2026: victorias de Pa\u00edses Bajos y Jap\u00f3n y un empate, entre los antecedentes del Grupo F - Fm Gente","robots":{"index":"index","follow":"follow","max-snippet":"max-snippet:-1","max-image-preview":"max-image-preview:large","max-video-preview":"max-video-preview:-1"},"canonical":"https:\/\/fmgente.com.ar\/web\/mundial-2026-victorias-de-paises-bajos-y-japon-y-un-empate-entre-los-antecedentes-del-grupo-f\/","og_locale":"es_ES","og_type":"article","og_title":"Mundial 2026: victorias de Pa\u00edses Bajos y Jap\u00f3n y un empate, entre los antecedentes del Grupo F - Fm Gente","og_description":"Buenos Aires, 5 abril (NA) &#8212; La clasificaci\u00f3n de Suecia, Bosnia-Herzegovina, Turqu\u00eda, Rep\u00fablica Checa, Irak","og_url":"https:\/\/fmgente.com.ar\/web\/mundial-2026-victorias-de-paises-bajos-y-japon-y-un-empate-entre-los-antecedentes-del-grupo-f\/","og_site_name":"Fm Gente","article_published_time":"2026-04-05T19:06:55+00:00","twitter_card":"summary_large_image","twitter_misc":{"Tiempo de lectura":"1 minuto"},"schema":{"@context":"https:\/\/schema.org","@graph":[{"@type":"Article","@id":"https:\/\/fmgente.com.ar\/web\/mundial-2026-victorias-de-paises-bajos-y-japon-y-un-empate-entre-los-antecedentes-del-grupo-f\/#article","isPartOf":{"@id":"https:\/\/fmgente.com.ar\/web\/mundial-2026-victorias-de-paises-bajos-y-japon-y-un-empate-entre-los-antecedentes-del-grupo-f\/"},"author":{"name":"","@id":""},"headline":"Mundial 2026: victorias de Pa\u00edses Bajos y Jap\u00f3n y un empate, entre los antecedentes del Grupo F","datePublished":"2026-04-05T19:06:55+00:00","mainEntityOfPage":{"@id":"https:\/\/fmgente.com.ar\/web\/mundial-2026-victorias-de-paises-bajos-y-japon-y-un-empate-entre-los-antecedentes-del-grupo-f\/"},"wordCount":281,"publisher":{"@id":"https:\/\/fmgente.com.ar\/web\/#organization"},"image":{"@id":"https:\/\/fmgente.com.ar\/web\/mundial-2026-victorias-de-paises-bajos-y-japon-y-un-empate-entre-los-antecedentes-del-grupo-f\/#primaryimage"},"thumbnailUrl":"https:\/\/fmgente.com.ar\/web\/wp-content\/uploads\/2026\/04\/720-252.jpeg","articleSection":["REGIONALES"],"inLanguage":"es"},{"@type":"WebPage","@id":"https:\/\/fmgente.com.ar\/web\/mundial-2026-victorias-de-paises-bajos-y-japon-y-un-empate-entre-los-antecedentes-del-grupo-f\/","url":"https:\/\/fmgente.com.ar\/web\/mundial-2026-victorias-de-paises-bajos-y-japon-y-un-empate-entre-los-antecedentes-del-grupo-f\/","name":"Mundial 2026: victorias de Pa\u00edses Bajos y Jap\u00f3n y un empate, entre los antecedentes del Grupo F - Fm Gente","isPartOf":{"@id":"https:\/\/fmgente.com.ar\/web\/#website"},"primaryImageOfPage":{"@id":"https:\/\/fmgente.com.ar\/web\/mundial-2026-victorias-de-paises-bajos-y-japon-y-un-empate-entre-los-antecedentes-del-grupo-f\/#primaryimage"},"image":{"@id":"https:\/\/fmgente.com.ar\/web\/mundial-2026-victorias-de-paises-bajos-y-japon-y-un-empate-entre-los-antecedentes-del-grupo-f\/#primaryimage"},"thumbnailUrl":"https:\/\/fmgente.com.ar\/web\/wp-content\/uploads\/2026\/04\/720-252.jpeg","datePublished":"2026-04-05T19:06:55+00:00","inLanguage":"es","potentialAction":[{"@type":"ReadAction","target":["https:\/\/fmgente.com.ar\/web\/mundial-2026-victorias-de-paises-bajos-y-japon-y-un-empate-entre-los-antecedentes-del-grupo-f\/"]}]},{"@type":"ImageObject","inLanguage":"es","@id":"https:\/\/fmgente.com.ar\/web\/mundial-2026-victorias-de-paises-bajos-y-japon-y-un-empate-entre-los-antecedentes-del-grupo-f\/#primaryimage","url":"https:\/\/fmgente.com.ar\/web\/wp-content\/uploads\/2026\/04\/720-252.jpeg","contentUrl":"https:\/\/fmgente.com.ar\/web\/wp-content\/uploads\/2026\/04\/720-252.jpeg","width":1126,"height":720},{"@type":"WebSite","@id":"https:\/\/fmgente.com.ar\/web\/#website","url":"https:\/\/fmgente.com.ar\/web\/","name":"Fm Gente","description":"- Jes\u00fas Mar\u00eda","publisher":{"@id":"https:\/\/fmgente.com.ar\/web\/#organization"},"potentialAction":[{"@type":"SearchAction","target":{"@type":"EntryPoint","urlTemplate":"https:\/\/fmgente.com.ar\/web\/?s={search_term_string}"},"query-input":{"@type":"PropertyValueSpecification","valueRequired":true,"valueName":"search_term_string"}}],"inLanguage":"es"},{"@type":"Organization","@id":"https:\/\/fmgente.com.ar\/web\/#organization","name":"Fm Gente","url":"https:\/\/fmgente.com.ar\/web\/","logo":{"@type":"ImageObject","inLanguage":"es","@id":"https:\/\/fmgente.com.ar\/web\/#\/schema\/logo\/image\/","url":"https:\/\/fmgente.com.ar\/web\/wp-content\/uploads\/2023\/07\/cropped-cropped-logo-sombra2.png","contentUrl":"https:\/\/fmgente.com.ar\/web\/wp-content\/uploads\/2023\/07\/cropped-cropped-logo-sombra2.png","width":1782,"height":1782,"caption":"Fm Gente"},"image":{"@id":"https:\/\/fmgente.com.ar\/web\/#\/schema\/logo\/image\/"}}]}},"_links":{"self":[{"href":"https:\/\/fmgente.com.ar\/web\/wp-json\/wp\/v2\/posts\/18091","targetHints":{"allow":["GET"]}}],"collection":[{"href":"https:\/\/fmgente.com.ar\/web\/wp-json\/wp\/v2\/posts"}],"about":[{"href":"https:\/\/fmgente.com.ar\/web\/wp-json\/wp\/v2\/types\/post"}],"replies":[{"embeddable":true,"href":"https:\/\/fmgente.com.ar\/web\/wp-json\/wp\/v2\/comments?post=18091"}],"version-history":[{"count":0,"href":"https:\/\/fmgente.com.ar\/web\/wp-json\/wp\/v2\/posts\/18091\/revisions"}],"wp:featuredmedia":[{"embeddable":true,"href":"https:\/\/fmgente.com.ar\/web\/wp-json\/wp\/v2\/media\/18092"}],"wp:attachment":[{"href":"https:\/\/fmgente.com.ar\/web\/wp-json\/wp\/v2\/media?parent=18091"}],"wp:term":[{"taxonomy":"category","embeddable":true,"href":"https:\/\/fmgente.com.ar\/web\/wp-json\/wp\/v2\/categories?post=18091"},{"taxonomy":"post_tag","embeddable":true,"href":"https:\/\/fmgente.com.ar\/web\/wp-json\/wp\/v2\/tags?post=18091"}],"curies":[{"name":"wp","href":"https:\/\/api.w.org\/{rel}","templated":true}]}}