{"id":17603,"date":"2026-04-02T01:06:57","date_gmt":"2026-04-02T04:06:57","guid":{"rendered":"https:\/\/fmgente.com.ar\/web\/cambios-de-entrenadores-en-la-primera-nacional\/"},"modified":"2026-04-02T01:06:57","modified_gmt":"2026-04-02T04:06:57","slug":"cambios-de-entrenadores-en-la-primera-nacional","status":"publish","type":"post","link":"https:\/\/fmgente.com.ar\/web\/cambios-de-entrenadores-en-la-primera-nacional\/","title":{"rendered":"Cambios de entrenadores en la Primera Nacional"},"content":{"rendered":"<p>Buenos Aires, 2 abril (NA) &#8212; Chacarita Juniors confirm\u00f3 a Cristian Grabinski como el entrenador interino que comandar\u00e1 al primer equipo este s\u00e1bado frente a San Mart\u00edn de Tucum\u00e1n, tras la renuncia de Mat\u00edas M\u00f3dolo luego de la derrota por 3-0 ante Estudiantes de Buenos Aires en la fecha pasada.  <\/p>\n<p>Seg\u00fan pudo saber la Agencias Noticias Argentinas, el presidente N\u00e9stor Di Pierro asegur\u00f3 que la decisi\u00f3n se tom\u00f3 en base a los resultados y dijo que son \u201clos que mandan\u201d. En este inicio de la Primera Nacional, el \u201cFunebrero\u201d llevaba 4 puntos de los \u00faltimos 18 disputados.    <\/p>\n<p>Por su parte, San Telmo present\u00f3 a Marcelo V\u00e1zquez como nuevo entrenador. Con experiencia en la categor\u00eda y \u00faltimo paso por Alvarado, el club porte\u00f1o lo anunci\u00f3 en sus redes luego de destituir a Marcelo Perugini.  <\/p>\n<p>Bajo las \u00f3rdenes de este \u00faltimo, el \u201cCandombero\u201d acumul\u00f3 malos resultados en el comienzo de la temporada: tres derrotas, dos empates en seis fechas disputadas y un solo triunfo, ante Col\u00f3n en condici\u00f3n de local.<\/p>\n<p>Chaco For Ever hizo lo propio con Ricardo Pancaldo y acord\u00f3 su v\u00ednculo con Pedro Llorens para que sea su nuevo entrenador tras lo que fue la caida por Copa Argentina ante Defensa y Justicia. El nuevo director t\u00e9cnico tuvo un paso por Olimpo de Bah\u00eda Blanca y Racing de C\u00f3rdoba donde pudo lograr el ascenso a la Primera Nacional siendo parte del cuerpo t\u00e9cnico.   <\/p>\n<p>En tanto, Gimnasia y Tiro de Salta present\u00f3 a Sergio Plaza, quien se har\u00e1 cargo del plantel profesional y estar\u00e1 acompa\u00f1ado por Adri\u00e1n Cuadrado y el preparador f\u00edsico Rafael Padilla. \u201cLos tres se desempe\u00f1aron en la Primera Local del club, conociendo el trabajo y estructura deportiva del mismo\u201d, comunic\u00f3 en sus redes el \u201cAlbo\u201d. <\/p>\n<p>#AgenciaNA<\/p>\n","protected":false},"excerpt":{"rendered":"<p>Buenos Aires, 2 abril (NA) &#8212; Chacarita Juniors confirm\u00f3 a Cristian Grabinski como el entrenador<\/p>\n","protected":false},"author":0,"featured_media":17604,"comment_status":"","ping_status":"","sticky":false,"template":"","format":"standard","meta":{"footnotes":""},"categories":[1],"tags":[],"class_list":["post-17603","post","type-post","status-publish","format-standard","has-post-thumbnail","hentry","category-regionales"],"yoast_head":"<!-- This site is optimized with the Yoast SEO plugin v27.4 - https:\/\/yoast.com\/product\/yoast-seo-wordpress\/ -->\n<title>Cambios de entrenadores en la Primera Nacional - Fm Gente<\/title>\n<meta name=\"robots\" content=\"index, follow, max-snippet:-1, max-image-preview:large, max-video-preview:-1\" \/>\n<link rel=\"canonical\" href=\"https:\/\/fmgente.com.ar\/web\/cambios-de-entrenadores-en-la-primera-nacional\/\" \/>\n<meta property=\"og:locale\" content=\"es_ES\" \/>\n<meta property=\"og:type\" content=\"article\" \/>\n<meta property=\"og:title\" content=\"Cambios de entrenadores en la Primera Nacional - Fm Gente\" \/>\n<meta property=\"og:description\" content=\"Buenos Aires, 2 abril (NA) &#8212; Chacarita Juniors confirm\u00f3 a Cristian Grabinski como el entrenador\" \/>\n<meta property=\"og:url\" content=\"https:\/\/fmgente.com.ar\/web\/cambios-de-entrenadores-en-la-primera-nacional\/\" \/>\n<meta property=\"og:site_name\" content=\"Fm Gente\" \/>\n<meta property=\"article:published_time\" content=\"2026-04-02T04:06:57+00:00\" \/>\n<meta name=\"twitter:card\" content=\"summary_large_image\" \/>\n<meta name=\"twitter:label1\" content=\"Tiempo de lectura\" \/>\n\t<meta name=\"twitter:data1\" content=\"2 minutos\" \/>\n<script type=\"application\/ld+json\" class=\"yoast-schema-graph\">{\"@context\":\"https:\\\/\\\/schema.org\",\"@graph\":[{\"@type\":\"Article\",\"@id\":\"https:\\\/\\\/fmgente.com.ar\\\/web\\\/cambios-de-entrenadores-en-la-primera-nacional\\\/#article\",\"isPartOf\":{\"@id\":\"https:\\\/\\\/fmgente.com.ar\\\/web\\\/cambios-de-entrenadores-en-la-primera-nacional\\\/\"},\"author\":{\"name\":\"\",\"@id\":\"\"},\"headline\":\"Cambios de entrenadores en la Primera Nacional\",\"datePublished\":\"2026-04-02T04:06:57+00:00\",\"mainEntityOfPage\":{\"@id\":\"https:\\\/\\\/fmgente.com.ar\\\/web\\\/cambios-de-entrenadores-en-la-primera-nacional\\\/\"},\"wordCount\":314,\"publisher\":{\"@id\":\"https:\\\/\\\/fmgente.com.ar\\\/web\\\/#organization\"},\"image\":{\"@id\":\"https:\\\/\\\/fmgente.com.ar\\\/web\\\/cambios-de-entrenadores-en-la-primera-nacional\\\/#primaryimage\"},\"thumbnailUrl\":\"https:\\\/\\\/fmgente.com.ar\\\/web\\\/wp-content\\\/uploads\\\/2026\\\/04\\\/720-85.jpeg\",\"articleSection\":[\"REGIONALES\"],\"inLanguage\":\"es\"},{\"@type\":\"WebPage\",\"@id\":\"https:\\\/\\\/fmgente.com.ar\\\/web\\\/cambios-de-entrenadores-en-la-primera-nacional\\\/\",\"url\":\"https:\\\/\\\/fmgente.com.ar\\\/web\\\/cambios-de-entrenadores-en-la-primera-nacional\\\/\",\"name\":\"Cambios de entrenadores en la Primera Nacional - Fm Gente\",\"isPartOf\":{\"@id\":\"https:\\\/\\\/fmgente.com.ar\\\/web\\\/#website\"},\"primaryImageOfPage\":{\"@id\":\"https:\\\/\\\/fmgente.com.ar\\\/web\\\/cambios-de-entrenadores-en-la-primera-nacional\\\/#primaryimage\"},\"image\":{\"@id\":\"https:\\\/\\\/fmgente.com.ar\\\/web\\\/cambios-de-entrenadores-en-la-primera-nacional\\\/#primaryimage\"},\"thumbnailUrl\":\"https:\\\/\\\/fmgente.com.ar\\\/web\\\/wp-content\\\/uploads\\\/2026\\\/04\\\/720-85.jpeg\",\"datePublished\":\"2026-04-02T04:06:57+00:00\",\"inLanguage\":\"es\",\"potentialAction\":[{\"@type\":\"ReadAction\",\"target\":[\"https:\\\/\\\/fmgente.com.ar\\\/web\\\/cambios-de-entrenadores-en-la-primera-nacional\\\/\"]}]},{\"@type\":\"ImageObject\",\"inLanguage\":\"es\",\"@id\":\"https:\\\/\\\/fmgente.com.ar\\\/web\\\/cambios-de-entrenadores-en-la-primera-nacional\\\/#primaryimage\",\"url\":\"https:\\\/\\\/fmgente.com.ar\\\/web\\\/wp-content\\\/uploads\\\/2026\\\/04\\\/720-85.jpeg\",\"contentUrl\":\"https:\\\/\\\/fmgente.com.ar\\\/web\\\/wp-content\\\/uploads\\\/2026\\\/04\\\/720-85.jpeg\",\"width\":923,\"height\":720},{\"@type\":\"WebSite\",\"@id\":\"https:\\\/\\\/fmgente.com.ar\\\/web\\\/#website\",\"url\":\"https:\\\/\\\/fmgente.com.ar\\\/web\\\/\",\"name\":\"Fm Gente\",\"description\":\"- Jes\u00fas Mar\u00eda\",\"publisher\":{\"@id\":\"https:\\\/\\\/fmgente.com.ar\\\/web\\\/#organization\"},\"potentialAction\":[{\"@type\":\"SearchAction\",\"target\":{\"@type\":\"EntryPoint\",\"urlTemplate\":\"https:\\\/\\\/fmgente.com.ar\\\/web\\\/?s={search_term_string}\"},\"query-input\":{\"@type\":\"PropertyValueSpecification\",\"valueRequired\":true,\"valueName\":\"search_term_string\"}}],\"inLanguage\":\"es\"},{\"@type\":\"Organization\",\"@id\":\"https:\\\/\\\/fmgente.com.ar\\\/web\\\/#organization\",\"name\":\"Fm Gente\",\"url\":\"https:\\\/\\\/fmgente.com.ar\\\/web\\\/\",\"logo\":{\"@type\":\"ImageObject\",\"inLanguage\":\"es\",\"@id\":\"https:\\\/\\\/fmgente.com.ar\\\/web\\\/#\\\/schema\\\/logo\\\/image\\\/\",\"url\":\"https:\\\/\\\/fmgente.com.ar\\\/web\\\/wp-content\\\/uploads\\\/2023\\\/07\\\/cropped-cropped-logo-sombra2.png\",\"contentUrl\":\"https:\\\/\\\/fmgente.com.ar\\\/web\\\/wp-content\\\/uploads\\\/2023\\\/07\\\/cropped-cropped-logo-sombra2.png\",\"width\":1782,\"height\":1782,\"caption\":\"Fm Gente\"},\"image\":{\"@id\":\"https:\\\/\\\/fmgente.com.ar\\\/web\\\/#\\\/schema\\\/logo\\\/image\\\/\"}}]}<\/script>\n<!-- \/ Yoast SEO plugin. -->","yoast_head_json":{"title":"Cambios de entrenadores en la Primera Nacional - Fm Gente","robots":{"index":"index","follow":"follow","max-snippet":"max-snippet:-1","max-image-preview":"max-image-preview:large","max-video-preview":"max-video-preview:-1"},"canonical":"https:\/\/fmgente.com.ar\/web\/cambios-de-entrenadores-en-la-primera-nacional\/","og_locale":"es_ES","og_type":"article","og_title":"Cambios de entrenadores en la Primera Nacional - Fm Gente","og_description":"Buenos Aires, 2 abril (NA) &#8212; Chacarita Juniors confirm\u00f3 a Cristian Grabinski como el entrenador","og_url":"https:\/\/fmgente.com.ar\/web\/cambios-de-entrenadores-en-la-primera-nacional\/","og_site_name":"Fm Gente","article_published_time":"2026-04-02T04:06:57+00:00","twitter_card":"summary_large_image","twitter_misc":{"Tiempo de lectura":"2 minutos"},"schema":{"@context":"https:\/\/schema.org","@graph":[{"@type":"Article","@id":"https:\/\/fmgente.com.ar\/web\/cambios-de-entrenadores-en-la-primera-nacional\/#article","isPartOf":{"@id":"https:\/\/fmgente.com.ar\/web\/cambios-de-entrenadores-en-la-primera-nacional\/"},"author":{"name":"","@id":""},"headline":"Cambios de entrenadores en la Primera Nacional","datePublished":"2026-04-02T04:06:57+00:00","mainEntityOfPage":{"@id":"https:\/\/fmgente.com.ar\/web\/cambios-de-entrenadores-en-la-primera-nacional\/"},"wordCount":314,"publisher":{"@id":"https:\/\/fmgente.com.ar\/web\/#organization"},"image":{"@id":"https:\/\/fmgente.com.ar\/web\/cambios-de-entrenadores-en-la-primera-nacional\/#primaryimage"},"thumbnailUrl":"https:\/\/fmgente.com.ar\/web\/wp-content\/uploads\/2026\/04\/720-85.jpeg","articleSection":["REGIONALES"],"inLanguage":"es"},{"@type":"WebPage","@id":"https:\/\/fmgente.com.ar\/web\/cambios-de-entrenadores-en-la-primera-nacional\/","url":"https:\/\/fmgente.com.ar\/web\/cambios-de-entrenadores-en-la-primera-nacional\/","name":"Cambios de entrenadores en la Primera Nacional - Fm Gente","isPartOf":{"@id":"https:\/\/fmgente.com.ar\/web\/#website"},"primaryImageOfPage":{"@id":"https:\/\/fmgente.com.ar\/web\/cambios-de-entrenadores-en-la-primera-nacional\/#primaryimage"},"image":{"@id":"https:\/\/fmgente.com.ar\/web\/cambios-de-entrenadores-en-la-primera-nacional\/#primaryimage"},"thumbnailUrl":"https:\/\/fmgente.com.ar\/web\/wp-content\/uploads\/2026\/04\/720-85.jpeg","datePublished":"2026-04-02T04:06:57+00:00","inLanguage":"es","potentialAction":[{"@type":"ReadAction","target":["https:\/\/fmgente.com.ar\/web\/cambios-de-entrenadores-en-la-primera-nacional\/"]}]},{"@type":"ImageObject","inLanguage":"es","@id":"https:\/\/fmgente.com.ar\/web\/cambios-de-entrenadores-en-la-primera-nacional\/#primaryimage","url":"https:\/\/fmgente.com.ar\/web\/wp-content\/uploads\/2026\/04\/720-85.jpeg","contentUrl":"https:\/\/fmgente.com.ar\/web\/wp-content\/uploads\/2026\/04\/720-85.jpeg","width":923,"height":720},{"@type":"WebSite","@id":"https:\/\/fmgente.com.ar\/web\/#website","url":"https:\/\/fmgente.com.ar\/web\/","name":"Fm Gente","description":"- Jes\u00fas Mar\u00eda","publisher":{"@id":"https:\/\/fmgente.com.ar\/web\/#organization"},"potentialAction":[{"@type":"SearchAction","target":{"@type":"EntryPoint","urlTemplate":"https:\/\/fmgente.com.ar\/web\/?s={search_term_string}"},"query-input":{"@type":"PropertyValueSpecification","valueRequired":true,"valueName":"search_term_string"}}],"inLanguage":"es"},{"@type":"Organization","@id":"https:\/\/fmgente.com.ar\/web\/#organization","name":"Fm Gente","url":"https:\/\/fmgente.com.ar\/web\/","logo":{"@type":"ImageObject","inLanguage":"es","@id":"https:\/\/fmgente.com.ar\/web\/#\/schema\/logo\/image\/","url":"https:\/\/fmgente.com.ar\/web\/wp-content\/uploads\/2023\/07\/cropped-cropped-logo-sombra2.png","contentUrl":"https:\/\/fmgente.com.ar\/web\/wp-content\/uploads\/2023\/07\/cropped-cropped-logo-sombra2.png","width":1782,"height":1782,"caption":"Fm Gente"},"image":{"@id":"https:\/\/fmgente.com.ar\/web\/#\/schema\/logo\/image\/"}}]}},"_links":{"self":[{"href":"https:\/\/fmgente.com.ar\/web\/wp-json\/wp\/v2\/posts\/17603","targetHints":{"allow":["GET"]}}],"collection":[{"href":"https:\/\/fmgente.com.ar\/web\/wp-json\/wp\/v2\/posts"}],"about":[{"href":"https:\/\/fmgente.com.ar\/web\/wp-json\/wp\/v2\/types\/post"}],"replies":[{"embeddable":true,"href":"https:\/\/fmgente.com.ar\/web\/wp-json\/wp\/v2\/comments?post=17603"}],"version-history":[{"count":0,"href":"https:\/\/fmgente.com.ar\/web\/wp-json\/wp\/v2\/posts\/17603\/revisions"}],"wp:featuredmedia":[{"embeddable":true,"href":"https:\/\/fmgente.com.ar\/web\/wp-json\/wp\/v2\/media\/17604"}],"wp:attachment":[{"href":"https:\/\/fmgente.com.ar\/web\/wp-json\/wp\/v2\/media?parent=17603"}],"wp:term":[{"taxonomy":"category","embeddable":true,"href":"https:\/\/fmgente.com.ar\/web\/wp-json\/wp\/v2\/categories?post=17603"},{"taxonomy":"post_tag","embeddable":true,"href":"https:\/\/fmgente.com.ar\/web\/wp-json\/wp\/v2\/tags?post=17603"}],"curies":[{"name":"wp","href":"https:\/\/api.w.org\/{rel}","templated":true}]}}