{"id":16687,"date":"2026-03-26T03:06:29","date_gmt":"2026-03-26T06:06:29","guid":{"rendered":"https:\/\/fmgente.com.ar\/web\/toma-estado-parlamentario-el-informe-sobre-el-fondo-de-reparacion\/"},"modified":"2026-03-26T03:06:29","modified_gmt":"2026-03-26T06:06:29","slug":"toma-estado-parlamentario-el-informe-sobre-el-fondo-de-reparacion","status":"publish","type":"post","link":"https:\/\/fmgente.com.ar\/web\/toma-estado-parlamentario-el-informe-sobre-el-fondo-de-reparacion\/","title":{"rendered":"Toma estado parlamentario el informe sobre el Fondo de Reparaci\u00f3n"},"content":{"rendered":"<p>El informe de la Auditor\u00eda General de la Provincia sobre el manejo del Fondo de Reparaci\u00f3n Hist\u00f3rica comenzar\u00e1 a transitar su camino institucional en la Legislatura provincial, <strong>tras confirmarse que tomar\u00e1 estado parlamentario con el ingreso hoy a \u00abAsuntos entrados\u00bb del Senado.<\/strong> Lo propio ocurrir\u00e1 el martes de la semana pr\u00f3xima en la C\u00e1mara de Diputados, tras lo cual ser\u00e1 derivado a la Comisi\u00f3n Bicameral Revisora de Cuentas.<\/p>\n<p>Se trata de un paso clave en un expediente atravesado por la pol\u00e9mica, tanto por el volumen de recursos involucrados como por las observaciones detectadas en la ejecuci\u00f3n del millonario fondo que fue adquirido con t\u00edtulos de deuda de la Provincia en el a\u00f1o 2012. <strong>El documento, que ya fue publicado por la Auditor\u00eda, incluye detalles que demuestran -pese al tiempo transcurrido- irregularidades f\u00e1cilmente comprobables, lo que suma un elemento m\u00e1s de tensi\u00f3n al an\u00e1lisis.<\/strong><\/p>\n<p>Fuentes legislativas aclararon que en paralelo a ese informe, la Bicameral -integrada por tres senadores y cinco diputados provinciales- hab\u00eda solicitado semanas atr\u00e1s una ampliaci\u00f3n de informaci\u00f3n sobre el estado de las auditor\u00edas en curso, ante la falta de informaci\u00f3n oficial en medio del debate p\u00fablico. Esa contestaci\u00f3n ingres\u00f3 a \u00faltima hora de la semana pasada y constituye un expediente distinto, aunque vinculado al informe principal.<\/p>\n<p><strong>El recorrido legislativo<\/strong><\/p>\n<p>El ingreso del documento en \u00abAsuntos entrados\u00bb, tanto en el Senado como en Diputados, habilitar\u00e1 su tratamiento formal. A partir de all\u00ed, ser\u00e1 girado a la Comisi\u00f3n Bicameral, que ya se encuentra activa y con su integraci\u00f3n actualizada tras recientes reemplazos.<\/p>\n<p>Se espera que tanto Diputados como el Senado completen este procedimiento en paralelo, lo que permitir\u00eda que la comisi\u00f3n se re\u00fana la pr\u00f3xima semana para comenzar el an\u00e1lisis.<\/p>\n<p>Desde ese momento, se abre un abanico de posibilidades. La Bicameral podr\u00eda convocar a los auditores para que brinden explicaciones en forma presencial, solicitar nueva documentaci\u00f3n o profundizar la investigaci\u00f3n sobre aspectos que generen dudas, como el alcance de las auditor\u00edas -financieras y no de gesti\u00f3n- o la disponibilidad de informaci\u00f3n por parte de los organismos ejecutores.<\/p>\n<p><strong>Un fondo bajo la lupa<\/strong><\/p>\n<p>El Fondo de Reparaci\u00f3n Hist\u00f3rica fue concebido en el a\u00f1os 2011 y ejecutado en 2012 como una herramienta para financiar obras de infraestructura en los departamentos m\u00e1s postergados de la provincia, particularmente en el norte salte\u00f1o: Or\u00e1n, San Mart\u00edn y Rivadavia. Sin embargo, con el paso del tiempo, su ejecuci\u00f3n qued\u00f3 envuelta en cuestionamientos por proyectos inconclusos, demoras, falta de rendiciones y presuntas irregularidades administrativas. Las irregularidades detectadas parten de un dato contundente: de las 176 obras previstas con el dinero de la Reparaci\u00f3n, solo se ejecutaron 84, es decir menos de la mitad.<\/p>\n<p>El informe de Auditor\u00eda vuelve a poner el foco sobre ese per\u00edodo y reactiva un debate que combina responsabilidades t\u00e9cnicas y definiciones pol\u00edticas, ahora con la Legislatura como escenario central.<\/p>\n<p><strong>Decisiones posibles<\/strong><\/p>\n<p>El desenlace institucional del proceso es claro en t\u00e9rminos formales: la comisi\u00f3n debe emitir un dictamen que aconseje aprobar o rechazar la cuenta auditada -en este caso correspondiente a ejercicios como 2018 o 201- sin instancias intermedias.<\/p>\n<p>Sin embargo, el camino hasta esa definici\u00f3n puede incluir medidas adicionales.<\/p>\n<p>Ante eventuales indicios de irregularidades, la Bicameral tiene la facultad de recabar antecedentes y, eventualmente, remitir las actuaciones al Ministerio P\u00fablico para su evaluaci\u00f3n.<\/p>\n<p>Aunque no existen plazos establecidos para este proceso, el ingreso del informe al circuito legislativo marca el inicio de una etapa decisiva, en la que el an\u00e1lisis pol\u00edtico e institucional del caso podr\u00eda escalar en funci\u00f3n de las conclusiones que se alcancen.<\/p><\/p>\n","protected":false},"excerpt":{"rendered":"<p>El informe de la Auditor\u00eda General de la Provincia sobre el manejo del Fondo de<\/p>\n","protected":false},"author":0,"featured_media":16688,"comment_status":"","ping_status":"","sticky":false,"template":"","format":"standard","meta":{"footnotes":""},"categories":[11],"tags":[],"class_list":["post-16687","post","type-post","status-publish","format-standard","has-post-thumbnail","hentry","category-destacadas"],"yoast_head":"<!-- This site is optimized with the Yoast SEO plugin v27.4 - https:\/\/yoast.com\/product\/yoast-seo-wordpress\/ -->\n<title>Toma estado parlamentario el informe sobre el Fondo de Reparaci\u00f3n - Fm Gente<\/title>\n<meta name=\"robots\" content=\"index, follow, max-snippet:-1, max-image-preview:large, max-video-preview:-1\" \/>\n<link rel=\"canonical\" href=\"https:\/\/fmgente.com.ar\/web\/toma-estado-parlamentario-el-informe-sobre-el-fondo-de-reparacion\/\" \/>\n<meta property=\"og:locale\" content=\"es_ES\" \/>\n<meta property=\"og:type\" content=\"article\" \/>\n<meta property=\"og:title\" content=\"Toma estado parlamentario el informe sobre el Fondo de Reparaci\u00f3n - Fm Gente\" \/>\n<meta property=\"og:description\" content=\"El informe de la Auditor\u00eda General de la Provincia sobre el manejo del Fondo de\" \/>\n<meta property=\"og:url\" content=\"https:\/\/fmgente.com.ar\/web\/toma-estado-parlamentario-el-informe-sobre-el-fondo-de-reparacion\/\" \/>\n<meta property=\"og:site_name\" content=\"Fm Gente\" \/>\n<meta property=\"article:published_time\" content=\"2026-03-26T06:06:29+00:00\" \/>\n<meta name=\"twitter:card\" content=\"summary_large_image\" \/>\n<meta name=\"twitter:label1\" content=\"Tiempo de lectura\" \/>\n\t<meta name=\"twitter:data1\" content=\"3 minutos\" \/>\n<script type=\"application\/ld+json\" class=\"yoast-schema-graph\">{\"@context\":\"https:\\\/\\\/schema.org\",\"@graph\":[{\"@type\":\"Article\",\"@id\":\"https:\\\/\\\/fmgente.com.ar\\\/web\\\/toma-estado-parlamentario-el-informe-sobre-el-fondo-de-reparacion\\\/#article\",\"isPartOf\":{\"@id\":\"https:\\\/\\\/fmgente.com.ar\\\/web\\\/toma-estado-parlamentario-el-informe-sobre-el-fondo-de-reparacion\\\/\"},\"author\":{\"name\":\"\",\"@id\":\"\"},\"headline\":\"Toma estado parlamentario el informe sobre el Fondo de Reparaci\u00f3n\",\"datePublished\":\"2026-03-26T06:06:29+00:00\",\"mainEntityOfPage\":{\"@id\":\"https:\\\/\\\/fmgente.com.ar\\\/web\\\/toma-estado-parlamentario-el-informe-sobre-el-fondo-de-reparacion\\\/\"},\"wordCount\":646,\"publisher\":{\"@id\":\"https:\\\/\\\/fmgente.com.ar\\\/web\\\/#organization\"},\"image\":{\"@id\":\"https:\\\/\\\/fmgente.com.ar\\\/web\\\/toma-estado-parlamentario-el-informe-sobre-el-fondo-de-reparacion\\\/#primaryimage\"},\"thumbnailUrl\":\"https:\\\/\\\/fmgente.com.ar\\\/web\\\/wp-content\\\/uploads\\\/2026\\\/03\\\/portadax-166.png\",\"articleSection\":[\"DESTACADAS\"],\"inLanguage\":\"es\"},{\"@type\":\"WebPage\",\"@id\":\"https:\\\/\\\/fmgente.com.ar\\\/web\\\/toma-estado-parlamentario-el-informe-sobre-el-fondo-de-reparacion\\\/\",\"url\":\"https:\\\/\\\/fmgente.com.ar\\\/web\\\/toma-estado-parlamentario-el-informe-sobre-el-fondo-de-reparacion\\\/\",\"name\":\"Toma estado parlamentario el informe sobre el Fondo de Reparaci\u00f3n - Fm Gente\",\"isPartOf\":{\"@id\":\"https:\\\/\\\/fmgente.com.ar\\\/web\\\/#website\"},\"primaryImageOfPage\":{\"@id\":\"https:\\\/\\\/fmgente.com.ar\\\/web\\\/toma-estado-parlamentario-el-informe-sobre-el-fondo-de-reparacion\\\/#primaryimage\"},\"image\":{\"@id\":\"https:\\\/\\\/fmgente.com.ar\\\/web\\\/toma-estado-parlamentario-el-informe-sobre-el-fondo-de-reparacion\\\/#primaryimage\"},\"thumbnailUrl\":\"https:\\\/\\\/fmgente.com.ar\\\/web\\\/wp-content\\\/uploads\\\/2026\\\/03\\\/portadax-166.png\",\"datePublished\":\"2026-03-26T06:06:29+00:00\",\"inLanguage\":\"es\",\"potentialAction\":[{\"@type\":\"ReadAction\",\"target\":[\"https:\\\/\\\/fmgente.com.ar\\\/web\\\/toma-estado-parlamentario-el-informe-sobre-el-fondo-de-reparacion\\\/\"]}]},{\"@type\":\"ImageObject\",\"inLanguage\":\"es\",\"@id\":\"https:\\\/\\\/fmgente.com.ar\\\/web\\\/toma-estado-parlamentario-el-informe-sobre-el-fondo-de-reparacion\\\/#primaryimage\",\"url\":\"https:\\\/\\\/fmgente.com.ar\\\/web\\\/wp-content\\\/uploads\\\/2026\\\/03\\\/portadax-166.png\",\"contentUrl\":\"https:\\\/\\\/fmgente.com.ar\\\/web\\\/wp-content\\\/uploads\\\/2026\\\/03\\\/portadax-166.png\",\"width\":1366,\"height\":768},{\"@type\":\"WebSite\",\"@id\":\"https:\\\/\\\/fmgente.com.ar\\\/web\\\/#website\",\"url\":\"https:\\\/\\\/fmgente.com.ar\\\/web\\\/\",\"name\":\"Fm Gente\",\"description\":\"- Jes\u00fas Mar\u00eda\",\"publisher\":{\"@id\":\"https:\\\/\\\/fmgente.com.ar\\\/web\\\/#organization\"},\"potentialAction\":[{\"@type\":\"SearchAction\",\"target\":{\"@type\":\"EntryPoint\",\"urlTemplate\":\"https:\\\/\\\/fmgente.com.ar\\\/web\\\/?s={search_term_string}\"},\"query-input\":{\"@type\":\"PropertyValueSpecification\",\"valueRequired\":true,\"valueName\":\"search_term_string\"}}],\"inLanguage\":\"es\"},{\"@type\":\"Organization\",\"@id\":\"https:\\\/\\\/fmgente.com.ar\\\/web\\\/#organization\",\"name\":\"Fm Gente\",\"url\":\"https:\\\/\\\/fmgente.com.ar\\\/web\\\/\",\"logo\":{\"@type\":\"ImageObject\",\"inLanguage\":\"es\",\"@id\":\"https:\\\/\\\/fmgente.com.ar\\\/web\\\/#\\\/schema\\\/logo\\\/image\\\/\",\"url\":\"https:\\\/\\\/fmgente.com.ar\\\/web\\\/wp-content\\\/uploads\\\/2023\\\/07\\\/cropped-cropped-logo-sombra2.png\",\"contentUrl\":\"https:\\\/\\\/fmgente.com.ar\\\/web\\\/wp-content\\\/uploads\\\/2023\\\/07\\\/cropped-cropped-logo-sombra2.png\",\"width\":1782,\"height\":1782,\"caption\":\"Fm Gente\"},\"image\":{\"@id\":\"https:\\\/\\\/fmgente.com.ar\\\/web\\\/#\\\/schema\\\/logo\\\/image\\\/\"}}]}<\/script>\n<!-- \/ Yoast SEO plugin. -->","yoast_head_json":{"title":"Toma estado parlamentario el informe sobre el Fondo de Reparaci\u00f3n - Fm Gente","robots":{"index":"index","follow":"follow","max-snippet":"max-snippet:-1","max-image-preview":"max-image-preview:large","max-video-preview":"max-video-preview:-1"},"canonical":"https:\/\/fmgente.com.ar\/web\/toma-estado-parlamentario-el-informe-sobre-el-fondo-de-reparacion\/","og_locale":"es_ES","og_type":"article","og_title":"Toma estado parlamentario el informe sobre el Fondo de Reparaci\u00f3n - Fm Gente","og_description":"El informe de la Auditor\u00eda General de la Provincia sobre el manejo del Fondo de","og_url":"https:\/\/fmgente.com.ar\/web\/toma-estado-parlamentario-el-informe-sobre-el-fondo-de-reparacion\/","og_site_name":"Fm Gente","article_published_time":"2026-03-26T06:06:29+00:00","twitter_card":"summary_large_image","twitter_misc":{"Tiempo de lectura":"3 minutos"},"schema":{"@context":"https:\/\/schema.org","@graph":[{"@type":"Article","@id":"https:\/\/fmgente.com.ar\/web\/toma-estado-parlamentario-el-informe-sobre-el-fondo-de-reparacion\/#article","isPartOf":{"@id":"https:\/\/fmgente.com.ar\/web\/toma-estado-parlamentario-el-informe-sobre-el-fondo-de-reparacion\/"},"author":{"name":"","@id":""},"headline":"Toma estado parlamentario el informe sobre el Fondo de Reparaci\u00f3n","datePublished":"2026-03-26T06:06:29+00:00","mainEntityOfPage":{"@id":"https:\/\/fmgente.com.ar\/web\/toma-estado-parlamentario-el-informe-sobre-el-fondo-de-reparacion\/"},"wordCount":646,"publisher":{"@id":"https:\/\/fmgente.com.ar\/web\/#organization"},"image":{"@id":"https:\/\/fmgente.com.ar\/web\/toma-estado-parlamentario-el-informe-sobre-el-fondo-de-reparacion\/#primaryimage"},"thumbnailUrl":"https:\/\/fmgente.com.ar\/web\/wp-content\/uploads\/2026\/03\/portadax-166.png","articleSection":["DESTACADAS"],"inLanguage":"es"},{"@type":"WebPage","@id":"https:\/\/fmgente.com.ar\/web\/toma-estado-parlamentario-el-informe-sobre-el-fondo-de-reparacion\/","url":"https:\/\/fmgente.com.ar\/web\/toma-estado-parlamentario-el-informe-sobre-el-fondo-de-reparacion\/","name":"Toma estado parlamentario el informe sobre el Fondo de Reparaci\u00f3n - Fm Gente","isPartOf":{"@id":"https:\/\/fmgente.com.ar\/web\/#website"},"primaryImageOfPage":{"@id":"https:\/\/fmgente.com.ar\/web\/toma-estado-parlamentario-el-informe-sobre-el-fondo-de-reparacion\/#primaryimage"},"image":{"@id":"https:\/\/fmgente.com.ar\/web\/toma-estado-parlamentario-el-informe-sobre-el-fondo-de-reparacion\/#primaryimage"},"thumbnailUrl":"https:\/\/fmgente.com.ar\/web\/wp-content\/uploads\/2026\/03\/portadax-166.png","datePublished":"2026-03-26T06:06:29+00:00","inLanguage":"es","potentialAction":[{"@type":"ReadAction","target":["https:\/\/fmgente.com.ar\/web\/toma-estado-parlamentario-el-informe-sobre-el-fondo-de-reparacion\/"]}]},{"@type":"ImageObject","inLanguage":"es","@id":"https:\/\/fmgente.com.ar\/web\/toma-estado-parlamentario-el-informe-sobre-el-fondo-de-reparacion\/#primaryimage","url":"https:\/\/fmgente.com.ar\/web\/wp-content\/uploads\/2026\/03\/portadax-166.png","contentUrl":"https:\/\/fmgente.com.ar\/web\/wp-content\/uploads\/2026\/03\/portadax-166.png","width":1366,"height":768},{"@type":"WebSite","@id":"https:\/\/fmgente.com.ar\/web\/#website","url":"https:\/\/fmgente.com.ar\/web\/","name":"Fm Gente","description":"- Jes\u00fas Mar\u00eda","publisher":{"@id":"https:\/\/fmgente.com.ar\/web\/#organization"},"potentialAction":[{"@type":"SearchAction","target":{"@type":"EntryPoint","urlTemplate":"https:\/\/fmgente.com.ar\/web\/?s={search_term_string}"},"query-input":{"@type":"PropertyValueSpecification","valueRequired":true,"valueName":"search_term_string"}}],"inLanguage":"es"},{"@type":"Organization","@id":"https:\/\/fmgente.com.ar\/web\/#organization","name":"Fm Gente","url":"https:\/\/fmgente.com.ar\/web\/","logo":{"@type":"ImageObject","inLanguage":"es","@id":"https:\/\/fmgente.com.ar\/web\/#\/schema\/logo\/image\/","url":"https:\/\/fmgente.com.ar\/web\/wp-content\/uploads\/2023\/07\/cropped-cropped-logo-sombra2.png","contentUrl":"https:\/\/fmgente.com.ar\/web\/wp-content\/uploads\/2023\/07\/cropped-cropped-logo-sombra2.png","width":1782,"height":1782,"caption":"Fm Gente"},"image":{"@id":"https:\/\/fmgente.com.ar\/web\/#\/schema\/logo\/image\/"}}]}},"_links":{"self":[{"href":"https:\/\/fmgente.com.ar\/web\/wp-json\/wp\/v2\/posts\/16687","targetHints":{"allow":["GET"]}}],"collection":[{"href":"https:\/\/fmgente.com.ar\/web\/wp-json\/wp\/v2\/posts"}],"about":[{"href":"https:\/\/fmgente.com.ar\/web\/wp-json\/wp\/v2\/types\/post"}],"replies":[{"embeddable":true,"href":"https:\/\/fmgente.com.ar\/web\/wp-json\/wp\/v2\/comments?post=16687"}],"version-history":[{"count":0,"href":"https:\/\/fmgente.com.ar\/web\/wp-json\/wp\/v2\/posts\/16687\/revisions"}],"wp:featuredmedia":[{"embeddable":true,"href":"https:\/\/fmgente.com.ar\/web\/wp-json\/wp\/v2\/media\/16688"}],"wp:attachment":[{"href":"https:\/\/fmgente.com.ar\/web\/wp-json\/wp\/v2\/media?parent=16687"}],"wp:term":[{"taxonomy":"category","embeddable":true,"href":"https:\/\/fmgente.com.ar\/web\/wp-json\/wp\/v2\/categories?post=16687"},{"taxonomy":"post_tag","embeddable":true,"href":"https:\/\/fmgente.com.ar\/web\/wp-json\/wp\/v2\/tags?post=16687"}],"curies":[{"name":"wp","href":"https:\/\/api.w.org\/{rel}","templated":true}]}}