{"id":16685,"date":"2026-03-26T03:06:26","date_gmt":"2026-03-26T06:06:26","guid":{"rendered":"https:\/\/fmgente.com.ar\/web\/explota-deposito-de-garrafas-y-el-dueno-queda-detenido\/"},"modified":"2026-03-26T03:06:26","modified_gmt":"2026-03-26T06:06:26","slug":"explota-deposito-de-garrafas-y-el-dueno-queda-detenido","status":"publish","type":"post","link":"https:\/\/fmgente.com.ar\/web\/explota-deposito-de-garrafas-y-el-dueno-queda-detenido\/","title":{"rendered":"Explota dep\u00f3sito de garrafas y el due\u00f1o queda detenido"},"content":{"rendered":"<p>Uno de los empleados que result\u00f3 con quemaduras por el incendio en un dep\u00f3sito de garrafas en la localidad bonaerense de Mariano Acosta cont\u00f3, mientras era atendido por vecinos, que el fuego comenz\u00f3 de manera inmediata cuando con sus compa\u00f1eros conectaron una pava el\u00e9ctrica cerca de uno de los tanques que ten\u00eda una p\u00e9rdida.<\/p>\n<p>El incendio se origin\u00f3 en un dep\u00f3sito ubicado sobre la calle Constituyentes, y producto del hecho se confirm\u00f3 que hay tres empleados heridos que fueron trasladados en un veh\u00edculo particular a la cl\u00ednica Figueroa Paredes. En el hospital confirmaron que V\u00edctor Hugo Tuller result\u00f3 con quemaduras de segundo y tercer grado en el rostro, mientras que Diego Hern\u00e1n Robledo y Ra\u00fal Oscar Cros, tienen lesiones por el fuego en varias partes del cuerpo. Durante el operativo, el due\u00f1o del dep\u00f3sito identificado como \u00d3scar Adri\u00e1n Ben\u00edtez, de 48 a\u00f1os, dijo que se dedica a la compra y reventa de tubos de gas. Se confirm\u00f3 la detenci\u00f3n de Ben\u00edtez, qui\u00e9n ser\u00e1 indagado hoy por el titular de la UFI N\u00b02 de Mor\u00f3n, que interviene en el caso.<\/p>\n<p><strong>Operan a Thiago Vera<\/strong><\/p>\n<p>Thiago Vera, el joven de 18 a\u00f1os que result\u00f3 herido de gravedad por un golpe en la cabeza durante la explosi\u00f3n en el dep\u00f3sito de garrafas, era operado ayer en el Hospital Municipal Eva Per\u00f3n de Merlo. \u00abTiene un golpe fuerte en la cabeza\u00bb, consignaron.<\/p>\n<p>La mam\u00e1 de Thiago, afirm\u00f3 que el envase de gas comprimido \u00abcay\u00f3 como un meteorito\u00bb. Rosa dialog\u00f3 con la prensa en la puerta del Hospital Eva Per\u00f3n de Merlo y se\u00f1al\u00f3 que su \u00abhijo se va a recuperar\u00bb mientras se opera por las lesiones sufridas en el cr\u00e1neo.<\/p><\/p>\n","protected":false},"excerpt":{"rendered":"<p>Uno de los empleados que result\u00f3 con quemaduras por el incendio en un dep\u00f3sito de<\/p>\n","protected":false},"author":0,"featured_media":16686,"comment_status":"","ping_status":"","sticky":false,"template":"","format":"standard","meta":{"footnotes":""},"categories":[11],"tags":[],"class_list":["post-16685","post","type-post","status-publish","format-standard","has-post-thumbnail","hentry","category-destacadas"],"yoast_head":"<!-- This site is optimized with the Yoast SEO plugin v27.4 - https:\/\/yoast.com\/product\/yoast-seo-wordpress\/ -->\n<title>Explota dep\u00f3sito de garrafas y el due\u00f1o queda detenido - Fm Gente<\/title>\n<meta name=\"robots\" content=\"index, follow, max-snippet:-1, max-image-preview:large, max-video-preview:-1\" \/>\n<link rel=\"canonical\" href=\"https:\/\/fmgente.com.ar\/web\/explota-deposito-de-garrafas-y-el-dueno-queda-detenido\/\" \/>\n<meta property=\"og:locale\" content=\"es_ES\" \/>\n<meta property=\"og:type\" content=\"article\" \/>\n<meta property=\"og:title\" content=\"Explota dep\u00f3sito de garrafas y el due\u00f1o queda detenido - Fm Gente\" \/>\n<meta property=\"og:description\" content=\"Uno de los empleados que result\u00f3 con quemaduras por el incendio en un dep\u00f3sito de\" \/>\n<meta property=\"og:url\" content=\"https:\/\/fmgente.com.ar\/web\/explota-deposito-de-garrafas-y-el-dueno-queda-detenido\/\" \/>\n<meta property=\"og:site_name\" content=\"Fm Gente\" \/>\n<meta property=\"article:published_time\" content=\"2026-03-26T06:06:26+00:00\" \/>\n<meta name=\"twitter:card\" content=\"summary_large_image\" \/>\n<meta name=\"twitter:label1\" content=\"Tiempo de lectura\" \/>\n\t<meta name=\"twitter:data1\" content=\"2 minutos\" \/>\n<script type=\"application\/ld+json\" class=\"yoast-schema-graph\">{\"@context\":\"https:\\\/\\\/schema.org\",\"@graph\":[{\"@type\":\"Article\",\"@id\":\"https:\\\/\\\/fmgente.com.ar\\\/web\\\/explota-deposito-de-garrafas-y-el-dueno-queda-detenido\\\/#article\",\"isPartOf\":{\"@id\":\"https:\\\/\\\/fmgente.com.ar\\\/web\\\/explota-deposito-de-garrafas-y-el-dueno-queda-detenido\\\/\"},\"author\":{\"name\":\"\",\"@id\":\"\"},\"headline\":\"Explota dep\u00f3sito de garrafas y el due\u00f1o queda detenido\",\"datePublished\":\"2026-03-26T06:06:26+00:00\",\"mainEntityOfPage\":{\"@id\":\"https:\\\/\\\/fmgente.com.ar\\\/web\\\/explota-deposito-de-garrafas-y-el-dueno-queda-detenido\\\/\"},\"wordCount\":312,\"publisher\":{\"@id\":\"https:\\\/\\\/fmgente.com.ar\\\/web\\\/#organization\"},\"image\":{\"@id\":\"https:\\\/\\\/fmgente.com.ar\\\/web\\\/explota-deposito-de-garrafas-y-el-dueno-queda-detenido\\\/#primaryimage\"},\"thumbnailUrl\":\"https:\\\/\\\/fmgente.com.ar\\\/web\\\/wp-content\\\/uploads\\\/2026\\\/03\\\/portadax-165.png\",\"articleSection\":[\"DESTACADAS\"],\"inLanguage\":\"es\"},{\"@type\":\"WebPage\",\"@id\":\"https:\\\/\\\/fmgente.com.ar\\\/web\\\/explota-deposito-de-garrafas-y-el-dueno-queda-detenido\\\/\",\"url\":\"https:\\\/\\\/fmgente.com.ar\\\/web\\\/explota-deposito-de-garrafas-y-el-dueno-queda-detenido\\\/\",\"name\":\"Explota dep\u00f3sito de garrafas y el due\u00f1o queda detenido - Fm Gente\",\"isPartOf\":{\"@id\":\"https:\\\/\\\/fmgente.com.ar\\\/web\\\/#website\"},\"primaryImageOfPage\":{\"@id\":\"https:\\\/\\\/fmgente.com.ar\\\/web\\\/explota-deposito-de-garrafas-y-el-dueno-queda-detenido\\\/#primaryimage\"},\"image\":{\"@id\":\"https:\\\/\\\/fmgente.com.ar\\\/web\\\/explota-deposito-de-garrafas-y-el-dueno-queda-detenido\\\/#primaryimage\"},\"thumbnailUrl\":\"https:\\\/\\\/fmgente.com.ar\\\/web\\\/wp-content\\\/uploads\\\/2026\\\/03\\\/portadax-165.png\",\"datePublished\":\"2026-03-26T06:06:26+00:00\",\"inLanguage\":\"es\",\"potentialAction\":[{\"@type\":\"ReadAction\",\"target\":[\"https:\\\/\\\/fmgente.com.ar\\\/web\\\/explota-deposito-de-garrafas-y-el-dueno-queda-detenido\\\/\"]}]},{\"@type\":\"ImageObject\",\"inLanguage\":\"es\",\"@id\":\"https:\\\/\\\/fmgente.com.ar\\\/web\\\/explota-deposito-de-garrafas-y-el-dueno-queda-detenido\\\/#primaryimage\",\"url\":\"https:\\\/\\\/fmgente.com.ar\\\/web\\\/wp-content\\\/uploads\\\/2026\\\/03\\\/portadax-165.png\",\"contentUrl\":\"https:\\\/\\\/fmgente.com.ar\\\/web\\\/wp-content\\\/uploads\\\/2026\\\/03\\\/portadax-165.png\",\"width\":1366,\"height\":768},{\"@type\":\"WebSite\",\"@id\":\"https:\\\/\\\/fmgente.com.ar\\\/web\\\/#website\",\"url\":\"https:\\\/\\\/fmgente.com.ar\\\/web\\\/\",\"name\":\"Fm Gente\",\"description\":\"- Jes\u00fas Mar\u00eda\",\"publisher\":{\"@id\":\"https:\\\/\\\/fmgente.com.ar\\\/web\\\/#organization\"},\"potentialAction\":[{\"@type\":\"SearchAction\",\"target\":{\"@type\":\"EntryPoint\",\"urlTemplate\":\"https:\\\/\\\/fmgente.com.ar\\\/web\\\/?s={search_term_string}\"},\"query-input\":{\"@type\":\"PropertyValueSpecification\",\"valueRequired\":true,\"valueName\":\"search_term_string\"}}],\"inLanguage\":\"es\"},{\"@type\":\"Organization\",\"@id\":\"https:\\\/\\\/fmgente.com.ar\\\/web\\\/#organization\",\"name\":\"Fm Gente\",\"url\":\"https:\\\/\\\/fmgente.com.ar\\\/web\\\/\",\"logo\":{\"@type\":\"ImageObject\",\"inLanguage\":\"es\",\"@id\":\"https:\\\/\\\/fmgente.com.ar\\\/web\\\/#\\\/schema\\\/logo\\\/image\\\/\",\"url\":\"https:\\\/\\\/fmgente.com.ar\\\/web\\\/wp-content\\\/uploads\\\/2023\\\/07\\\/cropped-cropped-logo-sombra2.png\",\"contentUrl\":\"https:\\\/\\\/fmgente.com.ar\\\/web\\\/wp-content\\\/uploads\\\/2023\\\/07\\\/cropped-cropped-logo-sombra2.png\",\"width\":1782,\"height\":1782,\"caption\":\"Fm Gente\"},\"image\":{\"@id\":\"https:\\\/\\\/fmgente.com.ar\\\/web\\\/#\\\/schema\\\/logo\\\/image\\\/\"}}]}<\/script>\n<!-- \/ Yoast SEO plugin. -->","yoast_head_json":{"title":"Explota dep\u00f3sito de garrafas y el due\u00f1o queda detenido - Fm Gente","robots":{"index":"index","follow":"follow","max-snippet":"max-snippet:-1","max-image-preview":"max-image-preview:large","max-video-preview":"max-video-preview:-1"},"canonical":"https:\/\/fmgente.com.ar\/web\/explota-deposito-de-garrafas-y-el-dueno-queda-detenido\/","og_locale":"es_ES","og_type":"article","og_title":"Explota dep\u00f3sito de garrafas y el due\u00f1o queda detenido - Fm Gente","og_description":"Uno de los empleados que result\u00f3 con quemaduras por el incendio en un dep\u00f3sito de","og_url":"https:\/\/fmgente.com.ar\/web\/explota-deposito-de-garrafas-y-el-dueno-queda-detenido\/","og_site_name":"Fm Gente","article_published_time":"2026-03-26T06:06:26+00:00","twitter_card":"summary_large_image","twitter_misc":{"Tiempo de lectura":"2 minutos"},"schema":{"@context":"https:\/\/schema.org","@graph":[{"@type":"Article","@id":"https:\/\/fmgente.com.ar\/web\/explota-deposito-de-garrafas-y-el-dueno-queda-detenido\/#article","isPartOf":{"@id":"https:\/\/fmgente.com.ar\/web\/explota-deposito-de-garrafas-y-el-dueno-queda-detenido\/"},"author":{"name":"","@id":""},"headline":"Explota dep\u00f3sito de garrafas y el due\u00f1o queda detenido","datePublished":"2026-03-26T06:06:26+00:00","mainEntityOfPage":{"@id":"https:\/\/fmgente.com.ar\/web\/explota-deposito-de-garrafas-y-el-dueno-queda-detenido\/"},"wordCount":312,"publisher":{"@id":"https:\/\/fmgente.com.ar\/web\/#organization"},"image":{"@id":"https:\/\/fmgente.com.ar\/web\/explota-deposito-de-garrafas-y-el-dueno-queda-detenido\/#primaryimage"},"thumbnailUrl":"https:\/\/fmgente.com.ar\/web\/wp-content\/uploads\/2026\/03\/portadax-165.png","articleSection":["DESTACADAS"],"inLanguage":"es"},{"@type":"WebPage","@id":"https:\/\/fmgente.com.ar\/web\/explota-deposito-de-garrafas-y-el-dueno-queda-detenido\/","url":"https:\/\/fmgente.com.ar\/web\/explota-deposito-de-garrafas-y-el-dueno-queda-detenido\/","name":"Explota dep\u00f3sito de garrafas y el due\u00f1o queda detenido - Fm Gente","isPartOf":{"@id":"https:\/\/fmgente.com.ar\/web\/#website"},"primaryImageOfPage":{"@id":"https:\/\/fmgente.com.ar\/web\/explota-deposito-de-garrafas-y-el-dueno-queda-detenido\/#primaryimage"},"image":{"@id":"https:\/\/fmgente.com.ar\/web\/explota-deposito-de-garrafas-y-el-dueno-queda-detenido\/#primaryimage"},"thumbnailUrl":"https:\/\/fmgente.com.ar\/web\/wp-content\/uploads\/2026\/03\/portadax-165.png","datePublished":"2026-03-26T06:06:26+00:00","inLanguage":"es","potentialAction":[{"@type":"ReadAction","target":["https:\/\/fmgente.com.ar\/web\/explota-deposito-de-garrafas-y-el-dueno-queda-detenido\/"]}]},{"@type":"ImageObject","inLanguage":"es","@id":"https:\/\/fmgente.com.ar\/web\/explota-deposito-de-garrafas-y-el-dueno-queda-detenido\/#primaryimage","url":"https:\/\/fmgente.com.ar\/web\/wp-content\/uploads\/2026\/03\/portadax-165.png","contentUrl":"https:\/\/fmgente.com.ar\/web\/wp-content\/uploads\/2026\/03\/portadax-165.png","width":1366,"height":768},{"@type":"WebSite","@id":"https:\/\/fmgente.com.ar\/web\/#website","url":"https:\/\/fmgente.com.ar\/web\/","name":"Fm Gente","description":"- Jes\u00fas Mar\u00eda","publisher":{"@id":"https:\/\/fmgente.com.ar\/web\/#organization"},"potentialAction":[{"@type":"SearchAction","target":{"@type":"EntryPoint","urlTemplate":"https:\/\/fmgente.com.ar\/web\/?s={search_term_string}"},"query-input":{"@type":"PropertyValueSpecification","valueRequired":true,"valueName":"search_term_string"}}],"inLanguage":"es"},{"@type":"Organization","@id":"https:\/\/fmgente.com.ar\/web\/#organization","name":"Fm Gente","url":"https:\/\/fmgente.com.ar\/web\/","logo":{"@type":"ImageObject","inLanguage":"es","@id":"https:\/\/fmgente.com.ar\/web\/#\/schema\/logo\/image\/","url":"https:\/\/fmgente.com.ar\/web\/wp-content\/uploads\/2023\/07\/cropped-cropped-logo-sombra2.png","contentUrl":"https:\/\/fmgente.com.ar\/web\/wp-content\/uploads\/2023\/07\/cropped-cropped-logo-sombra2.png","width":1782,"height":1782,"caption":"Fm Gente"},"image":{"@id":"https:\/\/fmgente.com.ar\/web\/#\/schema\/logo\/image\/"}}]}},"_links":{"self":[{"href":"https:\/\/fmgente.com.ar\/web\/wp-json\/wp\/v2\/posts\/16685","targetHints":{"allow":["GET"]}}],"collection":[{"href":"https:\/\/fmgente.com.ar\/web\/wp-json\/wp\/v2\/posts"}],"about":[{"href":"https:\/\/fmgente.com.ar\/web\/wp-json\/wp\/v2\/types\/post"}],"replies":[{"embeddable":true,"href":"https:\/\/fmgente.com.ar\/web\/wp-json\/wp\/v2\/comments?post=16685"}],"version-history":[{"count":0,"href":"https:\/\/fmgente.com.ar\/web\/wp-json\/wp\/v2\/posts\/16685\/revisions"}],"wp:featuredmedia":[{"embeddable":true,"href":"https:\/\/fmgente.com.ar\/web\/wp-json\/wp\/v2\/media\/16686"}],"wp:attachment":[{"href":"https:\/\/fmgente.com.ar\/web\/wp-json\/wp\/v2\/media?parent=16685"}],"wp:term":[{"taxonomy":"category","embeddable":true,"href":"https:\/\/fmgente.com.ar\/web\/wp-json\/wp\/v2\/categories?post=16685"},{"taxonomy":"post_tag","embeddable":true,"href":"https:\/\/fmgente.com.ar\/web\/wp-json\/wp\/v2\/tags?post=16685"}],"curies":[{"name":"wp","href":"https:\/\/api.w.org\/{rel}","templated":true}]}}