{"id":16681,"date":"2026-03-26T03:06:20","date_gmt":"2026-03-26T06:06:20","guid":{"rendered":"https:\/\/fmgente.com.ar\/web\/tension-global-iran-apunta-a-una-ruta-maritima-clave\/"},"modified":"2026-03-26T03:06:20","modified_gmt":"2026-03-26T06:06:20","slug":"tension-global-iran-apunta-a-una-ruta-maritima-clave","status":"publish","type":"post","link":"https:\/\/fmgente.com.ar\/web\/tension-global-iran-apunta-a-una-ruta-maritima-clave\/","title":{"rendered":"Tensi\u00f3n global: Ir\u00e1n apunta a una ruta mar\u00edtima clave"},"content":{"rendered":"<p>Ir\u00e1n elev\u00f3 la tensi\u00f3n en Medio Oriente con una advertencia directa a EEUU: asegur\u00f3 que tiene la \u00abcapacidad y voluntad\u00bb de generar una amenaza \u00abcre\u00edble\u00bb sobre el estrecho de Bab al Mandeb si Washington intenta contramedidas contra el bloqueo del estrecho de Ormuz, como una eventual invasi\u00f3n terrestre en su territorio.<\/p>\n<p>La advertencia fue difundida por una fuente militar iran\u00ed, que remarc\u00f3 que Teher\u00e1n monitorea de forma permanente los movimientos de fuerzas estadounidenses en el golfo P\u00e9rsico y el mar de Om\u00e1n. Agreg\u00f3 que el pa\u00eds podr\u00eda abrir frentes \u00absorpresa\u00bb para \u00abmultiplicar los costes\u00bb de cualquier ofensiva.<\/p>\n<p>\u00abEl estrecho de Bab al Mandeb es uno de los pasos estrat\u00e9gicos mundiales, e Ir\u00e1n tiene tanto la voluntad como la capacidad de generar una amenaza totalmente cre\u00edble contra \u00e9l\u00bb, se\u00f1al\u00f3 la fuente, que lanz\u00f3 una advertencia directa: \u00abSi los americanos buscan soluciones est\u00fapidas para Ormuz, que no a\u00f1adan Bab al Mandeb a sus problemas\u00bb. Este paso mar\u00edtimo es clave para el comercio global, ya que conecta el mar Rojo con el golfo de Ad\u00e9n y permite la ruta m\u00e1s corta entre Europa y Asia a trav\u00e9s del canal de Suez. Su eventual interrupci\u00f3n tendr\u00eda impacto inmediato en el tr\u00e1nsito de petr\u00f3leo, gas y mercanc\u00edas a nivel internacional.<\/p>\n<p>El mensaje iran\u00ed se da en un contexto de creciente especulaci\u00f3n sobre un posible despliegue militar de EEUU en la regi\u00f3n. Medios estadounidenses informaron que el Pent\u00e1gono analiza enviar 3.000 efectivos de la 82\u00aa Divisi\u00f3n Aerotransportada, una unidad de \u00e9lite, para reforzar las operaciones iniciadas el 28 de febrero con apoyo de Israel. Entre las hip\u00f3tesis que circulan, se menciona la posibilidad de operaciones en puntos estrat\u00e9gicos como la isla de Jarg, principal centro de exportaci\u00f3n petrolera iran\u00ed, u otras zonas sensibles.<\/p>\n<p>Aunque Bab al Mandeb se encuentra a 2.000 kil\u00f3metros de Ir\u00e1n, en su zona de influencia opera el movimiento Ansar All\u00e1, conocido como los hut\u00edes, aliado clave de Teher\u00e1n. Este grupo controla amplias \u00e1reas de Yemen y forma parte del denominado \u00abeje de la resistencia\u00bb, junto a otras organizaciones enfrentadas a EEUU e Israel. Durante la guerra en Gaza iniciada en octubre de 2023, los hut\u00edes lanzaron misiles y drones contra Israel y atacaron buques comerciales en el mar Rojo, afectando seriamente la navegaci\u00f3n internacional. Sin embargo, tras una serie de bombardeos estadounidenses, acordaron una pausa, que a\u00fan se mantiene.<\/p>\n<p>En paralelo, desde la dirigencia pol\u00edtica iran\u00ed tambi\u00e9n reforzaron el tono. El presidente del Parlamento, Mohammad Bagher Ghalibaf, advirti\u00f3 que existen indicios de que \u00abenemigos\u00bb preparan una posible ocupaci\u00f3n de una isla iran\u00ed con apoyo regional. \u00abSi dan un paso adelante, toda la infraestructura vital de ese pa\u00eds quedar\u00e1 bajo ataques implacables de Ir\u00e1n\u00bb, sostuvo. Tambi\u00e9n lanz\u00f3 un mensaje hacia Israel al afirmar que cualquier escalada podr\u00eda tener consecuencias graves: \u00abNo pongan a prueba nuestra determinaci\u00f3n de defender nuestra tierra\u00bb, concluy\u00f3.<\/p><\/p>\n","protected":false},"excerpt":{"rendered":"<p>Ir\u00e1n elev\u00f3 la tensi\u00f3n en Medio Oriente con una advertencia directa a EEUU: asegur\u00f3 que<\/p>\n","protected":false},"author":0,"featured_media":16682,"comment_status":"","ping_status":"","sticky":false,"template":"","format":"standard","meta":{"footnotes":""},"categories":[11],"tags":[],"class_list":["post-16681","post","type-post","status-publish","format-standard","has-post-thumbnail","hentry","category-destacadas"],"yoast_head":"<!-- This site is optimized with the Yoast SEO plugin v27.4 - https:\/\/yoast.com\/product\/yoast-seo-wordpress\/ -->\n<title>Tensi\u00f3n global: Ir\u00e1n apunta a una ruta mar\u00edtima clave - Fm Gente<\/title>\n<meta name=\"robots\" content=\"index, follow, max-snippet:-1, max-image-preview:large, max-video-preview:-1\" \/>\n<link rel=\"canonical\" href=\"https:\/\/fmgente.com.ar\/web\/tension-global-iran-apunta-a-una-ruta-maritima-clave\/\" \/>\n<meta property=\"og:locale\" content=\"es_ES\" \/>\n<meta property=\"og:type\" content=\"article\" \/>\n<meta property=\"og:title\" content=\"Tensi\u00f3n global: Ir\u00e1n apunta a una ruta mar\u00edtima clave - Fm Gente\" \/>\n<meta property=\"og:description\" content=\"Ir\u00e1n elev\u00f3 la tensi\u00f3n en Medio Oriente con una advertencia directa a EEUU: asegur\u00f3 que\" \/>\n<meta property=\"og:url\" content=\"https:\/\/fmgente.com.ar\/web\/tension-global-iran-apunta-a-una-ruta-maritima-clave\/\" \/>\n<meta property=\"og:site_name\" content=\"Fm Gente\" \/>\n<meta property=\"article:published_time\" content=\"2026-03-26T06:06:20+00:00\" \/>\n<meta name=\"twitter:card\" content=\"summary_large_image\" \/>\n<meta name=\"twitter:label1\" content=\"Tiempo de lectura\" \/>\n\t<meta name=\"twitter:data1\" content=\"3 minutos\" \/>\n<script type=\"application\/ld+json\" class=\"yoast-schema-graph\">{\"@context\":\"https:\\\/\\\/schema.org\",\"@graph\":[{\"@type\":\"Article\",\"@id\":\"https:\\\/\\\/fmgente.com.ar\\\/web\\\/tension-global-iran-apunta-a-una-ruta-maritima-clave\\\/#article\",\"isPartOf\":{\"@id\":\"https:\\\/\\\/fmgente.com.ar\\\/web\\\/tension-global-iran-apunta-a-una-ruta-maritima-clave\\\/\"},\"author\":{\"name\":\"\",\"@id\":\"\"},\"headline\":\"Tensi\u00f3n global: Ir\u00e1n apunta a una ruta mar\u00edtima clave\",\"datePublished\":\"2026-03-26T06:06:20+00:00\",\"mainEntityOfPage\":{\"@id\":\"https:\\\/\\\/fmgente.com.ar\\\/web\\\/tension-global-iran-apunta-a-una-ruta-maritima-clave\\\/\"},\"wordCount\":521,\"publisher\":{\"@id\":\"https:\\\/\\\/fmgente.com.ar\\\/web\\\/#organization\"},\"image\":{\"@id\":\"https:\\\/\\\/fmgente.com.ar\\\/web\\\/tension-global-iran-apunta-a-una-ruta-maritima-clave\\\/#primaryimage\"},\"thumbnailUrl\":\"https:\\\/\\\/fmgente.com.ar\\\/web\\\/wp-content\\\/uploads\\\/2026\\\/03\\\/portadax-163.png\",\"articleSection\":[\"DESTACADAS\"],\"inLanguage\":\"es\"},{\"@type\":\"WebPage\",\"@id\":\"https:\\\/\\\/fmgente.com.ar\\\/web\\\/tension-global-iran-apunta-a-una-ruta-maritima-clave\\\/\",\"url\":\"https:\\\/\\\/fmgente.com.ar\\\/web\\\/tension-global-iran-apunta-a-una-ruta-maritima-clave\\\/\",\"name\":\"Tensi\u00f3n global: Ir\u00e1n apunta a una ruta mar\u00edtima clave - Fm Gente\",\"isPartOf\":{\"@id\":\"https:\\\/\\\/fmgente.com.ar\\\/web\\\/#website\"},\"primaryImageOfPage\":{\"@id\":\"https:\\\/\\\/fmgente.com.ar\\\/web\\\/tension-global-iran-apunta-a-una-ruta-maritima-clave\\\/#primaryimage\"},\"image\":{\"@id\":\"https:\\\/\\\/fmgente.com.ar\\\/web\\\/tension-global-iran-apunta-a-una-ruta-maritima-clave\\\/#primaryimage\"},\"thumbnailUrl\":\"https:\\\/\\\/fmgente.com.ar\\\/web\\\/wp-content\\\/uploads\\\/2026\\\/03\\\/portadax-163.png\",\"datePublished\":\"2026-03-26T06:06:20+00:00\",\"inLanguage\":\"es\",\"potentialAction\":[{\"@type\":\"ReadAction\",\"target\":[\"https:\\\/\\\/fmgente.com.ar\\\/web\\\/tension-global-iran-apunta-a-una-ruta-maritima-clave\\\/\"]}]},{\"@type\":\"ImageObject\",\"inLanguage\":\"es\",\"@id\":\"https:\\\/\\\/fmgente.com.ar\\\/web\\\/tension-global-iran-apunta-a-una-ruta-maritima-clave\\\/#primaryimage\",\"url\":\"https:\\\/\\\/fmgente.com.ar\\\/web\\\/wp-content\\\/uploads\\\/2026\\\/03\\\/portadax-163.png\",\"contentUrl\":\"https:\\\/\\\/fmgente.com.ar\\\/web\\\/wp-content\\\/uploads\\\/2026\\\/03\\\/portadax-163.png\",\"width\":1366,\"height\":768},{\"@type\":\"WebSite\",\"@id\":\"https:\\\/\\\/fmgente.com.ar\\\/web\\\/#website\",\"url\":\"https:\\\/\\\/fmgente.com.ar\\\/web\\\/\",\"name\":\"Fm Gente\",\"description\":\"- Jes\u00fas Mar\u00eda\",\"publisher\":{\"@id\":\"https:\\\/\\\/fmgente.com.ar\\\/web\\\/#organization\"},\"potentialAction\":[{\"@type\":\"SearchAction\",\"target\":{\"@type\":\"EntryPoint\",\"urlTemplate\":\"https:\\\/\\\/fmgente.com.ar\\\/web\\\/?s={search_term_string}\"},\"query-input\":{\"@type\":\"PropertyValueSpecification\",\"valueRequired\":true,\"valueName\":\"search_term_string\"}}],\"inLanguage\":\"es\"},{\"@type\":\"Organization\",\"@id\":\"https:\\\/\\\/fmgente.com.ar\\\/web\\\/#organization\",\"name\":\"Fm Gente\",\"url\":\"https:\\\/\\\/fmgente.com.ar\\\/web\\\/\",\"logo\":{\"@type\":\"ImageObject\",\"inLanguage\":\"es\",\"@id\":\"https:\\\/\\\/fmgente.com.ar\\\/web\\\/#\\\/schema\\\/logo\\\/image\\\/\",\"url\":\"https:\\\/\\\/fmgente.com.ar\\\/web\\\/wp-content\\\/uploads\\\/2023\\\/07\\\/cropped-cropped-logo-sombra2.png\",\"contentUrl\":\"https:\\\/\\\/fmgente.com.ar\\\/web\\\/wp-content\\\/uploads\\\/2023\\\/07\\\/cropped-cropped-logo-sombra2.png\",\"width\":1782,\"height\":1782,\"caption\":\"Fm Gente\"},\"image\":{\"@id\":\"https:\\\/\\\/fmgente.com.ar\\\/web\\\/#\\\/schema\\\/logo\\\/image\\\/\"}}]}<\/script>\n<!-- \/ Yoast SEO plugin. -->","yoast_head_json":{"title":"Tensi\u00f3n global: Ir\u00e1n apunta a una ruta mar\u00edtima clave - Fm Gente","robots":{"index":"index","follow":"follow","max-snippet":"max-snippet:-1","max-image-preview":"max-image-preview:large","max-video-preview":"max-video-preview:-1"},"canonical":"https:\/\/fmgente.com.ar\/web\/tension-global-iran-apunta-a-una-ruta-maritima-clave\/","og_locale":"es_ES","og_type":"article","og_title":"Tensi\u00f3n global: Ir\u00e1n apunta a una ruta mar\u00edtima clave - Fm Gente","og_description":"Ir\u00e1n elev\u00f3 la tensi\u00f3n en Medio Oriente con una advertencia directa a EEUU: asegur\u00f3 que","og_url":"https:\/\/fmgente.com.ar\/web\/tension-global-iran-apunta-a-una-ruta-maritima-clave\/","og_site_name":"Fm Gente","article_published_time":"2026-03-26T06:06:20+00:00","twitter_card":"summary_large_image","twitter_misc":{"Tiempo de lectura":"3 minutos"},"schema":{"@context":"https:\/\/schema.org","@graph":[{"@type":"Article","@id":"https:\/\/fmgente.com.ar\/web\/tension-global-iran-apunta-a-una-ruta-maritima-clave\/#article","isPartOf":{"@id":"https:\/\/fmgente.com.ar\/web\/tension-global-iran-apunta-a-una-ruta-maritima-clave\/"},"author":{"name":"","@id":""},"headline":"Tensi\u00f3n global: Ir\u00e1n apunta a una ruta mar\u00edtima clave","datePublished":"2026-03-26T06:06:20+00:00","mainEntityOfPage":{"@id":"https:\/\/fmgente.com.ar\/web\/tension-global-iran-apunta-a-una-ruta-maritima-clave\/"},"wordCount":521,"publisher":{"@id":"https:\/\/fmgente.com.ar\/web\/#organization"},"image":{"@id":"https:\/\/fmgente.com.ar\/web\/tension-global-iran-apunta-a-una-ruta-maritima-clave\/#primaryimage"},"thumbnailUrl":"https:\/\/fmgente.com.ar\/web\/wp-content\/uploads\/2026\/03\/portadax-163.png","articleSection":["DESTACADAS"],"inLanguage":"es"},{"@type":"WebPage","@id":"https:\/\/fmgente.com.ar\/web\/tension-global-iran-apunta-a-una-ruta-maritima-clave\/","url":"https:\/\/fmgente.com.ar\/web\/tension-global-iran-apunta-a-una-ruta-maritima-clave\/","name":"Tensi\u00f3n global: Ir\u00e1n apunta a una ruta mar\u00edtima clave - Fm Gente","isPartOf":{"@id":"https:\/\/fmgente.com.ar\/web\/#website"},"primaryImageOfPage":{"@id":"https:\/\/fmgente.com.ar\/web\/tension-global-iran-apunta-a-una-ruta-maritima-clave\/#primaryimage"},"image":{"@id":"https:\/\/fmgente.com.ar\/web\/tension-global-iran-apunta-a-una-ruta-maritima-clave\/#primaryimage"},"thumbnailUrl":"https:\/\/fmgente.com.ar\/web\/wp-content\/uploads\/2026\/03\/portadax-163.png","datePublished":"2026-03-26T06:06:20+00:00","inLanguage":"es","potentialAction":[{"@type":"ReadAction","target":["https:\/\/fmgente.com.ar\/web\/tension-global-iran-apunta-a-una-ruta-maritima-clave\/"]}]},{"@type":"ImageObject","inLanguage":"es","@id":"https:\/\/fmgente.com.ar\/web\/tension-global-iran-apunta-a-una-ruta-maritima-clave\/#primaryimage","url":"https:\/\/fmgente.com.ar\/web\/wp-content\/uploads\/2026\/03\/portadax-163.png","contentUrl":"https:\/\/fmgente.com.ar\/web\/wp-content\/uploads\/2026\/03\/portadax-163.png","width":1366,"height":768},{"@type":"WebSite","@id":"https:\/\/fmgente.com.ar\/web\/#website","url":"https:\/\/fmgente.com.ar\/web\/","name":"Fm Gente","description":"- Jes\u00fas Mar\u00eda","publisher":{"@id":"https:\/\/fmgente.com.ar\/web\/#organization"},"potentialAction":[{"@type":"SearchAction","target":{"@type":"EntryPoint","urlTemplate":"https:\/\/fmgente.com.ar\/web\/?s={search_term_string}"},"query-input":{"@type":"PropertyValueSpecification","valueRequired":true,"valueName":"search_term_string"}}],"inLanguage":"es"},{"@type":"Organization","@id":"https:\/\/fmgente.com.ar\/web\/#organization","name":"Fm Gente","url":"https:\/\/fmgente.com.ar\/web\/","logo":{"@type":"ImageObject","inLanguage":"es","@id":"https:\/\/fmgente.com.ar\/web\/#\/schema\/logo\/image\/","url":"https:\/\/fmgente.com.ar\/web\/wp-content\/uploads\/2023\/07\/cropped-cropped-logo-sombra2.png","contentUrl":"https:\/\/fmgente.com.ar\/web\/wp-content\/uploads\/2023\/07\/cropped-cropped-logo-sombra2.png","width":1782,"height":1782,"caption":"Fm Gente"},"image":{"@id":"https:\/\/fmgente.com.ar\/web\/#\/schema\/logo\/image\/"}}]}},"_links":{"self":[{"href":"https:\/\/fmgente.com.ar\/web\/wp-json\/wp\/v2\/posts\/16681","targetHints":{"allow":["GET"]}}],"collection":[{"href":"https:\/\/fmgente.com.ar\/web\/wp-json\/wp\/v2\/posts"}],"about":[{"href":"https:\/\/fmgente.com.ar\/web\/wp-json\/wp\/v2\/types\/post"}],"replies":[{"embeddable":true,"href":"https:\/\/fmgente.com.ar\/web\/wp-json\/wp\/v2\/comments?post=16681"}],"version-history":[{"count":0,"href":"https:\/\/fmgente.com.ar\/web\/wp-json\/wp\/v2\/posts\/16681\/revisions"}],"wp:featuredmedia":[{"embeddable":true,"href":"https:\/\/fmgente.com.ar\/web\/wp-json\/wp\/v2\/media\/16682"}],"wp:attachment":[{"href":"https:\/\/fmgente.com.ar\/web\/wp-json\/wp\/v2\/media?parent=16681"}],"wp:term":[{"taxonomy":"category","embeddable":true,"href":"https:\/\/fmgente.com.ar\/web\/wp-json\/wp\/v2\/categories?post=16681"},{"taxonomy":"post_tag","embeddable":true,"href":"https:\/\/fmgente.com.ar\/web\/wp-json\/wp\/v2\/tags?post=16681"}],"curies":[{"name":"wp","href":"https:\/\/api.w.org\/{rel}","templated":true}]}}