{"id":16677,"date":"2026-03-26T03:06:18","date_gmt":"2026-03-26T06:06:18","guid":{"rendered":"https:\/\/fmgente.com.ar\/web\/nelson-castro-se-canso-de-la-sanata-de-adorni-lo-comparo-con-espert-y-deslizo-un-tiene-que-irse\/"},"modified":"2026-03-26T03:06:18","modified_gmt":"2026-03-26T06:06:18","slug":"nelson-castro-se-canso-de-la-sanata-de-adorni-lo-comparo-con-espert-y-deslizo-un-tiene-que-irse","status":"publish","type":"post","link":"https:\/\/fmgente.com.ar\/web\/nelson-castro-se-canso-de-la-sanata-de-adorni-lo-comparo-con-espert-y-deslizo-un-tiene-que-irse\/","title":{"rendered":"Nelson Castro se cans\u00f3 de la sanata de Adorni, lo compar\u00f3 con Espert y desliz\u00f3 un \u201ctiene que irse\u201d"},"content":{"rendered":"<p>El Jefe de Gabinete Manuel Adorni atraviesa horas de fuerte exposici\u00f3n tras una seguidilla de pol\u00e9micas y una p\u00e9sima conferencia de prensa.<\/p>\n<p>En ese contexto, y luego de las cr\u00edticas que salieron desde los propios aliados del gobierno, el periodista Nelson Castro fue contundente en Radio Rivadavia. <\/p>\n<p>\u201cEs realmente muy impactante, hace acordar mucho al caso Espert\u201d, dijo Nelson Castro en su an\u00e1lisis.<\/p>\n<p>\u201cSi esto hubiera pasado con el kirchnerismo, qu\u00e9 estar\u00eda diciendo ac\u00e1 Adorni, Milei: \u2018tiene que irse\u2019\u201d, agreg\u00f3.<\/p>\n","protected":false},"excerpt":{"rendered":"<p>El Jefe de Gabinete Manuel Adorni atraviesa horas de fuerte exposici\u00f3n tras una seguidilla de<\/p>\n","protected":false},"author":0,"featured_media":16678,"comment_status":"","ping_status":"","sticky":false,"template":"","format":"standard","meta":{"footnotes":""},"categories":[11],"tags":[],"class_list":["post-16677","post","type-post","status-publish","format-standard","has-post-thumbnail","hentry","category-destacadas"],"yoast_head":"<!-- This site is optimized with the Yoast SEO plugin v27.4 - https:\/\/yoast.com\/product\/yoast-seo-wordpress\/ -->\n<title>Nelson Castro se cans\u00f3 de la sanata de Adorni, lo compar\u00f3 con Espert y desliz\u00f3 un \u201ctiene que irse\u201d - Fm Gente<\/title>\n<meta name=\"robots\" content=\"index, follow, max-snippet:-1, max-image-preview:large, max-video-preview:-1\" \/>\n<link rel=\"canonical\" href=\"https:\/\/fmgente.com.ar\/web\/nelson-castro-se-canso-de-la-sanata-de-adorni-lo-comparo-con-espert-y-deslizo-un-tiene-que-irse\/\" \/>\n<meta property=\"og:locale\" content=\"es_ES\" \/>\n<meta property=\"og:type\" content=\"article\" \/>\n<meta property=\"og:title\" content=\"Nelson Castro se cans\u00f3 de la sanata de Adorni, lo compar\u00f3 con Espert y desliz\u00f3 un \u201ctiene que irse\u201d - Fm Gente\" \/>\n<meta property=\"og:description\" content=\"El Jefe de Gabinete Manuel Adorni atraviesa horas de fuerte exposici\u00f3n tras una seguidilla de\" \/>\n<meta property=\"og:url\" content=\"https:\/\/fmgente.com.ar\/web\/nelson-castro-se-canso-de-la-sanata-de-adorni-lo-comparo-con-espert-y-deslizo-un-tiene-que-irse\/\" \/>\n<meta property=\"og:site_name\" content=\"Fm Gente\" \/>\n<meta property=\"article:published_time\" content=\"2026-03-26T06:06:18+00:00\" \/>\n<meta name=\"twitter:card\" content=\"summary_large_image\" \/>\n<script type=\"application\/ld+json\" class=\"yoast-schema-graph\">{\"@context\":\"https:\\\/\\\/schema.org\",\"@graph\":[{\"@type\":\"Article\",\"@id\":\"https:\\\/\\\/fmgente.com.ar\\\/web\\\/nelson-castro-se-canso-de-la-sanata-de-adorni-lo-comparo-con-espert-y-deslizo-un-tiene-que-irse\\\/#article\",\"isPartOf\":{\"@id\":\"https:\\\/\\\/fmgente.com.ar\\\/web\\\/nelson-castro-se-canso-de-la-sanata-de-adorni-lo-comparo-con-espert-y-deslizo-un-tiene-que-irse\\\/\"},\"author\":{\"name\":\"\",\"@id\":\"\"},\"headline\":\"Nelson Castro se cans\u00f3 de la sanata de Adorni, lo compar\u00f3 con Espert y desliz\u00f3 un \u201ctiene que irse\u201d\",\"datePublished\":\"2026-03-26T06:06:18+00:00\",\"mainEntityOfPage\":{\"@id\":\"https:\\\/\\\/fmgente.com.ar\\\/web\\\/nelson-castro-se-canso-de-la-sanata-de-adorni-lo-comparo-con-espert-y-deslizo-un-tiene-que-irse\\\/\"},\"wordCount\":105,\"publisher\":{\"@id\":\"https:\\\/\\\/fmgente.com.ar\\\/web\\\/#organization\"},\"image\":{\"@id\":\"https:\\\/\\\/fmgente.com.ar\\\/web\\\/nelson-castro-se-canso-de-la-sanata-de-adorni-lo-comparo-con-espert-y-deslizo-un-tiene-que-irse\\\/#primaryimage\"},\"thumbnailUrl\":\"https:\\\/\\\/fmgente.com.ar\\\/web\\\/wp-content\\\/uploads\\\/2026\\\/03\\\/720-1033.jpeg\",\"articleSection\":[\"DESTACADAS\"],\"inLanguage\":\"es\"},{\"@type\":\"WebPage\",\"@id\":\"https:\\\/\\\/fmgente.com.ar\\\/web\\\/nelson-castro-se-canso-de-la-sanata-de-adorni-lo-comparo-con-espert-y-deslizo-un-tiene-que-irse\\\/\",\"url\":\"https:\\\/\\\/fmgente.com.ar\\\/web\\\/nelson-castro-se-canso-de-la-sanata-de-adorni-lo-comparo-con-espert-y-deslizo-un-tiene-que-irse\\\/\",\"name\":\"Nelson Castro se cans\u00f3 de la sanata de Adorni, lo compar\u00f3 con Espert y desliz\u00f3 un \u201ctiene que irse\u201d - Fm Gente\",\"isPartOf\":{\"@id\":\"https:\\\/\\\/fmgente.com.ar\\\/web\\\/#website\"},\"primaryImageOfPage\":{\"@id\":\"https:\\\/\\\/fmgente.com.ar\\\/web\\\/nelson-castro-se-canso-de-la-sanata-de-adorni-lo-comparo-con-espert-y-deslizo-un-tiene-que-irse\\\/#primaryimage\"},\"image\":{\"@id\":\"https:\\\/\\\/fmgente.com.ar\\\/web\\\/nelson-castro-se-canso-de-la-sanata-de-adorni-lo-comparo-con-espert-y-deslizo-un-tiene-que-irse\\\/#primaryimage\"},\"thumbnailUrl\":\"https:\\\/\\\/fmgente.com.ar\\\/web\\\/wp-content\\\/uploads\\\/2026\\\/03\\\/720-1033.jpeg\",\"datePublished\":\"2026-03-26T06:06:18+00:00\",\"inLanguage\":\"es\",\"potentialAction\":[{\"@type\":\"ReadAction\",\"target\":[\"https:\\\/\\\/fmgente.com.ar\\\/web\\\/nelson-castro-se-canso-de-la-sanata-de-adorni-lo-comparo-con-espert-y-deslizo-un-tiene-que-irse\\\/\"]}]},{\"@type\":\"ImageObject\",\"inLanguage\":\"es\",\"@id\":\"https:\\\/\\\/fmgente.com.ar\\\/web\\\/nelson-castro-se-canso-de-la-sanata-de-adorni-lo-comparo-con-espert-y-deslizo-un-tiene-que-irse\\\/#primaryimage\",\"url\":\"https:\\\/\\\/fmgente.com.ar\\\/web\\\/wp-content\\\/uploads\\\/2026\\\/03\\\/720-1033.jpeg\",\"contentUrl\":\"https:\\\/\\\/fmgente.com.ar\\\/web\\\/wp-content\\\/uploads\\\/2026\\\/03\\\/720-1033.jpeg\",\"width\":1260,\"height\":720},{\"@type\":\"WebSite\",\"@id\":\"https:\\\/\\\/fmgente.com.ar\\\/web\\\/#website\",\"url\":\"https:\\\/\\\/fmgente.com.ar\\\/web\\\/\",\"name\":\"Fm Gente\",\"description\":\"- Jes\u00fas Mar\u00eda\",\"publisher\":{\"@id\":\"https:\\\/\\\/fmgente.com.ar\\\/web\\\/#organization\"},\"potentialAction\":[{\"@type\":\"SearchAction\",\"target\":{\"@type\":\"EntryPoint\",\"urlTemplate\":\"https:\\\/\\\/fmgente.com.ar\\\/web\\\/?s={search_term_string}\"},\"query-input\":{\"@type\":\"PropertyValueSpecification\",\"valueRequired\":true,\"valueName\":\"search_term_string\"}}],\"inLanguage\":\"es\"},{\"@type\":\"Organization\",\"@id\":\"https:\\\/\\\/fmgente.com.ar\\\/web\\\/#organization\",\"name\":\"Fm Gente\",\"url\":\"https:\\\/\\\/fmgente.com.ar\\\/web\\\/\",\"logo\":{\"@type\":\"ImageObject\",\"inLanguage\":\"es\",\"@id\":\"https:\\\/\\\/fmgente.com.ar\\\/web\\\/#\\\/schema\\\/logo\\\/image\\\/\",\"url\":\"https:\\\/\\\/fmgente.com.ar\\\/web\\\/wp-content\\\/uploads\\\/2023\\\/07\\\/cropped-cropped-logo-sombra2.png\",\"contentUrl\":\"https:\\\/\\\/fmgente.com.ar\\\/web\\\/wp-content\\\/uploads\\\/2023\\\/07\\\/cropped-cropped-logo-sombra2.png\",\"width\":1782,\"height\":1782,\"caption\":\"Fm Gente\"},\"image\":{\"@id\":\"https:\\\/\\\/fmgente.com.ar\\\/web\\\/#\\\/schema\\\/logo\\\/image\\\/\"}}]}<\/script>\n<!-- \/ Yoast SEO plugin. -->","yoast_head_json":{"title":"Nelson Castro se cans\u00f3 de la sanata de Adorni, lo compar\u00f3 con Espert y desliz\u00f3 un \u201ctiene que irse\u201d - Fm Gente","robots":{"index":"index","follow":"follow","max-snippet":"max-snippet:-1","max-image-preview":"max-image-preview:large","max-video-preview":"max-video-preview:-1"},"canonical":"https:\/\/fmgente.com.ar\/web\/nelson-castro-se-canso-de-la-sanata-de-adorni-lo-comparo-con-espert-y-deslizo-un-tiene-que-irse\/","og_locale":"es_ES","og_type":"article","og_title":"Nelson Castro se cans\u00f3 de la sanata de Adorni, lo compar\u00f3 con Espert y desliz\u00f3 un \u201ctiene que irse\u201d - Fm Gente","og_description":"El Jefe de Gabinete Manuel Adorni atraviesa horas de fuerte exposici\u00f3n tras una seguidilla de","og_url":"https:\/\/fmgente.com.ar\/web\/nelson-castro-se-canso-de-la-sanata-de-adorni-lo-comparo-con-espert-y-deslizo-un-tiene-que-irse\/","og_site_name":"Fm Gente","article_published_time":"2026-03-26T06:06:18+00:00","twitter_card":"summary_large_image","schema":{"@context":"https:\/\/schema.org","@graph":[{"@type":"Article","@id":"https:\/\/fmgente.com.ar\/web\/nelson-castro-se-canso-de-la-sanata-de-adorni-lo-comparo-con-espert-y-deslizo-un-tiene-que-irse\/#article","isPartOf":{"@id":"https:\/\/fmgente.com.ar\/web\/nelson-castro-se-canso-de-la-sanata-de-adorni-lo-comparo-con-espert-y-deslizo-un-tiene-que-irse\/"},"author":{"name":"","@id":""},"headline":"Nelson Castro se cans\u00f3 de la sanata de Adorni, lo compar\u00f3 con Espert y desliz\u00f3 un \u201ctiene que irse\u201d","datePublished":"2026-03-26T06:06:18+00:00","mainEntityOfPage":{"@id":"https:\/\/fmgente.com.ar\/web\/nelson-castro-se-canso-de-la-sanata-de-adorni-lo-comparo-con-espert-y-deslizo-un-tiene-que-irse\/"},"wordCount":105,"publisher":{"@id":"https:\/\/fmgente.com.ar\/web\/#organization"},"image":{"@id":"https:\/\/fmgente.com.ar\/web\/nelson-castro-se-canso-de-la-sanata-de-adorni-lo-comparo-con-espert-y-deslizo-un-tiene-que-irse\/#primaryimage"},"thumbnailUrl":"https:\/\/fmgente.com.ar\/web\/wp-content\/uploads\/2026\/03\/720-1033.jpeg","articleSection":["DESTACADAS"],"inLanguage":"es"},{"@type":"WebPage","@id":"https:\/\/fmgente.com.ar\/web\/nelson-castro-se-canso-de-la-sanata-de-adorni-lo-comparo-con-espert-y-deslizo-un-tiene-que-irse\/","url":"https:\/\/fmgente.com.ar\/web\/nelson-castro-se-canso-de-la-sanata-de-adorni-lo-comparo-con-espert-y-deslizo-un-tiene-que-irse\/","name":"Nelson Castro se cans\u00f3 de la sanata de Adorni, lo compar\u00f3 con Espert y desliz\u00f3 un \u201ctiene que irse\u201d - Fm Gente","isPartOf":{"@id":"https:\/\/fmgente.com.ar\/web\/#website"},"primaryImageOfPage":{"@id":"https:\/\/fmgente.com.ar\/web\/nelson-castro-se-canso-de-la-sanata-de-adorni-lo-comparo-con-espert-y-deslizo-un-tiene-que-irse\/#primaryimage"},"image":{"@id":"https:\/\/fmgente.com.ar\/web\/nelson-castro-se-canso-de-la-sanata-de-adorni-lo-comparo-con-espert-y-deslizo-un-tiene-que-irse\/#primaryimage"},"thumbnailUrl":"https:\/\/fmgente.com.ar\/web\/wp-content\/uploads\/2026\/03\/720-1033.jpeg","datePublished":"2026-03-26T06:06:18+00:00","inLanguage":"es","potentialAction":[{"@type":"ReadAction","target":["https:\/\/fmgente.com.ar\/web\/nelson-castro-se-canso-de-la-sanata-de-adorni-lo-comparo-con-espert-y-deslizo-un-tiene-que-irse\/"]}]},{"@type":"ImageObject","inLanguage":"es","@id":"https:\/\/fmgente.com.ar\/web\/nelson-castro-se-canso-de-la-sanata-de-adorni-lo-comparo-con-espert-y-deslizo-un-tiene-que-irse\/#primaryimage","url":"https:\/\/fmgente.com.ar\/web\/wp-content\/uploads\/2026\/03\/720-1033.jpeg","contentUrl":"https:\/\/fmgente.com.ar\/web\/wp-content\/uploads\/2026\/03\/720-1033.jpeg","width":1260,"height":720},{"@type":"WebSite","@id":"https:\/\/fmgente.com.ar\/web\/#website","url":"https:\/\/fmgente.com.ar\/web\/","name":"Fm Gente","description":"- Jes\u00fas Mar\u00eda","publisher":{"@id":"https:\/\/fmgente.com.ar\/web\/#organization"},"potentialAction":[{"@type":"SearchAction","target":{"@type":"EntryPoint","urlTemplate":"https:\/\/fmgente.com.ar\/web\/?s={search_term_string}"},"query-input":{"@type":"PropertyValueSpecification","valueRequired":true,"valueName":"search_term_string"}}],"inLanguage":"es"},{"@type":"Organization","@id":"https:\/\/fmgente.com.ar\/web\/#organization","name":"Fm Gente","url":"https:\/\/fmgente.com.ar\/web\/","logo":{"@type":"ImageObject","inLanguage":"es","@id":"https:\/\/fmgente.com.ar\/web\/#\/schema\/logo\/image\/","url":"https:\/\/fmgente.com.ar\/web\/wp-content\/uploads\/2023\/07\/cropped-cropped-logo-sombra2.png","contentUrl":"https:\/\/fmgente.com.ar\/web\/wp-content\/uploads\/2023\/07\/cropped-cropped-logo-sombra2.png","width":1782,"height":1782,"caption":"Fm Gente"},"image":{"@id":"https:\/\/fmgente.com.ar\/web\/#\/schema\/logo\/image\/"}}]}},"_links":{"self":[{"href":"https:\/\/fmgente.com.ar\/web\/wp-json\/wp\/v2\/posts\/16677","targetHints":{"allow":["GET"]}}],"collection":[{"href":"https:\/\/fmgente.com.ar\/web\/wp-json\/wp\/v2\/posts"}],"about":[{"href":"https:\/\/fmgente.com.ar\/web\/wp-json\/wp\/v2\/types\/post"}],"replies":[{"embeddable":true,"href":"https:\/\/fmgente.com.ar\/web\/wp-json\/wp\/v2\/comments?post=16677"}],"version-history":[{"count":0,"href":"https:\/\/fmgente.com.ar\/web\/wp-json\/wp\/v2\/posts\/16677\/revisions"}],"wp:featuredmedia":[{"embeddable":true,"href":"https:\/\/fmgente.com.ar\/web\/wp-json\/wp\/v2\/media\/16678"}],"wp:attachment":[{"href":"https:\/\/fmgente.com.ar\/web\/wp-json\/wp\/v2\/media?parent=16677"}],"wp:term":[{"taxonomy":"category","embeddable":true,"href":"https:\/\/fmgente.com.ar\/web\/wp-json\/wp\/v2\/categories?post=16677"},{"taxonomy":"post_tag","embeddable":true,"href":"https:\/\/fmgente.com.ar\/web\/wp-json\/wp\/v2\/tags?post=16677"}],"curies":[{"name":"wp","href":"https:\/\/api.w.org\/{rel}","templated":true}]}}