{"id":16673,"date":"2026-03-26T03:06:16","date_gmt":"2026-03-26T06:06:16","guid":{"rendered":"https:\/\/fmgente.com.ar\/web\/adorni-bajo-fuego-propio-cristina-perez-y-joni-viale-lo-dejaron-expuesto-por-el-papelon-que-protagonizo-ante-la-prensa\/"},"modified":"2026-03-26T03:06:16","modified_gmt":"2026-03-26T06:06:16","slug":"adorni-bajo-fuego-propio-cristina-perez-y-joni-viale-lo-dejaron-expuesto-por-el-papelon-que-protagonizo-ante-la-prensa","status":"publish","type":"post","link":"https:\/\/fmgente.com.ar\/web\/adorni-bajo-fuego-propio-cristina-perez-y-joni-viale-lo-dejaron-expuesto-por-el-papelon-que-protagonizo-ante-la-prensa\/","title":{"rendered":"Adorni bajo fuego propio: Cristina P\u00e9rez y Joni Viale lo dejaron expuesto por el papel\u00f3n que protagoniz\u00f3 ante la prensa"},"content":{"rendered":"<p>Manuel Adorni atraviesa horas de fuerte exposici\u00f3n tras una seguidilla de pol\u00e9micas y una p\u00e9sima conferencia de prensa que provocaron diferentes cr\u00edticas, incluso desde su propia tropa.<\/p>\n<p>En ese marco, el periodista Nelson Castro lo fulmin\u00f3 con un fuerte comentario, Mar\u00eda Eugenia Vidal, lo chicane\u00f3 con un picante posteo y los comunicadores oficialistas de Radio Rivadavia se sumaron a los cuestionamientos.<\/p>\n<p> Jonatan Viale y Cristina P\u00e9rez coincidieron en dejar expuesto al Jefe de Gabinete por la conferencia de prensa. \u201c\u00bfEst\u00e1 Adorni para esto?\u201d, se pregunt\u00f3 Viale. Y agreg\u00f3: \u201c\u00bfNo transmite soberbia, altaner\u00eda?\u201d.<\/p>\n<p>\u201cNo ser\u00eda la primera vez que el gobierno sale a confrontar con el periodismo\u201d, sum\u00f3, con tono cr\u00edtico, P\u00e9rez. \u201cLo que me llama la atenci\u00f3n es que se haga la conferencia sabiendo que esa pregunta iba a estar y no la responda\u201d, agreg\u00f3 la pareja del libertario Luis Petri.<\/p>\n","protected":false},"excerpt":{"rendered":"<p>Manuel Adorni atraviesa horas de fuerte exposici\u00f3n tras una seguidilla de pol\u00e9micas y una p\u00e9sima<\/p>\n","protected":false},"author":0,"featured_media":16674,"comment_status":"","ping_status":"","sticky":false,"template":"","format":"standard","meta":{"footnotes":""},"categories":[11],"tags":[],"class_list":["post-16673","post","type-post","status-publish","format-standard","has-post-thumbnail","hentry","category-destacadas"],"yoast_head":"<!-- This site is optimized with the Yoast SEO plugin v27.4 - https:\/\/yoast.com\/product\/yoast-seo-wordpress\/ -->\n<title>Adorni bajo fuego propio: Cristina P\u00e9rez y Joni Viale lo dejaron expuesto por el papel\u00f3n que protagoniz\u00f3 ante la prensa - Fm Gente<\/title>\n<meta name=\"robots\" content=\"index, follow, max-snippet:-1, max-image-preview:large, max-video-preview:-1\" \/>\n<link rel=\"canonical\" href=\"https:\/\/fmgente.com.ar\/web\/adorni-bajo-fuego-propio-cristina-perez-y-joni-viale-lo-dejaron-expuesto-por-el-papelon-que-protagonizo-ante-la-prensa\/\" \/>\n<meta property=\"og:locale\" content=\"es_ES\" \/>\n<meta property=\"og:type\" content=\"article\" \/>\n<meta property=\"og:title\" content=\"Adorni bajo fuego propio: Cristina P\u00e9rez y Joni Viale lo dejaron expuesto por el papel\u00f3n que protagoniz\u00f3 ante la prensa - Fm Gente\" \/>\n<meta property=\"og:description\" content=\"Manuel Adorni atraviesa horas de fuerte exposici\u00f3n tras una seguidilla de pol\u00e9micas y una p\u00e9sima\" \/>\n<meta property=\"og:url\" content=\"https:\/\/fmgente.com.ar\/web\/adorni-bajo-fuego-propio-cristina-perez-y-joni-viale-lo-dejaron-expuesto-por-el-papelon-que-protagonizo-ante-la-prensa\/\" \/>\n<meta property=\"og:site_name\" content=\"Fm Gente\" \/>\n<meta property=\"article:published_time\" content=\"2026-03-26T06:06:16+00:00\" \/>\n<meta name=\"twitter:card\" content=\"summary_large_image\" \/>\n<meta name=\"twitter:label1\" content=\"Tiempo de lectura\" \/>\n\t<meta name=\"twitter:data1\" content=\"1 minuto\" \/>\n<script type=\"application\/ld+json\" class=\"yoast-schema-graph\">{\"@context\":\"https:\\\/\\\/schema.org\",\"@graph\":[{\"@type\":\"Article\",\"@id\":\"https:\\\/\\\/fmgente.com.ar\\\/web\\\/adorni-bajo-fuego-propio-cristina-perez-y-joni-viale-lo-dejaron-expuesto-por-el-papelon-que-protagonizo-ante-la-prensa\\\/#article\",\"isPartOf\":{\"@id\":\"https:\\\/\\\/fmgente.com.ar\\\/web\\\/adorni-bajo-fuego-propio-cristina-perez-y-joni-viale-lo-dejaron-expuesto-por-el-papelon-que-protagonizo-ante-la-prensa\\\/\"},\"author\":{\"name\":\"\",\"@id\":\"\"},\"headline\":\"Adorni bajo fuego propio: Cristina P\u00e9rez y Joni Viale lo dejaron expuesto por el papel\u00f3n que protagoniz\u00f3 ante la prensa\",\"datePublished\":\"2026-03-26T06:06:16+00:00\",\"mainEntityOfPage\":{\"@id\":\"https:\\\/\\\/fmgente.com.ar\\\/web\\\/adorni-bajo-fuego-propio-cristina-perez-y-joni-viale-lo-dejaron-expuesto-por-el-papelon-que-protagonizo-ante-la-prensa\\\/\"},\"wordCount\":174,\"publisher\":{\"@id\":\"https:\\\/\\\/fmgente.com.ar\\\/web\\\/#organization\"},\"image\":{\"@id\":\"https:\\\/\\\/fmgente.com.ar\\\/web\\\/adorni-bajo-fuego-propio-cristina-perez-y-joni-viale-lo-dejaron-expuesto-por-el-papelon-que-protagonizo-ante-la-prensa\\\/#primaryimage\"},\"thumbnailUrl\":\"https:\\\/\\\/fmgente.com.ar\\\/web\\\/wp-content\\\/uploads\\\/2026\\\/03\\\/720-1031.jpeg\",\"articleSection\":[\"DESTACADAS\"],\"inLanguage\":\"es\"},{\"@type\":\"WebPage\",\"@id\":\"https:\\\/\\\/fmgente.com.ar\\\/web\\\/adorni-bajo-fuego-propio-cristina-perez-y-joni-viale-lo-dejaron-expuesto-por-el-papelon-que-protagonizo-ante-la-prensa\\\/\",\"url\":\"https:\\\/\\\/fmgente.com.ar\\\/web\\\/adorni-bajo-fuego-propio-cristina-perez-y-joni-viale-lo-dejaron-expuesto-por-el-papelon-que-protagonizo-ante-la-prensa\\\/\",\"name\":\"Adorni bajo fuego propio: Cristina P\u00e9rez y Joni Viale lo dejaron expuesto por el papel\u00f3n que protagoniz\u00f3 ante la prensa - Fm Gente\",\"isPartOf\":{\"@id\":\"https:\\\/\\\/fmgente.com.ar\\\/web\\\/#website\"},\"primaryImageOfPage\":{\"@id\":\"https:\\\/\\\/fmgente.com.ar\\\/web\\\/adorni-bajo-fuego-propio-cristina-perez-y-joni-viale-lo-dejaron-expuesto-por-el-papelon-que-protagonizo-ante-la-prensa\\\/#primaryimage\"},\"image\":{\"@id\":\"https:\\\/\\\/fmgente.com.ar\\\/web\\\/adorni-bajo-fuego-propio-cristina-perez-y-joni-viale-lo-dejaron-expuesto-por-el-papelon-que-protagonizo-ante-la-prensa\\\/#primaryimage\"},\"thumbnailUrl\":\"https:\\\/\\\/fmgente.com.ar\\\/web\\\/wp-content\\\/uploads\\\/2026\\\/03\\\/720-1031.jpeg\",\"datePublished\":\"2026-03-26T06:06:16+00:00\",\"inLanguage\":\"es\",\"potentialAction\":[{\"@type\":\"ReadAction\",\"target\":[\"https:\\\/\\\/fmgente.com.ar\\\/web\\\/adorni-bajo-fuego-propio-cristina-perez-y-joni-viale-lo-dejaron-expuesto-por-el-papelon-que-protagonizo-ante-la-prensa\\\/\"]}]},{\"@type\":\"ImageObject\",\"inLanguage\":\"es\",\"@id\":\"https:\\\/\\\/fmgente.com.ar\\\/web\\\/adorni-bajo-fuego-propio-cristina-perez-y-joni-viale-lo-dejaron-expuesto-por-el-papelon-que-protagonizo-ante-la-prensa\\\/#primaryimage\",\"url\":\"https:\\\/\\\/fmgente.com.ar\\\/web\\\/wp-content\\\/uploads\\\/2026\\\/03\\\/720-1031.jpeg\",\"contentUrl\":\"https:\\\/\\\/fmgente.com.ar\\\/web\\\/wp-content\\\/uploads\\\/2026\\\/03\\\/720-1031.jpeg\",\"width\":1246,\"height\":720},{\"@type\":\"WebSite\",\"@id\":\"https:\\\/\\\/fmgente.com.ar\\\/web\\\/#website\",\"url\":\"https:\\\/\\\/fmgente.com.ar\\\/web\\\/\",\"name\":\"Fm Gente\",\"description\":\"- Jes\u00fas Mar\u00eda\",\"publisher\":{\"@id\":\"https:\\\/\\\/fmgente.com.ar\\\/web\\\/#organization\"},\"potentialAction\":[{\"@type\":\"SearchAction\",\"target\":{\"@type\":\"EntryPoint\",\"urlTemplate\":\"https:\\\/\\\/fmgente.com.ar\\\/web\\\/?s={search_term_string}\"},\"query-input\":{\"@type\":\"PropertyValueSpecification\",\"valueRequired\":true,\"valueName\":\"search_term_string\"}}],\"inLanguage\":\"es\"},{\"@type\":\"Organization\",\"@id\":\"https:\\\/\\\/fmgente.com.ar\\\/web\\\/#organization\",\"name\":\"Fm Gente\",\"url\":\"https:\\\/\\\/fmgente.com.ar\\\/web\\\/\",\"logo\":{\"@type\":\"ImageObject\",\"inLanguage\":\"es\",\"@id\":\"https:\\\/\\\/fmgente.com.ar\\\/web\\\/#\\\/schema\\\/logo\\\/image\\\/\",\"url\":\"https:\\\/\\\/fmgente.com.ar\\\/web\\\/wp-content\\\/uploads\\\/2023\\\/07\\\/cropped-cropped-logo-sombra2.png\",\"contentUrl\":\"https:\\\/\\\/fmgente.com.ar\\\/web\\\/wp-content\\\/uploads\\\/2023\\\/07\\\/cropped-cropped-logo-sombra2.png\",\"width\":1782,\"height\":1782,\"caption\":\"Fm Gente\"},\"image\":{\"@id\":\"https:\\\/\\\/fmgente.com.ar\\\/web\\\/#\\\/schema\\\/logo\\\/image\\\/\"}}]}<\/script>\n<!-- \/ Yoast SEO plugin. -->","yoast_head_json":{"title":"Adorni bajo fuego propio: Cristina P\u00e9rez y Joni Viale lo dejaron expuesto por el papel\u00f3n que protagoniz\u00f3 ante la prensa - Fm Gente","robots":{"index":"index","follow":"follow","max-snippet":"max-snippet:-1","max-image-preview":"max-image-preview:large","max-video-preview":"max-video-preview:-1"},"canonical":"https:\/\/fmgente.com.ar\/web\/adorni-bajo-fuego-propio-cristina-perez-y-joni-viale-lo-dejaron-expuesto-por-el-papelon-que-protagonizo-ante-la-prensa\/","og_locale":"es_ES","og_type":"article","og_title":"Adorni bajo fuego propio: Cristina P\u00e9rez y Joni Viale lo dejaron expuesto por el papel\u00f3n que protagoniz\u00f3 ante la prensa - Fm Gente","og_description":"Manuel Adorni atraviesa horas de fuerte exposici\u00f3n tras una seguidilla de pol\u00e9micas y una p\u00e9sima","og_url":"https:\/\/fmgente.com.ar\/web\/adorni-bajo-fuego-propio-cristina-perez-y-joni-viale-lo-dejaron-expuesto-por-el-papelon-que-protagonizo-ante-la-prensa\/","og_site_name":"Fm Gente","article_published_time":"2026-03-26T06:06:16+00:00","twitter_card":"summary_large_image","twitter_misc":{"Tiempo de lectura":"1 minuto"},"schema":{"@context":"https:\/\/schema.org","@graph":[{"@type":"Article","@id":"https:\/\/fmgente.com.ar\/web\/adorni-bajo-fuego-propio-cristina-perez-y-joni-viale-lo-dejaron-expuesto-por-el-papelon-que-protagonizo-ante-la-prensa\/#article","isPartOf":{"@id":"https:\/\/fmgente.com.ar\/web\/adorni-bajo-fuego-propio-cristina-perez-y-joni-viale-lo-dejaron-expuesto-por-el-papelon-que-protagonizo-ante-la-prensa\/"},"author":{"name":"","@id":""},"headline":"Adorni bajo fuego propio: Cristina P\u00e9rez y Joni Viale lo dejaron expuesto por el papel\u00f3n que protagoniz\u00f3 ante la prensa","datePublished":"2026-03-26T06:06:16+00:00","mainEntityOfPage":{"@id":"https:\/\/fmgente.com.ar\/web\/adorni-bajo-fuego-propio-cristina-perez-y-joni-viale-lo-dejaron-expuesto-por-el-papelon-que-protagonizo-ante-la-prensa\/"},"wordCount":174,"publisher":{"@id":"https:\/\/fmgente.com.ar\/web\/#organization"},"image":{"@id":"https:\/\/fmgente.com.ar\/web\/adorni-bajo-fuego-propio-cristina-perez-y-joni-viale-lo-dejaron-expuesto-por-el-papelon-que-protagonizo-ante-la-prensa\/#primaryimage"},"thumbnailUrl":"https:\/\/fmgente.com.ar\/web\/wp-content\/uploads\/2026\/03\/720-1031.jpeg","articleSection":["DESTACADAS"],"inLanguage":"es"},{"@type":"WebPage","@id":"https:\/\/fmgente.com.ar\/web\/adorni-bajo-fuego-propio-cristina-perez-y-joni-viale-lo-dejaron-expuesto-por-el-papelon-que-protagonizo-ante-la-prensa\/","url":"https:\/\/fmgente.com.ar\/web\/adorni-bajo-fuego-propio-cristina-perez-y-joni-viale-lo-dejaron-expuesto-por-el-papelon-que-protagonizo-ante-la-prensa\/","name":"Adorni bajo fuego propio: Cristina P\u00e9rez y Joni Viale lo dejaron expuesto por el papel\u00f3n que protagoniz\u00f3 ante la prensa - Fm Gente","isPartOf":{"@id":"https:\/\/fmgente.com.ar\/web\/#website"},"primaryImageOfPage":{"@id":"https:\/\/fmgente.com.ar\/web\/adorni-bajo-fuego-propio-cristina-perez-y-joni-viale-lo-dejaron-expuesto-por-el-papelon-que-protagonizo-ante-la-prensa\/#primaryimage"},"image":{"@id":"https:\/\/fmgente.com.ar\/web\/adorni-bajo-fuego-propio-cristina-perez-y-joni-viale-lo-dejaron-expuesto-por-el-papelon-que-protagonizo-ante-la-prensa\/#primaryimage"},"thumbnailUrl":"https:\/\/fmgente.com.ar\/web\/wp-content\/uploads\/2026\/03\/720-1031.jpeg","datePublished":"2026-03-26T06:06:16+00:00","inLanguage":"es","potentialAction":[{"@type":"ReadAction","target":["https:\/\/fmgente.com.ar\/web\/adorni-bajo-fuego-propio-cristina-perez-y-joni-viale-lo-dejaron-expuesto-por-el-papelon-que-protagonizo-ante-la-prensa\/"]}]},{"@type":"ImageObject","inLanguage":"es","@id":"https:\/\/fmgente.com.ar\/web\/adorni-bajo-fuego-propio-cristina-perez-y-joni-viale-lo-dejaron-expuesto-por-el-papelon-que-protagonizo-ante-la-prensa\/#primaryimage","url":"https:\/\/fmgente.com.ar\/web\/wp-content\/uploads\/2026\/03\/720-1031.jpeg","contentUrl":"https:\/\/fmgente.com.ar\/web\/wp-content\/uploads\/2026\/03\/720-1031.jpeg","width":1246,"height":720},{"@type":"WebSite","@id":"https:\/\/fmgente.com.ar\/web\/#website","url":"https:\/\/fmgente.com.ar\/web\/","name":"Fm Gente","description":"- Jes\u00fas Mar\u00eda","publisher":{"@id":"https:\/\/fmgente.com.ar\/web\/#organization"},"potentialAction":[{"@type":"SearchAction","target":{"@type":"EntryPoint","urlTemplate":"https:\/\/fmgente.com.ar\/web\/?s={search_term_string}"},"query-input":{"@type":"PropertyValueSpecification","valueRequired":true,"valueName":"search_term_string"}}],"inLanguage":"es"},{"@type":"Organization","@id":"https:\/\/fmgente.com.ar\/web\/#organization","name":"Fm Gente","url":"https:\/\/fmgente.com.ar\/web\/","logo":{"@type":"ImageObject","inLanguage":"es","@id":"https:\/\/fmgente.com.ar\/web\/#\/schema\/logo\/image\/","url":"https:\/\/fmgente.com.ar\/web\/wp-content\/uploads\/2023\/07\/cropped-cropped-logo-sombra2.png","contentUrl":"https:\/\/fmgente.com.ar\/web\/wp-content\/uploads\/2023\/07\/cropped-cropped-logo-sombra2.png","width":1782,"height":1782,"caption":"Fm Gente"},"image":{"@id":"https:\/\/fmgente.com.ar\/web\/#\/schema\/logo\/image\/"}}]}},"_links":{"self":[{"href":"https:\/\/fmgente.com.ar\/web\/wp-json\/wp\/v2\/posts\/16673","targetHints":{"allow":["GET"]}}],"collection":[{"href":"https:\/\/fmgente.com.ar\/web\/wp-json\/wp\/v2\/posts"}],"about":[{"href":"https:\/\/fmgente.com.ar\/web\/wp-json\/wp\/v2\/types\/post"}],"replies":[{"embeddable":true,"href":"https:\/\/fmgente.com.ar\/web\/wp-json\/wp\/v2\/comments?post=16673"}],"version-history":[{"count":0,"href":"https:\/\/fmgente.com.ar\/web\/wp-json\/wp\/v2\/posts\/16673\/revisions"}],"wp:featuredmedia":[{"embeddable":true,"href":"https:\/\/fmgente.com.ar\/web\/wp-json\/wp\/v2\/media\/16674"}],"wp:attachment":[{"href":"https:\/\/fmgente.com.ar\/web\/wp-json\/wp\/v2\/media?parent=16673"}],"wp:term":[{"taxonomy":"category","embeddable":true,"href":"https:\/\/fmgente.com.ar\/web\/wp-json\/wp\/v2\/categories?post=16673"},{"taxonomy":"post_tag","embeddable":true,"href":"https:\/\/fmgente.com.ar\/web\/wp-json\/wp\/v2\/tags?post=16673"}],"curies":[{"name":"wp","href":"https:\/\/api.w.org\/{rel}","templated":true}]}}