{"id":16671,"date":"2026-03-26T03:06:15","date_gmt":"2026-03-26T06:06:15","guid":{"rendered":"https:\/\/fmgente.com.ar\/web\/este-pueblo-santafesino-combina-historia-colonial-con-una-gastronomia-unica-y-es-perfecto-para-una-escapada-como-se-llama\/"},"modified":"2026-03-26T03:06:15","modified_gmt":"2026-03-26T06:06:15","slug":"este-pueblo-santafesino-combina-historia-colonial-con-una-gastronomia-unica-y-es-perfecto-para-una-escapada-como-se-llama","status":"publish","type":"post","link":"https:\/\/fmgente.com.ar\/web\/este-pueblo-santafesino-combina-historia-colonial-con-una-gastronomia-unica-y-es-perfecto-para-una-escapada-como-se-llama\/","title":{"rendered":"Este pueblo santafesino combina historia colonial con una gastronom\u00eda \u00fanica y es perfecto para una escapada: c\u00f3mo se llama"},"content":{"rendered":"<p>Santa Fe esconde entre sus llanuras un rinc\u00f3n detenido en el tiempo que, para este oto\u00f1o de 2026, se ha posicionado como el destino predilecto para los amantes del turismo de cercan\u00eda y las Escapadas diferentes. Este pueblo hist\u00f3rico ofrece una experiencia que trasciende lo visual para sumergirse en las ra\u00edces m\u00e1s profundas de la identidad santafesina.<\/p>\n<p>La pregunta que surge entre quienes planean una visita por primera vez es c\u00f3mo un sitio de dimensiones tan acotadas ha logrado desarrollar un polo gastron\u00f3mico de alta calidad, manteniendo a la vez esa atm\u00f3sfera de pueblo peque\u00f1o donde todos se conocen. <\/p>\n<p>C\u00d3MO ES LA ESCAPADA COLONIAL PARA HACER EN SANTA FE<\/p>\n<p>Ubicada a unos 160 kil\u00f3metros de la capital provincial, la localidad de San Javier se erige como un destino donde la historia y la naturaleza convergen en una armon\u00eda perfecta.<\/p>\n<p>Este antiguo asentamiento, marcado profundamente por su herencia franciscana y jesu\u00edtica, descansa a orillas del r\u00edo que le da nombre, ofreciendo un paisaje dominado por los imponentes humedales del Paran\u00e1.<\/p>\n<p>La biodiversidad es, sin dudas, el gran baluarte de esta regi\u00f3n. La planicie aluvial que rodea al pueblo es una de las m\u00e1s ricas del pa\u00eds, convirti\u00e9ndose en el escenario ideal para el ecoturismo. Desde avistamiento de aves y safaris fotogr\u00e1ficos hasta la adrenalina de la pesca deportiva o los serenos paseos en lancha por el r\u00edo, el contacto con la fauna y flora local es constante.<\/p>\n<p>Pero la identidad de San Javier tambi\u00e9n se nutre de hitos curiosos, como su v\u00ednculo temprano con el s\u00e9ptimo arte al ser el set de filmaci\u00f3n de la hist\u00f3rica pel\u00edcula \u00abEl \u00faltimo mal\u00f3n\u00bb en 1917, un detalle que a\u00f1ade una capa de m\u00edstica narrativa a cada rinc\u00f3n de sus museos y capillas centenarias.<\/p>\n<p>Para completar la traves\u00eda, la mesa sanjavierina despliega los sabores m\u00e1s genuinos del litoral. La propuesta gastron\u00f3mica gira en torno al producto estrella de la zona: el pescado de r\u00edo. En sus bodegones familiares y parrilas t\u00edpicas, los visitantes pueden deleitarse con especialidades que van desde las cl\u00e1sicas empanadas de pescado hasta elaboradas paellas a la santafesina o milanesas de boga.<\/p>\n<p>Con una atenci\u00f3n que destaca por su hospitalidad y cercan\u00eda, este rinc\u00f3n del noreste santafesino se consolida como una opci\u00f3n imbatible para quienes priorizan la buena comida, el respeto por el pasado y la belleza de los paisajes ribere\u00f1os.<\/p>\n","protected":false},"excerpt":{"rendered":"<p>Santa Fe esconde entre sus llanuras un rinc\u00f3n detenido en el tiempo que, para este<\/p>\n","protected":false},"author":0,"featured_media":16672,"comment_status":"","ping_status":"","sticky":false,"template":"","format":"standard","meta":{"footnotes":""},"categories":[11],"tags":[],"class_list":["post-16671","post","type-post","status-publish","format-standard","has-post-thumbnail","hentry","category-destacadas"],"yoast_head":"<!-- This site is optimized with the Yoast SEO plugin v27.4 - https:\/\/yoast.com\/product\/yoast-seo-wordpress\/ -->\n<title>Este pueblo santafesino combina historia colonial con una gastronom\u00eda \u00fanica y es perfecto para una escapada: c\u00f3mo se llama - Fm Gente<\/title>\n<meta name=\"robots\" content=\"index, follow, max-snippet:-1, max-image-preview:large, max-video-preview:-1\" \/>\n<link rel=\"canonical\" href=\"https:\/\/fmgente.com.ar\/web\/este-pueblo-santafesino-combina-historia-colonial-con-una-gastronomia-unica-y-es-perfecto-para-una-escapada-como-se-llama\/\" \/>\n<meta property=\"og:locale\" content=\"es_ES\" \/>\n<meta property=\"og:type\" content=\"article\" \/>\n<meta property=\"og:title\" content=\"Este pueblo santafesino combina historia colonial con una gastronom\u00eda \u00fanica y es perfecto para una escapada: c\u00f3mo se llama - Fm Gente\" \/>\n<meta property=\"og:description\" content=\"Santa Fe esconde entre sus llanuras un rinc\u00f3n detenido en el tiempo que, para este\" \/>\n<meta property=\"og:url\" content=\"https:\/\/fmgente.com.ar\/web\/este-pueblo-santafesino-combina-historia-colonial-con-una-gastronomia-unica-y-es-perfecto-para-una-escapada-como-se-llama\/\" \/>\n<meta property=\"og:site_name\" content=\"Fm Gente\" \/>\n<meta property=\"article:published_time\" content=\"2026-03-26T06:06:15+00:00\" \/>\n<meta name=\"twitter:card\" content=\"summary_large_image\" \/>\n<meta name=\"twitter:label1\" content=\"Tiempo de lectura\" \/>\n\t<meta name=\"twitter:data1\" content=\"2 minutos\" \/>\n<script type=\"application\/ld+json\" class=\"yoast-schema-graph\">{\"@context\":\"https:\\\/\\\/schema.org\",\"@graph\":[{\"@type\":\"Article\",\"@id\":\"https:\\\/\\\/fmgente.com.ar\\\/web\\\/este-pueblo-santafesino-combina-historia-colonial-con-una-gastronomia-unica-y-es-perfecto-para-una-escapada-como-se-llama\\\/#article\",\"isPartOf\":{\"@id\":\"https:\\\/\\\/fmgente.com.ar\\\/web\\\/este-pueblo-santafesino-combina-historia-colonial-con-una-gastronomia-unica-y-es-perfecto-para-una-escapada-como-se-llama\\\/\"},\"author\":{\"name\":\"\",\"@id\":\"\"},\"headline\":\"Este pueblo santafesino combina historia colonial con una gastronom\u00eda \u00fanica y es perfecto para una escapada: c\u00f3mo se llama\",\"datePublished\":\"2026-03-26T06:06:15+00:00\",\"mainEntityOfPage\":{\"@id\":\"https:\\\/\\\/fmgente.com.ar\\\/web\\\/este-pueblo-santafesino-combina-historia-colonial-con-una-gastronomia-unica-y-es-perfecto-para-una-escapada-como-se-llama\\\/\"},\"wordCount\":449,\"publisher\":{\"@id\":\"https:\\\/\\\/fmgente.com.ar\\\/web\\\/#organization\"},\"image\":{\"@id\":\"https:\\\/\\\/fmgente.com.ar\\\/web\\\/este-pueblo-santafesino-combina-historia-colonial-con-una-gastronomia-unica-y-es-perfecto-para-una-escapada-como-se-llama\\\/#primaryimage\"},\"thumbnailUrl\":\"https:\\\/\\\/fmgente.com.ar\\\/web\\\/wp-content\\\/uploads\\\/2026\\\/03\\\/720-1030.jpeg\",\"articleSection\":[\"DESTACADAS\"],\"inLanguage\":\"es\"},{\"@type\":\"WebPage\",\"@id\":\"https:\\\/\\\/fmgente.com.ar\\\/web\\\/este-pueblo-santafesino-combina-historia-colonial-con-una-gastronomia-unica-y-es-perfecto-para-una-escapada-como-se-llama\\\/\",\"url\":\"https:\\\/\\\/fmgente.com.ar\\\/web\\\/este-pueblo-santafesino-combina-historia-colonial-con-una-gastronomia-unica-y-es-perfecto-para-una-escapada-como-se-llama\\\/\",\"name\":\"Este pueblo santafesino combina historia colonial con una gastronom\u00eda \u00fanica y es perfecto para una escapada: c\u00f3mo se llama - Fm Gente\",\"isPartOf\":{\"@id\":\"https:\\\/\\\/fmgente.com.ar\\\/web\\\/#website\"},\"primaryImageOfPage\":{\"@id\":\"https:\\\/\\\/fmgente.com.ar\\\/web\\\/este-pueblo-santafesino-combina-historia-colonial-con-una-gastronomia-unica-y-es-perfecto-para-una-escapada-como-se-llama\\\/#primaryimage\"},\"image\":{\"@id\":\"https:\\\/\\\/fmgente.com.ar\\\/web\\\/este-pueblo-santafesino-combina-historia-colonial-con-una-gastronomia-unica-y-es-perfecto-para-una-escapada-como-se-llama\\\/#primaryimage\"},\"thumbnailUrl\":\"https:\\\/\\\/fmgente.com.ar\\\/web\\\/wp-content\\\/uploads\\\/2026\\\/03\\\/720-1030.jpeg\",\"datePublished\":\"2026-03-26T06:06:15+00:00\",\"inLanguage\":\"es\",\"potentialAction\":[{\"@type\":\"ReadAction\",\"target\":[\"https:\\\/\\\/fmgente.com.ar\\\/web\\\/este-pueblo-santafesino-combina-historia-colonial-con-una-gastronomia-unica-y-es-perfecto-para-una-escapada-como-se-llama\\\/\"]}]},{\"@type\":\"ImageObject\",\"inLanguage\":\"es\",\"@id\":\"https:\\\/\\\/fmgente.com.ar\\\/web\\\/este-pueblo-santafesino-combina-historia-colonial-con-una-gastronomia-unica-y-es-perfecto-para-una-escapada-como-se-llama\\\/#primaryimage\",\"url\":\"https:\\\/\\\/fmgente.com.ar\\\/web\\\/wp-content\\\/uploads\\\/2026\\\/03\\\/720-1030.jpeg\",\"contentUrl\":\"https:\\\/\\\/fmgente.com.ar\\\/web\\\/wp-content\\\/uploads\\\/2026\\\/03\\\/720-1030.jpeg\",\"width\":1280,\"height\":720},{\"@type\":\"WebSite\",\"@id\":\"https:\\\/\\\/fmgente.com.ar\\\/web\\\/#website\",\"url\":\"https:\\\/\\\/fmgente.com.ar\\\/web\\\/\",\"name\":\"Fm Gente\",\"description\":\"- Jes\u00fas Mar\u00eda\",\"publisher\":{\"@id\":\"https:\\\/\\\/fmgente.com.ar\\\/web\\\/#organization\"},\"potentialAction\":[{\"@type\":\"SearchAction\",\"target\":{\"@type\":\"EntryPoint\",\"urlTemplate\":\"https:\\\/\\\/fmgente.com.ar\\\/web\\\/?s={search_term_string}\"},\"query-input\":{\"@type\":\"PropertyValueSpecification\",\"valueRequired\":true,\"valueName\":\"search_term_string\"}}],\"inLanguage\":\"es\"},{\"@type\":\"Organization\",\"@id\":\"https:\\\/\\\/fmgente.com.ar\\\/web\\\/#organization\",\"name\":\"Fm Gente\",\"url\":\"https:\\\/\\\/fmgente.com.ar\\\/web\\\/\",\"logo\":{\"@type\":\"ImageObject\",\"inLanguage\":\"es\",\"@id\":\"https:\\\/\\\/fmgente.com.ar\\\/web\\\/#\\\/schema\\\/logo\\\/image\\\/\",\"url\":\"https:\\\/\\\/fmgente.com.ar\\\/web\\\/wp-content\\\/uploads\\\/2023\\\/07\\\/cropped-cropped-logo-sombra2.png\",\"contentUrl\":\"https:\\\/\\\/fmgente.com.ar\\\/web\\\/wp-content\\\/uploads\\\/2023\\\/07\\\/cropped-cropped-logo-sombra2.png\",\"width\":1782,\"height\":1782,\"caption\":\"Fm Gente\"},\"image\":{\"@id\":\"https:\\\/\\\/fmgente.com.ar\\\/web\\\/#\\\/schema\\\/logo\\\/image\\\/\"}}]}<\/script>\n<!-- \/ Yoast SEO plugin. -->","yoast_head_json":{"title":"Este pueblo santafesino combina historia colonial con una gastronom\u00eda \u00fanica y es perfecto para una escapada: c\u00f3mo se llama - Fm Gente","robots":{"index":"index","follow":"follow","max-snippet":"max-snippet:-1","max-image-preview":"max-image-preview:large","max-video-preview":"max-video-preview:-1"},"canonical":"https:\/\/fmgente.com.ar\/web\/este-pueblo-santafesino-combina-historia-colonial-con-una-gastronomia-unica-y-es-perfecto-para-una-escapada-como-se-llama\/","og_locale":"es_ES","og_type":"article","og_title":"Este pueblo santafesino combina historia colonial con una gastronom\u00eda \u00fanica y es perfecto para una escapada: c\u00f3mo se llama - Fm Gente","og_description":"Santa Fe esconde entre sus llanuras un rinc\u00f3n detenido en el tiempo que, para este","og_url":"https:\/\/fmgente.com.ar\/web\/este-pueblo-santafesino-combina-historia-colonial-con-una-gastronomia-unica-y-es-perfecto-para-una-escapada-como-se-llama\/","og_site_name":"Fm Gente","article_published_time":"2026-03-26T06:06:15+00:00","twitter_card":"summary_large_image","twitter_misc":{"Tiempo de lectura":"2 minutos"},"schema":{"@context":"https:\/\/schema.org","@graph":[{"@type":"Article","@id":"https:\/\/fmgente.com.ar\/web\/este-pueblo-santafesino-combina-historia-colonial-con-una-gastronomia-unica-y-es-perfecto-para-una-escapada-como-se-llama\/#article","isPartOf":{"@id":"https:\/\/fmgente.com.ar\/web\/este-pueblo-santafesino-combina-historia-colonial-con-una-gastronomia-unica-y-es-perfecto-para-una-escapada-como-se-llama\/"},"author":{"name":"","@id":""},"headline":"Este pueblo santafesino combina historia colonial con una gastronom\u00eda \u00fanica y es perfecto para una escapada: c\u00f3mo se llama","datePublished":"2026-03-26T06:06:15+00:00","mainEntityOfPage":{"@id":"https:\/\/fmgente.com.ar\/web\/este-pueblo-santafesino-combina-historia-colonial-con-una-gastronomia-unica-y-es-perfecto-para-una-escapada-como-se-llama\/"},"wordCount":449,"publisher":{"@id":"https:\/\/fmgente.com.ar\/web\/#organization"},"image":{"@id":"https:\/\/fmgente.com.ar\/web\/este-pueblo-santafesino-combina-historia-colonial-con-una-gastronomia-unica-y-es-perfecto-para-una-escapada-como-se-llama\/#primaryimage"},"thumbnailUrl":"https:\/\/fmgente.com.ar\/web\/wp-content\/uploads\/2026\/03\/720-1030.jpeg","articleSection":["DESTACADAS"],"inLanguage":"es"},{"@type":"WebPage","@id":"https:\/\/fmgente.com.ar\/web\/este-pueblo-santafesino-combina-historia-colonial-con-una-gastronomia-unica-y-es-perfecto-para-una-escapada-como-se-llama\/","url":"https:\/\/fmgente.com.ar\/web\/este-pueblo-santafesino-combina-historia-colonial-con-una-gastronomia-unica-y-es-perfecto-para-una-escapada-como-se-llama\/","name":"Este pueblo santafesino combina historia colonial con una gastronom\u00eda \u00fanica y es perfecto para una escapada: c\u00f3mo se llama - Fm Gente","isPartOf":{"@id":"https:\/\/fmgente.com.ar\/web\/#website"},"primaryImageOfPage":{"@id":"https:\/\/fmgente.com.ar\/web\/este-pueblo-santafesino-combina-historia-colonial-con-una-gastronomia-unica-y-es-perfecto-para-una-escapada-como-se-llama\/#primaryimage"},"image":{"@id":"https:\/\/fmgente.com.ar\/web\/este-pueblo-santafesino-combina-historia-colonial-con-una-gastronomia-unica-y-es-perfecto-para-una-escapada-como-se-llama\/#primaryimage"},"thumbnailUrl":"https:\/\/fmgente.com.ar\/web\/wp-content\/uploads\/2026\/03\/720-1030.jpeg","datePublished":"2026-03-26T06:06:15+00:00","inLanguage":"es","potentialAction":[{"@type":"ReadAction","target":["https:\/\/fmgente.com.ar\/web\/este-pueblo-santafesino-combina-historia-colonial-con-una-gastronomia-unica-y-es-perfecto-para-una-escapada-como-se-llama\/"]}]},{"@type":"ImageObject","inLanguage":"es","@id":"https:\/\/fmgente.com.ar\/web\/este-pueblo-santafesino-combina-historia-colonial-con-una-gastronomia-unica-y-es-perfecto-para-una-escapada-como-se-llama\/#primaryimage","url":"https:\/\/fmgente.com.ar\/web\/wp-content\/uploads\/2026\/03\/720-1030.jpeg","contentUrl":"https:\/\/fmgente.com.ar\/web\/wp-content\/uploads\/2026\/03\/720-1030.jpeg","width":1280,"height":720},{"@type":"WebSite","@id":"https:\/\/fmgente.com.ar\/web\/#website","url":"https:\/\/fmgente.com.ar\/web\/","name":"Fm Gente","description":"- Jes\u00fas Mar\u00eda","publisher":{"@id":"https:\/\/fmgente.com.ar\/web\/#organization"},"potentialAction":[{"@type":"SearchAction","target":{"@type":"EntryPoint","urlTemplate":"https:\/\/fmgente.com.ar\/web\/?s={search_term_string}"},"query-input":{"@type":"PropertyValueSpecification","valueRequired":true,"valueName":"search_term_string"}}],"inLanguage":"es"},{"@type":"Organization","@id":"https:\/\/fmgente.com.ar\/web\/#organization","name":"Fm Gente","url":"https:\/\/fmgente.com.ar\/web\/","logo":{"@type":"ImageObject","inLanguage":"es","@id":"https:\/\/fmgente.com.ar\/web\/#\/schema\/logo\/image\/","url":"https:\/\/fmgente.com.ar\/web\/wp-content\/uploads\/2023\/07\/cropped-cropped-logo-sombra2.png","contentUrl":"https:\/\/fmgente.com.ar\/web\/wp-content\/uploads\/2023\/07\/cropped-cropped-logo-sombra2.png","width":1782,"height":1782,"caption":"Fm Gente"},"image":{"@id":"https:\/\/fmgente.com.ar\/web\/#\/schema\/logo\/image\/"}}]}},"_links":{"self":[{"href":"https:\/\/fmgente.com.ar\/web\/wp-json\/wp\/v2\/posts\/16671","targetHints":{"allow":["GET"]}}],"collection":[{"href":"https:\/\/fmgente.com.ar\/web\/wp-json\/wp\/v2\/posts"}],"about":[{"href":"https:\/\/fmgente.com.ar\/web\/wp-json\/wp\/v2\/types\/post"}],"replies":[{"embeddable":true,"href":"https:\/\/fmgente.com.ar\/web\/wp-json\/wp\/v2\/comments?post=16671"}],"version-history":[{"count":0,"href":"https:\/\/fmgente.com.ar\/web\/wp-json\/wp\/v2\/posts\/16671\/revisions"}],"wp:featuredmedia":[{"embeddable":true,"href":"https:\/\/fmgente.com.ar\/web\/wp-json\/wp\/v2\/media\/16672"}],"wp:attachment":[{"href":"https:\/\/fmgente.com.ar\/web\/wp-json\/wp\/v2\/media?parent=16671"}],"wp:term":[{"taxonomy":"category","embeddable":true,"href":"https:\/\/fmgente.com.ar\/web\/wp-json\/wp\/v2\/categories?post=16671"},{"taxonomy":"post_tag","embeddable":true,"href":"https:\/\/fmgente.com.ar\/web\/wp-json\/wp\/v2\/tags?post=16671"}],"curies":[{"name":"wp","href":"https:\/\/api.w.org\/{rel}","templated":true}]}}