{"id":16667,"date":"2026-03-26T03:06:10","date_gmt":"2026-03-26T06:06:10","guid":{"rendered":"https:\/\/fmgente.com.ar\/web\/el-senado-convoco-a-comision-el-jueves-para-tratar-el-pliego-de-lucila-crexell-como-embajadora-en-canada\/"},"modified":"2026-03-26T03:06:10","modified_gmt":"2026-03-26T06:06:10","slug":"el-senado-convoco-a-comision-el-jueves-para-tratar-el-pliego-de-lucila-crexell-como-embajadora-en-canada","status":"publish","type":"post","link":"https:\/\/fmgente.com.ar\/web\/el-senado-convoco-a-comision-el-jueves-para-tratar-el-pliego-de-lucila-crexell-como-embajadora-en-canada\/","title":{"rendered":"El Senado convoc\u00f3 a comisi\u00f3n el jueves para tratar el pliego de Lucila Crexell como embajadora en Canad\u00e1"},"content":{"rendered":"<p>Buenos Aires, 25 marzo (NA) &#8212; El Senado debatir\u00e1 en comisi\u00f3n este jueves pr\u00f3ximo el pliego de la ex senadora Lucila Crexell como embajadora en Canad\u00e1, una postulaci\u00f3n que hab\u00eda circulado cuando la ex legisladora vot\u00f3 a favor de la ley de Bases en junio del 2024 y que es cuestionada por el peronismo.<\/p>\n<p>La comisi\u00f3n de Acuerdos del Senado, que preside el libertario Juan Carlos Pagotto, convoc\u00f3 para este jueves a las 14.30 para tratar ascenso de militares y el pliego de Lucila Crexell como embajadora plenipotenciaria, seg\u00fan pudo saber la Agencia Noticias Argentinas de fuentes legislativas.<\/p>\n<p>En esa ocasi\u00f3n, los senadores deber\u00e1n poner fecha para que exponga Crexell, cuya postulaci\u00f3n ya desat\u00f3 una dura pelea en la \u00faltima sesi\u00f3n entre la senadora K Florencia L\u00f3pez y la jefa del bloque de senadores de la Libertad Avanza, Patricia Bullrich.<\/p>\n<p>La ex senadora de Juntos por el Cambio, que luego se sum\u00f3 a un espacio de legisladores provinciales, fue denunciada por legisladores K que sostienen que vot\u00f3 a favor de la ley Bases a cambio de una embajada que en el 2024 era ante Unesco y ahora en Canad\u00e1.<\/p>\n<p>La senadorea L\u00f3pez hab\u00eda cuestionado la decisi\u00f3n del Gobierno de promover como embajadora a Crexell porque se\u00f1al\u00f3 que implica la \u00abconfiguraci\u00f2n del pago de la coima por el voto aqu\u00ed de la Ley Bases\u201d.<\/p>\n<p>Bullrich respondi\u00f3 y se\u00f1al\u00f3 que Crexell \u00abfue denunciada por el bloque al que usted pertenece y esa denuncia fue desestimada por inexistencia de delito, con lo cual la acusaci\u00f3n que acaba de hacer no solamente viola el principio de inocencia de la exsenadora, sino que cae en una flagrante mentira al decir que hubo una coima en ese tratamiento\u201d.<\/p>\n<p>En la reuni\u00f3n tambi\u00e9n se tratar\u00e1n los pliegos del vicealmirante Marcelo Alejandro Dalle Nogare como jefe del Estado Mayor Conjunto de las Fuerzas Armadas; del vicealmirante Juan Romay como jefe del Estado Mayor General de la Armada y del general de divisi\u00f3n Oscar Zarich como jefe del Estado Mayor General del Ejercito. #AgenciaNA<\/p>\n","protected":false},"excerpt":{"rendered":"<p>Buenos Aires, 25 marzo (NA) &#8212; El Senado debatir\u00e1 en comisi\u00f3n este jueves pr\u00f3ximo el<\/p>\n","protected":false},"author":0,"featured_media":16668,"comment_status":"","ping_status":"","sticky":false,"template":"","format":"standard","meta":{"footnotes":""},"categories":[1],"tags":[],"class_list":["post-16667","post","type-post","status-publish","format-standard","has-post-thumbnail","hentry","category-regionales"],"yoast_head":"<!-- This site is optimized with the Yoast SEO plugin v27.4 - https:\/\/yoast.com\/product\/yoast-seo-wordpress\/ -->\n<title>El Senado convoc\u00f3 a comisi\u00f3n el jueves para tratar el pliego de Lucila Crexell como embajadora en Canad\u00e1 - Fm Gente<\/title>\n<meta name=\"robots\" content=\"index, follow, max-snippet:-1, max-image-preview:large, max-video-preview:-1\" \/>\n<link rel=\"canonical\" href=\"https:\/\/fmgente.com.ar\/web\/el-senado-convoco-a-comision-el-jueves-para-tratar-el-pliego-de-lucila-crexell-como-embajadora-en-canada\/\" \/>\n<meta property=\"og:locale\" content=\"es_ES\" \/>\n<meta property=\"og:type\" content=\"article\" \/>\n<meta property=\"og:title\" content=\"El Senado convoc\u00f3 a comisi\u00f3n el jueves para tratar el pliego de Lucila Crexell como embajadora en Canad\u00e1 - Fm Gente\" \/>\n<meta property=\"og:description\" content=\"Buenos Aires, 25 marzo (NA) &#8212; El Senado debatir\u00e1 en comisi\u00f3n este jueves pr\u00f3ximo el\" \/>\n<meta property=\"og:url\" content=\"https:\/\/fmgente.com.ar\/web\/el-senado-convoco-a-comision-el-jueves-para-tratar-el-pliego-de-lucila-crexell-como-embajadora-en-canada\/\" \/>\n<meta property=\"og:site_name\" content=\"Fm Gente\" \/>\n<meta property=\"article:published_time\" content=\"2026-03-26T06:06:10+00:00\" \/>\n<meta name=\"twitter:card\" content=\"summary_large_image\" \/>\n<meta name=\"twitter:label1\" content=\"Tiempo de lectura\" \/>\n\t<meta name=\"twitter:data1\" content=\"2 minutos\" \/>\n<script type=\"application\/ld+json\" class=\"yoast-schema-graph\">{\"@context\":\"https:\\\/\\\/schema.org\",\"@graph\":[{\"@type\":\"Article\",\"@id\":\"https:\\\/\\\/fmgente.com.ar\\\/web\\\/el-senado-convoco-a-comision-el-jueves-para-tratar-el-pliego-de-lucila-crexell-como-embajadora-en-canada\\\/#article\",\"isPartOf\":{\"@id\":\"https:\\\/\\\/fmgente.com.ar\\\/web\\\/el-senado-convoco-a-comision-el-jueves-para-tratar-el-pliego-de-lucila-crexell-como-embajadora-en-canada\\\/\"},\"author\":{\"name\":\"\",\"@id\":\"\"},\"headline\":\"El Senado convoc\u00f3 a comisi\u00f3n el jueves para tratar el pliego de Lucila Crexell como embajadora en Canad\u00e1\",\"datePublished\":\"2026-03-26T06:06:10+00:00\",\"mainEntityOfPage\":{\"@id\":\"https:\\\/\\\/fmgente.com.ar\\\/web\\\/el-senado-convoco-a-comision-el-jueves-para-tratar-el-pliego-de-lucila-crexell-como-embajadora-en-canada\\\/\"},\"wordCount\":372,\"publisher\":{\"@id\":\"https:\\\/\\\/fmgente.com.ar\\\/web\\\/#organization\"},\"image\":{\"@id\":\"https:\\\/\\\/fmgente.com.ar\\\/web\\\/el-senado-convoco-a-comision-el-jueves-para-tratar-el-pliego-de-lucila-crexell-como-embajadora-en-canada\\\/#primaryimage\"},\"thumbnailUrl\":\"https:\\\/\\\/fmgente.com.ar\\\/web\\\/wp-content\\\/uploads\\\/2026\\\/03\\\/720-1029.jpeg\",\"articleSection\":[\"REGIONALES\"],\"inLanguage\":\"es\"},{\"@type\":\"WebPage\",\"@id\":\"https:\\\/\\\/fmgente.com.ar\\\/web\\\/el-senado-convoco-a-comision-el-jueves-para-tratar-el-pliego-de-lucila-crexell-como-embajadora-en-canada\\\/\",\"url\":\"https:\\\/\\\/fmgente.com.ar\\\/web\\\/el-senado-convoco-a-comision-el-jueves-para-tratar-el-pliego-de-lucila-crexell-como-embajadora-en-canada\\\/\",\"name\":\"El Senado convoc\u00f3 a comisi\u00f3n el jueves para tratar el pliego de Lucila Crexell como embajadora en Canad\u00e1 - Fm Gente\",\"isPartOf\":{\"@id\":\"https:\\\/\\\/fmgente.com.ar\\\/web\\\/#website\"},\"primaryImageOfPage\":{\"@id\":\"https:\\\/\\\/fmgente.com.ar\\\/web\\\/el-senado-convoco-a-comision-el-jueves-para-tratar-el-pliego-de-lucila-crexell-como-embajadora-en-canada\\\/#primaryimage\"},\"image\":{\"@id\":\"https:\\\/\\\/fmgente.com.ar\\\/web\\\/el-senado-convoco-a-comision-el-jueves-para-tratar-el-pliego-de-lucila-crexell-como-embajadora-en-canada\\\/#primaryimage\"},\"thumbnailUrl\":\"https:\\\/\\\/fmgente.com.ar\\\/web\\\/wp-content\\\/uploads\\\/2026\\\/03\\\/720-1029.jpeg\",\"datePublished\":\"2026-03-26T06:06:10+00:00\",\"inLanguage\":\"es\",\"potentialAction\":[{\"@type\":\"ReadAction\",\"target\":[\"https:\\\/\\\/fmgente.com.ar\\\/web\\\/el-senado-convoco-a-comision-el-jueves-para-tratar-el-pliego-de-lucila-crexell-como-embajadora-en-canada\\\/\"]}]},{\"@type\":\"ImageObject\",\"inLanguage\":\"es\",\"@id\":\"https:\\\/\\\/fmgente.com.ar\\\/web\\\/el-senado-convoco-a-comision-el-jueves-para-tratar-el-pliego-de-lucila-crexell-como-embajadora-en-canada\\\/#primaryimage\",\"url\":\"https:\\\/\\\/fmgente.com.ar\\\/web\\\/wp-content\\\/uploads\\\/2026\\\/03\\\/720-1029.jpeg\",\"contentUrl\":\"https:\\\/\\\/fmgente.com.ar\\\/web\\\/wp-content\\\/uploads\\\/2026\\\/03\\\/720-1029.jpeg\",\"width\":949,\"height\":720},{\"@type\":\"WebSite\",\"@id\":\"https:\\\/\\\/fmgente.com.ar\\\/web\\\/#website\",\"url\":\"https:\\\/\\\/fmgente.com.ar\\\/web\\\/\",\"name\":\"Fm Gente\",\"description\":\"- Jes\u00fas Mar\u00eda\",\"publisher\":{\"@id\":\"https:\\\/\\\/fmgente.com.ar\\\/web\\\/#organization\"},\"potentialAction\":[{\"@type\":\"SearchAction\",\"target\":{\"@type\":\"EntryPoint\",\"urlTemplate\":\"https:\\\/\\\/fmgente.com.ar\\\/web\\\/?s={search_term_string}\"},\"query-input\":{\"@type\":\"PropertyValueSpecification\",\"valueRequired\":true,\"valueName\":\"search_term_string\"}}],\"inLanguage\":\"es\"},{\"@type\":\"Organization\",\"@id\":\"https:\\\/\\\/fmgente.com.ar\\\/web\\\/#organization\",\"name\":\"Fm Gente\",\"url\":\"https:\\\/\\\/fmgente.com.ar\\\/web\\\/\",\"logo\":{\"@type\":\"ImageObject\",\"inLanguage\":\"es\",\"@id\":\"https:\\\/\\\/fmgente.com.ar\\\/web\\\/#\\\/schema\\\/logo\\\/image\\\/\",\"url\":\"https:\\\/\\\/fmgente.com.ar\\\/web\\\/wp-content\\\/uploads\\\/2023\\\/07\\\/cropped-cropped-logo-sombra2.png\",\"contentUrl\":\"https:\\\/\\\/fmgente.com.ar\\\/web\\\/wp-content\\\/uploads\\\/2023\\\/07\\\/cropped-cropped-logo-sombra2.png\",\"width\":1782,\"height\":1782,\"caption\":\"Fm Gente\"},\"image\":{\"@id\":\"https:\\\/\\\/fmgente.com.ar\\\/web\\\/#\\\/schema\\\/logo\\\/image\\\/\"}}]}<\/script>\n<!-- \/ Yoast SEO plugin. -->","yoast_head_json":{"title":"El Senado convoc\u00f3 a comisi\u00f3n el jueves para tratar el pliego de Lucila Crexell como embajadora en Canad\u00e1 - Fm Gente","robots":{"index":"index","follow":"follow","max-snippet":"max-snippet:-1","max-image-preview":"max-image-preview:large","max-video-preview":"max-video-preview:-1"},"canonical":"https:\/\/fmgente.com.ar\/web\/el-senado-convoco-a-comision-el-jueves-para-tratar-el-pliego-de-lucila-crexell-como-embajadora-en-canada\/","og_locale":"es_ES","og_type":"article","og_title":"El Senado convoc\u00f3 a comisi\u00f3n el jueves para tratar el pliego de Lucila Crexell como embajadora en Canad\u00e1 - Fm Gente","og_description":"Buenos Aires, 25 marzo (NA) &#8212; El Senado debatir\u00e1 en comisi\u00f3n este jueves pr\u00f3ximo el","og_url":"https:\/\/fmgente.com.ar\/web\/el-senado-convoco-a-comision-el-jueves-para-tratar-el-pliego-de-lucila-crexell-como-embajadora-en-canada\/","og_site_name":"Fm Gente","article_published_time":"2026-03-26T06:06:10+00:00","twitter_card":"summary_large_image","twitter_misc":{"Tiempo de lectura":"2 minutos"},"schema":{"@context":"https:\/\/schema.org","@graph":[{"@type":"Article","@id":"https:\/\/fmgente.com.ar\/web\/el-senado-convoco-a-comision-el-jueves-para-tratar-el-pliego-de-lucila-crexell-como-embajadora-en-canada\/#article","isPartOf":{"@id":"https:\/\/fmgente.com.ar\/web\/el-senado-convoco-a-comision-el-jueves-para-tratar-el-pliego-de-lucila-crexell-como-embajadora-en-canada\/"},"author":{"name":"","@id":""},"headline":"El Senado convoc\u00f3 a comisi\u00f3n el jueves para tratar el pliego de Lucila Crexell como embajadora en Canad\u00e1","datePublished":"2026-03-26T06:06:10+00:00","mainEntityOfPage":{"@id":"https:\/\/fmgente.com.ar\/web\/el-senado-convoco-a-comision-el-jueves-para-tratar-el-pliego-de-lucila-crexell-como-embajadora-en-canada\/"},"wordCount":372,"publisher":{"@id":"https:\/\/fmgente.com.ar\/web\/#organization"},"image":{"@id":"https:\/\/fmgente.com.ar\/web\/el-senado-convoco-a-comision-el-jueves-para-tratar-el-pliego-de-lucila-crexell-como-embajadora-en-canada\/#primaryimage"},"thumbnailUrl":"https:\/\/fmgente.com.ar\/web\/wp-content\/uploads\/2026\/03\/720-1029.jpeg","articleSection":["REGIONALES"],"inLanguage":"es"},{"@type":"WebPage","@id":"https:\/\/fmgente.com.ar\/web\/el-senado-convoco-a-comision-el-jueves-para-tratar-el-pliego-de-lucila-crexell-como-embajadora-en-canada\/","url":"https:\/\/fmgente.com.ar\/web\/el-senado-convoco-a-comision-el-jueves-para-tratar-el-pliego-de-lucila-crexell-como-embajadora-en-canada\/","name":"El Senado convoc\u00f3 a comisi\u00f3n el jueves para tratar el pliego de Lucila Crexell como embajadora en Canad\u00e1 - Fm Gente","isPartOf":{"@id":"https:\/\/fmgente.com.ar\/web\/#website"},"primaryImageOfPage":{"@id":"https:\/\/fmgente.com.ar\/web\/el-senado-convoco-a-comision-el-jueves-para-tratar-el-pliego-de-lucila-crexell-como-embajadora-en-canada\/#primaryimage"},"image":{"@id":"https:\/\/fmgente.com.ar\/web\/el-senado-convoco-a-comision-el-jueves-para-tratar-el-pliego-de-lucila-crexell-como-embajadora-en-canada\/#primaryimage"},"thumbnailUrl":"https:\/\/fmgente.com.ar\/web\/wp-content\/uploads\/2026\/03\/720-1029.jpeg","datePublished":"2026-03-26T06:06:10+00:00","inLanguage":"es","potentialAction":[{"@type":"ReadAction","target":["https:\/\/fmgente.com.ar\/web\/el-senado-convoco-a-comision-el-jueves-para-tratar-el-pliego-de-lucila-crexell-como-embajadora-en-canada\/"]}]},{"@type":"ImageObject","inLanguage":"es","@id":"https:\/\/fmgente.com.ar\/web\/el-senado-convoco-a-comision-el-jueves-para-tratar-el-pliego-de-lucila-crexell-como-embajadora-en-canada\/#primaryimage","url":"https:\/\/fmgente.com.ar\/web\/wp-content\/uploads\/2026\/03\/720-1029.jpeg","contentUrl":"https:\/\/fmgente.com.ar\/web\/wp-content\/uploads\/2026\/03\/720-1029.jpeg","width":949,"height":720},{"@type":"WebSite","@id":"https:\/\/fmgente.com.ar\/web\/#website","url":"https:\/\/fmgente.com.ar\/web\/","name":"Fm Gente","description":"- Jes\u00fas Mar\u00eda","publisher":{"@id":"https:\/\/fmgente.com.ar\/web\/#organization"},"potentialAction":[{"@type":"SearchAction","target":{"@type":"EntryPoint","urlTemplate":"https:\/\/fmgente.com.ar\/web\/?s={search_term_string}"},"query-input":{"@type":"PropertyValueSpecification","valueRequired":true,"valueName":"search_term_string"}}],"inLanguage":"es"},{"@type":"Organization","@id":"https:\/\/fmgente.com.ar\/web\/#organization","name":"Fm Gente","url":"https:\/\/fmgente.com.ar\/web\/","logo":{"@type":"ImageObject","inLanguage":"es","@id":"https:\/\/fmgente.com.ar\/web\/#\/schema\/logo\/image\/","url":"https:\/\/fmgente.com.ar\/web\/wp-content\/uploads\/2023\/07\/cropped-cropped-logo-sombra2.png","contentUrl":"https:\/\/fmgente.com.ar\/web\/wp-content\/uploads\/2023\/07\/cropped-cropped-logo-sombra2.png","width":1782,"height":1782,"caption":"Fm Gente"},"image":{"@id":"https:\/\/fmgente.com.ar\/web\/#\/schema\/logo\/image\/"}}]}},"_links":{"self":[{"href":"https:\/\/fmgente.com.ar\/web\/wp-json\/wp\/v2\/posts\/16667","targetHints":{"allow":["GET"]}}],"collection":[{"href":"https:\/\/fmgente.com.ar\/web\/wp-json\/wp\/v2\/posts"}],"about":[{"href":"https:\/\/fmgente.com.ar\/web\/wp-json\/wp\/v2\/types\/post"}],"replies":[{"embeddable":true,"href":"https:\/\/fmgente.com.ar\/web\/wp-json\/wp\/v2\/comments?post=16667"}],"version-history":[{"count":0,"href":"https:\/\/fmgente.com.ar\/web\/wp-json\/wp\/v2\/posts\/16667\/revisions"}],"wp:featuredmedia":[{"embeddable":true,"href":"https:\/\/fmgente.com.ar\/web\/wp-json\/wp\/v2\/media\/16668"}],"wp:attachment":[{"href":"https:\/\/fmgente.com.ar\/web\/wp-json\/wp\/v2\/media?parent=16667"}],"wp:term":[{"taxonomy":"category","embeddable":true,"href":"https:\/\/fmgente.com.ar\/web\/wp-json\/wp\/v2\/categories?post=16667"},{"taxonomy":"post_tag","embeddable":true,"href":"https:\/\/fmgente.com.ar\/web\/wp-json\/wp\/v2\/tags?post=16667"}],"curies":[{"name":"wp","href":"https:\/\/api.w.org\/{rel}","templated":true}]}}