{"id":16663,"date":"2026-03-26T03:06:08","date_gmt":"2026-03-26T06:06:08","guid":{"rendered":"https:\/\/fmgente.com.ar\/web\/murio-un-nino-de-2-anos-tras-ser-hallado-en-una-pileta-en-cordoba\/"},"modified":"2026-03-26T03:06:08","modified_gmt":"2026-03-26T06:06:08","slug":"murio-un-nino-de-2-anos-tras-ser-hallado-en-una-pileta-en-cordoba","status":"publish","type":"post","link":"https:\/\/fmgente.com.ar\/web\/murio-un-nino-de-2-anos-tras-ser-hallado-en-una-pileta-en-cordoba\/","title":{"rendered":"Muri\u00f3 un ni\u00f1o de 2 a\u00f1os tras ser hallado en una pileta en C\u00f3rdoba"},"content":{"rendered":"<p>Buenos Aires, 25 Marzo (NA) \u2013 Un ni\u00f1o de 2 a\u00f1os muri\u00f3 en la localidad cordobesa de Dique Chico luego de haber sido hallado con signos de ahogamiento en la pileta de una vivienda, informaron fuentes del caso.<\/p>\n<p>El episodio se registr\u00f3 durante la tarde en esa localidad perteneciente a la Departamental Santa Mar\u00eda, donde el peque\u00f1o fue encontrado en el interior de una pileta ubicada en un domicilio de la manzana 28.<\/p>\n<p>De acuerdo con el relato de su madre, una mujer de 41 a\u00f1os, el ni\u00f1o fue hallado instantes antes dentro del agua, en circunstancias que por estas horas son materia de investigaci\u00f3n.<\/p>\n<p>Tras el hallazgo, el menor fue trasladado de urgencia al hospital zonal, donde recibi\u00f3 asistencia m\u00e9dica, aunque los profesionales constataron su fallecimiento pese a los esfuerzos realizados para reanimarlo.<\/p>\n<p>Ahora, la Justicia intenta determinar c\u00f3mo se produjo el hecho y en qu\u00e9 contexto el ni\u00f1o termin\u00f3 dentro de la pileta, mientras avanzan las actuaciones de rigor, seg\u00fan pudo saber la Agencia Noticias Argentinas.<\/p>\n<p>#AgenciaNA<\/p>\n","protected":false},"excerpt":{"rendered":"<p>Buenos Aires, 25 Marzo (NA) \u2013 Un ni\u00f1o de 2 a\u00f1os muri\u00f3 en la localidad<\/p>\n","protected":false},"author":0,"featured_media":16664,"comment_status":"","ping_status":"","sticky":false,"template":"","format":"standard","meta":{"footnotes":""},"categories":[1],"tags":[],"class_list":["post-16663","post","type-post","status-publish","format-standard","has-post-thumbnail","hentry","category-regionales"],"yoast_head":"<!-- This site is optimized with the Yoast SEO plugin v27.4 - https:\/\/yoast.com\/product\/yoast-seo-wordpress\/ -->\n<title>Muri\u00f3 un ni\u00f1o de 2 a\u00f1os tras ser hallado en una pileta en C\u00f3rdoba - Fm Gente<\/title>\n<meta name=\"robots\" content=\"index, follow, max-snippet:-1, max-image-preview:large, max-video-preview:-1\" \/>\n<link rel=\"canonical\" href=\"https:\/\/fmgente.com.ar\/web\/murio-un-nino-de-2-anos-tras-ser-hallado-en-una-pileta-en-cordoba\/\" \/>\n<meta property=\"og:locale\" content=\"es_ES\" \/>\n<meta property=\"og:type\" content=\"article\" \/>\n<meta property=\"og:title\" content=\"Muri\u00f3 un ni\u00f1o de 2 a\u00f1os tras ser hallado en una pileta en C\u00f3rdoba - Fm Gente\" \/>\n<meta property=\"og:description\" content=\"Buenos Aires, 25 Marzo (NA) \u2013 Un ni\u00f1o de 2 a\u00f1os muri\u00f3 en la localidad\" \/>\n<meta property=\"og:url\" content=\"https:\/\/fmgente.com.ar\/web\/murio-un-nino-de-2-anos-tras-ser-hallado-en-una-pileta-en-cordoba\/\" \/>\n<meta property=\"og:site_name\" content=\"Fm Gente\" \/>\n<meta property=\"article:published_time\" content=\"2026-03-26T06:06:08+00:00\" \/>\n<meta name=\"twitter:card\" content=\"summary_large_image\" \/>\n<meta name=\"twitter:label1\" content=\"Tiempo de lectura\" \/>\n\t<meta name=\"twitter:data1\" content=\"1 minuto\" \/>\n<script type=\"application\/ld+json\" class=\"yoast-schema-graph\">{\"@context\":\"https:\\\/\\\/schema.org\",\"@graph\":[{\"@type\":\"Article\",\"@id\":\"https:\\\/\\\/fmgente.com.ar\\\/web\\\/murio-un-nino-de-2-anos-tras-ser-hallado-en-una-pileta-en-cordoba\\\/#article\",\"isPartOf\":{\"@id\":\"https:\\\/\\\/fmgente.com.ar\\\/web\\\/murio-un-nino-de-2-anos-tras-ser-hallado-en-una-pileta-en-cordoba\\\/\"},\"author\":{\"name\":\"\",\"@id\":\"\"},\"headline\":\"Muri\u00f3 un ni\u00f1o de 2 a\u00f1os tras ser hallado en una pileta en C\u00f3rdoba\",\"datePublished\":\"2026-03-26T06:06:08+00:00\",\"mainEntityOfPage\":{\"@id\":\"https:\\\/\\\/fmgente.com.ar\\\/web\\\/murio-un-nino-de-2-anos-tras-ser-hallado-en-una-pileta-en-cordoba\\\/\"},\"wordCount\":191,\"publisher\":{\"@id\":\"https:\\\/\\\/fmgente.com.ar\\\/web\\\/#organization\"},\"image\":{\"@id\":\"https:\\\/\\\/fmgente.com.ar\\\/web\\\/murio-un-nino-de-2-anos-tras-ser-hallado-en-una-pileta-en-cordoba\\\/#primaryimage\"},\"thumbnailUrl\":\"https:\\\/\\\/fmgente.com.ar\\\/web\\\/wp-content\\\/uploads\\\/2026\\\/03\\\/720-1027.jpeg\",\"articleSection\":[\"REGIONALES\"],\"inLanguage\":\"es\"},{\"@type\":\"WebPage\",\"@id\":\"https:\\\/\\\/fmgente.com.ar\\\/web\\\/murio-un-nino-de-2-anos-tras-ser-hallado-en-una-pileta-en-cordoba\\\/\",\"url\":\"https:\\\/\\\/fmgente.com.ar\\\/web\\\/murio-un-nino-de-2-anos-tras-ser-hallado-en-una-pileta-en-cordoba\\\/\",\"name\":\"Muri\u00f3 un ni\u00f1o de 2 a\u00f1os tras ser hallado en una pileta en C\u00f3rdoba - Fm Gente\",\"isPartOf\":{\"@id\":\"https:\\\/\\\/fmgente.com.ar\\\/web\\\/#website\"},\"primaryImageOfPage\":{\"@id\":\"https:\\\/\\\/fmgente.com.ar\\\/web\\\/murio-un-nino-de-2-anos-tras-ser-hallado-en-una-pileta-en-cordoba\\\/#primaryimage\"},\"image\":{\"@id\":\"https:\\\/\\\/fmgente.com.ar\\\/web\\\/murio-un-nino-de-2-anos-tras-ser-hallado-en-una-pileta-en-cordoba\\\/#primaryimage\"},\"thumbnailUrl\":\"https:\\\/\\\/fmgente.com.ar\\\/web\\\/wp-content\\\/uploads\\\/2026\\\/03\\\/720-1027.jpeg\",\"datePublished\":\"2026-03-26T06:06:08+00:00\",\"inLanguage\":\"es\",\"potentialAction\":[{\"@type\":\"ReadAction\",\"target\":[\"https:\\\/\\\/fmgente.com.ar\\\/web\\\/murio-un-nino-de-2-anos-tras-ser-hallado-en-una-pileta-en-cordoba\\\/\"]}]},{\"@type\":\"ImageObject\",\"inLanguage\":\"es\",\"@id\":\"https:\\\/\\\/fmgente.com.ar\\\/web\\\/murio-un-nino-de-2-anos-tras-ser-hallado-en-una-pileta-en-cordoba\\\/#primaryimage\",\"url\":\"https:\\\/\\\/fmgente.com.ar\\\/web\\\/wp-content\\\/uploads\\\/2026\\\/03\\\/720-1027.jpeg\",\"contentUrl\":\"https:\\\/\\\/fmgente.com.ar\\\/web\\\/wp-content\\\/uploads\\\/2026\\\/03\\\/720-1027.jpeg\",\"width\":990,\"height\":720},{\"@type\":\"WebSite\",\"@id\":\"https:\\\/\\\/fmgente.com.ar\\\/web\\\/#website\",\"url\":\"https:\\\/\\\/fmgente.com.ar\\\/web\\\/\",\"name\":\"Fm Gente\",\"description\":\"- Jes\u00fas Mar\u00eda\",\"publisher\":{\"@id\":\"https:\\\/\\\/fmgente.com.ar\\\/web\\\/#organization\"},\"potentialAction\":[{\"@type\":\"SearchAction\",\"target\":{\"@type\":\"EntryPoint\",\"urlTemplate\":\"https:\\\/\\\/fmgente.com.ar\\\/web\\\/?s={search_term_string}\"},\"query-input\":{\"@type\":\"PropertyValueSpecification\",\"valueRequired\":true,\"valueName\":\"search_term_string\"}}],\"inLanguage\":\"es\"},{\"@type\":\"Organization\",\"@id\":\"https:\\\/\\\/fmgente.com.ar\\\/web\\\/#organization\",\"name\":\"Fm Gente\",\"url\":\"https:\\\/\\\/fmgente.com.ar\\\/web\\\/\",\"logo\":{\"@type\":\"ImageObject\",\"inLanguage\":\"es\",\"@id\":\"https:\\\/\\\/fmgente.com.ar\\\/web\\\/#\\\/schema\\\/logo\\\/image\\\/\",\"url\":\"https:\\\/\\\/fmgente.com.ar\\\/web\\\/wp-content\\\/uploads\\\/2023\\\/07\\\/cropped-cropped-logo-sombra2.png\",\"contentUrl\":\"https:\\\/\\\/fmgente.com.ar\\\/web\\\/wp-content\\\/uploads\\\/2023\\\/07\\\/cropped-cropped-logo-sombra2.png\",\"width\":1782,\"height\":1782,\"caption\":\"Fm Gente\"},\"image\":{\"@id\":\"https:\\\/\\\/fmgente.com.ar\\\/web\\\/#\\\/schema\\\/logo\\\/image\\\/\"}}]}<\/script>\n<!-- \/ Yoast SEO plugin. -->","yoast_head_json":{"title":"Muri\u00f3 un ni\u00f1o de 2 a\u00f1os tras ser hallado en una pileta en C\u00f3rdoba - Fm Gente","robots":{"index":"index","follow":"follow","max-snippet":"max-snippet:-1","max-image-preview":"max-image-preview:large","max-video-preview":"max-video-preview:-1"},"canonical":"https:\/\/fmgente.com.ar\/web\/murio-un-nino-de-2-anos-tras-ser-hallado-en-una-pileta-en-cordoba\/","og_locale":"es_ES","og_type":"article","og_title":"Muri\u00f3 un ni\u00f1o de 2 a\u00f1os tras ser hallado en una pileta en C\u00f3rdoba - Fm Gente","og_description":"Buenos Aires, 25 Marzo (NA) \u2013 Un ni\u00f1o de 2 a\u00f1os muri\u00f3 en la localidad","og_url":"https:\/\/fmgente.com.ar\/web\/murio-un-nino-de-2-anos-tras-ser-hallado-en-una-pileta-en-cordoba\/","og_site_name":"Fm Gente","article_published_time":"2026-03-26T06:06:08+00:00","twitter_card":"summary_large_image","twitter_misc":{"Tiempo de lectura":"1 minuto"},"schema":{"@context":"https:\/\/schema.org","@graph":[{"@type":"Article","@id":"https:\/\/fmgente.com.ar\/web\/murio-un-nino-de-2-anos-tras-ser-hallado-en-una-pileta-en-cordoba\/#article","isPartOf":{"@id":"https:\/\/fmgente.com.ar\/web\/murio-un-nino-de-2-anos-tras-ser-hallado-en-una-pileta-en-cordoba\/"},"author":{"name":"","@id":""},"headline":"Muri\u00f3 un ni\u00f1o de 2 a\u00f1os tras ser hallado en una pileta en C\u00f3rdoba","datePublished":"2026-03-26T06:06:08+00:00","mainEntityOfPage":{"@id":"https:\/\/fmgente.com.ar\/web\/murio-un-nino-de-2-anos-tras-ser-hallado-en-una-pileta-en-cordoba\/"},"wordCount":191,"publisher":{"@id":"https:\/\/fmgente.com.ar\/web\/#organization"},"image":{"@id":"https:\/\/fmgente.com.ar\/web\/murio-un-nino-de-2-anos-tras-ser-hallado-en-una-pileta-en-cordoba\/#primaryimage"},"thumbnailUrl":"https:\/\/fmgente.com.ar\/web\/wp-content\/uploads\/2026\/03\/720-1027.jpeg","articleSection":["REGIONALES"],"inLanguage":"es"},{"@type":"WebPage","@id":"https:\/\/fmgente.com.ar\/web\/murio-un-nino-de-2-anos-tras-ser-hallado-en-una-pileta-en-cordoba\/","url":"https:\/\/fmgente.com.ar\/web\/murio-un-nino-de-2-anos-tras-ser-hallado-en-una-pileta-en-cordoba\/","name":"Muri\u00f3 un ni\u00f1o de 2 a\u00f1os tras ser hallado en una pileta en C\u00f3rdoba - Fm Gente","isPartOf":{"@id":"https:\/\/fmgente.com.ar\/web\/#website"},"primaryImageOfPage":{"@id":"https:\/\/fmgente.com.ar\/web\/murio-un-nino-de-2-anos-tras-ser-hallado-en-una-pileta-en-cordoba\/#primaryimage"},"image":{"@id":"https:\/\/fmgente.com.ar\/web\/murio-un-nino-de-2-anos-tras-ser-hallado-en-una-pileta-en-cordoba\/#primaryimage"},"thumbnailUrl":"https:\/\/fmgente.com.ar\/web\/wp-content\/uploads\/2026\/03\/720-1027.jpeg","datePublished":"2026-03-26T06:06:08+00:00","inLanguage":"es","potentialAction":[{"@type":"ReadAction","target":["https:\/\/fmgente.com.ar\/web\/murio-un-nino-de-2-anos-tras-ser-hallado-en-una-pileta-en-cordoba\/"]}]},{"@type":"ImageObject","inLanguage":"es","@id":"https:\/\/fmgente.com.ar\/web\/murio-un-nino-de-2-anos-tras-ser-hallado-en-una-pileta-en-cordoba\/#primaryimage","url":"https:\/\/fmgente.com.ar\/web\/wp-content\/uploads\/2026\/03\/720-1027.jpeg","contentUrl":"https:\/\/fmgente.com.ar\/web\/wp-content\/uploads\/2026\/03\/720-1027.jpeg","width":990,"height":720},{"@type":"WebSite","@id":"https:\/\/fmgente.com.ar\/web\/#website","url":"https:\/\/fmgente.com.ar\/web\/","name":"Fm Gente","description":"- Jes\u00fas Mar\u00eda","publisher":{"@id":"https:\/\/fmgente.com.ar\/web\/#organization"},"potentialAction":[{"@type":"SearchAction","target":{"@type":"EntryPoint","urlTemplate":"https:\/\/fmgente.com.ar\/web\/?s={search_term_string}"},"query-input":{"@type":"PropertyValueSpecification","valueRequired":true,"valueName":"search_term_string"}}],"inLanguage":"es"},{"@type":"Organization","@id":"https:\/\/fmgente.com.ar\/web\/#organization","name":"Fm Gente","url":"https:\/\/fmgente.com.ar\/web\/","logo":{"@type":"ImageObject","inLanguage":"es","@id":"https:\/\/fmgente.com.ar\/web\/#\/schema\/logo\/image\/","url":"https:\/\/fmgente.com.ar\/web\/wp-content\/uploads\/2023\/07\/cropped-cropped-logo-sombra2.png","contentUrl":"https:\/\/fmgente.com.ar\/web\/wp-content\/uploads\/2023\/07\/cropped-cropped-logo-sombra2.png","width":1782,"height":1782,"caption":"Fm Gente"},"image":{"@id":"https:\/\/fmgente.com.ar\/web\/#\/schema\/logo\/image\/"}}]}},"_links":{"self":[{"href":"https:\/\/fmgente.com.ar\/web\/wp-json\/wp\/v2\/posts\/16663","targetHints":{"allow":["GET"]}}],"collection":[{"href":"https:\/\/fmgente.com.ar\/web\/wp-json\/wp\/v2\/posts"}],"about":[{"href":"https:\/\/fmgente.com.ar\/web\/wp-json\/wp\/v2\/types\/post"}],"replies":[{"embeddable":true,"href":"https:\/\/fmgente.com.ar\/web\/wp-json\/wp\/v2\/comments?post=16663"}],"version-history":[{"count":0,"href":"https:\/\/fmgente.com.ar\/web\/wp-json\/wp\/v2\/posts\/16663\/revisions"}],"wp:featuredmedia":[{"embeddable":true,"href":"https:\/\/fmgente.com.ar\/web\/wp-json\/wp\/v2\/media\/16664"}],"wp:attachment":[{"href":"https:\/\/fmgente.com.ar\/web\/wp-json\/wp\/v2\/media?parent=16663"}],"wp:term":[{"taxonomy":"category","embeddable":true,"href":"https:\/\/fmgente.com.ar\/web\/wp-json\/wp\/v2\/categories?post=16663"},{"taxonomy":"post_tag","embeddable":true,"href":"https:\/\/fmgente.com.ar\/web\/wp-json\/wp\/v2\/tags?post=16663"}],"curies":[{"name":"wp","href":"https:\/\/api.w.org\/{rel}","templated":true}]}}