{"id":16659,"date":"2026-03-26T03:06:06","date_gmt":"2026-03-26T06:06:06","guid":{"rendered":"https:\/\/fmgente.com.ar\/web\/clima-en-buenos-aires-el-pronostico-para-este-jueves-26-de-marzo\/"},"modified":"2026-03-26T03:06:06","modified_gmt":"2026-03-26T06:06:06","slug":"clima-en-buenos-aires-el-pronostico-para-este-jueves-26-de-marzo","status":"publish","type":"post","link":"https:\/\/fmgente.com.ar\/web\/clima-en-buenos-aires-el-pronostico-para-este-jueves-26-de-marzo\/","title":{"rendered":"Clima en Buenos Aires: el pron\u00f3stico para este jueves 26 de marzo"},"content":{"rendered":"<p>Buenos Aires, 26 marzo (NA) \u2013 El Servicio Meteorol\u00f3gico Nacional (SMN) anticipa para este jueves 26 de marzo una jornada agradable en el \u00c1rea Metropolitana de Buenos Aires (AMBA), con temperaturas templadas y condiciones estables.<\/p>\n<p>De acuerdo al pron\u00f3stico oficial, el d\u00eda se presentar\u00e1 con una temperatura m\u00ednima de 17 grados y una m\u00e1xima de 27, en un contexto de buen tiempo y sin fen\u00f3menos significativos previstos.<\/p>\n<p>C\u00d3MO SIGUE EL CLIMA EN EL AMBA<\/p>\n<p>El panorama para los pr\u00f3ximos d\u00edas se mantendr\u00e1 dentro de par\u00e1metros similares, con leves variaciones t\u00e9rmicas:<\/p>\n<p> * Viernes: m\u00ednima de 19\u00b0C y m\u00e1xima de 27\u00b0C<br \/>\n * S\u00e1bado: m\u00ednima de 21\u00b0C y m\u00e1xima de 25\u00b0C (chances de lluvias)<br \/>\n * Domingo: m\u00ednima de 22\u00b0C y m\u00e1xima de 27\u00b0C (chances de lluvias)<br \/>\n * Lunes: m\u00ednima de 23\u00b0C y m\u00e1xima de 28\u00b0C<br \/>\n * Martes: m\u00ednima de 23\u00b0C y m\u00e1xima de 28\u00b0C<\/p>\n<p>TENDENCIA DE LA SEMANA<\/p>\n<p>El pron\u00f3stico extendido muestra una continuidad de temperaturas templadas a c\u00e1lidas, con m\u00ednimas en ascenso y m\u00e1ximas que se mantendr\u00e1n cerca de los 27 y 28 grados.<\/p>\n<p>De esta manera, el cierre de marzo en el AMBA estar\u00e1 marcado por condiciones mayormente estables, con jornadas ideales para actividades al aire libre y sin cambios bruscos en el corto plazo.<\/p>\n<p>#AgenciaNA<\/p>\n","protected":false},"excerpt":{"rendered":"<p>Buenos Aires, 26 marzo (NA) \u2013 El Servicio Meteorol\u00f3gico Nacional (SMN) anticipa para este jueves<\/p>\n","protected":false},"author":0,"featured_media":16660,"comment_status":"","ping_status":"","sticky":false,"template":"","format":"standard","meta":{"footnotes":""},"categories":[1],"tags":[],"class_list":["post-16659","post","type-post","status-publish","format-standard","has-post-thumbnail","hentry","category-regionales"],"yoast_head":"<!-- This site is optimized with the Yoast SEO plugin v27.4 - https:\/\/yoast.com\/product\/yoast-seo-wordpress\/ -->\n<title>Clima en Buenos Aires: el pron\u00f3stico para este jueves 26 de marzo - Fm Gente<\/title>\n<meta name=\"robots\" content=\"index, follow, max-snippet:-1, max-image-preview:large, max-video-preview:-1\" \/>\n<link rel=\"canonical\" href=\"https:\/\/fmgente.com.ar\/web\/clima-en-buenos-aires-el-pronostico-para-este-jueves-26-de-marzo\/\" \/>\n<meta property=\"og:locale\" content=\"es_ES\" \/>\n<meta property=\"og:type\" content=\"article\" \/>\n<meta property=\"og:title\" content=\"Clima en Buenos Aires: el pron\u00f3stico para este jueves 26 de marzo - Fm Gente\" \/>\n<meta property=\"og:description\" content=\"Buenos Aires, 26 marzo (NA) \u2013 El Servicio Meteorol\u00f3gico Nacional (SMN) anticipa para este jueves\" \/>\n<meta property=\"og:url\" content=\"https:\/\/fmgente.com.ar\/web\/clima-en-buenos-aires-el-pronostico-para-este-jueves-26-de-marzo\/\" \/>\n<meta property=\"og:site_name\" content=\"Fm Gente\" \/>\n<meta property=\"article:published_time\" content=\"2026-03-26T06:06:06+00:00\" \/>\n<meta name=\"twitter:card\" content=\"summary_large_image\" \/>\n<meta name=\"twitter:label1\" content=\"Tiempo de lectura\" \/>\n\t<meta name=\"twitter:data1\" content=\"1 minuto\" \/>\n<script type=\"application\/ld+json\" class=\"yoast-schema-graph\">{\"@context\":\"https:\\\/\\\/schema.org\",\"@graph\":[{\"@type\":\"Article\",\"@id\":\"https:\\\/\\\/fmgente.com.ar\\\/web\\\/clima-en-buenos-aires-el-pronostico-para-este-jueves-26-de-marzo\\\/#article\",\"isPartOf\":{\"@id\":\"https:\\\/\\\/fmgente.com.ar\\\/web\\\/clima-en-buenos-aires-el-pronostico-para-este-jueves-26-de-marzo\\\/\"},\"author\":{\"name\":\"\",\"@id\":\"\"},\"headline\":\"Clima en Buenos Aires: el pron\u00f3stico para este jueves 26 de marzo\",\"datePublished\":\"2026-03-26T06:06:06+00:00\",\"mainEntityOfPage\":{\"@id\":\"https:\\\/\\\/fmgente.com.ar\\\/web\\\/clima-en-buenos-aires-el-pronostico-para-este-jueves-26-de-marzo\\\/\"},\"wordCount\":232,\"publisher\":{\"@id\":\"https:\\\/\\\/fmgente.com.ar\\\/web\\\/#organization\"},\"image\":{\"@id\":\"https:\\\/\\\/fmgente.com.ar\\\/web\\\/clima-en-buenos-aires-el-pronostico-para-este-jueves-26-de-marzo\\\/#primaryimage\"},\"thumbnailUrl\":\"https:\\\/\\\/fmgente.com.ar\\\/web\\\/wp-content\\\/uploads\\\/2026\\\/03\\\/720-1025.jpeg\",\"articleSection\":[\"REGIONALES\"],\"inLanguage\":\"es\"},{\"@type\":\"WebPage\",\"@id\":\"https:\\\/\\\/fmgente.com.ar\\\/web\\\/clima-en-buenos-aires-el-pronostico-para-este-jueves-26-de-marzo\\\/\",\"url\":\"https:\\\/\\\/fmgente.com.ar\\\/web\\\/clima-en-buenos-aires-el-pronostico-para-este-jueves-26-de-marzo\\\/\",\"name\":\"Clima en Buenos Aires: el pron\u00f3stico para este jueves 26 de marzo - Fm Gente\",\"isPartOf\":{\"@id\":\"https:\\\/\\\/fmgente.com.ar\\\/web\\\/#website\"},\"primaryImageOfPage\":{\"@id\":\"https:\\\/\\\/fmgente.com.ar\\\/web\\\/clima-en-buenos-aires-el-pronostico-para-este-jueves-26-de-marzo\\\/#primaryimage\"},\"image\":{\"@id\":\"https:\\\/\\\/fmgente.com.ar\\\/web\\\/clima-en-buenos-aires-el-pronostico-para-este-jueves-26-de-marzo\\\/#primaryimage\"},\"thumbnailUrl\":\"https:\\\/\\\/fmgente.com.ar\\\/web\\\/wp-content\\\/uploads\\\/2026\\\/03\\\/720-1025.jpeg\",\"datePublished\":\"2026-03-26T06:06:06+00:00\",\"inLanguage\":\"es\",\"potentialAction\":[{\"@type\":\"ReadAction\",\"target\":[\"https:\\\/\\\/fmgente.com.ar\\\/web\\\/clima-en-buenos-aires-el-pronostico-para-este-jueves-26-de-marzo\\\/\"]}]},{\"@type\":\"ImageObject\",\"inLanguage\":\"es\",\"@id\":\"https:\\\/\\\/fmgente.com.ar\\\/web\\\/clima-en-buenos-aires-el-pronostico-para-este-jueves-26-de-marzo\\\/#primaryimage\",\"url\":\"https:\\\/\\\/fmgente.com.ar\\\/web\\\/wp-content\\\/uploads\\\/2026\\\/03\\\/720-1025.jpeg\",\"contentUrl\":\"https:\\\/\\\/fmgente.com.ar\\\/web\\\/wp-content\\\/uploads\\\/2026\\\/03\\\/720-1025.jpeg\",\"width\":1080,\"height\":720},{\"@type\":\"WebSite\",\"@id\":\"https:\\\/\\\/fmgente.com.ar\\\/web\\\/#website\",\"url\":\"https:\\\/\\\/fmgente.com.ar\\\/web\\\/\",\"name\":\"Fm Gente\",\"description\":\"- Jes\u00fas Mar\u00eda\",\"publisher\":{\"@id\":\"https:\\\/\\\/fmgente.com.ar\\\/web\\\/#organization\"},\"potentialAction\":[{\"@type\":\"SearchAction\",\"target\":{\"@type\":\"EntryPoint\",\"urlTemplate\":\"https:\\\/\\\/fmgente.com.ar\\\/web\\\/?s={search_term_string}\"},\"query-input\":{\"@type\":\"PropertyValueSpecification\",\"valueRequired\":true,\"valueName\":\"search_term_string\"}}],\"inLanguage\":\"es\"},{\"@type\":\"Organization\",\"@id\":\"https:\\\/\\\/fmgente.com.ar\\\/web\\\/#organization\",\"name\":\"Fm Gente\",\"url\":\"https:\\\/\\\/fmgente.com.ar\\\/web\\\/\",\"logo\":{\"@type\":\"ImageObject\",\"inLanguage\":\"es\",\"@id\":\"https:\\\/\\\/fmgente.com.ar\\\/web\\\/#\\\/schema\\\/logo\\\/image\\\/\",\"url\":\"https:\\\/\\\/fmgente.com.ar\\\/web\\\/wp-content\\\/uploads\\\/2023\\\/07\\\/cropped-cropped-logo-sombra2.png\",\"contentUrl\":\"https:\\\/\\\/fmgente.com.ar\\\/web\\\/wp-content\\\/uploads\\\/2023\\\/07\\\/cropped-cropped-logo-sombra2.png\",\"width\":1782,\"height\":1782,\"caption\":\"Fm Gente\"},\"image\":{\"@id\":\"https:\\\/\\\/fmgente.com.ar\\\/web\\\/#\\\/schema\\\/logo\\\/image\\\/\"}}]}<\/script>\n<!-- \/ Yoast SEO plugin. -->","yoast_head_json":{"title":"Clima en Buenos Aires: el pron\u00f3stico para este jueves 26 de marzo - Fm Gente","robots":{"index":"index","follow":"follow","max-snippet":"max-snippet:-1","max-image-preview":"max-image-preview:large","max-video-preview":"max-video-preview:-1"},"canonical":"https:\/\/fmgente.com.ar\/web\/clima-en-buenos-aires-el-pronostico-para-este-jueves-26-de-marzo\/","og_locale":"es_ES","og_type":"article","og_title":"Clima en Buenos Aires: el pron\u00f3stico para este jueves 26 de marzo - Fm Gente","og_description":"Buenos Aires, 26 marzo (NA) \u2013 El Servicio Meteorol\u00f3gico Nacional (SMN) anticipa para este jueves","og_url":"https:\/\/fmgente.com.ar\/web\/clima-en-buenos-aires-el-pronostico-para-este-jueves-26-de-marzo\/","og_site_name":"Fm Gente","article_published_time":"2026-03-26T06:06:06+00:00","twitter_card":"summary_large_image","twitter_misc":{"Tiempo de lectura":"1 minuto"},"schema":{"@context":"https:\/\/schema.org","@graph":[{"@type":"Article","@id":"https:\/\/fmgente.com.ar\/web\/clima-en-buenos-aires-el-pronostico-para-este-jueves-26-de-marzo\/#article","isPartOf":{"@id":"https:\/\/fmgente.com.ar\/web\/clima-en-buenos-aires-el-pronostico-para-este-jueves-26-de-marzo\/"},"author":{"name":"","@id":""},"headline":"Clima en Buenos Aires: el pron\u00f3stico para este jueves 26 de marzo","datePublished":"2026-03-26T06:06:06+00:00","mainEntityOfPage":{"@id":"https:\/\/fmgente.com.ar\/web\/clima-en-buenos-aires-el-pronostico-para-este-jueves-26-de-marzo\/"},"wordCount":232,"publisher":{"@id":"https:\/\/fmgente.com.ar\/web\/#organization"},"image":{"@id":"https:\/\/fmgente.com.ar\/web\/clima-en-buenos-aires-el-pronostico-para-este-jueves-26-de-marzo\/#primaryimage"},"thumbnailUrl":"https:\/\/fmgente.com.ar\/web\/wp-content\/uploads\/2026\/03\/720-1025.jpeg","articleSection":["REGIONALES"],"inLanguage":"es"},{"@type":"WebPage","@id":"https:\/\/fmgente.com.ar\/web\/clima-en-buenos-aires-el-pronostico-para-este-jueves-26-de-marzo\/","url":"https:\/\/fmgente.com.ar\/web\/clima-en-buenos-aires-el-pronostico-para-este-jueves-26-de-marzo\/","name":"Clima en Buenos Aires: el pron\u00f3stico para este jueves 26 de marzo - Fm Gente","isPartOf":{"@id":"https:\/\/fmgente.com.ar\/web\/#website"},"primaryImageOfPage":{"@id":"https:\/\/fmgente.com.ar\/web\/clima-en-buenos-aires-el-pronostico-para-este-jueves-26-de-marzo\/#primaryimage"},"image":{"@id":"https:\/\/fmgente.com.ar\/web\/clima-en-buenos-aires-el-pronostico-para-este-jueves-26-de-marzo\/#primaryimage"},"thumbnailUrl":"https:\/\/fmgente.com.ar\/web\/wp-content\/uploads\/2026\/03\/720-1025.jpeg","datePublished":"2026-03-26T06:06:06+00:00","inLanguage":"es","potentialAction":[{"@type":"ReadAction","target":["https:\/\/fmgente.com.ar\/web\/clima-en-buenos-aires-el-pronostico-para-este-jueves-26-de-marzo\/"]}]},{"@type":"ImageObject","inLanguage":"es","@id":"https:\/\/fmgente.com.ar\/web\/clima-en-buenos-aires-el-pronostico-para-este-jueves-26-de-marzo\/#primaryimage","url":"https:\/\/fmgente.com.ar\/web\/wp-content\/uploads\/2026\/03\/720-1025.jpeg","contentUrl":"https:\/\/fmgente.com.ar\/web\/wp-content\/uploads\/2026\/03\/720-1025.jpeg","width":1080,"height":720},{"@type":"WebSite","@id":"https:\/\/fmgente.com.ar\/web\/#website","url":"https:\/\/fmgente.com.ar\/web\/","name":"Fm Gente","description":"- Jes\u00fas Mar\u00eda","publisher":{"@id":"https:\/\/fmgente.com.ar\/web\/#organization"},"potentialAction":[{"@type":"SearchAction","target":{"@type":"EntryPoint","urlTemplate":"https:\/\/fmgente.com.ar\/web\/?s={search_term_string}"},"query-input":{"@type":"PropertyValueSpecification","valueRequired":true,"valueName":"search_term_string"}}],"inLanguage":"es"},{"@type":"Organization","@id":"https:\/\/fmgente.com.ar\/web\/#organization","name":"Fm Gente","url":"https:\/\/fmgente.com.ar\/web\/","logo":{"@type":"ImageObject","inLanguage":"es","@id":"https:\/\/fmgente.com.ar\/web\/#\/schema\/logo\/image\/","url":"https:\/\/fmgente.com.ar\/web\/wp-content\/uploads\/2023\/07\/cropped-cropped-logo-sombra2.png","contentUrl":"https:\/\/fmgente.com.ar\/web\/wp-content\/uploads\/2023\/07\/cropped-cropped-logo-sombra2.png","width":1782,"height":1782,"caption":"Fm Gente"},"image":{"@id":"https:\/\/fmgente.com.ar\/web\/#\/schema\/logo\/image\/"}}]}},"_links":{"self":[{"href":"https:\/\/fmgente.com.ar\/web\/wp-json\/wp\/v2\/posts\/16659","targetHints":{"allow":["GET"]}}],"collection":[{"href":"https:\/\/fmgente.com.ar\/web\/wp-json\/wp\/v2\/posts"}],"about":[{"href":"https:\/\/fmgente.com.ar\/web\/wp-json\/wp\/v2\/types\/post"}],"replies":[{"embeddable":true,"href":"https:\/\/fmgente.com.ar\/web\/wp-json\/wp\/v2\/comments?post=16659"}],"version-history":[{"count":0,"href":"https:\/\/fmgente.com.ar\/web\/wp-json\/wp\/v2\/posts\/16659\/revisions"}],"wp:featuredmedia":[{"embeddable":true,"href":"https:\/\/fmgente.com.ar\/web\/wp-json\/wp\/v2\/media\/16660"}],"wp:attachment":[{"href":"https:\/\/fmgente.com.ar\/web\/wp-json\/wp\/v2\/media?parent=16659"}],"wp:term":[{"taxonomy":"category","embeddable":true,"href":"https:\/\/fmgente.com.ar\/web\/wp-json\/wp\/v2\/categories?post=16659"},{"taxonomy":"post_tag","embeddable":true,"href":"https:\/\/fmgente.com.ar\/web\/wp-json\/wp\/v2\/tags?post=16659"}],"curies":[{"name":"wp","href":"https:\/\/api.w.org\/{rel}","templated":true}]}}