{"id":16657,"date":"2026-03-25T21:05:38","date_gmt":"2026-03-26T00:05:38","guid":{"rendered":"https:\/\/fmgente.com.ar\/web\/tras-una-primera-jornada-tensa-la-audiencia-por-la-ley-de-glaciares-continua-manana-su-recorrido-en-diputados\/"},"modified":"2026-03-25T21:05:38","modified_gmt":"2026-03-26T00:05:38","slug":"tras-una-primera-jornada-tensa-la-audiencia-por-la-ley-de-glaciares-continua-manana-su-recorrido-en-diputados","status":"publish","type":"post","link":"https:\/\/fmgente.com.ar\/web\/tras-una-primera-jornada-tensa-la-audiencia-por-la-ley-de-glaciares-continua-manana-su-recorrido-en-diputados\/","title":{"rendered":"Tras una primera jornada tensa, la audiencia por la Ley de Glaciares contin\u00faa ma\u00f1ana su recorrido en Diputados"},"content":{"rendered":"<p>Buenos Aires, 25 marzo (NA) \u2013 Tras una primera jornada tensa, acompa\u00f1ada por protestas en la calle, la audiencia por la reforma a la Ley de Glaciares se reanudar\u00e1 este jueves con una nueva reuni\u00f3n, en este caso virtual, que recoger\u00e1 las voces de expositores de todo el pa\u00eds.<\/p>\n<p>A partir de las 10 hs, est\u00e1 prevista la realizaci\u00f3n de la segunda fecha de audiencias p\u00fablicas, un proceso que enfrenta pedidos de nulidad en la Justicia presentados por sectores opositores a ra\u00edz de la limitaci\u00f3n impuesta por el oficialismo en el n\u00famero de oradores.<\/p>\n<p>En un clima de tensi\u00f3n y fuertes protestas de ambientalistas en las inmediaciones del Congreso, la C\u00e1mara de Diputados cerr\u00f3 el mi\u00e9rcoles la primera audiencia publica, que cont\u00f3 con la participaci\u00f3n de un importante n\u00famero de expositores, la mayor\u00eda de ellos con duros discursos contra la miner\u00eda.<\/p>\n<p>La jornada, que comenz\u00f3 bien temprano por la ma\u00f1ana bajo la conducci\u00f3n de los presidentes de las comisiones de Recursos Naturales, Jos\u00e9 Peluc, y de Asuntos Constitucionales, Nicol\u00e1s Mayoraz, estuvo marcada por fuertes cruces entre algunos de los oradores y diputados opositores.<\/p>\n<p>A lo largo de la jornada la mayor\u00eda de los expositores se quejaron de que se haya limitado a 200 oradores provinciales.<\/p>\n<p>El proyecto que se discute ya fue sancionado por el Senado el el per\u00edodo de sesiones extraordinarias y busca redefinir el alcance de las zonas protegidas para permitir tareas de exploraci\u00f3n y explotaci\u00f3n econ\u00f3mica en determinadas \u00e1reas periglaciares que actualmente est\u00e1n blindadas e inhabilitadas para actividades extractivistas e industriales.<\/p>\n<p>#AgenciaNA<\/p>\n","protected":false},"excerpt":{"rendered":"<p>Buenos Aires, 25 marzo (NA) \u2013 Tras una primera jornada tensa, acompa\u00f1ada por protestas en<\/p>\n","protected":false},"author":0,"featured_media":16658,"comment_status":"","ping_status":"","sticky":false,"template":"","format":"standard","meta":{"footnotes":""},"categories":[1],"tags":[],"class_list":["post-16657","post","type-post","status-publish","format-standard","has-post-thumbnail","hentry","category-regionales"],"yoast_head":"<!-- This site is optimized with the Yoast SEO plugin v27.4 - https:\/\/yoast.com\/product\/yoast-seo-wordpress\/ -->\n<title>Tras una primera jornada tensa, la audiencia por la Ley de Glaciares contin\u00faa ma\u00f1ana su recorrido en Diputados - Fm Gente<\/title>\n<meta name=\"robots\" content=\"index, follow, max-snippet:-1, max-image-preview:large, max-video-preview:-1\" \/>\n<link rel=\"canonical\" href=\"https:\/\/fmgente.com.ar\/web\/tras-una-primera-jornada-tensa-la-audiencia-por-la-ley-de-glaciares-continua-manana-su-recorrido-en-diputados\/\" \/>\n<meta property=\"og:locale\" content=\"es_ES\" \/>\n<meta property=\"og:type\" content=\"article\" \/>\n<meta property=\"og:title\" content=\"Tras una primera jornada tensa, la audiencia por la Ley de Glaciares contin\u00faa ma\u00f1ana su recorrido en Diputados - Fm Gente\" \/>\n<meta property=\"og:description\" content=\"Buenos Aires, 25 marzo (NA) \u2013 Tras una primera jornada tensa, acompa\u00f1ada por protestas en\" \/>\n<meta property=\"og:url\" content=\"https:\/\/fmgente.com.ar\/web\/tras-una-primera-jornada-tensa-la-audiencia-por-la-ley-de-glaciares-continua-manana-su-recorrido-en-diputados\/\" \/>\n<meta property=\"og:site_name\" content=\"Fm Gente\" \/>\n<meta property=\"article:published_time\" content=\"2026-03-26T00:05:38+00:00\" \/>\n<meta name=\"twitter:card\" content=\"summary_large_image\" \/>\n<meta name=\"twitter:label1\" content=\"Tiempo de lectura\" \/>\n\t<meta name=\"twitter:data1\" content=\"1 minuto\" \/>\n<script type=\"application\/ld+json\" class=\"yoast-schema-graph\">{\"@context\":\"https:\\\/\\\/schema.org\",\"@graph\":[{\"@type\":\"Article\",\"@id\":\"https:\\\/\\\/fmgente.com.ar\\\/web\\\/tras-una-primera-jornada-tensa-la-audiencia-por-la-ley-de-glaciares-continua-manana-su-recorrido-en-diputados\\\/#article\",\"isPartOf\":{\"@id\":\"https:\\\/\\\/fmgente.com.ar\\\/web\\\/tras-una-primera-jornada-tensa-la-audiencia-por-la-ley-de-glaciares-continua-manana-su-recorrido-en-diputados\\\/\"},\"author\":{\"name\":\"\",\"@id\":\"\"},\"headline\":\"Tras una primera jornada tensa, la audiencia por la Ley de Glaciares contin\u00faa ma\u00f1ana su recorrido en Diputados\",\"datePublished\":\"2026-03-26T00:05:38+00:00\",\"mainEntityOfPage\":{\"@id\":\"https:\\\/\\\/fmgente.com.ar\\\/web\\\/tras-una-primera-jornada-tensa-la-audiencia-por-la-ley-de-glaciares-continua-manana-su-recorrido-en-diputados\\\/\"},\"wordCount\":295,\"publisher\":{\"@id\":\"https:\\\/\\\/fmgente.com.ar\\\/web\\\/#organization\"},\"image\":{\"@id\":\"https:\\\/\\\/fmgente.com.ar\\\/web\\\/tras-una-primera-jornada-tensa-la-audiencia-por-la-ley-de-glaciares-continua-manana-su-recorrido-en-diputados\\\/#primaryimage\"},\"thumbnailUrl\":\"https:\\\/\\\/fmgente.com.ar\\\/web\\\/wp-content\\\/uploads\\\/2026\\\/03\\\/720-1024.jpeg\",\"articleSection\":[\"REGIONALES\"],\"inLanguage\":\"es\"},{\"@type\":\"WebPage\",\"@id\":\"https:\\\/\\\/fmgente.com.ar\\\/web\\\/tras-una-primera-jornada-tensa-la-audiencia-por-la-ley-de-glaciares-continua-manana-su-recorrido-en-diputados\\\/\",\"url\":\"https:\\\/\\\/fmgente.com.ar\\\/web\\\/tras-una-primera-jornada-tensa-la-audiencia-por-la-ley-de-glaciares-continua-manana-su-recorrido-en-diputados\\\/\",\"name\":\"Tras una primera jornada tensa, la audiencia por la Ley de Glaciares contin\u00faa ma\u00f1ana su recorrido en Diputados - Fm Gente\",\"isPartOf\":{\"@id\":\"https:\\\/\\\/fmgente.com.ar\\\/web\\\/#website\"},\"primaryImageOfPage\":{\"@id\":\"https:\\\/\\\/fmgente.com.ar\\\/web\\\/tras-una-primera-jornada-tensa-la-audiencia-por-la-ley-de-glaciares-continua-manana-su-recorrido-en-diputados\\\/#primaryimage\"},\"image\":{\"@id\":\"https:\\\/\\\/fmgente.com.ar\\\/web\\\/tras-una-primera-jornada-tensa-la-audiencia-por-la-ley-de-glaciares-continua-manana-su-recorrido-en-diputados\\\/#primaryimage\"},\"thumbnailUrl\":\"https:\\\/\\\/fmgente.com.ar\\\/web\\\/wp-content\\\/uploads\\\/2026\\\/03\\\/720-1024.jpeg\",\"datePublished\":\"2026-03-26T00:05:38+00:00\",\"inLanguage\":\"es\",\"potentialAction\":[{\"@type\":\"ReadAction\",\"target\":[\"https:\\\/\\\/fmgente.com.ar\\\/web\\\/tras-una-primera-jornada-tensa-la-audiencia-por-la-ley-de-glaciares-continua-manana-su-recorrido-en-diputados\\\/\"]}]},{\"@type\":\"ImageObject\",\"inLanguage\":\"es\",\"@id\":\"https:\\\/\\\/fmgente.com.ar\\\/web\\\/tras-una-primera-jornada-tensa-la-audiencia-por-la-ley-de-glaciares-continua-manana-su-recorrido-en-diputados\\\/#primaryimage\",\"url\":\"https:\\\/\\\/fmgente.com.ar\\\/web\\\/wp-content\\\/uploads\\\/2026\\\/03\\\/720-1024.jpeg\",\"contentUrl\":\"https:\\\/\\\/fmgente.com.ar\\\/web\\\/wp-content\\\/uploads\\\/2026\\\/03\\\/720-1024.jpeg\",\"width\":1082,\"height\":720},{\"@type\":\"WebSite\",\"@id\":\"https:\\\/\\\/fmgente.com.ar\\\/web\\\/#website\",\"url\":\"https:\\\/\\\/fmgente.com.ar\\\/web\\\/\",\"name\":\"Fm Gente\",\"description\":\"- Jes\u00fas Mar\u00eda\",\"publisher\":{\"@id\":\"https:\\\/\\\/fmgente.com.ar\\\/web\\\/#organization\"},\"potentialAction\":[{\"@type\":\"SearchAction\",\"target\":{\"@type\":\"EntryPoint\",\"urlTemplate\":\"https:\\\/\\\/fmgente.com.ar\\\/web\\\/?s={search_term_string}\"},\"query-input\":{\"@type\":\"PropertyValueSpecification\",\"valueRequired\":true,\"valueName\":\"search_term_string\"}}],\"inLanguage\":\"es\"},{\"@type\":\"Organization\",\"@id\":\"https:\\\/\\\/fmgente.com.ar\\\/web\\\/#organization\",\"name\":\"Fm Gente\",\"url\":\"https:\\\/\\\/fmgente.com.ar\\\/web\\\/\",\"logo\":{\"@type\":\"ImageObject\",\"inLanguage\":\"es\",\"@id\":\"https:\\\/\\\/fmgente.com.ar\\\/web\\\/#\\\/schema\\\/logo\\\/image\\\/\",\"url\":\"https:\\\/\\\/fmgente.com.ar\\\/web\\\/wp-content\\\/uploads\\\/2023\\\/07\\\/cropped-cropped-logo-sombra2.png\",\"contentUrl\":\"https:\\\/\\\/fmgente.com.ar\\\/web\\\/wp-content\\\/uploads\\\/2023\\\/07\\\/cropped-cropped-logo-sombra2.png\",\"width\":1782,\"height\":1782,\"caption\":\"Fm Gente\"},\"image\":{\"@id\":\"https:\\\/\\\/fmgente.com.ar\\\/web\\\/#\\\/schema\\\/logo\\\/image\\\/\"}}]}<\/script>\n<!-- \/ Yoast SEO plugin. -->","yoast_head_json":{"title":"Tras una primera jornada tensa, la audiencia por la Ley de Glaciares contin\u00faa ma\u00f1ana su recorrido en Diputados - Fm Gente","robots":{"index":"index","follow":"follow","max-snippet":"max-snippet:-1","max-image-preview":"max-image-preview:large","max-video-preview":"max-video-preview:-1"},"canonical":"https:\/\/fmgente.com.ar\/web\/tras-una-primera-jornada-tensa-la-audiencia-por-la-ley-de-glaciares-continua-manana-su-recorrido-en-diputados\/","og_locale":"es_ES","og_type":"article","og_title":"Tras una primera jornada tensa, la audiencia por la Ley de Glaciares contin\u00faa ma\u00f1ana su recorrido en Diputados - Fm Gente","og_description":"Buenos Aires, 25 marzo (NA) \u2013 Tras una primera jornada tensa, acompa\u00f1ada por protestas en","og_url":"https:\/\/fmgente.com.ar\/web\/tras-una-primera-jornada-tensa-la-audiencia-por-la-ley-de-glaciares-continua-manana-su-recorrido-en-diputados\/","og_site_name":"Fm Gente","article_published_time":"2026-03-26T00:05:38+00:00","twitter_card":"summary_large_image","twitter_misc":{"Tiempo de lectura":"1 minuto"},"schema":{"@context":"https:\/\/schema.org","@graph":[{"@type":"Article","@id":"https:\/\/fmgente.com.ar\/web\/tras-una-primera-jornada-tensa-la-audiencia-por-la-ley-de-glaciares-continua-manana-su-recorrido-en-diputados\/#article","isPartOf":{"@id":"https:\/\/fmgente.com.ar\/web\/tras-una-primera-jornada-tensa-la-audiencia-por-la-ley-de-glaciares-continua-manana-su-recorrido-en-diputados\/"},"author":{"name":"","@id":""},"headline":"Tras una primera jornada tensa, la audiencia por la Ley de Glaciares contin\u00faa ma\u00f1ana su recorrido en Diputados","datePublished":"2026-03-26T00:05:38+00:00","mainEntityOfPage":{"@id":"https:\/\/fmgente.com.ar\/web\/tras-una-primera-jornada-tensa-la-audiencia-por-la-ley-de-glaciares-continua-manana-su-recorrido-en-diputados\/"},"wordCount":295,"publisher":{"@id":"https:\/\/fmgente.com.ar\/web\/#organization"},"image":{"@id":"https:\/\/fmgente.com.ar\/web\/tras-una-primera-jornada-tensa-la-audiencia-por-la-ley-de-glaciares-continua-manana-su-recorrido-en-diputados\/#primaryimage"},"thumbnailUrl":"https:\/\/fmgente.com.ar\/web\/wp-content\/uploads\/2026\/03\/720-1024.jpeg","articleSection":["REGIONALES"],"inLanguage":"es"},{"@type":"WebPage","@id":"https:\/\/fmgente.com.ar\/web\/tras-una-primera-jornada-tensa-la-audiencia-por-la-ley-de-glaciares-continua-manana-su-recorrido-en-diputados\/","url":"https:\/\/fmgente.com.ar\/web\/tras-una-primera-jornada-tensa-la-audiencia-por-la-ley-de-glaciares-continua-manana-su-recorrido-en-diputados\/","name":"Tras una primera jornada tensa, la audiencia por la Ley de Glaciares contin\u00faa ma\u00f1ana su recorrido en Diputados - Fm Gente","isPartOf":{"@id":"https:\/\/fmgente.com.ar\/web\/#website"},"primaryImageOfPage":{"@id":"https:\/\/fmgente.com.ar\/web\/tras-una-primera-jornada-tensa-la-audiencia-por-la-ley-de-glaciares-continua-manana-su-recorrido-en-diputados\/#primaryimage"},"image":{"@id":"https:\/\/fmgente.com.ar\/web\/tras-una-primera-jornada-tensa-la-audiencia-por-la-ley-de-glaciares-continua-manana-su-recorrido-en-diputados\/#primaryimage"},"thumbnailUrl":"https:\/\/fmgente.com.ar\/web\/wp-content\/uploads\/2026\/03\/720-1024.jpeg","datePublished":"2026-03-26T00:05:38+00:00","inLanguage":"es","potentialAction":[{"@type":"ReadAction","target":["https:\/\/fmgente.com.ar\/web\/tras-una-primera-jornada-tensa-la-audiencia-por-la-ley-de-glaciares-continua-manana-su-recorrido-en-diputados\/"]}]},{"@type":"ImageObject","inLanguage":"es","@id":"https:\/\/fmgente.com.ar\/web\/tras-una-primera-jornada-tensa-la-audiencia-por-la-ley-de-glaciares-continua-manana-su-recorrido-en-diputados\/#primaryimage","url":"https:\/\/fmgente.com.ar\/web\/wp-content\/uploads\/2026\/03\/720-1024.jpeg","contentUrl":"https:\/\/fmgente.com.ar\/web\/wp-content\/uploads\/2026\/03\/720-1024.jpeg","width":1082,"height":720},{"@type":"WebSite","@id":"https:\/\/fmgente.com.ar\/web\/#website","url":"https:\/\/fmgente.com.ar\/web\/","name":"Fm Gente","description":"- Jes\u00fas Mar\u00eda","publisher":{"@id":"https:\/\/fmgente.com.ar\/web\/#organization"},"potentialAction":[{"@type":"SearchAction","target":{"@type":"EntryPoint","urlTemplate":"https:\/\/fmgente.com.ar\/web\/?s={search_term_string}"},"query-input":{"@type":"PropertyValueSpecification","valueRequired":true,"valueName":"search_term_string"}}],"inLanguage":"es"},{"@type":"Organization","@id":"https:\/\/fmgente.com.ar\/web\/#organization","name":"Fm Gente","url":"https:\/\/fmgente.com.ar\/web\/","logo":{"@type":"ImageObject","inLanguage":"es","@id":"https:\/\/fmgente.com.ar\/web\/#\/schema\/logo\/image\/","url":"https:\/\/fmgente.com.ar\/web\/wp-content\/uploads\/2023\/07\/cropped-cropped-logo-sombra2.png","contentUrl":"https:\/\/fmgente.com.ar\/web\/wp-content\/uploads\/2023\/07\/cropped-cropped-logo-sombra2.png","width":1782,"height":1782,"caption":"Fm Gente"},"image":{"@id":"https:\/\/fmgente.com.ar\/web\/#\/schema\/logo\/image\/"}}]}},"_links":{"self":[{"href":"https:\/\/fmgente.com.ar\/web\/wp-json\/wp\/v2\/posts\/16657","targetHints":{"allow":["GET"]}}],"collection":[{"href":"https:\/\/fmgente.com.ar\/web\/wp-json\/wp\/v2\/posts"}],"about":[{"href":"https:\/\/fmgente.com.ar\/web\/wp-json\/wp\/v2\/types\/post"}],"replies":[{"embeddable":true,"href":"https:\/\/fmgente.com.ar\/web\/wp-json\/wp\/v2\/comments?post=16657"}],"version-history":[{"count":0,"href":"https:\/\/fmgente.com.ar\/web\/wp-json\/wp\/v2\/posts\/16657\/revisions"}],"wp:featuredmedia":[{"embeddable":true,"href":"https:\/\/fmgente.com.ar\/web\/wp-json\/wp\/v2\/media\/16658"}],"wp:attachment":[{"href":"https:\/\/fmgente.com.ar\/web\/wp-json\/wp\/v2\/media?parent=16657"}],"wp:term":[{"taxonomy":"category","embeddable":true,"href":"https:\/\/fmgente.com.ar\/web\/wp-json\/wp\/v2\/categories?post=16657"},{"taxonomy":"post_tag","embeddable":true,"href":"https:\/\/fmgente.com.ar\/web\/wp-json\/wp\/v2\/tags?post=16657"}],"curies":[{"name":"wp","href":"https:\/\/api.w.org\/{rel}","templated":true}]}}