{"id":16653,"date":"2026-03-25T21:05:35","date_gmt":"2026-03-26T00:05:35","guid":{"rendered":"https:\/\/fmgente.com.ar\/web\/harry-potter-confirma-su-nueva-serie-que-saldra-en-navidad-de-este-ano\/"},"modified":"2026-03-25T21:05:35","modified_gmt":"2026-03-26T00:05:35","slug":"harry-potter-confirma-su-nueva-serie-que-saldra-en-navidad-de-este-ano","status":"publish","type":"post","link":"https:\/\/fmgente.com.ar\/web\/harry-potter-confirma-su-nueva-serie-que-saldra-en-navidad-de-este-ano\/","title":{"rendered":"\u201cHarry Potter\u201d confirma su nueva serie que saldr\u00e1 en Navidad de este a\u00f1o"},"content":{"rendered":"<p>Buenos Aires, 25 marzo (NA) \u2013 Harry Potter present\u00f3 el trailer de su nueva serie y confirm\u00f3 que la producci\u00f3n se estrenar\u00e1 en Navidad de 2026. <\/p>\n<p>Seg\u00fan supo la Agencia Noticias Argentinas, la plataforma HBO desarroll\u00f3 esta adaptaci\u00f3n televisiva con un nuevo elenco y con el objetivo de volver a contar la historia del joven mago en formato serie.<\/p>\n<p>El adelanto muestra a Dominic McLaughlin en el papel de Harry Potter, a Arabella Stanton como Hermione Granger y a Alastair Stout como Ron Weasley, adem\u00e1s, se reconstruye el inicio de la historia y expone la vida de Harry en la casa de los Dursley, donde el protagonista vive en condiciones precarias.<\/p>\n<p>La secuencia incluye la llegada de la carta de Hogwarts, que marca el comienzo del v\u00ednculo de Harry con el mundo m\u00e1gico. El avance tambi\u00e9n presenta el encuentro con Hagrid, la revelaci\u00f3n sobre los padres del protagonista y el recorrido hacia el and\u00e9n 9\u00be.<\/p>\n<p>El tr\u00e1iler exhibe el viaje en el Expreso de Hogwarts, donde Harry conoce a Ron y a Hermione, adem\u00e1s de que muestran el inicio de la amistad entre los tres personajes dentro del tren.<\/p>\n<p>El clip presenta distintas escenas dentro de Hogwarts, como clases, recorridos por el castillo y la ceremonia del Sombrero Seleccionador. Tambi\u00e9n incluye apariciones de personajes como Dumbledore, Snape, Draco Malfoy y Ollivander.<\/p>\n<p>La producci\u00f3n estructura la primera temporada en torno al libro Harry Potter y la piedra filosofal, por lo que, la serie contar\u00e1 con ocho episodios que abordar\u00e1n el primer a\u00f1o de Harry en Hogwarts.<\/p>\n<p>El elenco incluye a John Lithgow en el papel de Dumbledore, a Paapa Essiedu como Snape, a Janet McTeer como McGonagall y a Nick Frost como Hagrid. El reparto suma a Paul Whitehouse, Luke Thallon, Lox Pratt, Bel Powley, Daniel Rigby y Katherine Parkinson.<\/p>\n<p>La producci\u00f3n incorpora a Alessia Leoni como Parvati Patil, a Leo Earley como Seamus Finnigan y a Rory Wilmot como Neville Longbottom, y la serie ampl\u00eda as\u00ed el universo estudiantil de Hogwarts.<\/p>\n<p>La producci\u00f3n a\u00fan no confirm\u00f3 al actor que interpretar\u00e1 a Voldemort y que el proyecto no asigna un rol central a ese personaje en esta primera etapa de la historia.<\/p>\n<p>El equipo comenz\u00f3 el rodaje en julio de 2025 en los estudios Leavesden, en el Reino Unido. La serie cuenta con la direcci\u00f3n creativa de Francesca Gardiner y con episodios dirigidos por Mark Mylod. <\/p>\n<p>#AgenciaNA<\/p>\n","protected":false},"excerpt":{"rendered":"<p>Buenos Aires, 25 marzo (NA) \u2013 Harry Potter present\u00f3 el trailer de su nueva serie<\/p>\n","protected":false},"author":0,"featured_media":16654,"comment_status":"","ping_status":"","sticky":false,"template":"","format":"standard","meta":{"footnotes":""},"categories":[1],"tags":[],"class_list":["post-16653","post","type-post","status-publish","format-standard","has-post-thumbnail","hentry","category-regionales"],"yoast_head":"<!-- This site is optimized with the Yoast SEO plugin v27.4 - https:\/\/yoast.com\/product\/yoast-seo-wordpress\/ -->\n<title>\u201cHarry Potter\u201d confirma su nueva serie que saldr\u00e1 en Navidad de este a\u00f1o - Fm Gente<\/title>\n<meta name=\"robots\" content=\"index, follow, max-snippet:-1, max-image-preview:large, max-video-preview:-1\" \/>\n<link rel=\"canonical\" href=\"https:\/\/fmgente.com.ar\/web\/harry-potter-confirma-su-nueva-serie-que-saldra-en-navidad-de-este-ano\/\" \/>\n<meta property=\"og:locale\" content=\"es_ES\" \/>\n<meta property=\"og:type\" content=\"article\" \/>\n<meta property=\"og:title\" content=\"\u201cHarry Potter\u201d confirma su nueva serie que saldr\u00e1 en Navidad de este a\u00f1o - Fm Gente\" \/>\n<meta property=\"og:description\" content=\"Buenos Aires, 25 marzo (NA) \u2013 Harry Potter present\u00f3 el trailer de su nueva serie\" \/>\n<meta property=\"og:url\" content=\"https:\/\/fmgente.com.ar\/web\/harry-potter-confirma-su-nueva-serie-que-saldra-en-navidad-de-este-ano\/\" \/>\n<meta property=\"og:site_name\" content=\"Fm Gente\" \/>\n<meta property=\"article:published_time\" content=\"2026-03-26T00:05:35+00:00\" \/>\n<meta name=\"twitter:card\" content=\"summary_large_image\" \/>\n<meta name=\"twitter:label1\" content=\"Tiempo de lectura\" \/>\n\t<meta name=\"twitter:data1\" content=\"2 minutos\" \/>\n<script type=\"application\/ld+json\" class=\"yoast-schema-graph\">{\"@context\":\"https:\\\/\\\/schema.org\",\"@graph\":[{\"@type\":\"Article\",\"@id\":\"https:\\\/\\\/fmgente.com.ar\\\/web\\\/harry-potter-confirma-su-nueva-serie-que-saldra-en-navidad-de-este-ano\\\/#article\",\"isPartOf\":{\"@id\":\"https:\\\/\\\/fmgente.com.ar\\\/web\\\/harry-potter-confirma-su-nueva-serie-que-saldra-en-navidad-de-este-ano\\\/\"},\"author\":{\"name\":\"\",\"@id\":\"\"},\"headline\":\"\u201cHarry Potter\u201d confirma su nueva serie que saldr\u00e1 en Navidad de este a\u00f1o\",\"datePublished\":\"2026-03-26T00:05:35+00:00\",\"mainEntityOfPage\":{\"@id\":\"https:\\\/\\\/fmgente.com.ar\\\/web\\\/harry-potter-confirma-su-nueva-serie-que-saldra-en-navidad-de-este-ano\\\/\"},\"wordCount\":425,\"publisher\":{\"@id\":\"https:\\\/\\\/fmgente.com.ar\\\/web\\\/#organization\"},\"image\":{\"@id\":\"https:\\\/\\\/fmgente.com.ar\\\/web\\\/harry-potter-confirma-su-nueva-serie-que-saldra-en-navidad-de-este-ano\\\/#primaryimage\"},\"thumbnailUrl\":\"https:\\\/\\\/fmgente.com.ar\\\/web\\\/wp-content\\\/uploads\\\/2026\\\/03\\\/720-1022.jpeg\",\"articleSection\":[\"REGIONALES\"],\"inLanguage\":\"es\"},{\"@type\":\"WebPage\",\"@id\":\"https:\\\/\\\/fmgente.com.ar\\\/web\\\/harry-potter-confirma-su-nueva-serie-que-saldra-en-navidad-de-este-ano\\\/\",\"url\":\"https:\\\/\\\/fmgente.com.ar\\\/web\\\/harry-potter-confirma-su-nueva-serie-que-saldra-en-navidad-de-este-ano\\\/\",\"name\":\"\u201cHarry Potter\u201d confirma su nueva serie que saldr\u00e1 en Navidad de este a\u00f1o - Fm Gente\",\"isPartOf\":{\"@id\":\"https:\\\/\\\/fmgente.com.ar\\\/web\\\/#website\"},\"primaryImageOfPage\":{\"@id\":\"https:\\\/\\\/fmgente.com.ar\\\/web\\\/harry-potter-confirma-su-nueva-serie-que-saldra-en-navidad-de-este-ano\\\/#primaryimage\"},\"image\":{\"@id\":\"https:\\\/\\\/fmgente.com.ar\\\/web\\\/harry-potter-confirma-su-nueva-serie-que-saldra-en-navidad-de-este-ano\\\/#primaryimage\"},\"thumbnailUrl\":\"https:\\\/\\\/fmgente.com.ar\\\/web\\\/wp-content\\\/uploads\\\/2026\\\/03\\\/720-1022.jpeg\",\"datePublished\":\"2026-03-26T00:05:35+00:00\",\"inLanguage\":\"es\",\"potentialAction\":[{\"@type\":\"ReadAction\",\"target\":[\"https:\\\/\\\/fmgente.com.ar\\\/web\\\/harry-potter-confirma-su-nueva-serie-que-saldra-en-navidad-de-este-ano\\\/\"]}]},{\"@type\":\"ImageObject\",\"inLanguage\":\"es\",\"@id\":\"https:\\\/\\\/fmgente.com.ar\\\/web\\\/harry-potter-confirma-su-nueva-serie-que-saldra-en-navidad-de-este-ano\\\/#primaryimage\",\"url\":\"https:\\\/\\\/fmgente.com.ar\\\/web\\\/wp-content\\\/uploads\\\/2026\\\/03\\\/720-1022.jpeg\",\"contentUrl\":\"https:\\\/\\\/fmgente.com.ar\\\/web\\\/wp-content\\\/uploads\\\/2026\\\/03\\\/720-1022.jpeg\",\"width\":1280,\"height\":720},{\"@type\":\"WebSite\",\"@id\":\"https:\\\/\\\/fmgente.com.ar\\\/web\\\/#website\",\"url\":\"https:\\\/\\\/fmgente.com.ar\\\/web\\\/\",\"name\":\"Fm Gente\",\"description\":\"- Jes\u00fas Mar\u00eda\",\"publisher\":{\"@id\":\"https:\\\/\\\/fmgente.com.ar\\\/web\\\/#organization\"},\"potentialAction\":[{\"@type\":\"SearchAction\",\"target\":{\"@type\":\"EntryPoint\",\"urlTemplate\":\"https:\\\/\\\/fmgente.com.ar\\\/web\\\/?s={search_term_string}\"},\"query-input\":{\"@type\":\"PropertyValueSpecification\",\"valueRequired\":true,\"valueName\":\"search_term_string\"}}],\"inLanguage\":\"es\"},{\"@type\":\"Organization\",\"@id\":\"https:\\\/\\\/fmgente.com.ar\\\/web\\\/#organization\",\"name\":\"Fm Gente\",\"url\":\"https:\\\/\\\/fmgente.com.ar\\\/web\\\/\",\"logo\":{\"@type\":\"ImageObject\",\"inLanguage\":\"es\",\"@id\":\"https:\\\/\\\/fmgente.com.ar\\\/web\\\/#\\\/schema\\\/logo\\\/image\\\/\",\"url\":\"https:\\\/\\\/fmgente.com.ar\\\/web\\\/wp-content\\\/uploads\\\/2023\\\/07\\\/cropped-cropped-logo-sombra2.png\",\"contentUrl\":\"https:\\\/\\\/fmgente.com.ar\\\/web\\\/wp-content\\\/uploads\\\/2023\\\/07\\\/cropped-cropped-logo-sombra2.png\",\"width\":1782,\"height\":1782,\"caption\":\"Fm Gente\"},\"image\":{\"@id\":\"https:\\\/\\\/fmgente.com.ar\\\/web\\\/#\\\/schema\\\/logo\\\/image\\\/\"}}]}<\/script>\n<!-- \/ Yoast SEO plugin. -->","yoast_head_json":{"title":"\u201cHarry Potter\u201d confirma su nueva serie que saldr\u00e1 en Navidad de este a\u00f1o - Fm Gente","robots":{"index":"index","follow":"follow","max-snippet":"max-snippet:-1","max-image-preview":"max-image-preview:large","max-video-preview":"max-video-preview:-1"},"canonical":"https:\/\/fmgente.com.ar\/web\/harry-potter-confirma-su-nueva-serie-que-saldra-en-navidad-de-este-ano\/","og_locale":"es_ES","og_type":"article","og_title":"\u201cHarry Potter\u201d confirma su nueva serie que saldr\u00e1 en Navidad de este a\u00f1o - Fm Gente","og_description":"Buenos Aires, 25 marzo (NA) \u2013 Harry Potter present\u00f3 el trailer de su nueva serie","og_url":"https:\/\/fmgente.com.ar\/web\/harry-potter-confirma-su-nueva-serie-que-saldra-en-navidad-de-este-ano\/","og_site_name":"Fm Gente","article_published_time":"2026-03-26T00:05:35+00:00","twitter_card":"summary_large_image","twitter_misc":{"Tiempo de lectura":"2 minutos"},"schema":{"@context":"https:\/\/schema.org","@graph":[{"@type":"Article","@id":"https:\/\/fmgente.com.ar\/web\/harry-potter-confirma-su-nueva-serie-que-saldra-en-navidad-de-este-ano\/#article","isPartOf":{"@id":"https:\/\/fmgente.com.ar\/web\/harry-potter-confirma-su-nueva-serie-que-saldra-en-navidad-de-este-ano\/"},"author":{"name":"","@id":""},"headline":"\u201cHarry Potter\u201d confirma su nueva serie que saldr\u00e1 en Navidad de este a\u00f1o","datePublished":"2026-03-26T00:05:35+00:00","mainEntityOfPage":{"@id":"https:\/\/fmgente.com.ar\/web\/harry-potter-confirma-su-nueva-serie-que-saldra-en-navidad-de-este-ano\/"},"wordCount":425,"publisher":{"@id":"https:\/\/fmgente.com.ar\/web\/#organization"},"image":{"@id":"https:\/\/fmgente.com.ar\/web\/harry-potter-confirma-su-nueva-serie-que-saldra-en-navidad-de-este-ano\/#primaryimage"},"thumbnailUrl":"https:\/\/fmgente.com.ar\/web\/wp-content\/uploads\/2026\/03\/720-1022.jpeg","articleSection":["REGIONALES"],"inLanguage":"es"},{"@type":"WebPage","@id":"https:\/\/fmgente.com.ar\/web\/harry-potter-confirma-su-nueva-serie-que-saldra-en-navidad-de-este-ano\/","url":"https:\/\/fmgente.com.ar\/web\/harry-potter-confirma-su-nueva-serie-que-saldra-en-navidad-de-este-ano\/","name":"\u201cHarry Potter\u201d confirma su nueva serie que saldr\u00e1 en Navidad de este a\u00f1o - Fm Gente","isPartOf":{"@id":"https:\/\/fmgente.com.ar\/web\/#website"},"primaryImageOfPage":{"@id":"https:\/\/fmgente.com.ar\/web\/harry-potter-confirma-su-nueva-serie-que-saldra-en-navidad-de-este-ano\/#primaryimage"},"image":{"@id":"https:\/\/fmgente.com.ar\/web\/harry-potter-confirma-su-nueva-serie-que-saldra-en-navidad-de-este-ano\/#primaryimage"},"thumbnailUrl":"https:\/\/fmgente.com.ar\/web\/wp-content\/uploads\/2026\/03\/720-1022.jpeg","datePublished":"2026-03-26T00:05:35+00:00","inLanguage":"es","potentialAction":[{"@type":"ReadAction","target":["https:\/\/fmgente.com.ar\/web\/harry-potter-confirma-su-nueva-serie-que-saldra-en-navidad-de-este-ano\/"]}]},{"@type":"ImageObject","inLanguage":"es","@id":"https:\/\/fmgente.com.ar\/web\/harry-potter-confirma-su-nueva-serie-que-saldra-en-navidad-de-este-ano\/#primaryimage","url":"https:\/\/fmgente.com.ar\/web\/wp-content\/uploads\/2026\/03\/720-1022.jpeg","contentUrl":"https:\/\/fmgente.com.ar\/web\/wp-content\/uploads\/2026\/03\/720-1022.jpeg","width":1280,"height":720},{"@type":"WebSite","@id":"https:\/\/fmgente.com.ar\/web\/#website","url":"https:\/\/fmgente.com.ar\/web\/","name":"Fm Gente","description":"- Jes\u00fas Mar\u00eda","publisher":{"@id":"https:\/\/fmgente.com.ar\/web\/#organization"},"potentialAction":[{"@type":"SearchAction","target":{"@type":"EntryPoint","urlTemplate":"https:\/\/fmgente.com.ar\/web\/?s={search_term_string}"},"query-input":{"@type":"PropertyValueSpecification","valueRequired":true,"valueName":"search_term_string"}}],"inLanguage":"es"},{"@type":"Organization","@id":"https:\/\/fmgente.com.ar\/web\/#organization","name":"Fm Gente","url":"https:\/\/fmgente.com.ar\/web\/","logo":{"@type":"ImageObject","inLanguage":"es","@id":"https:\/\/fmgente.com.ar\/web\/#\/schema\/logo\/image\/","url":"https:\/\/fmgente.com.ar\/web\/wp-content\/uploads\/2023\/07\/cropped-cropped-logo-sombra2.png","contentUrl":"https:\/\/fmgente.com.ar\/web\/wp-content\/uploads\/2023\/07\/cropped-cropped-logo-sombra2.png","width":1782,"height":1782,"caption":"Fm Gente"},"image":{"@id":"https:\/\/fmgente.com.ar\/web\/#\/schema\/logo\/image\/"}}]}},"_links":{"self":[{"href":"https:\/\/fmgente.com.ar\/web\/wp-json\/wp\/v2\/posts\/16653","targetHints":{"allow":["GET"]}}],"collection":[{"href":"https:\/\/fmgente.com.ar\/web\/wp-json\/wp\/v2\/posts"}],"about":[{"href":"https:\/\/fmgente.com.ar\/web\/wp-json\/wp\/v2\/types\/post"}],"replies":[{"embeddable":true,"href":"https:\/\/fmgente.com.ar\/web\/wp-json\/wp\/v2\/comments?post=16653"}],"version-history":[{"count":0,"href":"https:\/\/fmgente.com.ar\/web\/wp-json\/wp\/v2\/posts\/16653\/revisions"}],"wp:featuredmedia":[{"embeddable":true,"href":"https:\/\/fmgente.com.ar\/web\/wp-json\/wp\/v2\/media\/16654"}],"wp:attachment":[{"href":"https:\/\/fmgente.com.ar\/web\/wp-json\/wp\/v2\/media?parent=16653"}],"wp:term":[{"taxonomy":"category","embeddable":true,"href":"https:\/\/fmgente.com.ar\/web\/wp-json\/wp\/v2\/categories?post=16653"},{"taxonomy":"post_tag","embeddable":true,"href":"https:\/\/fmgente.com.ar\/web\/wp-json\/wp\/v2\/tags?post=16653"}],"curies":[{"name":"wp","href":"https:\/\/api.w.org\/{rel}","templated":true}]}}