{"id":16643,"date":"2026-03-25T20:05:59","date_gmt":"2026-03-25T23:05:59","guid":{"rendered":"https:\/\/fmgente.com.ar\/web\/seis-paises-arabes-condenan-los-ataques-iranies\/"},"modified":"2026-03-25T20:05:59","modified_gmt":"2026-03-25T23:05:59","slug":"seis-paises-arabes-condenan-los-ataques-iranies","status":"publish","type":"post","link":"https:\/\/fmgente.com.ar\/web\/seis-paises-arabes-condenan-los-ataques-iranies\/","title":{"rendered":"Seis pa\u00edses \u00e1rabes condenan los ataques iran\u00edes"},"content":{"rendered":"<p>Abu Dhabi\/Manama, 25 marzo (Xinhua) \u2014 Los Emiratos \u00c1rabes Unidos (EAU), Kuwait, Bar\u00e9in, Arabia Saudita, Qatar y Jordania condenaron en\u00e9rgicamente los ataques iran\u00edes dirigidos contra pa\u00edses de la regi\u00f3n, en un comunicado conjunto publicado el mi\u00e9rcoles.<\/p>\n<p>El comunicado afirma que los ataques constituyen una flagrante violaci\u00f3n de la soberan\u00eda, la integridad territorial, el derecho internacional humanitario y la Carta de las Naciones Unidas, ya sean llevados a cabo directamente o a trav\u00e9s de aliados y grupos armados apoyados por Ir\u00e1n.<\/p>\n<p>Los seis pa\u00edses reafirmaron su firme rechazo a cualquier acci\u00f3n que socave la seguridad y la estabilidad regionales, y pidieron el cese de una mayor escalada, seg\u00fan supo la Agencia Noticias Argentinas.<\/p>\n<p>Asimismo, en el comunicado, denunciaron los ataques lanzados desde Irak por grupos armados respaldados por Ir\u00e1n contra varios pa\u00edses de la regi\u00f3n, dirigidos contra instalaciones civiles e infraestructura cr\u00edtica.<\/p>\n<p>Si bien valoran sus relaciones con Irak, los seis estados instaron al gobierno iraqu\u00ed a tomar medidas urgentes y efectivas para detener los ataques lanzados desde su territorio por facciones, milicias y grupos armados.<\/p>\n<p>El 28 de febrero, Israel y Estados Unidos lanzaron ataques conjuntos contra Teher\u00e1n y varias otras ciudades iran\u00edes, causando la muerte del entonces l\u00edder supremo de Ir\u00e1n, Ali Jamenei, junto con altos mandos militares y civiles. Ir\u00e1n respondi\u00f3 lanzando oleadas de ataques con misiles y drones contra bases e intereses israel\u00edes y estadounidenses en Oriente Medio.<\/p>\n<p>#AgenciaNA<\/p>\n","protected":false},"excerpt":{"rendered":"<p>Abu Dhabi\/Manama, 25 marzo (Xinhua) \u2014 Los Emiratos \u00c1rabes Unidos (EAU), Kuwait, Bar\u00e9in, Arabia Saudita,<\/p>\n","protected":false},"author":0,"featured_media":16644,"comment_status":"","ping_status":"","sticky":false,"template":"","format":"standard","meta":{"footnotes":""},"categories":[1],"tags":[],"class_list":["post-16643","post","type-post","status-publish","format-standard","has-post-thumbnail","hentry","category-regionales"],"yoast_head":"<!-- This site is optimized with the Yoast SEO plugin v27.4 - https:\/\/yoast.com\/product\/yoast-seo-wordpress\/ -->\n<title>Seis pa\u00edses \u00e1rabes condenan los ataques iran\u00edes - Fm Gente<\/title>\n<meta name=\"robots\" content=\"index, follow, max-snippet:-1, max-image-preview:large, max-video-preview:-1\" \/>\n<link rel=\"canonical\" href=\"https:\/\/fmgente.com.ar\/web\/seis-paises-arabes-condenan-los-ataques-iranies\/\" \/>\n<meta property=\"og:locale\" content=\"es_ES\" \/>\n<meta property=\"og:type\" content=\"article\" \/>\n<meta property=\"og:title\" content=\"Seis pa\u00edses \u00e1rabes condenan los ataques iran\u00edes - Fm Gente\" \/>\n<meta property=\"og:description\" content=\"Abu Dhabi\/Manama, 25 marzo (Xinhua) \u2014 Los Emiratos \u00c1rabes Unidos (EAU), Kuwait, Bar\u00e9in, Arabia Saudita,\" \/>\n<meta property=\"og:url\" content=\"https:\/\/fmgente.com.ar\/web\/seis-paises-arabes-condenan-los-ataques-iranies\/\" \/>\n<meta property=\"og:site_name\" content=\"Fm Gente\" \/>\n<meta property=\"article:published_time\" content=\"2026-03-25T23:05:59+00:00\" \/>\n<meta name=\"twitter:card\" content=\"summary_large_image\" \/>\n<meta name=\"twitter:label1\" content=\"Tiempo de lectura\" \/>\n\t<meta name=\"twitter:data1\" content=\"1 minuto\" \/>\n<script type=\"application\/ld+json\" class=\"yoast-schema-graph\">{\"@context\":\"https:\\\/\\\/schema.org\",\"@graph\":[{\"@type\":\"Article\",\"@id\":\"https:\\\/\\\/fmgente.com.ar\\\/web\\\/seis-paises-arabes-condenan-los-ataques-iranies\\\/#article\",\"isPartOf\":{\"@id\":\"https:\\\/\\\/fmgente.com.ar\\\/web\\\/seis-paises-arabes-condenan-los-ataques-iranies\\\/\"},\"author\":{\"name\":\"\",\"@id\":\"\"},\"headline\":\"Seis pa\u00edses \u00e1rabes condenan los ataques iran\u00edes\",\"datePublished\":\"2026-03-25T23:05:59+00:00\",\"mainEntityOfPage\":{\"@id\":\"https:\\\/\\\/fmgente.com.ar\\\/web\\\/seis-paises-arabes-condenan-los-ataques-iranies\\\/\"},\"wordCount\":262,\"publisher\":{\"@id\":\"https:\\\/\\\/fmgente.com.ar\\\/web\\\/#organization\"},\"image\":{\"@id\":\"https:\\\/\\\/fmgente.com.ar\\\/web\\\/seis-paises-arabes-condenan-los-ataques-iranies\\\/#primaryimage\"},\"thumbnailUrl\":\"https:\\\/\\\/fmgente.com.ar\\\/web\\\/wp-content\\\/uploads\\\/2026\\\/03\\\/720-1018.jpeg\",\"articleSection\":[\"REGIONALES\"],\"inLanguage\":\"es\"},{\"@type\":\"WebPage\",\"@id\":\"https:\\\/\\\/fmgente.com.ar\\\/web\\\/seis-paises-arabes-condenan-los-ataques-iranies\\\/\",\"url\":\"https:\\\/\\\/fmgente.com.ar\\\/web\\\/seis-paises-arabes-condenan-los-ataques-iranies\\\/\",\"name\":\"Seis pa\u00edses \u00e1rabes condenan los ataques iran\u00edes - Fm Gente\",\"isPartOf\":{\"@id\":\"https:\\\/\\\/fmgente.com.ar\\\/web\\\/#website\"},\"primaryImageOfPage\":{\"@id\":\"https:\\\/\\\/fmgente.com.ar\\\/web\\\/seis-paises-arabes-condenan-los-ataques-iranies\\\/#primaryimage\"},\"image\":{\"@id\":\"https:\\\/\\\/fmgente.com.ar\\\/web\\\/seis-paises-arabes-condenan-los-ataques-iranies\\\/#primaryimage\"},\"thumbnailUrl\":\"https:\\\/\\\/fmgente.com.ar\\\/web\\\/wp-content\\\/uploads\\\/2026\\\/03\\\/720-1018.jpeg\",\"datePublished\":\"2026-03-25T23:05:59+00:00\",\"inLanguage\":\"es\",\"potentialAction\":[{\"@type\":\"ReadAction\",\"target\":[\"https:\\\/\\\/fmgente.com.ar\\\/web\\\/seis-paises-arabes-condenan-los-ataques-iranies\\\/\"]}]},{\"@type\":\"ImageObject\",\"inLanguage\":\"es\",\"@id\":\"https:\\\/\\\/fmgente.com.ar\\\/web\\\/seis-paises-arabes-condenan-los-ataques-iranies\\\/#primaryimage\",\"url\":\"https:\\\/\\\/fmgente.com.ar\\\/web\\\/wp-content\\\/uploads\\\/2026\\\/03\\\/720-1018.jpeg\",\"contentUrl\":\"https:\\\/\\\/fmgente.com.ar\\\/web\\\/wp-content\\\/uploads\\\/2026\\\/03\\\/720-1018.jpeg\",\"width\":1279,\"height\":720},{\"@type\":\"WebSite\",\"@id\":\"https:\\\/\\\/fmgente.com.ar\\\/web\\\/#website\",\"url\":\"https:\\\/\\\/fmgente.com.ar\\\/web\\\/\",\"name\":\"Fm Gente\",\"description\":\"- Jes\u00fas Mar\u00eda\",\"publisher\":{\"@id\":\"https:\\\/\\\/fmgente.com.ar\\\/web\\\/#organization\"},\"potentialAction\":[{\"@type\":\"SearchAction\",\"target\":{\"@type\":\"EntryPoint\",\"urlTemplate\":\"https:\\\/\\\/fmgente.com.ar\\\/web\\\/?s={search_term_string}\"},\"query-input\":{\"@type\":\"PropertyValueSpecification\",\"valueRequired\":true,\"valueName\":\"search_term_string\"}}],\"inLanguage\":\"es\"},{\"@type\":\"Organization\",\"@id\":\"https:\\\/\\\/fmgente.com.ar\\\/web\\\/#organization\",\"name\":\"Fm Gente\",\"url\":\"https:\\\/\\\/fmgente.com.ar\\\/web\\\/\",\"logo\":{\"@type\":\"ImageObject\",\"inLanguage\":\"es\",\"@id\":\"https:\\\/\\\/fmgente.com.ar\\\/web\\\/#\\\/schema\\\/logo\\\/image\\\/\",\"url\":\"https:\\\/\\\/fmgente.com.ar\\\/web\\\/wp-content\\\/uploads\\\/2023\\\/07\\\/cropped-cropped-logo-sombra2.png\",\"contentUrl\":\"https:\\\/\\\/fmgente.com.ar\\\/web\\\/wp-content\\\/uploads\\\/2023\\\/07\\\/cropped-cropped-logo-sombra2.png\",\"width\":1782,\"height\":1782,\"caption\":\"Fm Gente\"},\"image\":{\"@id\":\"https:\\\/\\\/fmgente.com.ar\\\/web\\\/#\\\/schema\\\/logo\\\/image\\\/\"}}]}<\/script>\n<!-- \/ Yoast SEO plugin. -->","yoast_head_json":{"title":"Seis pa\u00edses \u00e1rabes condenan los ataques iran\u00edes - Fm Gente","robots":{"index":"index","follow":"follow","max-snippet":"max-snippet:-1","max-image-preview":"max-image-preview:large","max-video-preview":"max-video-preview:-1"},"canonical":"https:\/\/fmgente.com.ar\/web\/seis-paises-arabes-condenan-los-ataques-iranies\/","og_locale":"es_ES","og_type":"article","og_title":"Seis pa\u00edses \u00e1rabes condenan los ataques iran\u00edes - Fm Gente","og_description":"Abu Dhabi\/Manama, 25 marzo (Xinhua) \u2014 Los Emiratos \u00c1rabes Unidos (EAU), Kuwait, Bar\u00e9in, Arabia Saudita,","og_url":"https:\/\/fmgente.com.ar\/web\/seis-paises-arabes-condenan-los-ataques-iranies\/","og_site_name":"Fm Gente","article_published_time":"2026-03-25T23:05:59+00:00","twitter_card":"summary_large_image","twitter_misc":{"Tiempo de lectura":"1 minuto"},"schema":{"@context":"https:\/\/schema.org","@graph":[{"@type":"Article","@id":"https:\/\/fmgente.com.ar\/web\/seis-paises-arabes-condenan-los-ataques-iranies\/#article","isPartOf":{"@id":"https:\/\/fmgente.com.ar\/web\/seis-paises-arabes-condenan-los-ataques-iranies\/"},"author":{"name":"","@id":""},"headline":"Seis pa\u00edses \u00e1rabes condenan los ataques iran\u00edes","datePublished":"2026-03-25T23:05:59+00:00","mainEntityOfPage":{"@id":"https:\/\/fmgente.com.ar\/web\/seis-paises-arabes-condenan-los-ataques-iranies\/"},"wordCount":262,"publisher":{"@id":"https:\/\/fmgente.com.ar\/web\/#organization"},"image":{"@id":"https:\/\/fmgente.com.ar\/web\/seis-paises-arabes-condenan-los-ataques-iranies\/#primaryimage"},"thumbnailUrl":"https:\/\/fmgente.com.ar\/web\/wp-content\/uploads\/2026\/03\/720-1018.jpeg","articleSection":["REGIONALES"],"inLanguage":"es"},{"@type":"WebPage","@id":"https:\/\/fmgente.com.ar\/web\/seis-paises-arabes-condenan-los-ataques-iranies\/","url":"https:\/\/fmgente.com.ar\/web\/seis-paises-arabes-condenan-los-ataques-iranies\/","name":"Seis pa\u00edses \u00e1rabes condenan los ataques iran\u00edes - Fm Gente","isPartOf":{"@id":"https:\/\/fmgente.com.ar\/web\/#website"},"primaryImageOfPage":{"@id":"https:\/\/fmgente.com.ar\/web\/seis-paises-arabes-condenan-los-ataques-iranies\/#primaryimage"},"image":{"@id":"https:\/\/fmgente.com.ar\/web\/seis-paises-arabes-condenan-los-ataques-iranies\/#primaryimage"},"thumbnailUrl":"https:\/\/fmgente.com.ar\/web\/wp-content\/uploads\/2026\/03\/720-1018.jpeg","datePublished":"2026-03-25T23:05:59+00:00","inLanguage":"es","potentialAction":[{"@type":"ReadAction","target":["https:\/\/fmgente.com.ar\/web\/seis-paises-arabes-condenan-los-ataques-iranies\/"]}]},{"@type":"ImageObject","inLanguage":"es","@id":"https:\/\/fmgente.com.ar\/web\/seis-paises-arabes-condenan-los-ataques-iranies\/#primaryimage","url":"https:\/\/fmgente.com.ar\/web\/wp-content\/uploads\/2026\/03\/720-1018.jpeg","contentUrl":"https:\/\/fmgente.com.ar\/web\/wp-content\/uploads\/2026\/03\/720-1018.jpeg","width":1279,"height":720},{"@type":"WebSite","@id":"https:\/\/fmgente.com.ar\/web\/#website","url":"https:\/\/fmgente.com.ar\/web\/","name":"Fm Gente","description":"- Jes\u00fas Mar\u00eda","publisher":{"@id":"https:\/\/fmgente.com.ar\/web\/#organization"},"potentialAction":[{"@type":"SearchAction","target":{"@type":"EntryPoint","urlTemplate":"https:\/\/fmgente.com.ar\/web\/?s={search_term_string}"},"query-input":{"@type":"PropertyValueSpecification","valueRequired":true,"valueName":"search_term_string"}}],"inLanguage":"es"},{"@type":"Organization","@id":"https:\/\/fmgente.com.ar\/web\/#organization","name":"Fm Gente","url":"https:\/\/fmgente.com.ar\/web\/","logo":{"@type":"ImageObject","inLanguage":"es","@id":"https:\/\/fmgente.com.ar\/web\/#\/schema\/logo\/image\/","url":"https:\/\/fmgente.com.ar\/web\/wp-content\/uploads\/2023\/07\/cropped-cropped-logo-sombra2.png","contentUrl":"https:\/\/fmgente.com.ar\/web\/wp-content\/uploads\/2023\/07\/cropped-cropped-logo-sombra2.png","width":1782,"height":1782,"caption":"Fm Gente"},"image":{"@id":"https:\/\/fmgente.com.ar\/web\/#\/schema\/logo\/image\/"}}]}},"_links":{"self":[{"href":"https:\/\/fmgente.com.ar\/web\/wp-json\/wp\/v2\/posts\/16643","targetHints":{"allow":["GET"]}}],"collection":[{"href":"https:\/\/fmgente.com.ar\/web\/wp-json\/wp\/v2\/posts"}],"about":[{"href":"https:\/\/fmgente.com.ar\/web\/wp-json\/wp\/v2\/types\/post"}],"replies":[{"embeddable":true,"href":"https:\/\/fmgente.com.ar\/web\/wp-json\/wp\/v2\/comments?post=16643"}],"version-history":[{"count":0,"href":"https:\/\/fmgente.com.ar\/web\/wp-json\/wp\/v2\/posts\/16643\/revisions"}],"wp:featuredmedia":[{"embeddable":true,"href":"https:\/\/fmgente.com.ar\/web\/wp-json\/wp\/v2\/media\/16644"}],"wp:attachment":[{"href":"https:\/\/fmgente.com.ar\/web\/wp-json\/wp\/v2\/media?parent=16643"}],"wp:term":[{"taxonomy":"category","embeddable":true,"href":"https:\/\/fmgente.com.ar\/web\/wp-json\/wp\/v2\/categories?post=16643"},{"taxonomy":"post_tag","embeddable":true,"href":"https:\/\/fmgente.com.ar\/web\/wp-json\/wp\/v2\/tags?post=16643"}],"curies":[{"name":"wp","href":"https:\/\/api.w.org\/{rel}","templated":true}]}}