{"id":16639,"date":"2026-03-25T20:05:57","date_gmt":"2026-03-25T23:05:57","guid":{"rendered":"https:\/\/fmgente.com.ar\/web\/advertencia-por-lluvias-fuertes-y-granizo-cual-es-la-provincia-que-esta-bajo-alerta-este-jueves\/"},"modified":"2026-03-25T20:05:57","modified_gmt":"2026-03-25T23:05:57","slug":"advertencia-por-lluvias-fuertes-y-granizo-cual-es-la-provincia-que-esta-bajo-alerta-este-jueves","status":"publish","type":"post","link":"https:\/\/fmgente.com.ar\/web\/advertencia-por-lluvias-fuertes-y-granizo-cual-es-la-provincia-que-esta-bajo-alerta-este-jueves\/","title":{"rendered":"Advertencia por lluvias fuertes y granizo: cu\u00e1l es la provincia que est\u00e1 bajo alerta este jueves"},"content":{"rendered":"<p>Buenos Aires, 25 marzo (NA) \u2013 Una alerta amarilla por lluvias y tormentas fuertes, con posible ca\u00edda de granizo, fue informada por el Servicio Meteorol\u00f3gico Nacional (SMN), para la jornada de este jueves 26 de marzo.<\/p>\n<p>Seg\u00fan los registros oficiales, a los que accedi\u00f3 la Agencia Noticias Argentinas, el resto del pa\u00eds, salvo la provincia en alerta, no tendr\u00e1 ning\u00fan tipo de fen\u00f3menos meteorol\u00f3gicos. <\/p>\n<p>D\u00d3NDE SE ESPERAN LLUVIAS Y GRANIZO<\/p>\n<p>Seg\u00fan inform\u00f3 el SMN, gran parte de la provincia de Jujuy estar\u00e1 bajo alerta este jueves por tormentas aisladas de variada intensidad, algunas fuertes. Las mismas podr\u00edan estar acompa\u00f1adas por actividad el\u00e9ctrica frecuente, granizo aislado, r\u00e1fagas intensas y abundantes lluvias en cortos per\u00edodos. <\/p>\n<p>Se prev\u00e9n valores de precipitaci\u00f3n acumulada entre 10 y 25 mm, que pueden ser superados de manera local, seg\u00fan indic\u00f3 el organismo oficial.<\/p>\n<p>RECOMENDACIONES DEL SERVICIO METEOROL\u00d3GICO NACIONAL<\/p>\n<p> * Evit\u00e1 salir.<br \/>\n * No saques la basura y limpi\u00e1 desag\u00fces y sumideros.<br \/>\n * Desconect\u00e1 los electrodom\u00e9sticos y cort\u00e1 el suministro el\u00e9ctrico si ingresa agua.<br \/>\n * Cerr\u00e1 y alejate de puertas y ventanas.<br \/>\n * Retir\u00e1 o asegur\u00e1 objetos que puedan ser arrastrados por el viento.<br \/>\n * Si est\u00e1s al aire libre, busc\u00e1 refugio inmediato en un edificio, casa o veh\u00edculo cerrado.<\/p>\n<p>#AgenciaNA<\/p>\n","protected":false},"excerpt":{"rendered":"<p>Buenos Aires, 25 marzo (NA) \u2013 Una alerta amarilla por lluvias y tormentas fuertes, con<\/p>\n","protected":false},"author":0,"featured_media":16640,"comment_status":"","ping_status":"","sticky":false,"template":"","format":"standard","meta":{"footnotes":""},"categories":[1],"tags":[],"class_list":["post-16639","post","type-post","status-publish","format-standard","has-post-thumbnail","hentry","category-regionales"],"yoast_head":"<!-- This site is optimized with the Yoast SEO plugin v27.4 - https:\/\/yoast.com\/product\/yoast-seo-wordpress\/ -->\n<title>Advertencia por lluvias fuertes y granizo: cu\u00e1l es la provincia que est\u00e1 bajo alerta este jueves - Fm Gente<\/title>\n<meta name=\"robots\" content=\"index, follow, max-snippet:-1, max-image-preview:large, max-video-preview:-1\" \/>\n<link rel=\"canonical\" href=\"https:\/\/fmgente.com.ar\/web\/advertencia-por-lluvias-fuertes-y-granizo-cual-es-la-provincia-que-esta-bajo-alerta-este-jueves\/\" \/>\n<meta property=\"og:locale\" content=\"es_ES\" \/>\n<meta property=\"og:type\" content=\"article\" \/>\n<meta property=\"og:title\" content=\"Advertencia por lluvias fuertes y granizo: cu\u00e1l es la provincia que est\u00e1 bajo alerta este jueves - Fm Gente\" \/>\n<meta property=\"og:description\" content=\"Buenos Aires, 25 marzo (NA) \u2013 Una alerta amarilla por lluvias y tormentas fuertes, con\" \/>\n<meta property=\"og:url\" content=\"https:\/\/fmgente.com.ar\/web\/advertencia-por-lluvias-fuertes-y-granizo-cual-es-la-provincia-que-esta-bajo-alerta-este-jueves\/\" \/>\n<meta property=\"og:site_name\" content=\"Fm Gente\" \/>\n<meta property=\"article:published_time\" content=\"2026-03-25T23:05:57+00:00\" \/>\n<meta name=\"twitter:card\" content=\"summary_large_image\" \/>\n<meta name=\"twitter:label1\" content=\"Tiempo de lectura\" \/>\n\t<meta name=\"twitter:data1\" content=\"1 minuto\" \/>\n<script type=\"application\/ld+json\" class=\"yoast-schema-graph\">{\"@context\":\"https:\\\/\\\/schema.org\",\"@graph\":[{\"@type\":\"Article\",\"@id\":\"https:\\\/\\\/fmgente.com.ar\\\/web\\\/advertencia-por-lluvias-fuertes-y-granizo-cual-es-la-provincia-que-esta-bajo-alerta-este-jueves\\\/#article\",\"isPartOf\":{\"@id\":\"https:\\\/\\\/fmgente.com.ar\\\/web\\\/advertencia-por-lluvias-fuertes-y-granizo-cual-es-la-provincia-que-esta-bajo-alerta-este-jueves\\\/\"},\"author\":{\"name\":\"\",\"@id\":\"\"},\"headline\":\"Advertencia por lluvias fuertes y granizo: cu\u00e1l es la provincia que est\u00e1 bajo alerta este jueves\",\"datePublished\":\"2026-03-25T23:05:57+00:00\",\"mainEntityOfPage\":{\"@id\":\"https:\\\/\\\/fmgente.com.ar\\\/web\\\/advertencia-por-lluvias-fuertes-y-granizo-cual-es-la-provincia-que-esta-bajo-alerta-este-jueves\\\/\"},\"wordCount\":232,\"publisher\":{\"@id\":\"https:\\\/\\\/fmgente.com.ar\\\/web\\\/#organization\"},\"image\":{\"@id\":\"https:\\\/\\\/fmgente.com.ar\\\/web\\\/advertencia-por-lluvias-fuertes-y-granizo-cual-es-la-provincia-que-esta-bajo-alerta-este-jueves\\\/#primaryimage\"},\"thumbnailUrl\":\"https:\\\/\\\/fmgente.com.ar\\\/web\\\/wp-content\\\/uploads\\\/2026\\\/03\\\/720-1016.jpeg\",\"articleSection\":[\"REGIONALES\"],\"inLanguage\":\"es\"},{\"@type\":\"WebPage\",\"@id\":\"https:\\\/\\\/fmgente.com.ar\\\/web\\\/advertencia-por-lluvias-fuertes-y-granizo-cual-es-la-provincia-que-esta-bajo-alerta-este-jueves\\\/\",\"url\":\"https:\\\/\\\/fmgente.com.ar\\\/web\\\/advertencia-por-lluvias-fuertes-y-granizo-cual-es-la-provincia-que-esta-bajo-alerta-este-jueves\\\/\",\"name\":\"Advertencia por lluvias fuertes y granizo: cu\u00e1l es la provincia que est\u00e1 bajo alerta este jueves - Fm Gente\",\"isPartOf\":{\"@id\":\"https:\\\/\\\/fmgente.com.ar\\\/web\\\/#website\"},\"primaryImageOfPage\":{\"@id\":\"https:\\\/\\\/fmgente.com.ar\\\/web\\\/advertencia-por-lluvias-fuertes-y-granizo-cual-es-la-provincia-que-esta-bajo-alerta-este-jueves\\\/#primaryimage\"},\"image\":{\"@id\":\"https:\\\/\\\/fmgente.com.ar\\\/web\\\/advertencia-por-lluvias-fuertes-y-granizo-cual-es-la-provincia-que-esta-bajo-alerta-este-jueves\\\/#primaryimage\"},\"thumbnailUrl\":\"https:\\\/\\\/fmgente.com.ar\\\/web\\\/wp-content\\\/uploads\\\/2026\\\/03\\\/720-1016.jpeg\",\"datePublished\":\"2026-03-25T23:05:57+00:00\",\"inLanguage\":\"es\",\"potentialAction\":[{\"@type\":\"ReadAction\",\"target\":[\"https:\\\/\\\/fmgente.com.ar\\\/web\\\/advertencia-por-lluvias-fuertes-y-granizo-cual-es-la-provincia-que-esta-bajo-alerta-este-jueves\\\/\"]}]},{\"@type\":\"ImageObject\",\"inLanguage\":\"es\",\"@id\":\"https:\\\/\\\/fmgente.com.ar\\\/web\\\/advertencia-por-lluvias-fuertes-y-granizo-cual-es-la-provincia-que-esta-bajo-alerta-este-jueves\\\/#primaryimage\",\"url\":\"https:\\\/\\\/fmgente.com.ar\\\/web\\\/wp-content\\\/uploads\\\/2026\\\/03\\\/720-1016.jpeg\",\"contentUrl\":\"https:\\\/\\\/fmgente.com.ar\\\/web\\\/wp-content\\\/uploads\\\/2026\\\/03\\\/720-1016.jpeg\",\"width\":1280,\"height\":720},{\"@type\":\"WebSite\",\"@id\":\"https:\\\/\\\/fmgente.com.ar\\\/web\\\/#website\",\"url\":\"https:\\\/\\\/fmgente.com.ar\\\/web\\\/\",\"name\":\"Fm Gente\",\"description\":\"- Jes\u00fas Mar\u00eda\",\"publisher\":{\"@id\":\"https:\\\/\\\/fmgente.com.ar\\\/web\\\/#organization\"},\"potentialAction\":[{\"@type\":\"SearchAction\",\"target\":{\"@type\":\"EntryPoint\",\"urlTemplate\":\"https:\\\/\\\/fmgente.com.ar\\\/web\\\/?s={search_term_string}\"},\"query-input\":{\"@type\":\"PropertyValueSpecification\",\"valueRequired\":true,\"valueName\":\"search_term_string\"}}],\"inLanguage\":\"es\"},{\"@type\":\"Organization\",\"@id\":\"https:\\\/\\\/fmgente.com.ar\\\/web\\\/#organization\",\"name\":\"Fm Gente\",\"url\":\"https:\\\/\\\/fmgente.com.ar\\\/web\\\/\",\"logo\":{\"@type\":\"ImageObject\",\"inLanguage\":\"es\",\"@id\":\"https:\\\/\\\/fmgente.com.ar\\\/web\\\/#\\\/schema\\\/logo\\\/image\\\/\",\"url\":\"https:\\\/\\\/fmgente.com.ar\\\/web\\\/wp-content\\\/uploads\\\/2023\\\/07\\\/cropped-cropped-logo-sombra2.png\",\"contentUrl\":\"https:\\\/\\\/fmgente.com.ar\\\/web\\\/wp-content\\\/uploads\\\/2023\\\/07\\\/cropped-cropped-logo-sombra2.png\",\"width\":1782,\"height\":1782,\"caption\":\"Fm Gente\"},\"image\":{\"@id\":\"https:\\\/\\\/fmgente.com.ar\\\/web\\\/#\\\/schema\\\/logo\\\/image\\\/\"}}]}<\/script>\n<!-- \/ Yoast SEO plugin. -->","yoast_head_json":{"title":"Advertencia por lluvias fuertes y granizo: cu\u00e1l es la provincia que est\u00e1 bajo alerta este jueves - Fm Gente","robots":{"index":"index","follow":"follow","max-snippet":"max-snippet:-1","max-image-preview":"max-image-preview:large","max-video-preview":"max-video-preview:-1"},"canonical":"https:\/\/fmgente.com.ar\/web\/advertencia-por-lluvias-fuertes-y-granizo-cual-es-la-provincia-que-esta-bajo-alerta-este-jueves\/","og_locale":"es_ES","og_type":"article","og_title":"Advertencia por lluvias fuertes y granizo: cu\u00e1l es la provincia que est\u00e1 bajo alerta este jueves - Fm Gente","og_description":"Buenos Aires, 25 marzo (NA) \u2013 Una alerta amarilla por lluvias y tormentas fuertes, con","og_url":"https:\/\/fmgente.com.ar\/web\/advertencia-por-lluvias-fuertes-y-granizo-cual-es-la-provincia-que-esta-bajo-alerta-este-jueves\/","og_site_name":"Fm Gente","article_published_time":"2026-03-25T23:05:57+00:00","twitter_card":"summary_large_image","twitter_misc":{"Tiempo de lectura":"1 minuto"},"schema":{"@context":"https:\/\/schema.org","@graph":[{"@type":"Article","@id":"https:\/\/fmgente.com.ar\/web\/advertencia-por-lluvias-fuertes-y-granizo-cual-es-la-provincia-que-esta-bajo-alerta-este-jueves\/#article","isPartOf":{"@id":"https:\/\/fmgente.com.ar\/web\/advertencia-por-lluvias-fuertes-y-granizo-cual-es-la-provincia-que-esta-bajo-alerta-este-jueves\/"},"author":{"name":"","@id":""},"headline":"Advertencia por lluvias fuertes y granizo: cu\u00e1l es la provincia que est\u00e1 bajo alerta este jueves","datePublished":"2026-03-25T23:05:57+00:00","mainEntityOfPage":{"@id":"https:\/\/fmgente.com.ar\/web\/advertencia-por-lluvias-fuertes-y-granizo-cual-es-la-provincia-que-esta-bajo-alerta-este-jueves\/"},"wordCount":232,"publisher":{"@id":"https:\/\/fmgente.com.ar\/web\/#organization"},"image":{"@id":"https:\/\/fmgente.com.ar\/web\/advertencia-por-lluvias-fuertes-y-granizo-cual-es-la-provincia-que-esta-bajo-alerta-este-jueves\/#primaryimage"},"thumbnailUrl":"https:\/\/fmgente.com.ar\/web\/wp-content\/uploads\/2026\/03\/720-1016.jpeg","articleSection":["REGIONALES"],"inLanguage":"es"},{"@type":"WebPage","@id":"https:\/\/fmgente.com.ar\/web\/advertencia-por-lluvias-fuertes-y-granizo-cual-es-la-provincia-que-esta-bajo-alerta-este-jueves\/","url":"https:\/\/fmgente.com.ar\/web\/advertencia-por-lluvias-fuertes-y-granizo-cual-es-la-provincia-que-esta-bajo-alerta-este-jueves\/","name":"Advertencia por lluvias fuertes y granizo: cu\u00e1l es la provincia que est\u00e1 bajo alerta este jueves - Fm Gente","isPartOf":{"@id":"https:\/\/fmgente.com.ar\/web\/#website"},"primaryImageOfPage":{"@id":"https:\/\/fmgente.com.ar\/web\/advertencia-por-lluvias-fuertes-y-granizo-cual-es-la-provincia-que-esta-bajo-alerta-este-jueves\/#primaryimage"},"image":{"@id":"https:\/\/fmgente.com.ar\/web\/advertencia-por-lluvias-fuertes-y-granizo-cual-es-la-provincia-que-esta-bajo-alerta-este-jueves\/#primaryimage"},"thumbnailUrl":"https:\/\/fmgente.com.ar\/web\/wp-content\/uploads\/2026\/03\/720-1016.jpeg","datePublished":"2026-03-25T23:05:57+00:00","inLanguage":"es","potentialAction":[{"@type":"ReadAction","target":["https:\/\/fmgente.com.ar\/web\/advertencia-por-lluvias-fuertes-y-granizo-cual-es-la-provincia-que-esta-bajo-alerta-este-jueves\/"]}]},{"@type":"ImageObject","inLanguage":"es","@id":"https:\/\/fmgente.com.ar\/web\/advertencia-por-lluvias-fuertes-y-granizo-cual-es-la-provincia-que-esta-bajo-alerta-este-jueves\/#primaryimage","url":"https:\/\/fmgente.com.ar\/web\/wp-content\/uploads\/2026\/03\/720-1016.jpeg","contentUrl":"https:\/\/fmgente.com.ar\/web\/wp-content\/uploads\/2026\/03\/720-1016.jpeg","width":1280,"height":720},{"@type":"WebSite","@id":"https:\/\/fmgente.com.ar\/web\/#website","url":"https:\/\/fmgente.com.ar\/web\/","name":"Fm Gente","description":"- Jes\u00fas Mar\u00eda","publisher":{"@id":"https:\/\/fmgente.com.ar\/web\/#organization"},"potentialAction":[{"@type":"SearchAction","target":{"@type":"EntryPoint","urlTemplate":"https:\/\/fmgente.com.ar\/web\/?s={search_term_string}"},"query-input":{"@type":"PropertyValueSpecification","valueRequired":true,"valueName":"search_term_string"}}],"inLanguage":"es"},{"@type":"Organization","@id":"https:\/\/fmgente.com.ar\/web\/#organization","name":"Fm Gente","url":"https:\/\/fmgente.com.ar\/web\/","logo":{"@type":"ImageObject","inLanguage":"es","@id":"https:\/\/fmgente.com.ar\/web\/#\/schema\/logo\/image\/","url":"https:\/\/fmgente.com.ar\/web\/wp-content\/uploads\/2023\/07\/cropped-cropped-logo-sombra2.png","contentUrl":"https:\/\/fmgente.com.ar\/web\/wp-content\/uploads\/2023\/07\/cropped-cropped-logo-sombra2.png","width":1782,"height":1782,"caption":"Fm Gente"},"image":{"@id":"https:\/\/fmgente.com.ar\/web\/#\/schema\/logo\/image\/"}}]}},"_links":{"self":[{"href":"https:\/\/fmgente.com.ar\/web\/wp-json\/wp\/v2\/posts\/16639","targetHints":{"allow":["GET"]}}],"collection":[{"href":"https:\/\/fmgente.com.ar\/web\/wp-json\/wp\/v2\/posts"}],"about":[{"href":"https:\/\/fmgente.com.ar\/web\/wp-json\/wp\/v2\/types\/post"}],"replies":[{"embeddable":true,"href":"https:\/\/fmgente.com.ar\/web\/wp-json\/wp\/v2\/comments?post=16639"}],"version-history":[{"count":0,"href":"https:\/\/fmgente.com.ar\/web\/wp-json\/wp\/v2\/posts\/16639\/revisions"}],"wp:featuredmedia":[{"embeddable":true,"href":"https:\/\/fmgente.com.ar\/web\/wp-json\/wp\/v2\/media\/16640"}],"wp:attachment":[{"href":"https:\/\/fmgente.com.ar\/web\/wp-json\/wp\/v2\/media?parent=16639"}],"wp:term":[{"taxonomy":"category","embeddable":true,"href":"https:\/\/fmgente.com.ar\/web\/wp-json\/wp\/v2\/categories?post=16639"},{"taxonomy":"post_tag","embeddable":true,"href":"https:\/\/fmgente.com.ar\/web\/wp-json\/wp\/v2\/tags?post=16639"}],"curies":[{"name":"wp","href":"https:\/\/api.w.org\/{rel}","templated":true}]}}