{"id":16633,"date":"2026-03-25T19:07:41","date_gmt":"2026-03-25T22:07:41","guid":{"rendered":"https:\/\/fmgente.com.ar\/web\/privatizacion-de-intercargo-el-gobierno-dio-detalles-sobre-la-venta-de-la-empresa-estatal\/"},"modified":"2026-03-25T19:07:41","modified_gmt":"2026-03-25T22:07:41","slug":"privatizacion-de-intercargo-el-gobierno-dio-detalles-sobre-la-venta-de-la-empresa-estatal","status":"publish","type":"post","link":"https:\/\/fmgente.com.ar\/web\/privatizacion-de-intercargo-el-gobierno-dio-detalles-sobre-la-venta-de-la-empresa-estatal\/","title":{"rendered":"Privatizaci\u00f3n de Intercargo: el Gobierno dio detalles sobre la venta de la empresa estatal"},"content":{"rendered":"<p>Buenos Aires, 25 marzo (NA) &#8212; El Gobierno Nacional avanza en la privatizaci\u00f3n de la empresa estatal Intercargo, dedicada a los servicios de rampa en los aeropuertos del pa\u00eds, e inform\u00f3 las condiciones de venta.<\/p>\n<p>El ministro de Econom\u00eda, Luis Caputo, explic\u00f3 en sus redes cu\u00e1les ser\u00e1n las bases y condiciones para que este jueves 26 de marzo inicie el proceso de privatizaci\u00f3n de la empresa estatal.<\/p>\n<p>El funcionario destac\u00f3 esta privatizaci\u00f3n como \u201cun paso m\u00e1s\u201d en el proceso de \u201ctransformaci\u00f3n del sector aerocomercial\u201d.<\/p>\n<p>Entre otras de las medidas que implement\u00f3 el Gobierno en el sector aerocomercial, mencion\u00f3 la desregulaci\u00f3n del mercado y las iniciativas que permiten incorporar nuevos prestadores de servicios de asistencia en tierra en aeropuertos del pa\u00eds, para \u201cgenerar mayor competencia, eficiencia y mejora en la calidad de los servicios\u201d.<\/p>\n<p>LOS DETALLES<\/p>\n<p>Seg\u00fan supo la Agencia Noticias Argentinas, el Ministro econ\u00f3mico detall\u00f3 el proceso de privatizaci\u00f3n, el cual incluir\u00e1 la transferencia integral de la compa\u00f1\u00eda, la salida total del Estado de la participaci\u00f3n societaria y la continuidad de la empresa como unidad operativa, donde se mantendr\u00e1n los contratos, las licencias y el funcionamiento en los distintos aeropuertos donde presta servicio.<\/p>\n<p>\u201cCon esta privatizaci\u00f3n reafirmamos que el Estado debe concentrarse en garantizar reglas de juego claras, promover la libertad econ\u00f3mica y generar condiciones para la inversi\u00f3n privada\u201d, se\u00f1al\u00f3 Caputo.<\/p>\n<p>#AgenciaNA<\/p>\n","protected":false},"excerpt":{"rendered":"<p>Buenos Aires, 25 marzo (NA) &#8212; El Gobierno Nacional avanza en la privatizaci\u00f3n de la<\/p>\n","protected":false},"author":0,"featured_media":16634,"comment_status":"","ping_status":"","sticky":false,"template":"","format":"standard","meta":{"footnotes":""},"categories":[1],"tags":[],"class_list":["post-16633","post","type-post","status-publish","format-standard","has-post-thumbnail","hentry","category-regionales"],"yoast_head":"<!-- This site is optimized with the Yoast SEO plugin v27.4 - https:\/\/yoast.com\/product\/yoast-seo-wordpress\/ -->\n<title>Privatizaci\u00f3n de Intercargo: el Gobierno dio detalles sobre la venta de la empresa estatal - Fm Gente<\/title>\n<meta name=\"robots\" content=\"index, follow, max-snippet:-1, max-image-preview:large, max-video-preview:-1\" \/>\n<link rel=\"canonical\" href=\"https:\/\/fmgente.com.ar\/web\/privatizacion-de-intercargo-el-gobierno-dio-detalles-sobre-la-venta-de-la-empresa-estatal\/\" \/>\n<meta property=\"og:locale\" content=\"es_ES\" \/>\n<meta property=\"og:type\" content=\"article\" \/>\n<meta property=\"og:title\" content=\"Privatizaci\u00f3n de Intercargo: el Gobierno dio detalles sobre la venta de la empresa estatal - Fm Gente\" \/>\n<meta property=\"og:description\" content=\"Buenos Aires, 25 marzo (NA) &#8212; El Gobierno Nacional avanza en la privatizaci\u00f3n de la\" \/>\n<meta property=\"og:url\" content=\"https:\/\/fmgente.com.ar\/web\/privatizacion-de-intercargo-el-gobierno-dio-detalles-sobre-la-venta-de-la-empresa-estatal\/\" \/>\n<meta property=\"og:site_name\" content=\"Fm Gente\" \/>\n<meta property=\"article:published_time\" content=\"2026-03-25T22:07:41+00:00\" \/>\n<meta name=\"twitter:card\" content=\"summary_large_image\" \/>\n<meta name=\"twitter:label1\" content=\"Tiempo de lectura\" \/>\n\t<meta name=\"twitter:data1\" content=\"1 minuto\" \/>\n<script type=\"application\/ld+json\" class=\"yoast-schema-graph\">{\"@context\":\"https:\\\/\\\/schema.org\",\"@graph\":[{\"@type\":\"Article\",\"@id\":\"https:\\\/\\\/fmgente.com.ar\\\/web\\\/privatizacion-de-intercargo-el-gobierno-dio-detalles-sobre-la-venta-de-la-empresa-estatal\\\/#article\",\"isPartOf\":{\"@id\":\"https:\\\/\\\/fmgente.com.ar\\\/web\\\/privatizacion-de-intercargo-el-gobierno-dio-detalles-sobre-la-venta-de-la-empresa-estatal\\\/\"},\"author\":{\"name\":\"\",\"@id\":\"\"},\"headline\":\"Privatizaci\u00f3n de Intercargo: el Gobierno dio detalles sobre la venta de la empresa estatal\",\"datePublished\":\"2026-03-25T22:07:41+00:00\",\"mainEntityOfPage\":{\"@id\":\"https:\\\/\\\/fmgente.com.ar\\\/web\\\/privatizacion-de-intercargo-el-gobierno-dio-detalles-sobre-la-venta-de-la-empresa-estatal\\\/\"},\"wordCount\":256,\"publisher\":{\"@id\":\"https:\\\/\\\/fmgente.com.ar\\\/web\\\/#organization\"},\"image\":{\"@id\":\"https:\\\/\\\/fmgente.com.ar\\\/web\\\/privatizacion-de-intercargo-el-gobierno-dio-detalles-sobre-la-venta-de-la-empresa-estatal\\\/#primaryimage\"},\"thumbnailUrl\":\"https:\\\/\\\/fmgente.com.ar\\\/web\\\/wp-content\\\/uploads\\\/2026\\\/03\\\/720-1014.jpeg\",\"articleSection\":[\"REGIONALES\"],\"inLanguage\":\"es\"},{\"@type\":\"WebPage\",\"@id\":\"https:\\\/\\\/fmgente.com.ar\\\/web\\\/privatizacion-de-intercargo-el-gobierno-dio-detalles-sobre-la-venta-de-la-empresa-estatal\\\/\",\"url\":\"https:\\\/\\\/fmgente.com.ar\\\/web\\\/privatizacion-de-intercargo-el-gobierno-dio-detalles-sobre-la-venta-de-la-empresa-estatal\\\/\",\"name\":\"Privatizaci\u00f3n de Intercargo: el Gobierno dio detalles sobre la venta de la empresa estatal - Fm Gente\",\"isPartOf\":{\"@id\":\"https:\\\/\\\/fmgente.com.ar\\\/web\\\/#website\"},\"primaryImageOfPage\":{\"@id\":\"https:\\\/\\\/fmgente.com.ar\\\/web\\\/privatizacion-de-intercargo-el-gobierno-dio-detalles-sobre-la-venta-de-la-empresa-estatal\\\/#primaryimage\"},\"image\":{\"@id\":\"https:\\\/\\\/fmgente.com.ar\\\/web\\\/privatizacion-de-intercargo-el-gobierno-dio-detalles-sobre-la-venta-de-la-empresa-estatal\\\/#primaryimage\"},\"thumbnailUrl\":\"https:\\\/\\\/fmgente.com.ar\\\/web\\\/wp-content\\\/uploads\\\/2026\\\/03\\\/720-1014.jpeg\",\"datePublished\":\"2026-03-25T22:07:41+00:00\",\"inLanguage\":\"es\",\"potentialAction\":[{\"@type\":\"ReadAction\",\"target\":[\"https:\\\/\\\/fmgente.com.ar\\\/web\\\/privatizacion-de-intercargo-el-gobierno-dio-detalles-sobre-la-venta-de-la-empresa-estatal\\\/\"]}]},{\"@type\":\"ImageObject\",\"inLanguage\":\"es\",\"@id\":\"https:\\\/\\\/fmgente.com.ar\\\/web\\\/privatizacion-de-intercargo-el-gobierno-dio-detalles-sobre-la-venta-de-la-empresa-estatal\\\/#primaryimage\",\"url\":\"https:\\\/\\\/fmgente.com.ar\\\/web\\\/wp-content\\\/uploads\\\/2026\\\/03\\\/720-1014.jpeg\",\"contentUrl\":\"https:\\\/\\\/fmgente.com.ar\\\/web\\\/wp-content\\\/uploads\\\/2026\\\/03\\\/720-1014.jpeg\",\"width\":1062,\"height\":720},{\"@type\":\"WebSite\",\"@id\":\"https:\\\/\\\/fmgente.com.ar\\\/web\\\/#website\",\"url\":\"https:\\\/\\\/fmgente.com.ar\\\/web\\\/\",\"name\":\"Fm Gente\",\"description\":\"- Jes\u00fas Mar\u00eda\",\"publisher\":{\"@id\":\"https:\\\/\\\/fmgente.com.ar\\\/web\\\/#organization\"},\"potentialAction\":[{\"@type\":\"SearchAction\",\"target\":{\"@type\":\"EntryPoint\",\"urlTemplate\":\"https:\\\/\\\/fmgente.com.ar\\\/web\\\/?s={search_term_string}\"},\"query-input\":{\"@type\":\"PropertyValueSpecification\",\"valueRequired\":true,\"valueName\":\"search_term_string\"}}],\"inLanguage\":\"es\"},{\"@type\":\"Organization\",\"@id\":\"https:\\\/\\\/fmgente.com.ar\\\/web\\\/#organization\",\"name\":\"Fm Gente\",\"url\":\"https:\\\/\\\/fmgente.com.ar\\\/web\\\/\",\"logo\":{\"@type\":\"ImageObject\",\"inLanguage\":\"es\",\"@id\":\"https:\\\/\\\/fmgente.com.ar\\\/web\\\/#\\\/schema\\\/logo\\\/image\\\/\",\"url\":\"https:\\\/\\\/fmgente.com.ar\\\/web\\\/wp-content\\\/uploads\\\/2023\\\/07\\\/cropped-cropped-logo-sombra2.png\",\"contentUrl\":\"https:\\\/\\\/fmgente.com.ar\\\/web\\\/wp-content\\\/uploads\\\/2023\\\/07\\\/cropped-cropped-logo-sombra2.png\",\"width\":1782,\"height\":1782,\"caption\":\"Fm Gente\"},\"image\":{\"@id\":\"https:\\\/\\\/fmgente.com.ar\\\/web\\\/#\\\/schema\\\/logo\\\/image\\\/\"}}]}<\/script>\n<!-- \/ Yoast SEO plugin. -->","yoast_head_json":{"title":"Privatizaci\u00f3n de Intercargo: el Gobierno dio detalles sobre la venta de la empresa estatal - Fm Gente","robots":{"index":"index","follow":"follow","max-snippet":"max-snippet:-1","max-image-preview":"max-image-preview:large","max-video-preview":"max-video-preview:-1"},"canonical":"https:\/\/fmgente.com.ar\/web\/privatizacion-de-intercargo-el-gobierno-dio-detalles-sobre-la-venta-de-la-empresa-estatal\/","og_locale":"es_ES","og_type":"article","og_title":"Privatizaci\u00f3n de Intercargo: el Gobierno dio detalles sobre la venta de la empresa estatal - Fm Gente","og_description":"Buenos Aires, 25 marzo (NA) &#8212; El Gobierno Nacional avanza en la privatizaci\u00f3n de la","og_url":"https:\/\/fmgente.com.ar\/web\/privatizacion-de-intercargo-el-gobierno-dio-detalles-sobre-la-venta-de-la-empresa-estatal\/","og_site_name":"Fm Gente","article_published_time":"2026-03-25T22:07:41+00:00","twitter_card":"summary_large_image","twitter_misc":{"Tiempo de lectura":"1 minuto"},"schema":{"@context":"https:\/\/schema.org","@graph":[{"@type":"Article","@id":"https:\/\/fmgente.com.ar\/web\/privatizacion-de-intercargo-el-gobierno-dio-detalles-sobre-la-venta-de-la-empresa-estatal\/#article","isPartOf":{"@id":"https:\/\/fmgente.com.ar\/web\/privatizacion-de-intercargo-el-gobierno-dio-detalles-sobre-la-venta-de-la-empresa-estatal\/"},"author":{"name":"","@id":""},"headline":"Privatizaci\u00f3n de Intercargo: el Gobierno dio detalles sobre la venta de la empresa estatal","datePublished":"2026-03-25T22:07:41+00:00","mainEntityOfPage":{"@id":"https:\/\/fmgente.com.ar\/web\/privatizacion-de-intercargo-el-gobierno-dio-detalles-sobre-la-venta-de-la-empresa-estatal\/"},"wordCount":256,"publisher":{"@id":"https:\/\/fmgente.com.ar\/web\/#organization"},"image":{"@id":"https:\/\/fmgente.com.ar\/web\/privatizacion-de-intercargo-el-gobierno-dio-detalles-sobre-la-venta-de-la-empresa-estatal\/#primaryimage"},"thumbnailUrl":"https:\/\/fmgente.com.ar\/web\/wp-content\/uploads\/2026\/03\/720-1014.jpeg","articleSection":["REGIONALES"],"inLanguage":"es"},{"@type":"WebPage","@id":"https:\/\/fmgente.com.ar\/web\/privatizacion-de-intercargo-el-gobierno-dio-detalles-sobre-la-venta-de-la-empresa-estatal\/","url":"https:\/\/fmgente.com.ar\/web\/privatizacion-de-intercargo-el-gobierno-dio-detalles-sobre-la-venta-de-la-empresa-estatal\/","name":"Privatizaci\u00f3n de Intercargo: el Gobierno dio detalles sobre la venta de la empresa estatal - Fm Gente","isPartOf":{"@id":"https:\/\/fmgente.com.ar\/web\/#website"},"primaryImageOfPage":{"@id":"https:\/\/fmgente.com.ar\/web\/privatizacion-de-intercargo-el-gobierno-dio-detalles-sobre-la-venta-de-la-empresa-estatal\/#primaryimage"},"image":{"@id":"https:\/\/fmgente.com.ar\/web\/privatizacion-de-intercargo-el-gobierno-dio-detalles-sobre-la-venta-de-la-empresa-estatal\/#primaryimage"},"thumbnailUrl":"https:\/\/fmgente.com.ar\/web\/wp-content\/uploads\/2026\/03\/720-1014.jpeg","datePublished":"2026-03-25T22:07:41+00:00","inLanguage":"es","potentialAction":[{"@type":"ReadAction","target":["https:\/\/fmgente.com.ar\/web\/privatizacion-de-intercargo-el-gobierno-dio-detalles-sobre-la-venta-de-la-empresa-estatal\/"]}]},{"@type":"ImageObject","inLanguage":"es","@id":"https:\/\/fmgente.com.ar\/web\/privatizacion-de-intercargo-el-gobierno-dio-detalles-sobre-la-venta-de-la-empresa-estatal\/#primaryimage","url":"https:\/\/fmgente.com.ar\/web\/wp-content\/uploads\/2026\/03\/720-1014.jpeg","contentUrl":"https:\/\/fmgente.com.ar\/web\/wp-content\/uploads\/2026\/03\/720-1014.jpeg","width":1062,"height":720},{"@type":"WebSite","@id":"https:\/\/fmgente.com.ar\/web\/#website","url":"https:\/\/fmgente.com.ar\/web\/","name":"Fm Gente","description":"- Jes\u00fas Mar\u00eda","publisher":{"@id":"https:\/\/fmgente.com.ar\/web\/#organization"},"potentialAction":[{"@type":"SearchAction","target":{"@type":"EntryPoint","urlTemplate":"https:\/\/fmgente.com.ar\/web\/?s={search_term_string}"},"query-input":{"@type":"PropertyValueSpecification","valueRequired":true,"valueName":"search_term_string"}}],"inLanguage":"es"},{"@type":"Organization","@id":"https:\/\/fmgente.com.ar\/web\/#organization","name":"Fm Gente","url":"https:\/\/fmgente.com.ar\/web\/","logo":{"@type":"ImageObject","inLanguage":"es","@id":"https:\/\/fmgente.com.ar\/web\/#\/schema\/logo\/image\/","url":"https:\/\/fmgente.com.ar\/web\/wp-content\/uploads\/2023\/07\/cropped-cropped-logo-sombra2.png","contentUrl":"https:\/\/fmgente.com.ar\/web\/wp-content\/uploads\/2023\/07\/cropped-cropped-logo-sombra2.png","width":1782,"height":1782,"caption":"Fm Gente"},"image":{"@id":"https:\/\/fmgente.com.ar\/web\/#\/schema\/logo\/image\/"}}]}},"_links":{"self":[{"href":"https:\/\/fmgente.com.ar\/web\/wp-json\/wp\/v2\/posts\/16633","targetHints":{"allow":["GET"]}}],"collection":[{"href":"https:\/\/fmgente.com.ar\/web\/wp-json\/wp\/v2\/posts"}],"about":[{"href":"https:\/\/fmgente.com.ar\/web\/wp-json\/wp\/v2\/types\/post"}],"replies":[{"embeddable":true,"href":"https:\/\/fmgente.com.ar\/web\/wp-json\/wp\/v2\/comments?post=16633"}],"version-history":[{"count":0,"href":"https:\/\/fmgente.com.ar\/web\/wp-json\/wp\/v2\/posts\/16633\/revisions"}],"wp:featuredmedia":[{"embeddable":true,"href":"https:\/\/fmgente.com.ar\/web\/wp-json\/wp\/v2\/media\/16634"}],"wp:attachment":[{"href":"https:\/\/fmgente.com.ar\/web\/wp-json\/wp\/v2\/media?parent=16633"}],"wp:term":[{"taxonomy":"category","embeddable":true,"href":"https:\/\/fmgente.com.ar\/web\/wp-json\/wp\/v2\/categories?post=16633"},{"taxonomy":"post_tag","embeddable":true,"href":"https:\/\/fmgente.com.ar\/web\/wp-json\/wp\/v2\/tags?post=16633"}],"curies":[{"name":"wp","href":"https:\/\/api.w.org\/{rel}","templated":true}]}}