{"id":16629,"date":"2026-03-25T19:07:39","date_gmt":"2026-03-25T22:07:39","guid":{"rendered":"https:\/\/fmgente.com.ar\/web\/tarjeta-sube-gratis-a-quienes-les-corresponde-y-desde-cuando-se-podra-conseguir\/"},"modified":"2026-03-25T19:07:39","modified_gmt":"2026-03-25T22:07:39","slug":"tarjeta-sube-gratis-a-quienes-les-corresponde-y-desde-cuando-se-podra-conseguir","status":"publish","type":"post","link":"https:\/\/fmgente.com.ar\/web\/tarjeta-sube-gratis-a-quienes-les-corresponde-y-desde-cuando-se-podra-conseguir\/","title":{"rendered":"Tarjeta SUBE gratis: a qui\u00e9nes les corresponde y desde cu\u00e1ndo se podr\u00e1 conseguir"},"content":{"rendered":"<p>Buenos Aires, 25 marzo (NA) \u2013 El Gobierno nacional confirm\u00f3 la implementaci\u00f3n de la gratuidad en la Tarjeta SUBE para personas con discapacidad, a trav\u00e9s de una publicaci\u00f3n en el Bolet\u00edn Oficial. <\/p>\n<p>La medida, impulsada por el Ministerio de Capital Humano seg\u00fan pudo confirmar la Agencia Noticias Argentinas, apunta a garantizar un acceso m\u00e1s \u00e1gil y sin trabas al transporte p\u00fablico en todo el pa\u00eds.<\/p>\n<p>TARJETA SUBE GRATIS<\/p>\n<p>A trav\u00e9s del Art\u00edculo 2\u00b0 de la normativa publicada este mi\u00e9rcoles en el Bolet\u00edn Oficial, el Gobierno Nacional facult\u00f3 la firma de convenios espec\u00edficos para implementar de manera definitiva la gratuidad en la tarjeta SUBE.<\/p>\n<p>La medida busca modernizar y agilizar el acceso al derecho de transporte gratuito, eliminando barreras burocr\u00e1ticas y unificando el beneficio directamente en el pl\u00e1stico del sistema SUBE.<\/p>\n<p>LOS PUNTOS CLAVE DE LA RESOLUCI\u00d3N<\/p>\n<p> * Convenio de Colaboraci\u00f3n: La resoluci\u00f3n faculta al titular de la Agencia Nacional de Discapacidad (ANDIS) a suscribir acuerdos conjuntos con la Secretar\u00eda de Transporte (bajo la \u00f3rbita del Ministerio de Econom\u00eda).<br \/>\n * Implementaci\u00f3n T\u00e9cnica: El convenio se enmarca en un trabajo previo iniciado el 13 de marzo de 2025, donde tambi\u00e9n participa Naci\u00f3n Servicios S.A., la entidad responsable de la tecnolog\u00eda del sistema SUBE.<br \/>\n * El Objetivo: Avanzar formalmente en la configuraci\u00f3n del beneficio de gratuidad. Esto significa que, una vez implementado, la persona con discapacidad no deber\u00eda presentar documentaci\u00f3n adicional en cada viaje, sino que su propia tarjeta SUBE ya contar\u00e1 con la validaci\u00f3n del beneficio.<\/p>\n<p>\u00bfQU\u00c9 SIGNIFICA ESTO PARA EL USUARIO?<\/p>\n<p>Hasta el momento, muchas personas con discapacidad deben exhibir su Certificado \u00danico de Discapacidad (CUD) al subir al transporte o realizar tr\u00e1mites presenciales de renovaci\u00f3n constantes. Con esta nueva configuraci\u00f3n t\u00e9cnica:<\/p>\n<p> 1. Validaci\u00f3n Autom\u00e1tica: Se espera que el sistema reconozca el perfil del usuario de manera digital.<br \/>\n 2. Mayor Dignidad y Rapidez: Agiliza el ascenso a las unidades y evita situaciones de fricci\u00f3n o discriminaci\u00f3n en el acceso al beneficio.<br \/>\n 3. Alcance Nacional: Al utilizar la plataforma SUBE, el beneficio tendr\u00e1 validez en todas las localidades del pa\u00eds donde el sistema est\u00e9 operativo.<\/p>\n<p>#AgenciaNA<\/p>\n","protected":false},"excerpt":{"rendered":"<p>Buenos Aires, 25 marzo (NA) \u2013 El Gobierno nacional confirm\u00f3 la implementaci\u00f3n de la gratuidad<\/p>\n","protected":false},"author":0,"featured_media":16630,"comment_status":"","ping_status":"","sticky":false,"template":"","format":"standard","meta":{"footnotes":""},"categories":[1],"tags":[],"class_list":["post-16629","post","type-post","status-publish","format-standard","has-post-thumbnail","hentry","category-regionales"],"yoast_head":"<!-- This site is optimized with the Yoast SEO plugin v27.4 - https:\/\/yoast.com\/product\/yoast-seo-wordpress\/ -->\n<title>Tarjeta SUBE gratis: a qui\u00e9nes les corresponde y desde cu\u00e1ndo se podr\u00e1 conseguir - Fm Gente<\/title>\n<meta name=\"robots\" content=\"index, follow, max-snippet:-1, max-image-preview:large, max-video-preview:-1\" \/>\n<link rel=\"canonical\" href=\"https:\/\/fmgente.com.ar\/web\/tarjeta-sube-gratis-a-quienes-les-corresponde-y-desde-cuando-se-podra-conseguir\/\" \/>\n<meta property=\"og:locale\" content=\"es_ES\" \/>\n<meta property=\"og:type\" content=\"article\" \/>\n<meta property=\"og:title\" content=\"Tarjeta SUBE gratis: a qui\u00e9nes les corresponde y desde cu\u00e1ndo se podr\u00e1 conseguir - Fm Gente\" \/>\n<meta property=\"og:description\" content=\"Buenos Aires, 25 marzo (NA) \u2013 El Gobierno nacional confirm\u00f3 la implementaci\u00f3n de la gratuidad\" \/>\n<meta property=\"og:url\" content=\"https:\/\/fmgente.com.ar\/web\/tarjeta-sube-gratis-a-quienes-les-corresponde-y-desde-cuando-se-podra-conseguir\/\" \/>\n<meta property=\"og:site_name\" content=\"Fm Gente\" \/>\n<meta property=\"article:published_time\" content=\"2026-03-25T22:07:39+00:00\" \/>\n<meta name=\"twitter:card\" content=\"summary_large_image\" \/>\n<meta name=\"twitter:label1\" content=\"Tiempo de lectura\" \/>\n\t<meta name=\"twitter:data1\" content=\"2 minutos\" \/>\n<script type=\"application\/ld+json\" class=\"yoast-schema-graph\">{\"@context\":\"https:\\\/\\\/schema.org\",\"@graph\":[{\"@type\":\"Article\",\"@id\":\"https:\\\/\\\/fmgente.com.ar\\\/web\\\/tarjeta-sube-gratis-a-quienes-les-corresponde-y-desde-cuando-se-podra-conseguir\\\/#article\",\"isPartOf\":{\"@id\":\"https:\\\/\\\/fmgente.com.ar\\\/web\\\/tarjeta-sube-gratis-a-quienes-les-corresponde-y-desde-cuando-se-podra-conseguir\\\/\"},\"author\":{\"name\":\"\",\"@id\":\"\"},\"headline\":\"Tarjeta SUBE gratis: a qui\u00e9nes les corresponde y desde cu\u00e1ndo se podr\u00e1 conseguir\",\"datePublished\":\"2026-03-25T22:07:39+00:00\",\"mainEntityOfPage\":{\"@id\":\"https:\\\/\\\/fmgente.com.ar\\\/web\\\/tarjeta-sube-gratis-a-quienes-les-corresponde-y-desde-cuando-se-podra-conseguir\\\/\"},\"wordCount\":387,\"publisher\":{\"@id\":\"https:\\\/\\\/fmgente.com.ar\\\/web\\\/#organization\"},\"image\":{\"@id\":\"https:\\\/\\\/fmgente.com.ar\\\/web\\\/tarjeta-sube-gratis-a-quienes-les-corresponde-y-desde-cuando-se-podra-conseguir\\\/#primaryimage\"},\"thumbnailUrl\":\"https:\\\/\\\/fmgente.com.ar\\\/web\\\/wp-content\\\/uploads\\\/2026\\\/03\\\/720-1012.jpeg\",\"articleSection\":[\"REGIONALES\"],\"inLanguage\":\"es\"},{\"@type\":\"WebPage\",\"@id\":\"https:\\\/\\\/fmgente.com.ar\\\/web\\\/tarjeta-sube-gratis-a-quienes-les-corresponde-y-desde-cuando-se-podra-conseguir\\\/\",\"url\":\"https:\\\/\\\/fmgente.com.ar\\\/web\\\/tarjeta-sube-gratis-a-quienes-les-corresponde-y-desde-cuando-se-podra-conseguir\\\/\",\"name\":\"Tarjeta SUBE gratis: a qui\u00e9nes les corresponde y desde cu\u00e1ndo se podr\u00e1 conseguir - Fm Gente\",\"isPartOf\":{\"@id\":\"https:\\\/\\\/fmgente.com.ar\\\/web\\\/#website\"},\"primaryImageOfPage\":{\"@id\":\"https:\\\/\\\/fmgente.com.ar\\\/web\\\/tarjeta-sube-gratis-a-quienes-les-corresponde-y-desde-cuando-se-podra-conseguir\\\/#primaryimage\"},\"image\":{\"@id\":\"https:\\\/\\\/fmgente.com.ar\\\/web\\\/tarjeta-sube-gratis-a-quienes-les-corresponde-y-desde-cuando-se-podra-conseguir\\\/#primaryimage\"},\"thumbnailUrl\":\"https:\\\/\\\/fmgente.com.ar\\\/web\\\/wp-content\\\/uploads\\\/2026\\\/03\\\/720-1012.jpeg\",\"datePublished\":\"2026-03-25T22:07:39+00:00\",\"inLanguage\":\"es\",\"potentialAction\":[{\"@type\":\"ReadAction\",\"target\":[\"https:\\\/\\\/fmgente.com.ar\\\/web\\\/tarjeta-sube-gratis-a-quienes-les-corresponde-y-desde-cuando-se-podra-conseguir\\\/\"]}]},{\"@type\":\"ImageObject\",\"inLanguage\":\"es\",\"@id\":\"https:\\\/\\\/fmgente.com.ar\\\/web\\\/tarjeta-sube-gratis-a-quienes-les-corresponde-y-desde-cuando-se-podra-conseguir\\\/#primaryimage\",\"url\":\"https:\\\/\\\/fmgente.com.ar\\\/web\\\/wp-content\\\/uploads\\\/2026\\\/03\\\/720-1012.jpeg\",\"contentUrl\":\"https:\\\/\\\/fmgente.com.ar\\\/web\\\/wp-content\\\/uploads\\\/2026\\\/03\\\/720-1012.jpeg\",\"width\":960,\"height\":720},{\"@type\":\"WebSite\",\"@id\":\"https:\\\/\\\/fmgente.com.ar\\\/web\\\/#website\",\"url\":\"https:\\\/\\\/fmgente.com.ar\\\/web\\\/\",\"name\":\"Fm Gente\",\"description\":\"- Jes\u00fas Mar\u00eda\",\"publisher\":{\"@id\":\"https:\\\/\\\/fmgente.com.ar\\\/web\\\/#organization\"},\"potentialAction\":[{\"@type\":\"SearchAction\",\"target\":{\"@type\":\"EntryPoint\",\"urlTemplate\":\"https:\\\/\\\/fmgente.com.ar\\\/web\\\/?s={search_term_string}\"},\"query-input\":{\"@type\":\"PropertyValueSpecification\",\"valueRequired\":true,\"valueName\":\"search_term_string\"}}],\"inLanguage\":\"es\"},{\"@type\":\"Organization\",\"@id\":\"https:\\\/\\\/fmgente.com.ar\\\/web\\\/#organization\",\"name\":\"Fm Gente\",\"url\":\"https:\\\/\\\/fmgente.com.ar\\\/web\\\/\",\"logo\":{\"@type\":\"ImageObject\",\"inLanguage\":\"es\",\"@id\":\"https:\\\/\\\/fmgente.com.ar\\\/web\\\/#\\\/schema\\\/logo\\\/image\\\/\",\"url\":\"https:\\\/\\\/fmgente.com.ar\\\/web\\\/wp-content\\\/uploads\\\/2023\\\/07\\\/cropped-cropped-logo-sombra2.png\",\"contentUrl\":\"https:\\\/\\\/fmgente.com.ar\\\/web\\\/wp-content\\\/uploads\\\/2023\\\/07\\\/cropped-cropped-logo-sombra2.png\",\"width\":1782,\"height\":1782,\"caption\":\"Fm Gente\"},\"image\":{\"@id\":\"https:\\\/\\\/fmgente.com.ar\\\/web\\\/#\\\/schema\\\/logo\\\/image\\\/\"}}]}<\/script>\n<!-- \/ Yoast SEO plugin. -->","yoast_head_json":{"title":"Tarjeta SUBE gratis: a qui\u00e9nes les corresponde y desde cu\u00e1ndo se podr\u00e1 conseguir - Fm Gente","robots":{"index":"index","follow":"follow","max-snippet":"max-snippet:-1","max-image-preview":"max-image-preview:large","max-video-preview":"max-video-preview:-1"},"canonical":"https:\/\/fmgente.com.ar\/web\/tarjeta-sube-gratis-a-quienes-les-corresponde-y-desde-cuando-se-podra-conseguir\/","og_locale":"es_ES","og_type":"article","og_title":"Tarjeta SUBE gratis: a qui\u00e9nes les corresponde y desde cu\u00e1ndo se podr\u00e1 conseguir - Fm Gente","og_description":"Buenos Aires, 25 marzo (NA) \u2013 El Gobierno nacional confirm\u00f3 la implementaci\u00f3n de la gratuidad","og_url":"https:\/\/fmgente.com.ar\/web\/tarjeta-sube-gratis-a-quienes-les-corresponde-y-desde-cuando-se-podra-conseguir\/","og_site_name":"Fm Gente","article_published_time":"2026-03-25T22:07:39+00:00","twitter_card":"summary_large_image","twitter_misc":{"Tiempo de lectura":"2 minutos"},"schema":{"@context":"https:\/\/schema.org","@graph":[{"@type":"Article","@id":"https:\/\/fmgente.com.ar\/web\/tarjeta-sube-gratis-a-quienes-les-corresponde-y-desde-cuando-se-podra-conseguir\/#article","isPartOf":{"@id":"https:\/\/fmgente.com.ar\/web\/tarjeta-sube-gratis-a-quienes-les-corresponde-y-desde-cuando-se-podra-conseguir\/"},"author":{"name":"","@id":""},"headline":"Tarjeta SUBE gratis: a qui\u00e9nes les corresponde y desde cu\u00e1ndo se podr\u00e1 conseguir","datePublished":"2026-03-25T22:07:39+00:00","mainEntityOfPage":{"@id":"https:\/\/fmgente.com.ar\/web\/tarjeta-sube-gratis-a-quienes-les-corresponde-y-desde-cuando-se-podra-conseguir\/"},"wordCount":387,"publisher":{"@id":"https:\/\/fmgente.com.ar\/web\/#organization"},"image":{"@id":"https:\/\/fmgente.com.ar\/web\/tarjeta-sube-gratis-a-quienes-les-corresponde-y-desde-cuando-se-podra-conseguir\/#primaryimage"},"thumbnailUrl":"https:\/\/fmgente.com.ar\/web\/wp-content\/uploads\/2026\/03\/720-1012.jpeg","articleSection":["REGIONALES"],"inLanguage":"es"},{"@type":"WebPage","@id":"https:\/\/fmgente.com.ar\/web\/tarjeta-sube-gratis-a-quienes-les-corresponde-y-desde-cuando-se-podra-conseguir\/","url":"https:\/\/fmgente.com.ar\/web\/tarjeta-sube-gratis-a-quienes-les-corresponde-y-desde-cuando-se-podra-conseguir\/","name":"Tarjeta SUBE gratis: a qui\u00e9nes les corresponde y desde cu\u00e1ndo se podr\u00e1 conseguir - Fm Gente","isPartOf":{"@id":"https:\/\/fmgente.com.ar\/web\/#website"},"primaryImageOfPage":{"@id":"https:\/\/fmgente.com.ar\/web\/tarjeta-sube-gratis-a-quienes-les-corresponde-y-desde-cuando-se-podra-conseguir\/#primaryimage"},"image":{"@id":"https:\/\/fmgente.com.ar\/web\/tarjeta-sube-gratis-a-quienes-les-corresponde-y-desde-cuando-se-podra-conseguir\/#primaryimage"},"thumbnailUrl":"https:\/\/fmgente.com.ar\/web\/wp-content\/uploads\/2026\/03\/720-1012.jpeg","datePublished":"2026-03-25T22:07:39+00:00","inLanguage":"es","potentialAction":[{"@type":"ReadAction","target":["https:\/\/fmgente.com.ar\/web\/tarjeta-sube-gratis-a-quienes-les-corresponde-y-desde-cuando-se-podra-conseguir\/"]}]},{"@type":"ImageObject","inLanguage":"es","@id":"https:\/\/fmgente.com.ar\/web\/tarjeta-sube-gratis-a-quienes-les-corresponde-y-desde-cuando-se-podra-conseguir\/#primaryimage","url":"https:\/\/fmgente.com.ar\/web\/wp-content\/uploads\/2026\/03\/720-1012.jpeg","contentUrl":"https:\/\/fmgente.com.ar\/web\/wp-content\/uploads\/2026\/03\/720-1012.jpeg","width":960,"height":720},{"@type":"WebSite","@id":"https:\/\/fmgente.com.ar\/web\/#website","url":"https:\/\/fmgente.com.ar\/web\/","name":"Fm Gente","description":"- Jes\u00fas Mar\u00eda","publisher":{"@id":"https:\/\/fmgente.com.ar\/web\/#organization"},"potentialAction":[{"@type":"SearchAction","target":{"@type":"EntryPoint","urlTemplate":"https:\/\/fmgente.com.ar\/web\/?s={search_term_string}"},"query-input":{"@type":"PropertyValueSpecification","valueRequired":true,"valueName":"search_term_string"}}],"inLanguage":"es"},{"@type":"Organization","@id":"https:\/\/fmgente.com.ar\/web\/#organization","name":"Fm Gente","url":"https:\/\/fmgente.com.ar\/web\/","logo":{"@type":"ImageObject","inLanguage":"es","@id":"https:\/\/fmgente.com.ar\/web\/#\/schema\/logo\/image\/","url":"https:\/\/fmgente.com.ar\/web\/wp-content\/uploads\/2023\/07\/cropped-cropped-logo-sombra2.png","contentUrl":"https:\/\/fmgente.com.ar\/web\/wp-content\/uploads\/2023\/07\/cropped-cropped-logo-sombra2.png","width":1782,"height":1782,"caption":"Fm Gente"},"image":{"@id":"https:\/\/fmgente.com.ar\/web\/#\/schema\/logo\/image\/"}}]}},"_links":{"self":[{"href":"https:\/\/fmgente.com.ar\/web\/wp-json\/wp\/v2\/posts\/16629","targetHints":{"allow":["GET"]}}],"collection":[{"href":"https:\/\/fmgente.com.ar\/web\/wp-json\/wp\/v2\/posts"}],"about":[{"href":"https:\/\/fmgente.com.ar\/web\/wp-json\/wp\/v2\/types\/post"}],"replies":[{"embeddable":true,"href":"https:\/\/fmgente.com.ar\/web\/wp-json\/wp\/v2\/comments?post=16629"}],"version-history":[{"count":0,"href":"https:\/\/fmgente.com.ar\/web\/wp-json\/wp\/v2\/posts\/16629\/revisions"}],"wp:featuredmedia":[{"embeddable":true,"href":"https:\/\/fmgente.com.ar\/web\/wp-json\/wp\/v2\/media\/16630"}],"wp:attachment":[{"href":"https:\/\/fmgente.com.ar\/web\/wp-json\/wp\/v2\/media?parent=16629"}],"wp:term":[{"taxonomy":"category","embeddable":true,"href":"https:\/\/fmgente.com.ar\/web\/wp-json\/wp\/v2\/categories?post=16629"},{"taxonomy":"post_tag","embeddable":true,"href":"https:\/\/fmgente.com.ar\/web\/wp-json\/wp\/v2\/tags?post=16629"}],"curies":[{"name":"wp","href":"https:\/\/api.w.org\/{rel}","templated":true}]}}