{"id":16627,"date":"2026-03-25T19:07:38","date_gmt":"2026-03-25T22:07:38","guid":{"rendered":"https:\/\/fmgente.com.ar\/web\/asesinan-a-candidato-a-diputado-en-peru\/"},"modified":"2026-03-25T19:07:38","modified_gmt":"2026-03-25T22:07:38","slug":"asesinan-a-candidato-a-diputado-en-peru","status":"publish","type":"post","link":"https:\/\/fmgente.com.ar\/web\/asesinan-a-candidato-a-diputado-en-peru\/","title":{"rendered":"Asesinan a candidato a diputado en Per\u00fa"},"content":{"rendered":"<p>Buenos Aires, 25 marzo (NA) \u2013 El candidato a diputado por el partido Fe en el Per\u00fa, Gilbert Infante, muri\u00f3 tras ser atacado a ladrillazos la noche del martes en el distrito de Chorrillos, en la ciudad de Lima, confirm\u00f3 el mi\u00e9rcoles el aspirante presidencial por el mismo partido, \u00c1lvaro Paz de la Barra.<\/p>\n<p>En entrevista con la emisora Radio Programas del Per\u00fa, Paz de la Barra afirm\u00f3 que el hecho ocurri\u00f3 luego de que el candidato sali\u00f3 de un evento pol\u00edtico y se dirigi\u00f3 a encontrarse con simpatizantes, cuando fue atacado en circunstancias que calific\u00f3 como un \u201casesinato\u201d.<\/p>\n<p>\u201cHoy reci\u00e9n a las 05:00 de la ma\u00f1ana me he enterado, por su esposa y por su familia. (\u2026) No es un accidente, es un asesinato\u201d, precis\u00f3 el candidato, quien particip\u00f3 la noche del martes en el debate presidencial programado para esa jornada c\u00f3mica.<\/p>\n<p>Infante fue trasladado inicialmente a un centro de salud local, donde no habr\u00eda sido atendido por falta de los insumos correspondientes, seg\u00fan supo la Agencia Noticias Argentinas.<\/p>\n<p>Posteriormente fue derivado al Hospital de Emergencias Jos\u00e9 Casimiro Ulloa, en el distrito lime\u00f1o de Miraflores, donde se confirm\u00f3 su fallecimiento tras sufrir un paro card\u00edaco.<\/p>\n<p>Un reporte policial se\u00f1al\u00f3 que el cuerpo de Infante presentaba signos de una posible lesi\u00f3n en la cabeza, lo que ser\u00e1 materia de investigaci\u00f3n para determinar las causas exactas de la muerte, mientras las autoridades contin\u00faan con las diligencias correspondientes sin haber establecido a\u00fan de manera concluyente las circunstancias del hecho.<\/p>\n<p>Por su parte, la Presidencia del Per\u00fa expres\u00f3 en la red X sus m\u00e1s profundas condolencias por el \u201csensible fallecimiento de Gilbert Infante\u201d, candidato a la C\u00e1mara de Diputados por el partido pol\u00edtico Fe en el Per\u00fa.<\/p>\n<p>\u201cHacemos llegar nuestro sentimiento de solidaridad a sus familiares, amigos y compa\u00f1eros de organizaci\u00f3n pol\u00edtica en este dif\u00edcil momento\u201d, agreg\u00f3.<\/p>\n<p>#AgenciaNA<\/p>\n","protected":false},"excerpt":{"rendered":"<p>Buenos Aires, 25 marzo (NA) \u2013 El candidato a diputado por el partido Fe en<\/p>\n","protected":false},"author":0,"featured_media":16628,"comment_status":"","ping_status":"","sticky":false,"template":"","format":"standard","meta":{"footnotes":""},"categories":[1],"tags":[],"class_list":["post-16627","post","type-post","status-publish","format-standard","has-post-thumbnail","hentry","category-regionales"],"yoast_head":"<!-- This site is optimized with the Yoast SEO plugin v27.4 - https:\/\/yoast.com\/product\/yoast-seo-wordpress\/ -->\n<title>Asesinan a candidato a diputado en Per\u00fa - Fm Gente<\/title>\n<meta name=\"robots\" content=\"index, follow, max-snippet:-1, max-image-preview:large, max-video-preview:-1\" \/>\n<link rel=\"canonical\" href=\"https:\/\/fmgente.com.ar\/web\/asesinan-a-candidato-a-diputado-en-peru\/\" \/>\n<meta property=\"og:locale\" content=\"es_ES\" \/>\n<meta property=\"og:type\" content=\"article\" \/>\n<meta property=\"og:title\" content=\"Asesinan a candidato a diputado en Per\u00fa - Fm Gente\" \/>\n<meta property=\"og:description\" content=\"Buenos Aires, 25 marzo (NA) \u2013 El candidato a diputado por el partido Fe en\" \/>\n<meta property=\"og:url\" content=\"https:\/\/fmgente.com.ar\/web\/asesinan-a-candidato-a-diputado-en-peru\/\" \/>\n<meta property=\"og:site_name\" content=\"Fm Gente\" \/>\n<meta property=\"article:published_time\" content=\"2026-03-25T22:07:38+00:00\" \/>\n<meta name=\"twitter:card\" content=\"summary_large_image\" \/>\n<meta name=\"twitter:label1\" content=\"Tiempo de lectura\" \/>\n\t<meta name=\"twitter:data1\" content=\"2 minutos\" \/>\n<script type=\"application\/ld+json\" class=\"yoast-schema-graph\">{\"@context\":\"https:\\\/\\\/schema.org\",\"@graph\":[{\"@type\":\"Article\",\"@id\":\"https:\\\/\\\/fmgente.com.ar\\\/web\\\/asesinan-a-candidato-a-diputado-en-peru\\\/#article\",\"isPartOf\":{\"@id\":\"https:\\\/\\\/fmgente.com.ar\\\/web\\\/asesinan-a-candidato-a-diputado-en-peru\\\/\"},\"author\":{\"name\":\"\",\"@id\":\"\"},\"headline\":\"Asesinan a candidato a diputado en Per\u00fa\",\"datePublished\":\"2026-03-25T22:07:38+00:00\",\"mainEntityOfPage\":{\"@id\":\"https:\\\/\\\/fmgente.com.ar\\\/web\\\/asesinan-a-candidato-a-diputado-en-peru\\\/\"},\"wordCount\":329,\"publisher\":{\"@id\":\"https:\\\/\\\/fmgente.com.ar\\\/web\\\/#organization\"},\"image\":{\"@id\":\"https:\\\/\\\/fmgente.com.ar\\\/web\\\/asesinan-a-candidato-a-diputado-en-peru\\\/#primaryimage\"},\"thumbnailUrl\":\"https:\\\/\\\/fmgente.com.ar\\\/web\\\/wp-content\\\/uploads\\\/2026\\\/03\\\/720-1011.jpeg\",\"articleSection\":[\"REGIONALES\"],\"inLanguage\":\"es\"},{\"@type\":\"WebPage\",\"@id\":\"https:\\\/\\\/fmgente.com.ar\\\/web\\\/asesinan-a-candidato-a-diputado-en-peru\\\/\",\"url\":\"https:\\\/\\\/fmgente.com.ar\\\/web\\\/asesinan-a-candidato-a-diputado-en-peru\\\/\",\"name\":\"Asesinan a candidato a diputado en Per\u00fa - Fm Gente\",\"isPartOf\":{\"@id\":\"https:\\\/\\\/fmgente.com.ar\\\/web\\\/#website\"},\"primaryImageOfPage\":{\"@id\":\"https:\\\/\\\/fmgente.com.ar\\\/web\\\/asesinan-a-candidato-a-diputado-en-peru\\\/#primaryimage\"},\"image\":{\"@id\":\"https:\\\/\\\/fmgente.com.ar\\\/web\\\/asesinan-a-candidato-a-diputado-en-peru\\\/#primaryimage\"},\"thumbnailUrl\":\"https:\\\/\\\/fmgente.com.ar\\\/web\\\/wp-content\\\/uploads\\\/2026\\\/03\\\/720-1011.jpeg\",\"datePublished\":\"2026-03-25T22:07:38+00:00\",\"inLanguage\":\"es\",\"potentialAction\":[{\"@type\":\"ReadAction\",\"target\":[\"https:\\\/\\\/fmgente.com.ar\\\/web\\\/asesinan-a-candidato-a-diputado-en-peru\\\/\"]}]},{\"@type\":\"ImageObject\",\"inLanguage\":\"es\",\"@id\":\"https:\\\/\\\/fmgente.com.ar\\\/web\\\/asesinan-a-candidato-a-diputado-en-peru\\\/#primaryimage\",\"url\":\"https:\\\/\\\/fmgente.com.ar\\\/web\\\/wp-content\\\/uploads\\\/2026\\\/03\\\/720-1011.jpeg\",\"contentUrl\":\"https:\\\/\\\/fmgente.com.ar\\\/web\\\/wp-content\\\/uploads\\\/2026\\\/03\\\/720-1011.jpeg\",\"width\":1152,\"height\":720},{\"@type\":\"WebSite\",\"@id\":\"https:\\\/\\\/fmgente.com.ar\\\/web\\\/#website\",\"url\":\"https:\\\/\\\/fmgente.com.ar\\\/web\\\/\",\"name\":\"Fm Gente\",\"description\":\"- Jes\u00fas Mar\u00eda\",\"publisher\":{\"@id\":\"https:\\\/\\\/fmgente.com.ar\\\/web\\\/#organization\"},\"potentialAction\":[{\"@type\":\"SearchAction\",\"target\":{\"@type\":\"EntryPoint\",\"urlTemplate\":\"https:\\\/\\\/fmgente.com.ar\\\/web\\\/?s={search_term_string}\"},\"query-input\":{\"@type\":\"PropertyValueSpecification\",\"valueRequired\":true,\"valueName\":\"search_term_string\"}}],\"inLanguage\":\"es\"},{\"@type\":\"Organization\",\"@id\":\"https:\\\/\\\/fmgente.com.ar\\\/web\\\/#organization\",\"name\":\"Fm Gente\",\"url\":\"https:\\\/\\\/fmgente.com.ar\\\/web\\\/\",\"logo\":{\"@type\":\"ImageObject\",\"inLanguage\":\"es\",\"@id\":\"https:\\\/\\\/fmgente.com.ar\\\/web\\\/#\\\/schema\\\/logo\\\/image\\\/\",\"url\":\"https:\\\/\\\/fmgente.com.ar\\\/web\\\/wp-content\\\/uploads\\\/2023\\\/07\\\/cropped-cropped-logo-sombra2.png\",\"contentUrl\":\"https:\\\/\\\/fmgente.com.ar\\\/web\\\/wp-content\\\/uploads\\\/2023\\\/07\\\/cropped-cropped-logo-sombra2.png\",\"width\":1782,\"height\":1782,\"caption\":\"Fm Gente\"},\"image\":{\"@id\":\"https:\\\/\\\/fmgente.com.ar\\\/web\\\/#\\\/schema\\\/logo\\\/image\\\/\"}}]}<\/script>\n<!-- \/ Yoast SEO plugin. -->","yoast_head_json":{"title":"Asesinan a candidato a diputado en Per\u00fa - Fm Gente","robots":{"index":"index","follow":"follow","max-snippet":"max-snippet:-1","max-image-preview":"max-image-preview:large","max-video-preview":"max-video-preview:-1"},"canonical":"https:\/\/fmgente.com.ar\/web\/asesinan-a-candidato-a-diputado-en-peru\/","og_locale":"es_ES","og_type":"article","og_title":"Asesinan a candidato a diputado en Per\u00fa - Fm Gente","og_description":"Buenos Aires, 25 marzo (NA) \u2013 El candidato a diputado por el partido Fe en","og_url":"https:\/\/fmgente.com.ar\/web\/asesinan-a-candidato-a-diputado-en-peru\/","og_site_name":"Fm Gente","article_published_time":"2026-03-25T22:07:38+00:00","twitter_card":"summary_large_image","twitter_misc":{"Tiempo de lectura":"2 minutos"},"schema":{"@context":"https:\/\/schema.org","@graph":[{"@type":"Article","@id":"https:\/\/fmgente.com.ar\/web\/asesinan-a-candidato-a-diputado-en-peru\/#article","isPartOf":{"@id":"https:\/\/fmgente.com.ar\/web\/asesinan-a-candidato-a-diputado-en-peru\/"},"author":{"name":"","@id":""},"headline":"Asesinan a candidato a diputado en Per\u00fa","datePublished":"2026-03-25T22:07:38+00:00","mainEntityOfPage":{"@id":"https:\/\/fmgente.com.ar\/web\/asesinan-a-candidato-a-diputado-en-peru\/"},"wordCount":329,"publisher":{"@id":"https:\/\/fmgente.com.ar\/web\/#organization"},"image":{"@id":"https:\/\/fmgente.com.ar\/web\/asesinan-a-candidato-a-diputado-en-peru\/#primaryimage"},"thumbnailUrl":"https:\/\/fmgente.com.ar\/web\/wp-content\/uploads\/2026\/03\/720-1011.jpeg","articleSection":["REGIONALES"],"inLanguage":"es"},{"@type":"WebPage","@id":"https:\/\/fmgente.com.ar\/web\/asesinan-a-candidato-a-diputado-en-peru\/","url":"https:\/\/fmgente.com.ar\/web\/asesinan-a-candidato-a-diputado-en-peru\/","name":"Asesinan a candidato a diputado en Per\u00fa - Fm Gente","isPartOf":{"@id":"https:\/\/fmgente.com.ar\/web\/#website"},"primaryImageOfPage":{"@id":"https:\/\/fmgente.com.ar\/web\/asesinan-a-candidato-a-diputado-en-peru\/#primaryimage"},"image":{"@id":"https:\/\/fmgente.com.ar\/web\/asesinan-a-candidato-a-diputado-en-peru\/#primaryimage"},"thumbnailUrl":"https:\/\/fmgente.com.ar\/web\/wp-content\/uploads\/2026\/03\/720-1011.jpeg","datePublished":"2026-03-25T22:07:38+00:00","inLanguage":"es","potentialAction":[{"@type":"ReadAction","target":["https:\/\/fmgente.com.ar\/web\/asesinan-a-candidato-a-diputado-en-peru\/"]}]},{"@type":"ImageObject","inLanguage":"es","@id":"https:\/\/fmgente.com.ar\/web\/asesinan-a-candidato-a-diputado-en-peru\/#primaryimage","url":"https:\/\/fmgente.com.ar\/web\/wp-content\/uploads\/2026\/03\/720-1011.jpeg","contentUrl":"https:\/\/fmgente.com.ar\/web\/wp-content\/uploads\/2026\/03\/720-1011.jpeg","width":1152,"height":720},{"@type":"WebSite","@id":"https:\/\/fmgente.com.ar\/web\/#website","url":"https:\/\/fmgente.com.ar\/web\/","name":"Fm Gente","description":"- Jes\u00fas Mar\u00eda","publisher":{"@id":"https:\/\/fmgente.com.ar\/web\/#organization"},"potentialAction":[{"@type":"SearchAction","target":{"@type":"EntryPoint","urlTemplate":"https:\/\/fmgente.com.ar\/web\/?s={search_term_string}"},"query-input":{"@type":"PropertyValueSpecification","valueRequired":true,"valueName":"search_term_string"}}],"inLanguage":"es"},{"@type":"Organization","@id":"https:\/\/fmgente.com.ar\/web\/#organization","name":"Fm Gente","url":"https:\/\/fmgente.com.ar\/web\/","logo":{"@type":"ImageObject","inLanguage":"es","@id":"https:\/\/fmgente.com.ar\/web\/#\/schema\/logo\/image\/","url":"https:\/\/fmgente.com.ar\/web\/wp-content\/uploads\/2023\/07\/cropped-cropped-logo-sombra2.png","contentUrl":"https:\/\/fmgente.com.ar\/web\/wp-content\/uploads\/2023\/07\/cropped-cropped-logo-sombra2.png","width":1782,"height":1782,"caption":"Fm Gente"},"image":{"@id":"https:\/\/fmgente.com.ar\/web\/#\/schema\/logo\/image\/"}}]}},"_links":{"self":[{"href":"https:\/\/fmgente.com.ar\/web\/wp-json\/wp\/v2\/posts\/16627","targetHints":{"allow":["GET"]}}],"collection":[{"href":"https:\/\/fmgente.com.ar\/web\/wp-json\/wp\/v2\/posts"}],"about":[{"href":"https:\/\/fmgente.com.ar\/web\/wp-json\/wp\/v2\/types\/post"}],"replies":[{"embeddable":true,"href":"https:\/\/fmgente.com.ar\/web\/wp-json\/wp\/v2\/comments?post=16627"}],"version-history":[{"count":0,"href":"https:\/\/fmgente.com.ar\/web\/wp-json\/wp\/v2\/posts\/16627\/revisions"}],"wp:featuredmedia":[{"embeddable":true,"href":"https:\/\/fmgente.com.ar\/web\/wp-json\/wp\/v2\/media\/16628"}],"wp:attachment":[{"href":"https:\/\/fmgente.com.ar\/web\/wp-json\/wp\/v2\/media?parent=16627"}],"wp:term":[{"taxonomy":"category","embeddable":true,"href":"https:\/\/fmgente.com.ar\/web\/wp-json\/wp\/v2\/categories?post=16627"},{"taxonomy":"post_tag","embeddable":true,"href":"https:\/\/fmgente.com.ar\/web\/wp-json\/wp\/v2\/tags?post=16627"}],"curies":[{"name":"wp","href":"https:\/\/api.w.org\/{rel}","templated":true}]}}