{"id":16625,"date":"2026-03-25T19:07:36","date_gmt":"2026-03-25T22:07:36","guid":{"rendered":"https:\/\/fmgente.com.ar\/web\/argentina-voto-contra-una-resolucion-de-la-onu-que-califico-a-la-esclavitud-como-el-crimen-mas-grave-de-la-historia\/"},"modified":"2026-03-25T19:07:36","modified_gmt":"2026-03-25T22:07:36","slug":"argentina-voto-contra-una-resolucion-de-la-onu-que-califico-a-la-esclavitud-como-el-crimen-mas-grave-de-la-historia","status":"publish","type":"post","link":"https:\/\/fmgente.com.ar\/web\/argentina-voto-contra-una-resolucion-de-la-onu-que-califico-a-la-esclavitud-como-el-crimen-mas-grave-de-la-historia\/","title":{"rendered":"Argentina vot\u00f3 contra una resoluci\u00f3n de la ONU que calific\u00f3 a la esclavitud como el crimen m\u00e1s grave de la historia"},"content":{"rendered":"<p>Buenos Aires, 25 marzo (NA) \u2013 La Argentina fue este jueves uno de los tres pa\u00edses que vot\u00f3 en contra de una resoluci\u00f3n de la Asamblea General de las Naciones Unidas (ONU) que calific\u00f3 la trata de esclavos y la esclavitud como \u00abel crimen de lesa humanidad m\u00e1s grave\u00bb de la historia. <\/p>\n<p>A favor de la iniciativa votaron 123 pa\u00edses, mientras que los tres que lo hicieron en contra fueron la Argentina, Estados Unidos e Israel. <\/p>\n<p>En tanto, hubo 52 abstenciones, correspondientes a casi todos los pa\u00edses del llamado bloque occidental, seg\u00fan confirm\u00f3 la Agencia Noticias Argentinas.<\/p>\n<p>La iniciativa condena la trata transatl\u00e1ntica de esclavos y la esclavitud racializada de africanos y fue presentada por una coalici\u00f3n de 60 pa\u00edses africanos, caribe\u00f1os y latinoamericanos.<\/p>\n<p>Reconoce que este sistema de explotaci\u00f3n, que se prolong\u00f3 durante m\u00e1s de cuatro siglos, constituye una violaci\u00f3n del derecho internacional que no prescribe y que sus consecuencias siguen afectando a millones de personas en todo el mundo.<\/p>\n<p>La resoluci\u00f3n, que coincide con el 25\u00ba aniversario de la Declaraci\u00f3n y Programa de Acci\u00f3n de Durban, afirma que se trat\u00f3 de \u00abla injusticia m\u00e1s inhumana y duradera contra la humanidad\u00bb.<\/p>\n<p>Se critic\u00f3 \u00absu magnitud, duraci\u00f3n, car\u00e1cter sist\u00e9mico, brutalidad y consecuencias duraderas que siguen estructurando la vida de todas las personas a trav\u00e9s de reg\u00edmenes racializados de trabajo, propiedad y capital\u00bb.<\/p>\n<p>A su vez, la Asamblea General solicit\u00f3 que se refuerce la coordinaci\u00f3n en materia de conmemoraci\u00f3n, educaci\u00f3n e investigaci\u00f3n sobre la esclavitud y sus secuelas. #AgenciaNA<\/p>\n","protected":false},"excerpt":{"rendered":"<p>Buenos Aires, 25 marzo (NA) \u2013 La Argentina fue este jueves uno de los tres<\/p>\n","protected":false},"author":0,"featured_media":16626,"comment_status":"","ping_status":"","sticky":false,"template":"","format":"standard","meta":{"footnotes":""},"categories":[1],"tags":[],"class_list":["post-16625","post","type-post","status-publish","format-standard","has-post-thumbnail","hentry","category-regionales"],"yoast_head":"<!-- This site is optimized with the Yoast SEO plugin v27.4 - https:\/\/yoast.com\/product\/yoast-seo-wordpress\/ -->\n<title>Argentina vot\u00f3 contra una resoluci\u00f3n de la ONU que calific\u00f3 a la esclavitud como el crimen m\u00e1s grave de la historia - Fm Gente<\/title>\n<meta name=\"robots\" content=\"index, follow, max-snippet:-1, max-image-preview:large, max-video-preview:-1\" \/>\n<link rel=\"canonical\" href=\"https:\/\/fmgente.com.ar\/web\/argentina-voto-contra-una-resolucion-de-la-onu-que-califico-a-la-esclavitud-como-el-crimen-mas-grave-de-la-historia\/\" \/>\n<meta property=\"og:locale\" content=\"es_ES\" \/>\n<meta property=\"og:type\" content=\"article\" \/>\n<meta property=\"og:title\" content=\"Argentina vot\u00f3 contra una resoluci\u00f3n de la ONU que calific\u00f3 a la esclavitud como el crimen m\u00e1s grave de la historia - Fm Gente\" \/>\n<meta property=\"og:description\" content=\"Buenos Aires, 25 marzo (NA) \u2013 La Argentina fue este jueves uno de los tres\" \/>\n<meta property=\"og:url\" content=\"https:\/\/fmgente.com.ar\/web\/argentina-voto-contra-una-resolucion-de-la-onu-que-califico-a-la-esclavitud-como-el-crimen-mas-grave-de-la-historia\/\" \/>\n<meta property=\"og:site_name\" content=\"Fm Gente\" \/>\n<meta property=\"article:published_time\" content=\"2026-03-25T22:07:36+00:00\" \/>\n<meta name=\"twitter:card\" content=\"summary_large_image\" \/>\n<meta name=\"twitter:label1\" content=\"Tiempo de lectura\" \/>\n\t<meta name=\"twitter:data1\" content=\"1 minuto\" \/>\n<script type=\"application\/ld+json\" class=\"yoast-schema-graph\">{\"@context\":\"https:\\\/\\\/schema.org\",\"@graph\":[{\"@type\":\"Article\",\"@id\":\"https:\\\/\\\/fmgente.com.ar\\\/web\\\/argentina-voto-contra-una-resolucion-de-la-onu-que-califico-a-la-esclavitud-como-el-crimen-mas-grave-de-la-historia\\\/#article\",\"isPartOf\":{\"@id\":\"https:\\\/\\\/fmgente.com.ar\\\/web\\\/argentina-voto-contra-una-resolucion-de-la-onu-que-califico-a-la-esclavitud-como-el-crimen-mas-grave-de-la-historia\\\/\"},\"author\":{\"name\":\"\",\"@id\":\"\"},\"headline\":\"Argentina vot\u00f3 contra una resoluci\u00f3n de la ONU que calific\u00f3 a la esclavitud como el crimen m\u00e1s grave de la historia\",\"datePublished\":\"2026-03-25T22:07:36+00:00\",\"mainEntityOfPage\":{\"@id\":\"https:\\\/\\\/fmgente.com.ar\\\/web\\\/argentina-voto-contra-una-resolucion-de-la-onu-que-califico-a-la-esclavitud-como-el-crimen-mas-grave-de-la-historia\\\/\"},\"wordCount\":291,\"publisher\":{\"@id\":\"https:\\\/\\\/fmgente.com.ar\\\/web\\\/#organization\"},\"image\":{\"@id\":\"https:\\\/\\\/fmgente.com.ar\\\/web\\\/argentina-voto-contra-una-resolucion-de-la-onu-que-califico-a-la-esclavitud-como-el-crimen-mas-grave-de-la-historia\\\/#primaryimage\"},\"thumbnailUrl\":\"https:\\\/\\\/fmgente.com.ar\\\/web\\\/wp-content\\\/uploads\\\/2026\\\/03\\\/720-1010.jpeg\",\"articleSection\":[\"REGIONALES\"],\"inLanguage\":\"es\"},{\"@type\":\"WebPage\",\"@id\":\"https:\\\/\\\/fmgente.com.ar\\\/web\\\/argentina-voto-contra-una-resolucion-de-la-onu-que-califico-a-la-esclavitud-como-el-crimen-mas-grave-de-la-historia\\\/\",\"url\":\"https:\\\/\\\/fmgente.com.ar\\\/web\\\/argentina-voto-contra-una-resolucion-de-la-onu-que-califico-a-la-esclavitud-como-el-crimen-mas-grave-de-la-historia\\\/\",\"name\":\"Argentina vot\u00f3 contra una resoluci\u00f3n de la ONU que calific\u00f3 a la esclavitud como el crimen m\u00e1s grave de la historia - Fm Gente\",\"isPartOf\":{\"@id\":\"https:\\\/\\\/fmgente.com.ar\\\/web\\\/#website\"},\"primaryImageOfPage\":{\"@id\":\"https:\\\/\\\/fmgente.com.ar\\\/web\\\/argentina-voto-contra-una-resolucion-de-la-onu-que-califico-a-la-esclavitud-como-el-crimen-mas-grave-de-la-historia\\\/#primaryimage\"},\"image\":{\"@id\":\"https:\\\/\\\/fmgente.com.ar\\\/web\\\/argentina-voto-contra-una-resolucion-de-la-onu-que-califico-a-la-esclavitud-como-el-crimen-mas-grave-de-la-historia\\\/#primaryimage\"},\"thumbnailUrl\":\"https:\\\/\\\/fmgente.com.ar\\\/web\\\/wp-content\\\/uploads\\\/2026\\\/03\\\/720-1010.jpeg\",\"datePublished\":\"2026-03-25T22:07:36+00:00\",\"inLanguage\":\"es\",\"potentialAction\":[{\"@type\":\"ReadAction\",\"target\":[\"https:\\\/\\\/fmgente.com.ar\\\/web\\\/argentina-voto-contra-una-resolucion-de-la-onu-que-califico-a-la-esclavitud-como-el-crimen-mas-grave-de-la-historia\\\/\"]}]},{\"@type\":\"ImageObject\",\"inLanguage\":\"es\",\"@id\":\"https:\\\/\\\/fmgente.com.ar\\\/web\\\/argentina-voto-contra-una-resolucion-de-la-onu-que-califico-a-la-esclavitud-como-el-crimen-mas-grave-de-la-historia\\\/#primaryimage\",\"url\":\"https:\\\/\\\/fmgente.com.ar\\\/web\\\/wp-content\\\/uploads\\\/2026\\\/03\\\/720-1010.jpeg\",\"contentUrl\":\"https:\\\/\\\/fmgente.com.ar\\\/web\\\/wp-content\\\/uploads\\\/2026\\\/03\\\/720-1010.jpeg\",\"width\":1080,\"height\":720},{\"@type\":\"WebSite\",\"@id\":\"https:\\\/\\\/fmgente.com.ar\\\/web\\\/#website\",\"url\":\"https:\\\/\\\/fmgente.com.ar\\\/web\\\/\",\"name\":\"Fm Gente\",\"description\":\"- Jes\u00fas Mar\u00eda\",\"publisher\":{\"@id\":\"https:\\\/\\\/fmgente.com.ar\\\/web\\\/#organization\"},\"potentialAction\":[{\"@type\":\"SearchAction\",\"target\":{\"@type\":\"EntryPoint\",\"urlTemplate\":\"https:\\\/\\\/fmgente.com.ar\\\/web\\\/?s={search_term_string}\"},\"query-input\":{\"@type\":\"PropertyValueSpecification\",\"valueRequired\":true,\"valueName\":\"search_term_string\"}}],\"inLanguage\":\"es\"},{\"@type\":\"Organization\",\"@id\":\"https:\\\/\\\/fmgente.com.ar\\\/web\\\/#organization\",\"name\":\"Fm Gente\",\"url\":\"https:\\\/\\\/fmgente.com.ar\\\/web\\\/\",\"logo\":{\"@type\":\"ImageObject\",\"inLanguage\":\"es\",\"@id\":\"https:\\\/\\\/fmgente.com.ar\\\/web\\\/#\\\/schema\\\/logo\\\/image\\\/\",\"url\":\"https:\\\/\\\/fmgente.com.ar\\\/web\\\/wp-content\\\/uploads\\\/2023\\\/07\\\/cropped-cropped-logo-sombra2.png\",\"contentUrl\":\"https:\\\/\\\/fmgente.com.ar\\\/web\\\/wp-content\\\/uploads\\\/2023\\\/07\\\/cropped-cropped-logo-sombra2.png\",\"width\":1782,\"height\":1782,\"caption\":\"Fm Gente\"},\"image\":{\"@id\":\"https:\\\/\\\/fmgente.com.ar\\\/web\\\/#\\\/schema\\\/logo\\\/image\\\/\"}}]}<\/script>\n<!-- \/ Yoast SEO plugin. -->","yoast_head_json":{"title":"Argentina vot\u00f3 contra una resoluci\u00f3n de la ONU que calific\u00f3 a la esclavitud como el crimen m\u00e1s grave de la historia - Fm Gente","robots":{"index":"index","follow":"follow","max-snippet":"max-snippet:-1","max-image-preview":"max-image-preview:large","max-video-preview":"max-video-preview:-1"},"canonical":"https:\/\/fmgente.com.ar\/web\/argentina-voto-contra-una-resolucion-de-la-onu-que-califico-a-la-esclavitud-como-el-crimen-mas-grave-de-la-historia\/","og_locale":"es_ES","og_type":"article","og_title":"Argentina vot\u00f3 contra una resoluci\u00f3n de la ONU que calific\u00f3 a la esclavitud como el crimen m\u00e1s grave de la historia - Fm Gente","og_description":"Buenos Aires, 25 marzo (NA) \u2013 La Argentina fue este jueves uno de los tres","og_url":"https:\/\/fmgente.com.ar\/web\/argentina-voto-contra-una-resolucion-de-la-onu-que-califico-a-la-esclavitud-como-el-crimen-mas-grave-de-la-historia\/","og_site_name":"Fm Gente","article_published_time":"2026-03-25T22:07:36+00:00","twitter_card":"summary_large_image","twitter_misc":{"Tiempo de lectura":"1 minuto"},"schema":{"@context":"https:\/\/schema.org","@graph":[{"@type":"Article","@id":"https:\/\/fmgente.com.ar\/web\/argentina-voto-contra-una-resolucion-de-la-onu-que-califico-a-la-esclavitud-como-el-crimen-mas-grave-de-la-historia\/#article","isPartOf":{"@id":"https:\/\/fmgente.com.ar\/web\/argentina-voto-contra-una-resolucion-de-la-onu-que-califico-a-la-esclavitud-como-el-crimen-mas-grave-de-la-historia\/"},"author":{"name":"","@id":""},"headline":"Argentina vot\u00f3 contra una resoluci\u00f3n de la ONU que calific\u00f3 a la esclavitud como el crimen m\u00e1s grave de la historia","datePublished":"2026-03-25T22:07:36+00:00","mainEntityOfPage":{"@id":"https:\/\/fmgente.com.ar\/web\/argentina-voto-contra-una-resolucion-de-la-onu-que-califico-a-la-esclavitud-como-el-crimen-mas-grave-de-la-historia\/"},"wordCount":291,"publisher":{"@id":"https:\/\/fmgente.com.ar\/web\/#organization"},"image":{"@id":"https:\/\/fmgente.com.ar\/web\/argentina-voto-contra-una-resolucion-de-la-onu-que-califico-a-la-esclavitud-como-el-crimen-mas-grave-de-la-historia\/#primaryimage"},"thumbnailUrl":"https:\/\/fmgente.com.ar\/web\/wp-content\/uploads\/2026\/03\/720-1010.jpeg","articleSection":["REGIONALES"],"inLanguage":"es"},{"@type":"WebPage","@id":"https:\/\/fmgente.com.ar\/web\/argentina-voto-contra-una-resolucion-de-la-onu-que-califico-a-la-esclavitud-como-el-crimen-mas-grave-de-la-historia\/","url":"https:\/\/fmgente.com.ar\/web\/argentina-voto-contra-una-resolucion-de-la-onu-que-califico-a-la-esclavitud-como-el-crimen-mas-grave-de-la-historia\/","name":"Argentina vot\u00f3 contra una resoluci\u00f3n de la ONU que calific\u00f3 a la esclavitud como el crimen m\u00e1s grave de la historia - Fm Gente","isPartOf":{"@id":"https:\/\/fmgente.com.ar\/web\/#website"},"primaryImageOfPage":{"@id":"https:\/\/fmgente.com.ar\/web\/argentina-voto-contra-una-resolucion-de-la-onu-que-califico-a-la-esclavitud-como-el-crimen-mas-grave-de-la-historia\/#primaryimage"},"image":{"@id":"https:\/\/fmgente.com.ar\/web\/argentina-voto-contra-una-resolucion-de-la-onu-que-califico-a-la-esclavitud-como-el-crimen-mas-grave-de-la-historia\/#primaryimage"},"thumbnailUrl":"https:\/\/fmgente.com.ar\/web\/wp-content\/uploads\/2026\/03\/720-1010.jpeg","datePublished":"2026-03-25T22:07:36+00:00","inLanguage":"es","potentialAction":[{"@type":"ReadAction","target":["https:\/\/fmgente.com.ar\/web\/argentina-voto-contra-una-resolucion-de-la-onu-que-califico-a-la-esclavitud-como-el-crimen-mas-grave-de-la-historia\/"]}]},{"@type":"ImageObject","inLanguage":"es","@id":"https:\/\/fmgente.com.ar\/web\/argentina-voto-contra-una-resolucion-de-la-onu-que-califico-a-la-esclavitud-como-el-crimen-mas-grave-de-la-historia\/#primaryimage","url":"https:\/\/fmgente.com.ar\/web\/wp-content\/uploads\/2026\/03\/720-1010.jpeg","contentUrl":"https:\/\/fmgente.com.ar\/web\/wp-content\/uploads\/2026\/03\/720-1010.jpeg","width":1080,"height":720},{"@type":"WebSite","@id":"https:\/\/fmgente.com.ar\/web\/#website","url":"https:\/\/fmgente.com.ar\/web\/","name":"Fm Gente","description":"- Jes\u00fas Mar\u00eda","publisher":{"@id":"https:\/\/fmgente.com.ar\/web\/#organization"},"potentialAction":[{"@type":"SearchAction","target":{"@type":"EntryPoint","urlTemplate":"https:\/\/fmgente.com.ar\/web\/?s={search_term_string}"},"query-input":{"@type":"PropertyValueSpecification","valueRequired":true,"valueName":"search_term_string"}}],"inLanguage":"es"},{"@type":"Organization","@id":"https:\/\/fmgente.com.ar\/web\/#organization","name":"Fm Gente","url":"https:\/\/fmgente.com.ar\/web\/","logo":{"@type":"ImageObject","inLanguage":"es","@id":"https:\/\/fmgente.com.ar\/web\/#\/schema\/logo\/image\/","url":"https:\/\/fmgente.com.ar\/web\/wp-content\/uploads\/2023\/07\/cropped-cropped-logo-sombra2.png","contentUrl":"https:\/\/fmgente.com.ar\/web\/wp-content\/uploads\/2023\/07\/cropped-cropped-logo-sombra2.png","width":1782,"height":1782,"caption":"Fm Gente"},"image":{"@id":"https:\/\/fmgente.com.ar\/web\/#\/schema\/logo\/image\/"}}]}},"_links":{"self":[{"href":"https:\/\/fmgente.com.ar\/web\/wp-json\/wp\/v2\/posts\/16625","targetHints":{"allow":["GET"]}}],"collection":[{"href":"https:\/\/fmgente.com.ar\/web\/wp-json\/wp\/v2\/posts"}],"about":[{"href":"https:\/\/fmgente.com.ar\/web\/wp-json\/wp\/v2\/types\/post"}],"replies":[{"embeddable":true,"href":"https:\/\/fmgente.com.ar\/web\/wp-json\/wp\/v2\/comments?post=16625"}],"version-history":[{"count":0,"href":"https:\/\/fmgente.com.ar\/web\/wp-json\/wp\/v2\/posts\/16625\/revisions"}],"wp:featuredmedia":[{"embeddable":true,"href":"https:\/\/fmgente.com.ar\/web\/wp-json\/wp\/v2\/media\/16626"}],"wp:attachment":[{"href":"https:\/\/fmgente.com.ar\/web\/wp-json\/wp\/v2\/media?parent=16625"}],"wp:term":[{"taxonomy":"category","embeddable":true,"href":"https:\/\/fmgente.com.ar\/web\/wp-json\/wp\/v2\/categories?post=16625"},{"taxonomy":"post_tag","embeddable":true,"href":"https:\/\/fmgente.com.ar\/web\/wp-json\/wp\/v2\/tags?post=16625"}],"curies":[{"name":"wp","href":"https:\/\/api.w.org\/{rel}","templated":true}]}}