{"id":16623,"date":"2026-03-25T18:07:42","date_gmt":"2026-03-25T21:07:42","guid":{"rendered":"https:\/\/fmgente.com.ar\/web\/dia-del-nino-por-nacer-vilma-ibarra-acuso-al-gobierno-de-reivindicar-el-terrorismo-de-estado\/"},"modified":"2026-03-25T18:07:42","modified_gmt":"2026-03-25T21:07:42","slug":"dia-del-nino-por-nacer-vilma-ibarra-acuso-al-gobierno-de-reivindicar-el-terrorismo-de-estado","status":"publish","type":"post","link":"https:\/\/fmgente.com.ar\/web\/dia-del-nino-por-nacer-vilma-ibarra-acuso-al-gobierno-de-reivindicar-el-terrorismo-de-estado\/","title":{"rendered":"D\u00eda del Ni\u00f1o por Nacer: Vilma Ibarra acus\u00f3 al Gobierno de \u201creivindicar\u201d el terrorismo de Estado"},"content":{"rendered":"<p>Buenos Aires, 25 marzo (NA) \u2013 La ex secretaria Legal y T\u00e9cnica de Presidencia Vilma Ibarra apunt\u00f3 este mi\u00e9rcoles contra la gesti\u00f3n de Javier Milei ante una publicaci\u00f3n del Gobierno sobre el D\u00eda del Ni\u00f1o por Nacer y se\u00f1al\u00f3 como una contradicci\u00f3n que los libertarios \u201cdefendieran\u201d a la vez a quienes \u201csecuestraban mujeres embarazadas\u201d, en referencia a la \u00faltima dictadura militar.<\/p>\n<p>Desde sus redes sociales, la ex funcionaria expres\u00f3 adem\u00e1s que ninguno de los miembros del Gabinete \u201ctienen moral\u201d ni tampoco les importa \u201dla vida de nadie\u00bb. \u201cS\u00f3lo quedan turbios negocios y corrupci\u00f3n\u201d, a\u00f1adi\u00f3.<\/p>\n<p>La publicaci\u00f3n a la que se refiere Ibarra est\u00e1 relacionada con la fecha del 25 de Marzo, en que se conmemora el D\u00eda del Ni\u00f1o por Nacer para hacer un \u00abllamado a proteger a quienes a\u00fan no tienen voz\u201d.<\/p>\n<p>En su rol de defender pol\u00edticas \u201cpro-vida\u201d y con una fuerte convicci\u00f3n anti aborto, el Gobierno sostuvo que asume \u201cla dignidad inviolable de todo ser humano desde su concepci\u00f3n\u201d y ratifica \u201cla defensa de la vida\u201d como el primer derecho fundamental, \u201cdel cual emanan todos los dem\u00e1s\u201d. #AgenciaNA<\/p>\n","protected":false},"excerpt":{"rendered":"<p>Buenos Aires, 25 marzo (NA) \u2013 La ex secretaria Legal y T\u00e9cnica de Presidencia Vilma<\/p>\n","protected":false},"author":0,"featured_media":16624,"comment_status":"","ping_status":"","sticky":false,"template":"","format":"standard","meta":{"footnotes":""},"categories":[1],"tags":[],"class_list":["post-16623","post","type-post","status-publish","format-standard","has-post-thumbnail","hentry","category-regionales"],"yoast_head":"<!-- This site is optimized with the Yoast SEO plugin v27.4 - https:\/\/yoast.com\/product\/yoast-seo-wordpress\/ -->\n<title>D\u00eda del Ni\u00f1o por Nacer: Vilma Ibarra acus\u00f3 al Gobierno de \u201creivindicar\u201d el terrorismo de Estado - Fm Gente<\/title>\n<meta name=\"robots\" content=\"index, follow, max-snippet:-1, max-image-preview:large, max-video-preview:-1\" \/>\n<link rel=\"canonical\" href=\"https:\/\/fmgente.com.ar\/web\/dia-del-nino-por-nacer-vilma-ibarra-acuso-al-gobierno-de-reivindicar-el-terrorismo-de-estado\/\" \/>\n<meta property=\"og:locale\" content=\"es_ES\" \/>\n<meta property=\"og:type\" content=\"article\" \/>\n<meta property=\"og:title\" content=\"D\u00eda del Ni\u00f1o por Nacer: Vilma Ibarra acus\u00f3 al Gobierno de \u201creivindicar\u201d el terrorismo de Estado - Fm Gente\" \/>\n<meta property=\"og:description\" content=\"Buenos Aires, 25 marzo (NA) \u2013 La ex secretaria Legal y T\u00e9cnica de Presidencia Vilma\" \/>\n<meta property=\"og:url\" content=\"https:\/\/fmgente.com.ar\/web\/dia-del-nino-por-nacer-vilma-ibarra-acuso-al-gobierno-de-reivindicar-el-terrorismo-de-estado\/\" \/>\n<meta property=\"og:site_name\" content=\"Fm Gente\" \/>\n<meta property=\"article:published_time\" content=\"2026-03-25T21:07:42+00:00\" \/>\n<meta name=\"twitter:card\" content=\"summary_large_image\" \/>\n<meta name=\"twitter:label1\" content=\"Tiempo de lectura\" \/>\n\t<meta name=\"twitter:data1\" content=\"1 minuto\" \/>\n<script type=\"application\/ld+json\" class=\"yoast-schema-graph\">{\"@context\":\"https:\\\/\\\/schema.org\",\"@graph\":[{\"@type\":\"Article\",\"@id\":\"https:\\\/\\\/fmgente.com.ar\\\/web\\\/dia-del-nino-por-nacer-vilma-ibarra-acuso-al-gobierno-de-reivindicar-el-terrorismo-de-estado\\\/#article\",\"isPartOf\":{\"@id\":\"https:\\\/\\\/fmgente.com.ar\\\/web\\\/dia-del-nino-por-nacer-vilma-ibarra-acuso-al-gobierno-de-reivindicar-el-terrorismo-de-estado\\\/\"},\"author\":{\"name\":\"\",\"@id\":\"\"},\"headline\":\"D\u00eda del Ni\u00f1o por Nacer: Vilma Ibarra acus\u00f3 al Gobierno de \u201creivindicar\u201d el terrorismo de Estado\",\"datePublished\":\"2026-03-25T21:07:42+00:00\",\"mainEntityOfPage\":{\"@id\":\"https:\\\/\\\/fmgente.com.ar\\\/web\\\/dia-del-nino-por-nacer-vilma-ibarra-acuso-al-gobierno-de-reivindicar-el-terrorismo-de-estado\\\/\"},\"wordCount\":216,\"publisher\":{\"@id\":\"https:\\\/\\\/fmgente.com.ar\\\/web\\\/#organization\"},\"image\":{\"@id\":\"https:\\\/\\\/fmgente.com.ar\\\/web\\\/dia-del-nino-por-nacer-vilma-ibarra-acuso-al-gobierno-de-reivindicar-el-terrorismo-de-estado\\\/#primaryimage\"},\"thumbnailUrl\":\"https:\\\/\\\/fmgente.com.ar\\\/web\\\/wp-content\\\/uploads\\\/2026\\\/03\\\/image-24.jpg\",\"articleSection\":[\"REGIONALES\"],\"inLanguage\":\"es\"},{\"@type\":\"WebPage\",\"@id\":\"https:\\\/\\\/fmgente.com.ar\\\/web\\\/dia-del-nino-por-nacer-vilma-ibarra-acuso-al-gobierno-de-reivindicar-el-terrorismo-de-estado\\\/\",\"url\":\"https:\\\/\\\/fmgente.com.ar\\\/web\\\/dia-del-nino-por-nacer-vilma-ibarra-acuso-al-gobierno-de-reivindicar-el-terrorismo-de-estado\\\/\",\"name\":\"D\u00eda del Ni\u00f1o por Nacer: Vilma Ibarra acus\u00f3 al Gobierno de \u201creivindicar\u201d el terrorismo de Estado - Fm Gente\",\"isPartOf\":{\"@id\":\"https:\\\/\\\/fmgente.com.ar\\\/web\\\/#website\"},\"primaryImageOfPage\":{\"@id\":\"https:\\\/\\\/fmgente.com.ar\\\/web\\\/dia-del-nino-por-nacer-vilma-ibarra-acuso-al-gobierno-de-reivindicar-el-terrorismo-de-estado\\\/#primaryimage\"},\"image\":{\"@id\":\"https:\\\/\\\/fmgente.com.ar\\\/web\\\/dia-del-nino-por-nacer-vilma-ibarra-acuso-al-gobierno-de-reivindicar-el-terrorismo-de-estado\\\/#primaryimage\"},\"thumbnailUrl\":\"https:\\\/\\\/fmgente.com.ar\\\/web\\\/wp-content\\\/uploads\\\/2026\\\/03\\\/image-24.jpg\",\"datePublished\":\"2026-03-25T21:07:42+00:00\",\"inLanguage\":\"es\",\"potentialAction\":[{\"@type\":\"ReadAction\",\"target\":[\"https:\\\/\\\/fmgente.com.ar\\\/web\\\/dia-del-nino-por-nacer-vilma-ibarra-acuso-al-gobierno-de-reivindicar-el-terrorismo-de-estado\\\/\"]}]},{\"@type\":\"ImageObject\",\"inLanguage\":\"es\",\"@id\":\"https:\\\/\\\/fmgente.com.ar\\\/web\\\/dia-del-nino-por-nacer-vilma-ibarra-acuso-al-gobierno-de-reivindicar-el-terrorismo-de-estado\\\/#primaryimage\",\"url\":\"https:\\\/\\\/fmgente.com.ar\\\/web\\\/wp-content\\\/uploads\\\/2026\\\/03\\\/image-24.jpg\",\"contentUrl\":\"https:\\\/\\\/fmgente.com.ar\\\/web\\\/wp-content\\\/uploads\\\/2026\\\/03\\\/image-24.jpg\",\"width\":1024,\"height\":763},{\"@type\":\"WebSite\",\"@id\":\"https:\\\/\\\/fmgente.com.ar\\\/web\\\/#website\",\"url\":\"https:\\\/\\\/fmgente.com.ar\\\/web\\\/\",\"name\":\"Fm Gente\",\"description\":\"- Jes\u00fas Mar\u00eda\",\"publisher\":{\"@id\":\"https:\\\/\\\/fmgente.com.ar\\\/web\\\/#organization\"},\"potentialAction\":[{\"@type\":\"SearchAction\",\"target\":{\"@type\":\"EntryPoint\",\"urlTemplate\":\"https:\\\/\\\/fmgente.com.ar\\\/web\\\/?s={search_term_string}\"},\"query-input\":{\"@type\":\"PropertyValueSpecification\",\"valueRequired\":true,\"valueName\":\"search_term_string\"}}],\"inLanguage\":\"es\"},{\"@type\":\"Organization\",\"@id\":\"https:\\\/\\\/fmgente.com.ar\\\/web\\\/#organization\",\"name\":\"Fm Gente\",\"url\":\"https:\\\/\\\/fmgente.com.ar\\\/web\\\/\",\"logo\":{\"@type\":\"ImageObject\",\"inLanguage\":\"es\",\"@id\":\"https:\\\/\\\/fmgente.com.ar\\\/web\\\/#\\\/schema\\\/logo\\\/image\\\/\",\"url\":\"https:\\\/\\\/fmgente.com.ar\\\/web\\\/wp-content\\\/uploads\\\/2023\\\/07\\\/cropped-cropped-logo-sombra2.png\",\"contentUrl\":\"https:\\\/\\\/fmgente.com.ar\\\/web\\\/wp-content\\\/uploads\\\/2023\\\/07\\\/cropped-cropped-logo-sombra2.png\",\"width\":1782,\"height\":1782,\"caption\":\"Fm Gente\"},\"image\":{\"@id\":\"https:\\\/\\\/fmgente.com.ar\\\/web\\\/#\\\/schema\\\/logo\\\/image\\\/\"}}]}<\/script>\n<!-- \/ Yoast SEO plugin. -->","yoast_head_json":{"title":"D\u00eda del Ni\u00f1o por Nacer: Vilma Ibarra acus\u00f3 al Gobierno de \u201creivindicar\u201d el terrorismo de Estado - Fm Gente","robots":{"index":"index","follow":"follow","max-snippet":"max-snippet:-1","max-image-preview":"max-image-preview:large","max-video-preview":"max-video-preview:-1"},"canonical":"https:\/\/fmgente.com.ar\/web\/dia-del-nino-por-nacer-vilma-ibarra-acuso-al-gobierno-de-reivindicar-el-terrorismo-de-estado\/","og_locale":"es_ES","og_type":"article","og_title":"D\u00eda del Ni\u00f1o por Nacer: Vilma Ibarra acus\u00f3 al Gobierno de \u201creivindicar\u201d el terrorismo de Estado - Fm Gente","og_description":"Buenos Aires, 25 marzo (NA) \u2013 La ex secretaria Legal y T\u00e9cnica de Presidencia Vilma","og_url":"https:\/\/fmgente.com.ar\/web\/dia-del-nino-por-nacer-vilma-ibarra-acuso-al-gobierno-de-reivindicar-el-terrorismo-de-estado\/","og_site_name":"Fm Gente","article_published_time":"2026-03-25T21:07:42+00:00","twitter_card":"summary_large_image","twitter_misc":{"Tiempo de lectura":"1 minuto"},"schema":{"@context":"https:\/\/schema.org","@graph":[{"@type":"Article","@id":"https:\/\/fmgente.com.ar\/web\/dia-del-nino-por-nacer-vilma-ibarra-acuso-al-gobierno-de-reivindicar-el-terrorismo-de-estado\/#article","isPartOf":{"@id":"https:\/\/fmgente.com.ar\/web\/dia-del-nino-por-nacer-vilma-ibarra-acuso-al-gobierno-de-reivindicar-el-terrorismo-de-estado\/"},"author":{"name":"","@id":""},"headline":"D\u00eda del Ni\u00f1o por Nacer: Vilma Ibarra acus\u00f3 al Gobierno de \u201creivindicar\u201d el terrorismo de Estado","datePublished":"2026-03-25T21:07:42+00:00","mainEntityOfPage":{"@id":"https:\/\/fmgente.com.ar\/web\/dia-del-nino-por-nacer-vilma-ibarra-acuso-al-gobierno-de-reivindicar-el-terrorismo-de-estado\/"},"wordCount":216,"publisher":{"@id":"https:\/\/fmgente.com.ar\/web\/#organization"},"image":{"@id":"https:\/\/fmgente.com.ar\/web\/dia-del-nino-por-nacer-vilma-ibarra-acuso-al-gobierno-de-reivindicar-el-terrorismo-de-estado\/#primaryimage"},"thumbnailUrl":"https:\/\/fmgente.com.ar\/web\/wp-content\/uploads\/2026\/03\/image-24.jpg","articleSection":["REGIONALES"],"inLanguage":"es"},{"@type":"WebPage","@id":"https:\/\/fmgente.com.ar\/web\/dia-del-nino-por-nacer-vilma-ibarra-acuso-al-gobierno-de-reivindicar-el-terrorismo-de-estado\/","url":"https:\/\/fmgente.com.ar\/web\/dia-del-nino-por-nacer-vilma-ibarra-acuso-al-gobierno-de-reivindicar-el-terrorismo-de-estado\/","name":"D\u00eda del Ni\u00f1o por Nacer: Vilma Ibarra acus\u00f3 al Gobierno de \u201creivindicar\u201d el terrorismo de Estado - Fm Gente","isPartOf":{"@id":"https:\/\/fmgente.com.ar\/web\/#website"},"primaryImageOfPage":{"@id":"https:\/\/fmgente.com.ar\/web\/dia-del-nino-por-nacer-vilma-ibarra-acuso-al-gobierno-de-reivindicar-el-terrorismo-de-estado\/#primaryimage"},"image":{"@id":"https:\/\/fmgente.com.ar\/web\/dia-del-nino-por-nacer-vilma-ibarra-acuso-al-gobierno-de-reivindicar-el-terrorismo-de-estado\/#primaryimage"},"thumbnailUrl":"https:\/\/fmgente.com.ar\/web\/wp-content\/uploads\/2026\/03\/image-24.jpg","datePublished":"2026-03-25T21:07:42+00:00","inLanguage":"es","potentialAction":[{"@type":"ReadAction","target":["https:\/\/fmgente.com.ar\/web\/dia-del-nino-por-nacer-vilma-ibarra-acuso-al-gobierno-de-reivindicar-el-terrorismo-de-estado\/"]}]},{"@type":"ImageObject","inLanguage":"es","@id":"https:\/\/fmgente.com.ar\/web\/dia-del-nino-por-nacer-vilma-ibarra-acuso-al-gobierno-de-reivindicar-el-terrorismo-de-estado\/#primaryimage","url":"https:\/\/fmgente.com.ar\/web\/wp-content\/uploads\/2026\/03\/image-24.jpg","contentUrl":"https:\/\/fmgente.com.ar\/web\/wp-content\/uploads\/2026\/03\/image-24.jpg","width":1024,"height":763},{"@type":"WebSite","@id":"https:\/\/fmgente.com.ar\/web\/#website","url":"https:\/\/fmgente.com.ar\/web\/","name":"Fm Gente","description":"- Jes\u00fas Mar\u00eda","publisher":{"@id":"https:\/\/fmgente.com.ar\/web\/#organization"},"potentialAction":[{"@type":"SearchAction","target":{"@type":"EntryPoint","urlTemplate":"https:\/\/fmgente.com.ar\/web\/?s={search_term_string}"},"query-input":{"@type":"PropertyValueSpecification","valueRequired":true,"valueName":"search_term_string"}}],"inLanguage":"es"},{"@type":"Organization","@id":"https:\/\/fmgente.com.ar\/web\/#organization","name":"Fm Gente","url":"https:\/\/fmgente.com.ar\/web\/","logo":{"@type":"ImageObject","inLanguage":"es","@id":"https:\/\/fmgente.com.ar\/web\/#\/schema\/logo\/image\/","url":"https:\/\/fmgente.com.ar\/web\/wp-content\/uploads\/2023\/07\/cropped-cropped-logo-sombra2.png","contentUrl":"https:\/\/fmgente.com.ar\/web\/wp-content\/uploads\/2023\/07\/cropped-cropped-logo-sombra2.png","width":1782,"height":1782,"caption":"Fm Gente"},"image":{"@id":"https:\/\/fmgente.com.ar\/web\/#\/schema\/logo\/image\/"}}]}},"_links":{"self":[{"href":"https:\/\/fmgente.com.ar\/web\/wp-json\/wp\/v2\/posts\/16623","targetHints":{"allow":["GET"]}}],"collection":[{"href":"https:\/\/fmgente.com.ar\/web\/wp-json\/wp\/v2\/posts"}],"about":[{"href":"https:\/\/fmgente.com.ar\/web\/wp-json\/wp\/v2\/types\/post"}],"replies":[{"embeddable":true,"href":"https:\/\/fmgente.com.ar\/web\/wp-json\/wp\/v2\/comments?post=16623"}],"version-history":[{"count":0,"href":"https:\/\/fmgente.com.ar\/web\/wp-json\/wp\/v2\/posts\/16623\/revisions"}],"wp:featuredmedia":[{"embeddable":true,"href":"https:\/\/fmgente.com.ar\/web\/wp-json\/wp\/v2\/media\/16624"}],"wp:attachment":[{"href":"https:\/\/fmgente.com.ar\/web\/wp-json\/wp\/v2\/media?parent=16623"}],"wp:term":[{"taxonomy":"category","embeddable":true,"href":"https:\/\/fmgente.com.ar\/web\/wp-json\/wp\/v2\/categories?post=16623"},{"taxonomy":"post_tag","embeddable":true,"href":"https:\/\/fmgente.com.ar\/web\/wp-json\/wp\/v2\/tags?post=16623"}],"curies":[{"name":"wp","href":"https:\/\/api.w.org\/{rel}","templated":true}]}}