{"id":16621,"date":"2026-03-25T18:07:41","date_gmt":"2026-03-25T21:07:41","guid":{"rendered":"https:\/\/fmgente.com.ar\/web\/huian-de-una-persecucion-uno-de-los-ladrones-se-tiro-al-riachuelo-y-termino-preso\/"},"modified":"2026-03-25T18:07:41","modified_gmt":"2026-03-25T21:07:41","slug":"huian-de-una-persecucion-uno-de-los-ladrones-se-tiro-al-riachuelo-y-termino-preso","status":"publish","type":"post","link":"https:\/\/fmgente.com.ar\/web\/huian-de-una-persecucion-uno-de-los-ladrones-se-tiro-al-riachuelo-y-termino-preso\/","title":{"rendered":"Hu\u00edan de una persecuci\u00f3n, uno de los ladrones se tir\u00f3 al riachuelo y termin\u00f3 preso"},"content":{"rendered":"<p>Buenos Aires, 25 marzo (NA) &#8212; Dos hombres fueron detenidos tras una persecuci\u00f3n policial en Villa Soldati, sin embargo, uno de ellos intent\u00f3 escapar, se tir\u00f3 al agua en la zona del Riachuelo, no obstante, el se\u00f1alado termin\u00f3 aprehendido.<\/p>\n<p>Seg\u00fan el parte policial al que tuvo acceso la Agencia Noticias Argentinas, el procedimiento estuvo a cargo de la Polic\u00eda de la Ciudad que acudieron tras un robo en Villa Devoto, lo que deriv\u00f3 en una advertencia al 911.<\/p>\n<p>Los ladrones hab\u00edan cometido el il\u00edcito armados y a bordo de una moto. As\u00ed, rompieron el vidrio de un auto que estaba detenido en un sem\u00e1foro de la calle Nazarre al 5200.<\/p>\n<p>Gracias a la descripci\u00f3n de caracter\u00edsticas f\u00edsicas y vestimenta, uno de los malvivientes, de 32 a\u00f1os, fue encontrado a la brevedad por las autoridades que descubrieron que el hombre ten\u00eda antecedentes por uso de drogas.<\/p>\n<p>El segundo imputado intent\u00f3 darse a la fuga y se arroj\u00f3 al Riachuelo, donde fue localizado, tras un rastrillaje, en un conducto y finalmente detenido por personal del grupo especial DOEM. #AgenciaNA<\/p>\n","protected":false},"excerpt":{"rendered":"<p>Buenos Aires, 25 marzo (NA) &#8212; Dos hombres fueron detenidos tras una persecuci\u00f3n policial en<\/p>\n","protected":false},"author":0,"featured_media":16622,"comment_status":"","ping_status":"","sticky":false,"template":"","format":"standard","meta":{"footnotes":""},"categories":[1],"tags":[],"class_list":["post-16621","post","type-post","status-publish","format-standard","has-post-thumbnail","hentry","category-regionales"],"yoast_head":"<!-- This site is optimized with the Yoast SEO plugin v27.4 - https:\/\/yoast.com\/product\/yoast-seo-wordpress\/ -->\n<title>Hu\u00edan de una persecuci\u00f3n, uno de los ladrones se tir\u00f3 al riachuelo y termin\u00f3 preso - Fm Gente<\/title>\n<meta name=\"robots\" content=\"index, follow, max-snippet:-1, max-image-preview:large, max-video-preview:-1\" \/>\n<link rel=\"canonical\" href=\"https:\/\/fmgente.com.ar\/web\/huian-de-una-persecucion-uno-de-los-ladrones-se-tiro-al-riachuelo-y-termino-preso\/\" \/>\n<meta property=\"og:locale\" content=\"es_ES\" \/>\n<meta property=\"og:type\" content=\"article\" \/>\n<meta property=\"og:title\" content=\"Hu\u00edan de una persecuci\u00f3n, uno de los ladrones se tir\u00f3 al riachuelo y termin\u00f3 preso - Fm Gente\" \/>\n<meta property=\"og:description\" content=\"Buenos Aires, 25 marzo (NA) &#8212; Dos hombres fueron detenidos tras una persecuci\u00f3n policial en\" \/>\n<meta property=\"og:url\" content=\"https:\/\/fmgente.com.ar\/web\/huian-de-una-persecucion-uno-de-los-ladrones-se-tiro-al-riachuelo-y-termino-preso\/\" \/>\n<meta property=\"og:site_name\" content=\"Fm Gente\" \/>\n<meta property=\"article:published_time\" content=\"2026-03-25T21:07:41+00:00\" \/>\n<meta name=\"twitter:card\" content=\"summary_large_image\" \/>\n<meta name=\"twitter:label1\" content=\"Tiempo de lectura\" \/>\n\t<meta name=\"twitter:data1\" content=\"1 minuto\" \/>\n<script type=\"application\/ld+json\" class=\"yoast-schema-graph\">{\"@context\":\"https:\\\/\\\/schema.org\",\"@graph\":[{\"@type\":\"Article\",\"@id\":\"https:\\\/\\\/fmgente.com.ar\\\/web\\\/huian-de-una-persecucion-uno-de-los-ladrones-se-tiro-al-riachuelo-y-termino-preso\\\/#article\",\"isPartOf\":{\"@id\":\"https:\\\/\\\/fmgente.com.ar\\\/web\\\/huian-de-una-persecucion-uno-de-los-ladrones-se-tiro-al-riachuelo-y-termino-preso\\\/\"},\"author\":{\"name\":\"\",\"@id\":\"\"},\"headline\":\"Hu\u00edan de una persecuci\u00f3n, uno de los ladrones se tir\u00f3 al riachuelo y termin\u00f3 preso\",\"datePublished\":\"2026-03-25T21:07:41+00:00\",\"mainEntityOfPage\":{\"@id\":\"https:\\\/\\\/fmgente.com.ar\\\/web\\\/huian-de-una-persecucion-uno-de-los-ladrones-se-tiro-al-riachuelo-y-termino-preso\\\/\"},\"wordCount\":202,\"publisher\":{\"@id\":\"https:\\\/\\\/fmgente.com.ar\\\/web\\\/#organization\"},\"image\":{\"@id\":\"https:\\\/\\\/fmgente.com.ar\\\/web\\\/huian-de-una-persecucion-uno-de-los-ladrones-se-tiro-al-riachuelo-y-termino-preso\\\/#primaryimage\"},\"thumbnailUrl\":\"https:\\\/\\\/fmgente.com.ar\\\/web\\\/wp-content\\\/uploads\\\/2026\\\/03\\\/720-1009.jpeg\",\"articleSection\":[\"REGIONALES\"],\"inLanguage\":\"es\"},{\"@type\":\"WebPage\",\"@id\":\"https:\\\/\\\/fmgente.com.ar\\\/web\\\/huian-de-una-persecucion-uno-de-los-ladrones-se-tiro-al-riachuelo-y-termino-preso\\\/\",\"url\":\"https:\\\/\\\/fmgente.com.ar\\\/web\\\/huian-de-una-persecucion-uno-de-los-ladrones-se-tiro-al-riachuelo-y-termino-preso\\\/\",\"name\":\"Hu\u00edan de una persecuci\u00f3n, uno de los ladrones se tir\u00f3 al riachuelo y termin\u00f3 preso - Fm Gente\",\"isPartOf\":{\"@id\":\"https:\\\/\\\/fmgente.com.ar\\\/web\\\/#website\"},\"primaryImageOfPage\":{\"@id\":\"https:\\\/\\\/fmgente.com.ar\\\/web\\\/huian-de-una-persecucion-uno-de-los-ladrones-se-tiro-al-riachuelo-y-termino-preso\\\/#primaryimage\"},\"image\":{\"@id\":\"https:\\\/\\\/fmgente.com.ar\\\/web\\\/huian-de-una-persecucion-uno-de-los-ladrones-se-tiro-al-riachuelo-y-termino-preso\\\/#primaryimage\"},\"thumbnailUrl\":\"https:\\\/\\\/fmgente.com.ar\\\/web\\\/wp-content\\\/uploads\\\/2026\\\/03\\\/720-1009.jpeg\",\"datePublished\":\"2026-03-25T21:07:41+00:00\",\"inLanguage\":\"es\",\"potentialAction\":[{\"@type\":\"ReadAction\",\"target\":[\"https:\\\/\\\/fmgente.com.ar\\\/web\\\/huian-de-una-persecucion-uno-de-los-ladrones-se-tiro-al-riachuelo-y-termino-preso\\\/\"]}]},{\"@type\":\"ImageObject\",\"inLanguage\":\"es\",\"@id\":\"https:\\\/\\\/fmgente.com.ar\\\/web\\\/huian-de-una-persecucion-uno-de-los-ladrones-se-tiro-al-riachuelo-y-termino-preso\\\/#primaryimage\",\"url\":\"https:\\\/\\\/fmgente.com.ar\\\/web\\\/wp-content\\\/uploads\\\/2026\\\/03\\\/720-1009.jpeg\",\"contentUrl\":\"https:\\\/\\\/fmgente.com.ar\\\/web\\\/wp-content\\\/uploads\\\/2026\\\/03\\\/720-1009.jpeg\",\"width\":839,\"height\":720},{\"@type\":\"WebSite\",\"@id\":\"https:\\\/\\\/fmgente.com.ar\\\/web\\\/#website\",\"url\":\"https:\\\/\\\/fmgente.com.ar\\\/web\\\/\",\"name\":\"Fm Gente\",\"description\":\"- Jes\u00fas Mar\u00eda\",\"publisher\":{\"@id\":\"https:\\\/\\\/fmgente.com.ar\\\/web\\\/#organization\"},\"potentialAction\":[{\"@type\":\"SearchAction\",\"target\":{\"@type\":\"EntryPoint\",\"urlTemplate\":\"https:\\\/\\\/fmgente.com.ar\\\/web\\\/?s={search_term_string}\"},\"query-input\":{\"@type\":\"PropertyValueSpecification\",\"valueRequired\":true,\"valueName\":\"search_term_string\"}}],\"inLanguage\":\"es\"},{\"@type\":\"Organization\",\"@id\":\"https:\\\/\\\/fmgente.com.ar\\\/web\\\/#organization\",\"name\":\"Fm Gente\",\"url\":\"https:\\\/\\\/fmgente.com.ar\\\/web\\\/\",\"logo\":{\"@type\":\"ImageObject\",\"inLanguage\":\"es\",\"@id\":\"https:\\\/\\\/fmgente.com.ar\\\/web\\\/#\\\/schema\\\/logo\\\/image\\\/\",\"url\":\"https:\\\/\\\/fmgente.com.ar\\\/web\\\/wp-content\\\/uploads\\\/2023\\\/07\\\/cropped-cropped-logo-sombra2.png\",\"contentUrl\":\"https:\\\/\\\/fmgente.com.ar\\\/web\\\/wp-content\\\/uploads\\\/2023\\\/07\\\/cropped-cropped-logo-sombra2.png\",\"width\":1782,\"height\":1782,\"caption\":\"Fm Gente\"},\"image\":{\"@id\":\"https:\\\/\\\/fmgente.com.ar\\\/web\\\/#\\\/schema\\\/logo\\\/image\\\/\"}}]}<\/script>\n<!-- \/ Yoast SEO plugin. -->","yoast_head_json":{"title":"Hu\u00edan de una persecuci\u00f3n, uno de los ladrones se tir\u00f3 al riachuelo y termin\u00f3 preso - Fm Gente","robots":{"index":"index","follow":"follow","max-snippet":"max-snippet:-1","max-image-preview":"max-image-preview:large","max-video-preview":"max-video-preview:-1"},"canonical":"https:\/\/fmgente.com.ar\/web\/huian-de-una-persecucion-uno-de-los-ladrones-se-tiro-al-riachuelo-y-termino-preso\/","og_locale":"es_ES","og_type":"article","og_title":"Hu\u00edan de una persecuci\u00f3n, uno de los ladrones se tir\u00f3 al riachuelo y termin\u00f3 preso - Fm Gente","og_description":"Buenos Aires, 25 marzo (NA) &#8212; Dos hombres fueron detenidos tras una persecuci\u00f3n policial en","og_url":"https:\/\/fmgente.com.ar\/web\/huian-de-una-persecucion-uno-de-los-ladrones-se-tiro-al-riachuelo-y-termino-preso\/","og_site_name":"Fm Gente","article_published_time":"2026-03-25T21:07:41+00:00","twitter_card":"summary_large_image","twitter_misc":{"Tiempo de lectura":"1 minuto"},"schema":{"@context":"https:\/\/schema.org","@graph":[{"@type":"Article","@id":"https:\/\/fmgente.com.ar\/web\/huian-de-una-persecucion-uno-de-los-ladrones-se-tiro-al-riachuelo-y-termino-preso\/#article","isPartOf":{"@id":"https:\/\/fmgente.com.ar\/web\/huian-de-una-persecucion-uno-de-los-ladrones-se-tiro-al-riachuelo-y-termino-preso\/"},"author":{"name":"","@id":""},"headline":"Hu\u00edan de una persecuci\u00f3n, uno de los ladrones se tir\u00f3 al riachuelo y termin\u00f3 preso","datePublished":"2026-03-25T21:07:41+00:00","mainEntityOfPage":{"@id":"https:\/\/fmgente.com.ar\/web\/huian-de-una-persecucion-uno-de-los-ladrones-se-tiro-al-riachuelo-y-termino-preso\/"},"wordCount":202,"publisher":{"@id":"https:\/\/fmgente.com.ar\/web\/#organization"},"image":{"@id":"https:\/\/fmgente.com.ar\/web\/huian-de-una-persecucion-uno-de-los-ladrones-se-tiro-al-riachuelo-y-termino-preso\/#primaryimage"},"thumbnailUrl":"https:\/\/fmgente.com.ar\/web\/wp-content\/uploads\/2026\/03\/720-1009.jpeg","articleSection":["REGIONALES"],"inLanguage":"es"},{"@type":"WebPage","@id":"https:\/\/fmgente.com.ar\/web\/huian-de-una-persecucion-uno-de-los-ladrones-se-tiro-al-riachuelo-y-termino-preso\/","url":"https:\/\/fmgente.com.ar\/web\/huian-de-una-persecucion-uno-de-los-ladrones-se-tiro-al-riachuelo-y-termino-preso\/","name":"Hu\u00edan de una persecuci\u00f3n, uno de los ladrones se tir\u00f3 al riachuelo y termin\u00f3 preso - Fm Gente","isPartOf":{"@id":"https:\/\/fmgente.com.ar\/web\/#website"},"primaryImageOfPage":{"@id":"https:\/\/fmgente.com.ar\/web\/huian-de-una-persecucion-uno-de-los-ladrones-se-tiro-al-riachuelo-y-termino-preso\/#primaryimage"},"image":{"@id":"https:\/\/fmgente.com.ar\/web\/huian-de-una-persecucion-uno-de-los-ladrones-se-tiro-al-riachuelo-y-termino-preso\/#primaryimage"},"thumbnailUrl":"https:\/\/fmgente.com.ar\/web\/wp-content\/uploads\/2026\/03\/720-1009.jpeg","datePublished":"2026-03-25T21:07:41+00:00","inLanguage":"es","potentialAction":[{"@type":"ReadAction","target":["https:\/\/fmgente.com.ar\/web\/huian-de-una-persecucion-uno-de-los-ladrones-se-tiro-al-riachuelo-y-termino-preso\/"]}]},{"@type":"ImageObject","inLanguage":"es","@id":"https:\/\/fmgente.com.ar\/web\/huian-de-una-persecucion-uno-de-los-ladrones-se-tiro-al-riachuelo-y-termino-preso\/#primaryimage","url":"https:\/\/fmgente.com.ar\/web\/wp-content\/uploads\/2026\/03\/720-1009.jpeg","contentUrl":"https:\/\/fmgente.com.ar\/web\/wp-content\/uploads\/2026\/03\/720-1009.jpeg","width":839,"height":720},{"@type":"WebSite","@id":"https:\/\/fmgente.com.ar\/web\/#website","url":"https:\/\/fmgente.com.ar\/web\/","name":"Fm Gente","description":"- Jes\u00fas Mar\u00eda","publisher":{"@id":"https:\/\/fmgente.com.ar\/web\/#organization"},"potentialAction":[{"@type":"SearchAction","target":{"@type":"EntryPoint","urlTemplate":"https:\/\/fmgente.com.ar\/web\/?s={search_term_string}"},"query-input":{"@type":"PropertyValueSpecification","valueRequired":true,"valueName":"search_term_string"}}],"inLanguage":"es"},{"@type":"Organization","@id":"https:\/\/fmgente.com.ar\/web\/#organization","name":"Fm Gente","url":"https:\/\/fmgente.com.ar\/web\/","logo":{"@type":"ImageObject","inLanguage":"es","@id":"https:\/\/fmgente.com.ar\/web\/#\/schema\/logo\/image\/","url":"https:\/\/fmgente.com.ar\/web\/wp-content\/uploads\/2023\/07\/cropped-cropped-logo-sombra2.png","contentUrl":"https:\/\/fmgente.com.ar\/web\/wp-content\/uploads\/2023\/07\/cropped-cropped-logo-sombra2.png","width":1782,"height":1782,"caption":"Fm Gente"},"image":{"@id":"https:\/\/fmgente.com.ar\/web\/#\/schema\/logo\/image\/"}}]}},"_links":{"self":[{"href":"https:\/\/fmgente.com.ar\/web\/wp-json\/wp\/v2\/posts\/16621","targetHints":{"allow":["GET"]}}],"collection":[{"href":"https:\/\/fmgente.com.ar\/web\/wp-json\/wp\/v2\/posts"}],"about":[{"href":"https:\/\/fmgente.com.ar\/web\/wp-json\/wp\/v2\/types\/post"}],"replies":[{"embeddable":true,"href":"https:\/\/fmgente.com.ar\/web\/wp-json\/wp\/v2\/comments?post=16621"}],"version-history":[{"count":0,"href":"https:\/\/fmgente.com.ar\/web\/wp-json\/wp\/v2\/posts\/16621\/revisions"}],"wp:featuredmedia":[{"embeddable":true,"href":"https:\/\/fmgente.com.ar\/web\/wp-json\/wp\/v2\/media\/16622"}],"wp:attachment":[{"href":"https:\/\/fmgente.com.ar\/web\/wp-json\/wp\/v2\/media?parent=16621"}],"wp:term":[{"taxonomy":"category","embeddable":true,"href":"https:\/\/fmgente.com.ar\/web\/wp-json\/wp\/v2\/categories?post=16621"},{"taxonomy":"post_tag","embeddable":true,"href":"https:\/\/fmgente.com.ar\/web\/wp-json\/wp\/v2\/tags?post=16621"}],"curies":[{"name":"wp","href":"https:\/\/api.w.org\/{rel}","templated":true}]}}