{"id":16619,"date":"2026-03-25T18:07:40","date_gmt":"2026-03-25T21:07:40","guid":{"rendered":"https:\/\/fmgente.com.ar\/web\/fue-detenido-por-abusar-sexualmente-de-una-menor-de-13-anos-y-filmarla-en-mendoza\/"},"modified":"2026-03-25T18:07:40","modified_gmt":"2026-03-25T21:07:40","slug":"fue-detenido-por-abusar-sexualmente-de-una-menor-de-13-anos-y-filmarla-en-mendoza","status":"publish","type":"post","link":"https:\/\/fmgente.com.ar\/web\/fue-detenido-por-abusar-sexualmente-de-una-menor-de-13-anos-y-filmarla-en-mendoza\/","title":{"rendered":"Fue detenido por abusar sexualmente de una menor de 13 a\u00f1os y filmarla en Mendoza"},"content":{"rendered":"<p>Buenos Aires, 25 marzo (NA) \u2013 Un hombre fue detenido acusado de producir material de abuso sexual infantil (MASI), violar y filmar a una menor de 13 a\u00f1os en la provincia de Mendoza.<\/p>\n<p>Fuentes del Ministerio P\u00fablico Fiscal (MPF) local informaron a la Agencia Noticias Argentinas que el hecho fue denunciado por Google y la Red de Fiscales 24\/7 tras una alerta emitida desde Estados Unidos.<\/p>\n<p>En este contexto, la Unidad de Delitos contra la Integridad Sexual, a cargo de Flavio D&#8217;Amore, orden\u00f3 que se llevara a cabo un operativo para dar con el supuesto responsable, quien reside en el departamento de Luj\u00e1n de Cuyo, donde se concret\u00f3 su arresto y se secuestraron videos de pedofilia.<\/p>\n<p>El supuesto agresor se encuentra alojado en la Penitenciar\u00eda Provincial, a la vez que las autoridades tomaron las medidas pertinentes para resguardar a la v\u00edctima.<\/p>\n<p>El implicado fue imputado por producci\u00f3n de material de abuso sexual infantil y\/o explotaci\u00f3n de menores de edad agravado por ser la damnificada una menor de 13 a\u00f1os (dos hechos), tenencia de material de abuso sexual simple por la convivencia preexistente con una menor de 18 a\u00f1os (un hecho) y abuso sexual gravemente ultrajante por las circunstancias de su realizaci\u00f3n, agravado por la convivencia preexistente con una menor de 18 a\u00f1os (un hecho), en concurso real. <\/p>\n<p>#AgenciaNA<\/p>\n","protected":false},"excerpt":{"rendered":"<p>Buenos Aires, 25 marzo (NA) \u2013 Un hombre fue detenido acusado de producir material de<\/p>\n","protected":false},"author":0,"featured_media":16620,"comment_status":"","ping_status":"","sticky":false,"template":"","format":"standard","meta":{"footnotes":""},"categories":[1],"tags":[],"class_list":["post-16619","post","type-post","status-publish","format-standard","has-post-thumbnail","hentry","category-regionales"],"yoast_head":"<!-- This site is optimized with the Yoast SEO plugin v27.4 - https:\/\/yoast.com\/product\/yoast-seo-wordpress\/ -->\n<title>Fue detenido por abusar sexualmente de una menor de 13 a\u00f1os y filmarla en Mendoza - Fm Gente<\/title>\n<meta name=\"robots\" content=\"index, follow, max-snippet:-1, max-image-preview:large, max-video-preview:-1\" \/>\n<link rel=\"canonical\" href=\"https:\/\/fmgente.com.ar\/web\/fue-detenido-por-abusar-sexualmente-de-una-menor-de-13-anos-y-filmarla-en-mendoza\/\" \/>\n<meta property=\"og:locale\" content=\"es_ES\" \/>\n<meta property=\"og:type\" content=\"article\" \/>\n<meta property=\"og:title\" content=\"Fue detenido por abusar sexualmente de una menor de 13 a\u00f1os y filmarla en Mendoza - Fm Gente\" \/>\n<meta property=\"og:description\" content=\"Buenos Aires, 25 marzo (NA) \u2013 Un hombre fue detenido acusado de producir material de\" \/>\n<meta property=\"og:url\" content=\"https:\/\/fmgente.com.ar\/web\/fue-detenido-por-abusar-sexualmente-de-una-menor-de-13-anos-y-filmarla-en-mendoza\/\" \/>\n<meta property=\"og:site_name\" content=\"Fm Gente\" \/>\n<meta property=\"article:published_time\" content=\"2026-03-25T21:07:40+00:00\" \/>\n<meta name=\"twitter:card\" content=\"summary_large_image\" \/>\n<meta name=\"twitter:label1\" content=\"Tiempo de lectura\" \/>\n\t<meta name=\"twitter:data1\" content=\"1 minuto\" \/>\n<script type=\"application\/ld+json\" class=\"yoast-schema-graph\">{\"@context\":\"https:\\\/\\\/schema.org\",\"@graph\":[{\"@type\":\"Article\",\"@id\":\"https:\\\/\\\/fmgente.com.ar\\\/web\\\/fue-detenido-por-abusar-sexualmente-de-una-menor-de-13-anos-y-filmarla-en-mendoza\\\/#article\",\"isPartOf\":{\"@id\":\"https:\\\/\\\/fmgente.com.ar\\\/web\\\/fue-detenido-por-abusar-sexualmente-de-una-menor-de-13-anos-y-filmarla-en-mendoza\\\/\"},\"author\":{\"name\":\"\",\"@id\":\"\"},\"headline\":\"Fue detenido por abusar sexualmente de una menor de 13 a\u00f1os y filmarla en Mendoza\",\"datePublished\":\"2026-03-25T21:07:40+00:00\",\"mainEntityOfPage\":{\"@id\":\"https:\\\/\\\/fmgente.com.ar\\\/web\\\/fue-detenido-por-abusar-sexualmente-de-una-menor-de-13-anos-y-filmarla-en-mendoza\\\/\"},\"wordCount\":239,\"publisher\":{\"@id\":\"https:\\\/\\\/fmgente.com.ar\\\/web\\\/#organization\"},\"image\":{\"@id\":\"https:\\\/\\\/fmgente.com.ar\\\/web\\\/fue-detenido-por-abusar-sexualmente-de-una-menor-de-13-anos-y-filmarla-en-mendoza\\\/#primaryimage\"},\"thumbnailUrl\":\"https:\\\/\\\/fmgente.com.ar\\\/web\\\/wp-content\\\/uploads\\\/2026\\\/03\\\/720-1008.jpeg\",\"articleSection\":[\"REGIONALES\"],\"inLanguage\":\"es\"},{\"@type\":\"WebPage\",\"@id\":\"https:\\\/\\\/fmgente.com.ar\\\/web\\\/fue-detenido-por-abusar-sexualmente-de-una-menor-de-13-anos-y-filmarla-en-mendoza\\\/\",\"url\":\"https:\\\/\\\/fmgente.com.ar\\\/web\\\/fue-detenido-por-abusar-sexualmente-de-una-menor-de-13-anos-y-filmarla-en-mendoza\\\/\",\"name\":\"Fue detenido por abusar sexualmente de una menor de 13 a\u00f1os y filmarla en Mendoza - Fm Gente\",\"isPartOf\":{\"@id\":\"https:\\\/\\\/fmgente.com.ar\\\/web\\\/#website\"},\"primaryImageOfPage\":{\"@id\":\"https:\\\/\\\/fmgente.com.ar\\\/web\\\/fue-detenido-por-abusar-sexualmente-de-una-menor-de-13-anos-y-filmarla-en-mendoza\\\/#primaryimage\"},\"image\":{\"@id\":\"https:\\\/\\\/fmgente.com.ar\\\/web\\\/fue-detenido-por-abusar-sexualmente-de-una-menor-de-13-anos-y-filmarla-en-mendoza\\\/#primaryimage\"},\"thumbnailUrl\":\"https:\\\/\\\/fmgente.com.ar\\\/web\\\/wp-content\\\/uploads\\\/2026\\\/03\\\/720-1008.jpeg\",\"datePublished\":\"2026-03-25T21:07:40+00:00\",\"inLanguage\":\"es\",\"potentialAction\":[{\"@type\":\"ReadAction\",\"target\":[\"https:\\\/\\\/fmgente.com.ar\\\/web\\\/fue-detenido-por-abusar-sexualmente-de-una-menor-de-13-anos-y-filmarla-en-mendoza\\\/\"]}]},{\"@type\":\"ImageObject\",\"inLanguage\":\"es\",\"@id\":\"https:\\\/\\\/fmgente.com.ar\\\/web\\\/fue-detenido-por-abusar-sexualmente-de-una-menor-de-13-anos-y-filmarla-en-mendoza\\\/#primaryimage\",\"url\":\"https:\\\/\\\/fmgente.com.ar\\\/web\\\/wp-content\\\/uploads\\\/2026\\\/03\\\/720-1008.jpeg\",\"contentUrl\":\"https:\\\/\\\/fmgente.com.ar\\\/web\\\/wp-content\\\/uploads\\\/2026\\\/03\\\/720-1008.jpeg\",\"width\":1152,\"height\":720},{\"@type\":\"WebSite\",\"@id\":\"https:\\\/\\\/fmgente.com.ar\\\/web\\\/#website\",\"url\":\"https:\\\/\\\/fmgente.com.ar\\\/web\\\/\",\"name\":\"Fm Gente\",\"description\":\"- Jes\u00fas Mar\u00eda\",\"publisher\":{\"@id\":\"https:\\\/\\\/fmgente.com.ar\\\/web\\\/#organization\"},\"potentialAction\":[{\"@type\":\"SearchAction\",\"target\":{\"@type\":\"EntryPoint\",\"urlTemplate\":\"https:\\\/\\\/fmgente.com.ar\\\/web\\\/?s={search_term_string}\"},\"query-input\":{\"@type\":\"PropertyValueSpecification\",\"valueRequired\":true,\"valueName\":\"search_term_string\"}}],\"inLanguage\":\"es\"},{\"@type\":\"Organization\",\"@id\":\"https:\\\/\\\/fmgente.com.ar\\\/web\\\/#organization\",\"name\":\"Fm Gente\",\"url\":\"https:\\\/\\\/fmgente.com.ar\\\/web\\\/\",\"logo\":{\"@type\":\"ImageObject\",\"inLanguage\":\"es\",\"@id\":\"https:\\\/\\\/fmgente.com.ar\\\/web\\\/#\\\/schema\\\/logo\\\/image\\\/\",\"url\":\"https:\\\/\\\/fmgente.com.ar\\\/web\\\/wp-content\\\/uploads\\\/2023\\\/07\\\/cropped-cropped-logo-sombra2.png\",\"contentUrl\":\"https:\\\/\\\/fmgente.com.ar\\\/web\\\/wp-content\\\/uploads\\\/2023\\\/07\\\/cropped-cropped-logo-sombra2.png\",\"width\":1782,\"height\":1782,\"caption\":\"Fm Gente\"},\"image\":{\"@id\":\"https:\\\/\\\/fmgente.com.ar\\\/web\\\/#\\\/schema\\\/logo\\\/image\\\/\"}}]}<\/script>\n<!-- \/ Yoast SEO plugin. -->","yoast_head_json":{"title":"Fue detenido por abusar sexualmente de una menor de 13 a\u00f1os y filmarla en Mendoza - Fm Gente","robots":{"index":"index","follow":"follow","max-snippet":"max-snippet:-1","max-image-preview":"max-image-preview:large","max-video-preview":"max-video-preview:-1"},"canonical":"https:\/\/fmgente.com.ar\/web\/fue-detenido-por-abusar-sexualmente-de-una-menor-de-13-anos-y-filmarla-en-mendoza\/","og_locale":"es_ES","og_type":"article","og_title":"Fue detenido por abusar sexualmente de una menor de 13 a\u00f1os y filmarla en Mendoza - Fm Gente","og_description":"Buenos Aires, 25 marzo (NA) \u2013 Un hombre fue detenido acusado de producir material de","og_url":"https:\/\/fmgente.com.ar\/web\/fue-detenido-por-abusar-sexualmente-de-una-menor-de-13-anos-y-filmarla-en-mendoza\/","og_site_name":"Fm Gente","article_published_time":"2026-03-25T21:07:40+00:00","twitter_card":"summary_large_image","twitter_misc":{"Tiempo de lectura":"1 minuto"},"schema":{"@context":"https:\/\/schema.org","@graph":[{"@type":"Article","@id":"https:\/\/fmgente.com.ar\/web\/fue-detenido-por-abusar-sexualmente-de-una-menor-de-13-anos-y-filmarla-en-mendoza\/#article","isPartOf":{"@id":"https:\/\/fmgente.com.ar\/web\/fue-detenido-por-abusar-sexualmente-de-una-menor-de-13-anos-y-filmarla-en-mendoza\/"},"author":{"name":"","@id":""},"headline":"Fue detenido por abusar sexualmente de una menor de 13 a\u00f1os y filmarla en Mendoza","datePublished":"2026-03-25T21:07:40+00:00","mainEntityOfPage":{"@id":"https:\/\/fmgente.com.ar\/web\/fue-detenido-por-abusar-sexualmente-de-una-menor-de-13-anos-y-filmarla-en-mendoza\/"},"wordCount":239,"publisher":{"@id":"https:\/\/fmgente.com.ar\/web\/#organization"},"image":{"@id":"https:\/\/fmgente.com.ar\/web\/fue-detenido-por-abusar-sexualmente-de-una-menor-de-13-anos-y-filmarla-en-mendoza\/#primaryimage"},"thumbnailUrl":"https:\/\/fmgente.com.ar\/web\/wp-content\/uploads\/2026\/03\/720-1008.jpeg","articleSection":["REGIONALES"],"inLanguage":"es"},{"@type":"WebPage","@id":"https:\/\/fmgente.com.ar\/web\/fue-detenido-por-abusar-sexualmente-de-una-menor-de-13-anos-y-filmarla-en-mendoza\/","url":"https:\/\/fmgente.com.ar\/web\/fue-detenido-por-abusar-sexualmente-de-una-menor-de-13-anos-y-filmarla-en-mendoza\/","name":"Fue detenido por abusar sexualmente de una menor de 13 a\u00f1os y filmarla en Mendoza - Fm Gente","isPartOf":{"@id":"https:\/\/fmgente.com.ar\/web\/#website"},"primaryImageOfPage":{"@id":"https:\/\/fmgente.com.ar\/web\/fue-detenido-por-abusar-sexualmente-de-una-menor-de-13-anos-y-filmarla-en-mendoza\/#primaryimage"},"image":{"@id":"https:\/\/fmgente.com.ar\/web\/fue-detenido-por-abusar-sexualmente-de-una-menor-de-13-anos-y-filmarla-en-mendoza\/#primaryimage"},"thumbnailUrl":"https:\/\/fmgente.com.ar\/web\/wp-content\/uploads\/2026\/03\/720-1008.jpeg","datePublished":"2026-03-25T21:07:40+00:00","inLanguage":"es","potentialAction":[{"@type":"ReadAction","target":["https:\/\/fmgente.com.ar\/web\/fue-detenido-por-abusar-sexualmente-de-una-menor-de-13-anos-y-filmarla-en-mendoza\/"]}]},{"@type":"ImageObject","inLanguage":"es","@id":"https:\/\/fmgente.com.ar\/web\/fue-detenido-por-abusar-sexualmente-de-una-menor-de-13-anos-y-filmarla-en-mendoza\/#primaryimage","url":"https:\/\/fmgente.com.ar\/web\/wp-content\/uploads\/2026\/03\/720-1008.jpeg","contentUrl":"https:\/\/fmgente.com.ar\/web\/wp-content\/uploads\/2026\/03\/720-1008.jpeg","width":1152,"height":720},{"@type":"WebSite","@id":"https:\/\/fmgente.com.ar\/web\/#website","url":"https:\/\/fmgente.com.ar\/web\/","name":"Fm Gente","description":"- Jes\u00fas Mar\u00eda","publisher":{"@id":"https:\/\/fmgente.com.ar\/web\/#organization"},"potentialAction":[{"@type":"SearchAction","target":{"@type":"EntryPoint","urlTemplate":"https:\/\/fmgente.com.ar\/web\/?s={search_term_string}"},"query-input":{"@type":"PropertyValueSpecification","valueRequired":true,"valueName":"search_term_string"}}],"inLanguage":"es"},{"@type":"Organization","@id":"https:\/\/fmgente.com.ar\/web\/#organization","name":"Fm Gente","url":"https:\/\/fmgente.com.ar\/web\/","logo":{"@type":"ImageObject","inLanguage":"es","@id":"https:\/\/fmgente.com.ar\/web\/#\/schema\/logo\/image\/","url":"https:\/\/fmgente.com.ar\/web\/wp-content\/uploads\/2023\/07\/cropped-cropped-logo-sombra2.png","contentUrl":"https:\/\/fmgente.com.ar\/web\/wp-content\/uploads\/2023\/07\/cropped-cropped-logo-sombra2.png","width":1782,"height":1782,"caption":"Fm Gente"},"image":{"@id":"https:\/\/fmgente.com.ar\/web\/#\/schema\/logo\/image\/"}}]}},"_links":{"self":[{"href":"https:\/\/fmgente.com.ar\/web\/wp-json\/wp\/v2\/posts\/16619","targetHints":{"allow":["GET"]}}],"collection":[{"href":"https:\/\/fmgente.com.ar\/web\/wp-json\/wp\/v2\/posts"}],"about":[{"href":"https:\/\/fmgente.com.ar\/web\/wp-json\/wp\/v2\/types\/post"}],"replies":[{"embeddable":true,"href":"https:\/\/fmgente.com.ar\/web\/wp-json\/wp\/v2\/comments?post=16619"}],"version-history":[{"count":0,"href":"https:\/\/fmgente.com.ar\/web\/wp-json\/wp\/v2\/posts\/16619\/revisions"}],"wp:featuredmedia":[{"embeddable":true,"href":"https:\/\/fmgente.com.ar\/web\/wp-json\/wp\/v2\/media\/16620"}],"wp:attachment":[{"href":"https:\/\/fmgente.com.ar\/web\/wp-json\/wp\/v2\/media?parent=16619"}],"wp:term":[{"taxonomy":"category","embeddable":true,"href":"https:\/\/fmgente.com.ar\/web\/wp-json\/wp\/v2\/categories?post=16619"},{"taxonomy":"post_tag","embeddable":true,"href":"https:\/\/fmgente.com.ar\/web\/wp-json\/wp\/v2\/tags?post=16619"}],"curies":[{"name":"wp","href":"https:\/\/api.w.org\/{rel}","templated":true}]}}