{"id":16617,"date":"2026-03-25T18:07:39","date_gmt":"2026-03-25T21:07:39","guid":{"rendered":"https:\/\/fmgente.com.ar\/web\/gran-hermano-mavinga-abandonara-el-reality-de-manera-voluntaria\/"},"modified":"2026-03-25T18:07:39","modified_gmt":"2026-03-25T21:07:39","slug":"gran-hermano-mavinga-abandonara-el-reality-de-manera-voluntaria","status":"publish","type":"post","link":"https:\/\/fmgente.com.ar\/web\/gran-hermano-mavinga-abandonara-el-reality-de-manera-voluntaria\/","title":{"rendered":"Gran Hermano: Mavinga abandonar\u00e1 el reality de manera voluntaria"},"content":{"rendered":"<p>Buenos Aires, 25 marzo (NA) \u2013 Santiago del Moro confirm\u00f3 en sus redes sociales que un participante de Gran Hermano: Generaci\u00f3n dorada abandonar\u00e1 la competencia durante la gala de eliminaci\u00f3n de esta noche, y crecen las teor\u00edas sobre qui\u00e9n ser\u00e1 el jugador que tom\u00f3 la dr\u00e1stica decisi\u00f3n.<\/p>\n<p>\u201cMe informa el Big que lamentablemente esta noche alguien se retira del juego: \u2018ABANDONO\u2019 y hoy 22:15 hs, gala de nominaci\u00f3n\u00bb, adelant\u00f3 el conductor del ciclo en su cuenta de Instagram, seg\u00fan corrobor\u00f3 la Agencia Noticias Argentinas. <\/p>\n<p>Sin embargo, en redes trascendi\u00f3 un clip de una de las participantes hablando sobre el tema en el streaming del reality, confirmando el nombre de quien abandonar\u00eda el juego en las pr\u00f3ximas horas.<\/p>\n<p>\u201cNo s\u00e9 si se puede contar, pero la Mavinga se va\u2026\u201d, dijo Pincoya previo a que la c\u00e1mara cortara la transmisi\u00f3n, pero no fue suficiente para evitar que el nombre se filtrara en las distintas plataformas.<\/p>\n<p>Su decisi\u00f3n llega poco despu\u00e9s del pol\u00e9mico derecho de r\u00e9plica de Carmi\u00f1a Masi en Gran Hermano, quien confront\u00f3 a Mavinga dentro de la casa para pedirle disculpas por sus comentarios racistas.<\/p>\n<p>Aunque est\u00e1 comprobado que ella desconoce la exactitud de los comentarios, y Carmi\u00f1a solo mencion\u00f3 la referencia a la esclavitud, la participante acept\u00f3 las disculpas de la ex jugadora. <\/p>\n<p>\u201cNo tengo rencor y cuando vos quieras o cuando salga, seguramente, me podr\u00e1s ubicar. Te perdono de todo coraz\u00f3n y lamento que eso haya provocado tu salida. A m\u00ed me gustaba tu juego\u201d, le dijo ayer por la noche, sellando las diferencias entre ellas.<\/p>\n<p>#AgenciaNA<\/p>\n","protected":false},"excerpt":{"rendered":"<p>Buenos Aires, 25 marzo (NA) \u2013 Santiago del Moro confirm\u00f3 en sus redes sociales que<\/p>\n","protected":false},"author":0,"featured_media":16618,"comment_status":"","ping_status":"","sticky":false,"template":"","format":"standard","meta":{"footnotes":""},"categories":[1],"tags":[],"class_list":["post-16617","post","type-post","status-publish","format-standard","has-post-thumbnail","hentry","category-regionales"],"yoast_head":"<!-- This site is optimized with the Yoast SEO plugin v27.4 - https:\/\/yoast.com\/product\/yoast-seo-wordpress\/ -->\n<title>Gran Hermano: Mavinga abandonar\u00e1 el reality de manera voluntaria - Fm Gente<\/title>\n<meta name=\"robots\" content=\"index, follow, max-snippet:-1, max-image-preview:large, max-video-preview:-1\" \/>\n<link rel=\"canonical\" href=\"https:\/\/fmgente.com.ar\/web\/gran-hermano-mavinga-abandonara-el-reality-de-manera-voluntaria\/\" \/>\n<meta property=\"og:locale\" content=\"es_ES\" \/>\n<meta property=\"og:type\" content=\"article\" \/>\n<meta property=\"og:title\" content=\"Gran Hermano: Mavinga abandonar\u00e1 el reality de manera voluntaria - Fm Gente\" \/>\n<meta property=\"og:description\" content=\"Buenos Aires, 25 marzo (NA) \u2013 Santiago del Moro confirm\u00f3 en sus redes sociales que\" \/>\n<meta property=\"og:url\" content=\"https:\/\/fmgente.com.ar\/web\/gran-hermano-mavinga-abandonara-el-reality-de-manera-voluntaria\/\" \/>\n<meta property=\"og:site_name\" content=\"Fm Gente\" \/>\n<meta property=\"article:published_time\" content=\"2026-03-25T21:07:39+00:00\" \/>\n<meta name=\"twitter:card\" content=\"summary_large_image\" \/>\n<meta name=\"twitter:label1\" content=\"Tiempo de lectura\" \/>\n\t<meta name=\"twitter:data1\" content=\"1 minuto\" \/>\n<script type=\"application\/ld+json\" class=\"yoast-schema-graph\">{\"@context\":\"https:\\\/\\\/schema.org\",\"@graph\":[{\"@type\":\"Article\",\"@id\":\"https:\\\/\\\/fmgente.com.ar\\\/web\\\/gran-hermano-mavinga-abandonara-el-reality-de-manera-voluntaria\\\/#article\",\"isPartOf\":{\"@id\":\"https:\\\/\\\/fmgente.com.ar\\\/web\\\/gran-hermano-mavinga-abandonara-el-reality-de-manera-voluntaria\\\/\"},\"author\":{\"name\":\"\",\"@id\":\"\"},\"headline\":\"Gran Hermano: Mavinga abandonar\u00e1 el reality de manera voluntaria\",\"datePublished\":\"2026-03-25T21:07:39+00:00\",\"mainEntityOfPage\":{\"@id\":\"https:\\\/\\\/fmgente.com.ar\\\/web\\\/gran-hermano-mavinga-abandonara-el-reality-de-manera-voluntaria\\\/\"},\"wordCount\":284,\"publisher\":{\"@id\":\"https:\\\/\\\/fmgente.com.ar\\\/web\\\/#organization\"},\"image\":{\"@id\":\"https:\\\/\\\/fmgente.com.ar\\\/web\\\/gran-hermano-mavinga-abandonara-el-reality-de-manera-voluntaria\\\/#primaryimage\"},\"thumbnailUrl\":\"https:\\\/\\\/fmgente.com.ar\\\/web\\\/wp-content\\\/uploads\\\/2026\\\/03\\\/720-1007.jpeg\",\"articleSection\":[\"REGIONALES\"],\"inLanguage\":\"es\"},{\"@type\":\"WebPage\",\"@id\":\"https:\\\/\\\/fmgente.com.ar\\\/web\\\/gran-hermano-mavinga-abandonara-el-reality-de-manera-voluntaria\\\/\",\"url\":\"https:\\\/\\\/fmgente.com.ar\\\/web\\\/gran-hermano-mavinga-abandonara-el-reality-de-manera-voluntaria\\\/\",\"name\":\"Gran Hermano: Mavinga abandonar\u00e1 el reality de manera voluntaria - Fm Gente\",\"isPartOf\":{\"@id\":\"https:\\\/\\\/fmgente.com.ar\\\/web\\\/#website\"},\"primaryImageOfPage\":{\"@id\":\"https:\\\/\\\/fmgente.com.ar\\\/web\\\/gran-hermano-mavinga-abandonara-el-reality-de-manera-voluntaria\\\/#primaryimage\"},\"image\":{\"@id\":\"https:\\\/\\\/fmgente.com.ar\\\/web\\\/gran-hermano-mavinga-abandonara-el-reality-de-manera-voluntaria\\\/#primaryimage\"},\"thumbnailUrl\":\"https:\\\/\\\/fmgente.com.ar\\\/web\\\/wp-content\\\/uploads\\\/2026\\\/03\\\/720-1007.jpeg\",\"datePublished\":\"2026-03-25T21:07:39+00:00\",\"inLanguage\":\"es\",\"potentialAction\":[{\"@type\":\"ReadAction\",\"target\":[\"https:\\\/\\\/fmgente.com.ar\\\/web\\\/gran-hermano-mavinga-abandonara-el-reality-de-manera-voluntaria\\\/\"]}]},{\"@type\":\"ImageObject\",\"inLanguage\":\"es\",\"@id\":\"https:\\\/\\\/fmgente.com.ar\\\/web\\\/gran-hermano-mavinga-abandonara-el-reality-de-manera-voluntaria\\\/#primaryimage\",\"url\":\"https:\\\/\\\/fmgente.com.ar\\\/web\\\/wp-content\\\/uploads\\\/2026\\\/03\\\/720-1007.jpeg\",\"contentUrl\":\"https:\\\/\\\/fmgente.com.ar\\\/web\\\/wp-content\\\/uploads\\\/2026\\\/03\\\/720-1007.jpeg\",\"width\":1080,\"height\":720},{\"@type\":\"WebSite\",\"@id\":\"https:\\\/\\\/fmgente.com.ar\\\/web\\\/#website\",\"url\":\"https:\\\/\\\/fmgente.com.ar\\\/web\\\/\",\"name\":\"Fm Gente\",\"description\":\"- Jes\u00fas Mar\u00eda\",\"publisher\":{\"@id\":\"https:\\\/\\\/fmgente.com.ar\\\/web\\\/#organization\"},\"potentialAction\":[{\"@type\":\"SearchAction\",\"target\":{\"@type\":\"EntryPoint\",\"urlTemplate\":\"https:\\\/\\\/fmgente.com.ar\\\/web\\\/?s={search_term_string}\"},\"query-input\":{\"@type\":\"PropertyValueSpecification\",\"valueRequired\":true,\"valueName\":\"search_term_string\"}}],\"inLanguage\":\"es\"},{\"@type\":\"Organization\",\"@id\":\"https:\\\/\\\/fmgente.com.ar\\\/web\\\/#organization\",\"name\":\"Fm Gente\",\"url\":\"https:\\\/\\\/fmgente.com.ar\\\/web\\\/\",\"logo\":{\"@type\":\"ImageObject\",\"inLanguage\":\"es\",\"@id\":\"https:\\\/\\\/fmgente.com.ar\\\/web\\\/#\\\/schema\\\/logo\\\/image\\\/\",\"url\":\"https:\\\/\\\/fmgente.com.ar\\\/web\\\/wp-content\\\/uploads\\\/2023\\\/07\\\/cropped-cropped-logo-sombra2.png\",\"contentUrl\":\"https:\\\/\\\/fmgente.com.ar\\\/web\\\/wp-content\\\/uploads\\\/2023\\\/07\\\/cropped-cropped-logo-sombra2.png\",\"width\":1782,\"height\":1782,\"caption\":\"Fm Gente\"},\"image\":{\"@id\":\"https:\\\/\\\/fmgente.com.ar\\\/web\\\/#\\\/schema\\\/logo\\\/image\\\/\"}}]}<\/script>\n<!-- \/ Yoast SEO plugin. -->","yoast_head_json":{"title":"Gran Hermano: Mavinga abandonar\u00e1 el reality de manera voluntaria - Fm Gente","robots":{"index":"index","follow":"follow","max-snippet":"max-snippet:-1","max-image-preview":"max-image-preview:large","max-video-preview":"max-video-preview:-1"},"canonical":"https:\/\/fmgente.com.ar\/web\/gran-hermano-mavinga-abandonara-el-reality-de-manera-voluntaria\/","og_locale":"es_ES","og_type":"article","og_title":"Gran Hermano: Mavinga abandonar\u00e1 el reality de manera voluntaria - Fm Gente","og_description":"Buenos Aires, 25 marzo (NA) \u2013 Santiago del Moro confirm\u00f3 en sus redes sociales que","og_url":"https:\/\/fmgente.com.ar\/web\/gran-hermano-mavinga-abandonara-el-reality-de-manera-voluntaria\/","og_site_name":"Fm Gente","article_published_time":"2026-03-25T21:07:39+00:00","twitter_card":"summary_large_image","twitter_misc":{"Tiempo de lectura":"1 minuto"},"schema":{"@context":"https:\/\/schema.org","@graph":[{"@type":"Article","@id":"https:\/\/fmgente.com.ar\/web\/gran-hermano-mavinga-abandonara-el-reality-de-manera-voluntaria\/#article","isPartOf":{"@id":"https:\/\/fmgente.com.ar\/web\/gran-hermano-mavinga-abandonara-el-reality-de-manera-voluntaria\/"},"author":{"name":"","@id":""},"headline":"Gran Hermano: Mavinga abandonar\u00e1 el reality de manera voluntaria","datePublished":"2026-03-25T21:07:39+00:00","mainEntityOfPage":{"@id":"https:\/\/fmgente.com.ar\/web\/gran-hermano-mavinga-abandonara-el-reality-de-manera-voluntaria\/"},"wordCount":284,"publisher":{"@id":"https:\/\/fmgente.com.ar\/web\/#organization"},"image":{"@id":"https:\/\/fmgente.com.ar\/web\/gran-hermano-mavinga-abandonara-el-reality-de-manera-voluntaria\/#primaryimage"},"thumbnailUrl":"https:\/\/fmgente.com.ar\/web\/wp-content\/uploads\/2026\/03\/720-1007.jpeg","articleSection":["REGIONALES"],"inLanguage":"es"},{"@type":"WebPage","@id":"https:\/\/fmgente.com.ar\/web\/gran-hermano-mavinga-abandonara-el-reality-de-manera-voluntaria\/","url":"https:\/\/fmgente.com.ar\/web\/gran-hermano-mavinga-abandonara-el-reality-de-manera-voluntaria\/","name":"Gran Hermano: Mavinga abandonar\u00e1 el reality de manera voluntaria - Fm Gente","isPartOf":{"@id":"https:\/\/fmgente.com.ar\/web\/#website"},"primaryImageOfPage":{"@id":"https:\/\/fmgente.com.ar\/web\/gran-hermano-mavinga-abandonara-el-reality-de-manera-voluntaria\/#primaryimage"},"image":{"@id":"https:\/\/fmgente.com.ar\/web\/gran-hermano-mavinga-abandonara-el-reality-de-manera-voluntaria\/#primaryimage"},"thumbnailUrl":"https:\/\/fmgente.com.ar\/web\/wp-content\/uploads\/2026\/03\/720-1007.jpeg","datePublished":"2026-03-25T21:07:39+00:00","inLanguage":"es","potentialAction":[{"@type":"ReadAction","target":["https:\/\/fmgente.com.ar\/web\/gran-hermano-mavinga-abandonara-el-reality-de-manera-voluntaria\/"]}]},{"@type":"ImageObject","inLanguage":"es","@id":"https:\/\/fmgente.com.ar\/web\/gran-hermano-mavinga-abandonara-el-reality-de-manera-voluntaria\/#primaryimage","url":"https:\/\/fmgente.com.ar\/web\/wp-content\/uploads\/2026\/03\/720-1007.jpeg","contentUrl":"https:\/\/fmgente.com.ar\/web\/wp-content\/uploads\/2026\/03\/720-1007.jpeg","width":1080,"height":720},{"@type":"WebSite","@id":"https:\/\/fmgente.com.ar\/web\/#website","url":"https:\/\/fmgente.com.ar\/web\/","name":"Fm Gente","description":"- Jes\u00fas Mar\u00eda","publisher":{"@id":"https:\/\/fmgente.com.ar\/web\/#organization"},"potentialAction":[{"@type":"SearchAction","target":{"@type":"EntryPoint","urlTemplate":"https:\/\/fmgente.com.ar\/web\/?s={search_term_string}"},"query-input":{"@type":"PropertyValueSpecification","valueRequired":true,"valueName":"search_term_string"}}],"inLanguage":"es"},{"@type":"Organization","@id":"https:\/\/fmgente.com.ar\/web\/#organization","name":"Fm Gente","url":"https:\/\/fmgente.com.ar\/web\/","logo":{"@type":"ImageObject","inLanguage":"es","@id":"https:\/\/fmgente.com.ar\/web\/#\/schema\/logo\/image\/","url":"https:\/\/fmgente.com.ar\/web\/wp-content\/uploads\/2023\/07\/cropped-cropped-logo-sombra2.png","contentUrl":"https:\/\/fmgente.com.ar\/web\/wp-content\/uploads\/2023\/07\/cropped-cropped-logo-sombra2.png","width":1782,"height":1782,"caption":"Fm Gente"},"image":{"@id":"https:\/\/fmgente.com.ar\/web\/#\/schema\/logo\/image\/"}}]}},"_links":{"self":[{"href":"https:\/\/fmgente.com.ar\/web\/wp-json\/wp\/v2\/posts\/16617","targetHints":{"allow":["GET"]}}],"collection":[{"href":"https:\/\/fmgente.com.ar\/web\/wp-json\/wp\/v2\/posts"}],"about":[{"href":"https:\/\/fmgente.com.ar\/web\/wp-json\/wp\/v2\/types\/post"}],"replies":[{"embeddable":true,"href":"https:\/\/fmgente.com.ar\/web\/wp-json\/wp\/v2\/comments?post=16617"}],"version-history":[{"count":0,"href":"https:\/\/fmgente.com.ar\/web\/wp-json\/wp\/v2\/posts\/16617\/revisions"}],"wp:featuredmedia":[{"embeddable":true,"href":"https:\/\/fmgente.com.ar\/web\/wp-json\/wp\/v2\/media\/16618"}],"wp:attachment":[{"href":"https:\/\/fmgente.com.ar\/web\/wp-json\/wp\/v2\/media?parent=16617"}],"wp:term":[{"taxonomy":"category","embeddable":true,"href":"https:\/\/fmgente.com.ar\/web\/wp-json\/wp\/v2\/categories?post=16617"},{"taxonomy":"post_tag","embeddable":true,"href":"https:\/\/fmgente.com.ar\/web\/wp-json\/wp\/v2\/tags?post=16617"}],"curies":[{"name":"wp","href":"https:\/\/api.w.org\/{rel}","templated":true}]}}