{"id":16611,"date":"2026-03-25T17:05:22","date_gmt":"2026-03-25T20:05:22","guid":{"rendered":"https:\/\/fmgente.com.ar\/web\/presidente-del-parlamento-irani-advierte-que-enemigos-se-preparan-para-ocupar-una-isla-con-apoyo-regional\/"},"modified":"2026-03-25T17:05:22","modified_gmt":"2026-03-25T20:05:22","slug":"presidente-del-parlamento-irani-advierte-que-enemigos-se-preparan-para-ocupar-una-isla-con-apoyo-regional","status":"publish","type":"post","link":"https:\/\/fmgente.com.ar\/web\/presidente-del-parlamento-irani-advierte-que-enemigos-se-preparan-para-ocupar-una-isla-con-apoyo-regional\/","title":{"rendered":"Presidente del Parlamento iran\u00ed advierte que \u201cenemigos\u201d se preparan para ocupar una isla con apoyo regional"},"content":{"rendered":"<p>Buenos Aires, 25 marzo (NA) \u2013 El presidente del Parlamento iran\u00ed, Mohammad Bagher Ghalibaf, declar\u00f3 el mi\u00e9rcoles que ciertos datos demuestran que los \u201cenemigos\u201d se est\u00e1n preparando para una operaci\u00f3n de ocupaci\u00f3n de una isla iran\u00ed con el apoyo de un Estado regional.<\/p>\n<p>\u201cSi dan un paso adelante, toda la infraestructura vital de ese pa\u00eds regional quedar\u00e1 bajo los implacables ataques de Ir\u00e1n sin ninguna restricci\u00f3n\u201d, afirm\u00f3 Ghalibaf en una publicaci\u00f3n en la plataforma de redes sociales X a la que accedi\u00f3 la Agencia Noticias Argentinas.<\/p>\n<p>En una publicaci\u00f3n anterior, Ghalibaf se\u00f1al\u00f3 que Ir\u00e1n vigila de cerca todos los movimientos estadounidenses en la regi\u00f3n, con especial atenci\u00f3n al despliegue de tropas.<\/p>\n<p>\u201cLo que los generales han destruido, los soldados no lo pueden arreglar; en cambio, caer\u00e1n v\u00edctimas de las ilusiones del primer ministro israel\u00ed, Benjamin Netanyahu\u201d, advirti\u00f3, y a\u00f1adi\u00f3: \u201cNo pongan a prueba nuestra determinaci\u00f3n de defender nuestra tierra\u201d.<\/p>\n<p>Las declaraciones de Ghalibaf se dieron en medio de informes que indican que se espera que el Pent\u00e1gono env\u00ede miles de soldados de la \u00e9lite de la 82.\u00aa Divisi\u00f3n Aerotransportada del Ej\u00e9rcito estadounidense a Oriente Medio.<\/p>\n<p>#AgenciaNA<\/p>\n","protected":false},"excerpt":{"rendered":"<p>Buenos Aires, 25 marzo (NA) \u2013 El presidente del Parlamento iran\u00ed, Mohammad Bagher Ghalibaf, declar\u00f3<\/p>\n","protected":false},"author":0,"featured_media":16612,"comment_status":"","ping_status":"","sticky":false,"template":"","format":"standard","meta":{"footnotes":""},"categories":[1],"tags":[],"class_list":["post-16611","post","type-post","status-publish","format-standard","has-post-thumbnail","hentry","category-regionales"],"yoast_head":"<!-- This site is optimized with the Yoast SEO plugin v27.4 - https:\/\/yoast.com\/product\/yoast-seo-wordpress\/ -->\n<title>Presidente del Parlamento iran\u00ed advierte que \u201cenemigos\u201d se preparan para ocupar una isla con apoyo regional - Fm Gente<\/title>\n<meta name=\"robots\" content=\"index, follow, max-snippet:-1, max-image-preview:large, max-video-preview:-1\" \/>\n<link rel=\"canonical\" href=\"https:\/\/fmgente.com.ar\/web\/presidente-del-parlamento-irani-advierte-que-enemigos-se-preparan-para-ocupar-una-isla-con-apoyo-regional\/\" \/>\n<meta property=\"og:locale\" content=\"es_ES\" \/>\n<meta property=\"og:type\" content=\"article\" \/>\n<meta property=\"og:title\" content=\"Presidente del Parlamento iran\u00ed advierte que \u201cenemigos\u201d se preparan para ocupar una isla con apoyo regional - Fm Gente\" \/>\n<meta property=\"og:description\" content=\"Buenos Aires, 25 marzo (NA) \u2013 El presidente del Parlamento iran\u00ed, Mohammad Bagher Ghalibaf, declar\u00f3\" \/>\n<meta property=\"og:url\" content=\"https:\/\/fmgente.com.ar\/web\/presidente-del-parlamento-irani-advierte-que-enemigos-se-preparan-para-ocupar-una-isla-con-apoyo-regional\/\" \/>\n<meta property=\"og:site_name\" content=\"Fm Gente\" \/>\n<meta property=\"article:published_time\" content=\"2026-03-25T20:05:22+00:00\" \/>\n<meta name=\"twitter:card\" content=\"summary_large_image\" \/>\n<meta name=\"twitter:label1\" content=\"Tiempo de lectura\" \/>\n\t<meta name=\"twitter:data1\" content=\"1 minuto\" \/>\n<script type=\"application\/ld+json\" class=\"yoast-schema-graph\">{\"@context\":\"https:\\\/\\\/schema.org\",\"@graph\":[{\"@type\":\"Article\",\"@id\":\"https:\\\/\\\/fmgente.com.ar\\\/web\\\/presidente-del-parlamento-irani-advierte-que-enemigos-se-preparan-para-ocupar-una-isla-con-apoyo-regional\\\/#article\",\"isPartOf\":{\"@id\":\"https:\\\/\\\/fmgente.com.ar\\\/web\\\/presidente-del-parlamento-irani-advierte-que-enemigos-se-preparan-para-ocupar-una-isla-con-apoyo-regional\\\/\"},\"author\":{\"name\":\"\",\"@id\":\"\"},\"headline\":\"Presidente del Parlamento iran\u00ed advierte que \u201cenemigos\u201d se preparan para ocupar una isla con apoyo regional\",\"datePublished\":\"2026-03-25T20:05:22+00:00\",\"mainEntityOfPage\":{\"@id\":\"https:\\\/\\\/fmgente.com.ar\\\/web\\\/presidente-del-parlamento-irani-advierte-que-enemigos-se-preparan-para-ocupar-una-isla-con-apoyo-regional\\\/\"},\"wordCount\":220,\"publisher\":{\"@id\":\"https:\\\/\\\/fmgente.com.ar\\\/web\\\/#organization\"},\"image\":{\"@id\":\"https:\\\/\\\/fmgente.com.ar\\\/web\\\/presidente-del-parlamento-irani-advierte-que-enemigos-se-preparan-para-ocupar-una-isla-con-apoyo-regional\\\/#primaryimage\"},\"thumbnailUrl\":\"https:\\\/\\\/fmgente.com.ar\\\/web\\\/wp-content\\\/uploads\\\/2026\\\/03\\\/720-1004.jpeg\",\"articleSection\":[\"REGIONALES\"],\"inLanguage\":\"es\"},{\"@type\":\"WebPage\",\"@id\":\"https:\\\/\\\/fmgente.com.ar\\\/web\\\/presidente-del-parlamento-irani-advierte-que-enemigos-se-preparan-para-ocupar-una-isla-con-apoyo-regional\\\/\",\"url\":\"https:\\\/\\\/fmgente.com.ar\\\/web\\\/presidente-del-parlamento-irani-advierte-que-enemigos-se-preparan-para-ocupar-una-isla-con-apoyo-regional\\\/\",\"name\":\"Presidente del Parlamento iran\u00ed advierte que \u201cenemigos\u201d se preparan para ocupar una isla con apoyo regional - Fm Gente\",\"isPartOf\":{\"@id\":\"https:\\\/\\\/fmgente.com.ar\\\/web\\\/#website\"},\"primaryImageOfPage\":{\"@id\":\"https:\\\/\\\/fmgente.com.ar\\\/web\\\/presidente-del-parlamento-irani-advierte-que-enemigos-se-preparan-para-ocupar-una-isla-con-apoyo-regional\\\/#primaryimage\"},\"image\":{\"@id\":\"https:\\\/\\\/fmgente.com.ar\\\/web\\\/presidente-del-parlamento-irani-advierte-que-enemigos-se-preparan-para-ocupar-una-isla-con-apoyo-regional\\\/#primaryimage\"},\"thumbnailUrl\":\"https:\\\/\\\/fmgente.com.ar\\\/web\\\/wp-content\\\/uploads\\\/2026\\\/03\\\/720-1004.jpeg\",\"datePublished\":\"2026-03-25T20:05:22+00:00\",\"inLanguage\":\"es\",\"potentialAction\":[{\"@type\":\"ReadAction\",\"target\":[\"https:\\\/\\\/fmgente.com.ar\\\/web\\\/presidente-del-parlamento-irani-advierte-que-enemigos-se-preparan-para-ocupar-una-isla-con-apoyo-regional\\\/\"]}]},{\"@type\":\"ImageObject\",\"inLanguage\":\"es\",\"@id\":\"https:\\\/\\\/fmgente.com.ar\\\/web\\\/presidente-del-parlamento-irani-advierte-que-enemigos-se-preparan-para-ocupar-una-isla-con-apoyo-regional\\\/#primaryimage\",\"url\":\"https:\\\/\\\/fmgente.com.ar\\\/web\\\/wp-content\\\/uploads\\\/2026\\\/03\\\/720-1004.jpeg\",\"contentUrl\":\"https:\\\/\\\/fmgente.com.ar\\\/web\\\/wp-content\\\/uploads\\\/2026\\\/03\\\/720-1004.jpeg\",\"width\":1280,\"height\":683},{\"@type\":\"WebSite\",\"@id\":\"https:\\\/\\\/fmgente.com.ar\\\/web\\\/#website\",\"url\":\"https:\\\/\\\/fmgente.com.ar\\\/web\\\/\",\"name\":\"Fm Gente\",\"description\":\"- Jes\u00fas Mar\u00eda\",\"publisher\":{\"@id\":\"https:\\\/\\\/fmgente.com.ar\\\/web\\\/#organization\"},\"potentialAction\":[{\"@type\":\"SearchAction\",\"target\":{\"@type\":\"EntryPoint\",\"urlTemplate\":\"https:\\\/\\\/fmgente.com.ar\\\/web\\\/?s={search_term_string}\"},\"query-input\":{\"@type\":\"PropertyValueSpecification\",\"valueRequired\":true,\"valueName\":\"search_term_string\"}}],\"inLanguage\":\"es\"},{\"@type\":\"Organization\",\"@id\":\"https:\\\/\\\/fmgente.com.ar\\\/web\\\/#organization\",\"name\":\"Fm Gente\",\"url\":\"https:\\\/\\\/fmgente.com.ar\\\/web\\\/\",\"logo\":{\"@type\":\"ImageObject\",\"inLanguage\":\"es\",\"@id\":\"https:\\\/\\\/fmgente.com.ar\\\/web\\\/#\\\/schema\\\/logo\\\/image\\\/\",\"url\":\"https:\\\/\\\/fmgente.com.ar\\\/web\\\/wp-content\\\/uploads\\\/2023\\\/07\\\/cropped-cropped-logo-sombra2.png\",\"contentUrl\":\"https:\\\/\\\/fmgente.com.ar\\\/web\\\/wp-content\\\/uploads\\\/2023\\\/07\\\/cropped-cropped-logo-sombra2.png\",\"width\":1782,\"height\":1782,\"caption\":\"Fm Gente\"},\"image\":{\"@id\":\"https:\\\/\\\/fmgente.com.ar\\\/web\\\/#\\\/schema\\\/logo\\\/image\\\/\"}}]}<\/script>\n<!-- \/ Yoast SEO plugin. -->","yoast_head_json":{"title":"Presidente del Parlamento iran\u00ed advierte que \u201cenemigos\u201d se preparan para ocupar una isla con apoyo regional - Fm Gente","robots":{"index":"index","follow":"follow","max-snippet":"max-snippet:-1","max-image-preview":"max-image-preview:large","max-video-preview":"max-video-preview:-1"},"canonical":"https:\/\/fmgente.com.ar\/web\/presidente-del-parlamento-irani-advierte-que-enemigos-se-preparan-para-ocupar-una-isla-con-apoyo-regional\/","og_locale":"es_ES","og_type":"article","og_title":"Presidente del Parlamento iran\u00ed advierte que \u201cenemigos\u201d se preparan para ocupar una isla con apoyo regional - Fm Gente","og_description":"Buenos Aires, 25 marzo (NA) \u2013 El presidente del Parlamento iran\u00ed, Mohammad Bagher Ghalibaf, declar\u00f3","og_url":"https:\/\/fmgente.com.ar\/web\/presidente-del-parlamento-irani-advierte-que-enemigos-se-preparan-para-ocupar-una-isla-con-apoyo-regional\/","og_site_name":"Fm Gente","article_published_time":"2026-03-25T20:05:22+00:00","twitter_card":"summary_large_image","twitter_misc":{"Tiempo de lectura":"1 minuto"},"schema":{"@context":"https:\/\/schema.org","@graph":[{"@type":"Article","@id":"https:\/\/fmgente.com.ar\/web\/presidente-del-parlamento-irani-advierte-que-enemigos-se-preparan-para-ocupar-una-isla-con-apoyo-regional\/#article","isPartOf":{"@id":"https:\/\/fmgente.com.ar\/web\/presidente-del-parlamento-irani-advierte-que-enemigos-se-preparan-para-ocupar-una-isla-con-apoyo-regional\/"},"author":{"name":"","@id":""},"headline":"Presidente del Parlamento iran\u00ed advierte que \u201cenemigos\u201d se preparan para ocupar una isla con apoyo regional","datePublished":"2026-03-25T20:05:22+00:00","mainEntityOfPage":{"@id":"https:\/\/fmgente.com.ar\/web\/presidente-del-parlamento-irani-advierte-que-enemigos-se-preparan-para-ocupar-una-isla-con-apoyo-regional\/"},"wordCount":220,"publisher":{"@id":"https:\/\/fmgente.com.ar\/web\/#organization"},"image":{"@id":"https:\/\/fmgente.com.ar\/web\/presidente-del-parlamento-irani-advierte-que-enemigos-se-preparan-para-ocupar-una-isla-con-apoyo-regional\/#primaryimage"},"thumbnailUrl":"https:\/\/fmgente.com.ar\/web\/wp-content\/uploads\/2026\/03\/720-1004.jpeg","articleSection":["REGIONALES"],"inLanguage":"es"},{"@type":"WebPage","@id":"https:\/\/fmgente.com.ar\/web\/presidente-del-parlamento-irani-advierte-que-enemigos-se-preparan-para-ocupar-una-isla-con-apoyo-regional\/","url":"https:\/\/fmgente.com.ar\/web\/presidente-del-parlamento-irani-advierte-que-enemigos-se-preparan-para-ocupar-una-isla-con-apoyo-regional\/","name":"Presidente del Parlamento iran\u00ed advierte que \u201cenemigos\u201d se preparan para ocupar una isla con apoyo regional - Fm Gente","isPartOf":{"@id":"https:\/\/fmgente.com.ar\/web\/#website"},"primaryImageOfPage":{"@id":"https:\/\/fmgente.com.ar\/web\/presidente-del-parlamento-irani-advierte-que-enemigos-se-preparan-para-ocupar-una-isla-con-apoyo-regional\/#primaryimage"},"image":{"@id":"https:\/\/fmgente.com.ar\/web\/presidente-del-parlamento-irani-advierte-que-enemigos-se-preparan-para-ocupar-una-isla-con-apoyo-regional\/#primaryimage"},"thumbnailUrl":"https:\/\/fmgente.com.ar\/web\/wp-content\/uploads\/2026\/03\/720-1004.jpeg","datePublished":"2026-03-25T20:05:22+00:00","inLanguage":"es","potentialAction":[{"@type":"ReadAction","target":["https:\/\/fmgente.com.ar\/web\/presidente-del-parlamento-irani-advierte-que-enemigos-se-preparan-para-ocupar-una-isla-con-apoyo-regional\/"]}]},{"@type":"ImageObject","inLanguage":"es","@id":"https:\/\/fmgente.com.ar\/web\/presidente-del-parlamento-irani-advierte-que-enemigos-se-preparan-para-ocupar-una-isla-con-apoyo-regional\/#primaryimage","url":"https:\/\/fmgente.com.ar\/web\/wp-content\/uploads\/2026\/03\/720-1004.jpeg","contentUrl":"https:\/\/fmgente.com.ar\/web\/wp-content\/uploads\/2026\/03\/720-1004.jpeg","width":1280,"height":683},{"@type":"WebSite","@id":"https:\/\/fmgente.com.ar\/web\/#website","url":"https:\/\/fmgente.com.ar\/web\/","name":"Fm Gente","description":"- Jes\u00fas Mar\u00eda","publisher":{"@id":"https:\/\/fmgente.com.ar\/web\/#organization"},"potentialAction":[{"@type":"SearchAction","target":{"@type":"EntryPoint","urlTemplate":"https:\/\/fmgente.com.ar\/web\/?s={search_term_string}"},"query-input":{"@type":"PropertyValueSpecification","valueRequired":true,"valueName":"search_term_string"}}],"inLanguage":"es"},{"@type":"Organization","@id":"https:\/\/fmgente.com.ar\/web\/#organization","name":"Fm Gente","url":"https:\/\/fmgente.com.ar\/web\/","logo":{"@type":"ImageObject","inLanguage":"es","@id":"https:\/\/fmgente.com.ar\/web\/#\/schema\/logo\/image\/","url":"https:\/\/fmgente.com.ar\/web\/wp-content\/uploads\/2023\/07\/cropped-cropped-logo-sombra2.png","contentUrl":"https:\/\/fmgente.com.ar\/web\/wp-content\/uploads\/2023\/07\/cropped-cropped-logo-sombra2.png","width":1782,"height":1782,"caption":"Fm Gente"},"image":{"@id":"https:\/\/fmgente.com.ar\/web\/#\/schema\/logo\/image\/"}}]}},"_links":{"self":[{"href":"https:\/\/fmgente.com.ar\/web\/wp-json\/wp\/v2\/posts\/16611","targetHints":{"allow":["GET"]}}],"collection":[{"href":"https:\/\/fmgente.com.ar\/web\/wp-json\/wp\/v2\/posts"}],"about":[{"href":"https:\/\/fmgente.com.ar\/web\/wp-json\/wp\/v2\/types\/post"}],"replies":[{"embeddable":true,"href":"https:\/\/fmgente.com.ar\/web\/wp-json\/wp\/v2\/comments?post=16611"}],"version-history":[{"count":0,"href":"https:\/\/fmgente.com.ar\/web\/wp-json\/wp\/v2\/posts\/16611\/revisions"}],"wp:featuredmedia":[{"embeddable":true,"href":"https:\/\/fmgente.com.ar\/web\/wp-json\/wp\/v2\/media\/16612"}],"wp:attachment":[{"href":"https:\/\/fmgente.com.ar\/web\/wp-json\/wp\/v2\/media?parent=16611"}],"wp:term":[{"taxonomy":"category","embeddable":true,"href":"https:\/\/fmgente.com.ar\/web\/wp-json\/wp\/v2\/categories?post=16611"},{"taxonomy":"post_tag","embeddable":true,"href":"https:\/\/fmgente.com.ar\/web\/wp-json\/wp\/v2\/tags?post=16611"}],"curies":[{"name":"wp","href":"https:\/\/api.w.org\/{rel}","templated":true}]}}