{"id":16605,"date":"2026-03-25T17:05:20","date_gmt":"2026-03-25T20:05:20","guid":{"rendered":"https:\/\/fmgente.com.ar\/web\/indec-el-turismo-internacional-crecio-un-80-interanual-en-febrero\/"},"modified":"2026-03-25T17:05:20","modified_gmt":"2026-03-25T20:05:20","slug":"indec-el-turismo-internacional-crecio-un-80-interanual-en-febrero","status":"publish","type":"post","link":"https:\/\/fmgente.com.ar\/web\/indec-el-turismo-internacional-crecio-un-80-interanual-en-febrero\/","title":{"rendered":"INDEC: el turismo internacional creci\u00f3 un 8,0% interanual en febrero"},"content":{"rendered":"<p>Buenos Aires, 25 marzo (NA) \u2013 El Instituto Nacional de Estad\u00edstica y Censos (INDEC) dio a conocer este mi\u00e9rcoles el dato de turismo internacional que arrib\u00f3 al pa\u00eds en el mes de febrero.<\/p>\n<p>Seg\u00fan supo la Agencia Noticias Argentinas, el turismo internacional creci\u00f3 8,0% respecto al mismo per\u00edodo de febrero de 2025 pero, baj\u00f3 el n\u00famero de argentinos que veranearon fuera del pa\u00eds.<\/p>\n<p>Al respecto, el INDEC indica en sus datos que: \u201cEn febrero de 2026 ingresaron 534,2 mil turistas internacionales a la Argentina y salieron 1,63 millones: 8,0% m\u00e1s y 10,7% menos interanual, respectivamente.\u201d.<\/p>\n<p>En el informe del d\u00eda, el INDEC dio a conocer el dato tur\u00edstico sobre el mes de febrero de 2026. En el mismo expresa que \u201cingresaron 852,0 miles de visitantes no residentes por todas las v\u00edas de acceso al pa\u00eds, de los cuales 534,2 miles fueron turistas y 317,8 miles fueron excursionistas\u201d.<\/p>\n<p>\u00bfDE QU\u00c9 PARTE DEL MUNDO LLEGARON LOS TURISTAS?<\/p>\n<p>En el an\u00e1lisis, el INDEC marca que \u201cel 21,1% del turismo receptivo reside en Chile; el 19,5% en Europa; el 13,8% en \u201cEstados Unidos y Canad\u00e1\u201d. A su vez, el 13,0% lo hace en Brasil.<\/p>\n<p>Por otro lado, comunica que \u201cel 43,1% de los turistas no residentes lleg\u00f3 a Argentina a trav\u00e9s de la v\u00eda terrestre; el 42,5% por v\u00eda a\u00e9rea; y el 14,4% restante, por v\u00eda fluvial\/mar\u00edtima. Los pasos relevados por la Encuesta de Turismo Internacional (ETI) representaron el 41,0% del total del turismo receptivo\u201d.<\/p>\n<p>Adem\u00e1s, \u201clas salidas al exterior incluyeron a 2.172,6 miles de visitantes residentes por todas las v\u00edas internacionales, de los cuales 1.629,2 miles fueron turistas y 543,4 miles fueron excursionistas\u201d.<\/p>\n<p>\u00bfCU\u00c1LES FUERON LOS PRINCIPALES PA\u00cdSES A LOS QUE VIAJARON LOS ARGENTINOS EN FEBRERO?<\/p>\n<p>Sobre los viajes de los argentinos, el INDEC registr\u00f3 que \u201cel 82,2% del turismo emisivo se dirigi\u00f3 a los pa\u00edses lim\u00edtrofes\u201d, y \u201clos principales destinos fueron Brasil, con 36,4%; Uruguay, con 16,5%; y Chile, con 15,3%\u201d.<\/p>\n<p>Asimismo, a\u00f1adi\u00f3 que \u201cel 53,5% de los turistas residentes salieron del pa\u00eds por v\u00eda terrestre; el 37,1% por v\u00eda a\u00e9rea; y el 9,5% por v\u00eda fluvial\/mar\u00edtima. Los pasos relevados por la ETI representaron el 34,3% del total del turismo emisivo\u201d.<\/p>\n<p>LOS MOTIVOS DE LOS VIAJES DE TURISTAS NO RESIDENTES Y RESIDENTES<\/p>\n<p>En cuanto a los motivos de los desplazamientos, \u201cel 57,8% de los turistas no residentes indic\u00f3 que \u2018Vacaciones\/ocio\u2019 fue el motivo principal del viaje. Le sigui\u00f3 \u2018Visita a familiares o amigos\u2019, que represent\u00f3 el 28,4%\u201d. Adem\u00e1s, \u201cel 80,4% de los turistas residentes indic\u00f3 que el principal motivo de su viaje fue \u2018Vacaciones\/ocio\u2019, seguido por \u2018Visita a familiares o amigos\u2019, que fue la opci\u00f3n elegida por el 10,5%\u201d.<\/p>\n<p>Por \u00faltimo, los datos informan que: \u201cEn febrero, se registr\u00f3 un saldo negativo de 1.320,6 miles de visitantes internacionales por todas las v\u00edas de acceso al pa\u00eds. Este resultado se debi\u00f3 a los saldos negativos de 1.095,0 miles de turistas y de 225,7 miles de excursionistas\u201d. #AgenciaNA.<\/p>\n","protected":false},"excerpt":{"rendered":"<p>Buenos Aires, 25 marzo (NA) \u2013 El Instituto Nacional de Estad\u00edstica y Censos (INDEC) dio<\/p>\n","protected":false},"author":0,"featured_media":16606,"comment_status":"","ping_status":"","sticky":false,"template":"","format":"standard","meta":{"footnotes":""},"categories":[1],"tags":[],"class_list":["post-16605","post","type-post","status-publish","format-standard","has-post-thumbnail","hentry","category-regionales"],"yoast_head":"<!-- This site is optimized with the Yoast SEO plugin v27.4 - https:\/\/yoast.com\/product\/yoast-seo-wordpress\/ -->\n<title>INDEC: el turismo internacional creci\u00f3 un 8,0% interanual en febrero - Fm Gente<\/title>\n<meta name=\"robots\" content=\"index, follow, max-snippet:-1, max-image-preview:large, max-video-preview:-1\" \/>\n<link rel=\"canonical\" href=\"https:\/\/fmgente.com.ar\/web\/indec-el-turismo-internacional-crecio-un-80-interanual-en-febrero\/\" \/>\n<meta property=\"og:locale\" content=\"es_ES\" \/>\n<meta property=\"og:type\" content=\"article\" \/>\n<meta property=\"og:title\" content=\"INDEC: el turismo internacional creci\u00f3 un 8,0% interanual en febrero - Fm Gente\" \/>\n<meta property=\"og:description\" content=\"Buenos Aires, 25 marzo (NA) \u2013 El Instituto Nacional de Estad\u00edstica y Censos (INDEC) dio\" \/>\n<meta property=\"og:url\" content=\"https:\/\/fmgente.com.ar\/web\/indec-el-turismo-internacional-crecio-un-80-interanual-en-febrero\/\" \/>\n<meta property=\"og:site_name\" content=\"Fm Gente\" \/>\n<meta property=\"article:published_time\" content=\"2026-03-25T20:05:20+00:00\" \/>\n<meta name=\"twitter:card\" content=\"summary_large_image\" \/>\n<meta name=\"twitter:label1\" content=\"Tiempo de lectura\" \/>\n\t<meta name=\"twitter:data1\" content=\"2 minutos\" \/>\n<script type=\"application\/ld+json\" class=\"yoast-schema-graph\">{\"@context\":\"https:\\\/\\\/schema.org\",\"@graph\":[{\"@type\":\"Article\",\"@id\":\"https:\\\/\\\/fmgente.com.ar\\\/web\\\/indec-el-turismo-internacional-crecio-un-80-interanual-en-febrero\\\/#article\",\"isPartOf\":{\"@id\":\"https:\\\/\\\/fmgente.com.ar\\\/web\\\/indec-el-turismo-internacional-crecio-un-80-interanual-en-febrero\\\/\"},\"author\":{\"name\":\"\",\"@id\":\"\"},\"headline\":\"INDEC: el turismo internacional creci\u00f3 un 8,0% interanual en febrero\",\"datePublished\":\"2026-03-25T20:05:20+00:00\",\"mainEntityOfPage\":{\"@id\":\"https:\\\/\\\/fmgente.com.ar\\\/web\\\/indec-el-turismo-internacional-crecio-un-80-interanual-en-febrero\\\/\"},\"wordCount\":494,\"publisher\":{\"@id\":\"https:\\\/\\\/fmgente.com.ar\\\/web\\\/#organization\"},\"image\":{\"@id\":\"https:\\\/\\\/fmgente.com.ar\\\/web\\\/indec-el-turismo-internacional-crecio-un-80-interanual-en-febrero\\\/#primaryimage\"},\"thumbnailUrl\":\"https:\\\/\\\/fmgente.com.ar\\\/web\\\/wp-content\\\/uploads\\\/2026\\\/03\\\/720-1001.jpeg\",\"articleSection\":[\"REGIONALES\"],\"inLanguage\":\"es\"},{\"@type\":\"WebPage\",\"@id\":\"https:\\\/\\\/fmgente.com.ar\\\/web\\\/indec-el-turismo-internacional-crecio-un-80-interanual-en-febrero\\\/\",\"url\":\"https:\\\/\\\/fmgente.com.ar\\\/web\\\/indec-el-turismo-internacional-crecio-un-80-interanual-en-febrero\\\/\",\"name\":\"INDEC: el turismo internacional creci\u00f3 un 8,0% interanual en febrero - Fm Gente\",\"isPartOf\":{\"@id\":\"https:\\\/\\\/fmgente.com.ar\\\/web\\\/#website\"},\"primaryImageOfPage\":{\"@id\":\"https:\\\/\\\/fmgente.com.ar\\\/web\\\/indec-el-turismo-internacional-crecio-un-80-interanual-en-febrero\\\/#primaryimage\"},\"image\":{\"@id\":\"https:\\\/\\\/fmgente.com.ar\\\/web\\\/indec-el-turismo-internacional-crecio-un-80-interanual-en-febrero\\\/#primaryimage\"},\"thumbnailUrl\":\"https:\\\/\\\/fmgente.com.ar\\\/web\\\/wp-content\\\/uploads\\\/2026\\\/03\\\/720-1001.jpeg\",\"datePublished\":\"2026-03-25T20:05:20+00:00\",\"inLanguage\":\"es\",\"potentialAction\":[{\"@type\":\"ReadAction\",\"target\":[\"https:\\\/\\\/fmgente.com.ar\\\/web\\\/indec-el-turismo-internacional-crecio-un-80-interanual-en-febrero\\\/\"]}]},{\"@type\":\"ImageObject\",\"inLanguage\":\"es\",\"@id\":\"https:\\\/\\\/fmgente.com.ar\\\/web\\\/indec-el-turismo-internacional-crecio-un-80-interanual-en-febrero\\\/#primaryimage\",\"url\":\"https:\\\/\\\/fmgente.com.ar\\\/web\\\/wp-content\\\/uploads\\\/2026\\\/03\\\/720-1001.jpeg\",\"contentUrl\":\"https:\\\/\\\/fmgente.com.ar\\\/web\\\/wp-content\\\/uploads\\\/2026\\\/03\\\/720-1001.jpeg\",\"width\":1117,\"height\":720},{\"@type\":\"WebSite\",\"@id\":\"https:\\\/\\\/fmgente.com.ar\\\/web\\\/#website\",\"url\":\"https:\\\/\\\/fmgente.com.ar\\\/web\\\/\",\"name\":\"Fm Gente\",\"description\":\"- Jes\u00fas Mar\u00eda\",\"publisher\":{\"@id\":\"https:\\\/\\\/fmgente.com.ar\\\/web\\\/#organization\"},\"potentialAction\":[{\"@type\":\"SearchAction\",\"target\":{\"@type\":\"EntryPoint\",\"urlTemplate\":\"https:\\\/\\\/fmgente.com.ar\\\/web\\\/?s={search_term_string}\"},\"query-input\":{\"@type\":\"PropertyValueSpecification\",\"valueRequired\":true,\"valueName\":\"search_term_string\"}}],\"inLanguage\":\"es\"},{\"@type\":\"Organization\",\"@id\":\"https:\\\/\\\/fmgente.com.ar\\\/web\\\/#organization\",\"name\":\"Fm Gente\",\"url\":\"https:\\\/\\\/fmgente.com.ar\\\/web\\\/\",\"logo\":{\"@type\":\"ImageObject\",\"inLanguage\":\"es\",\"@id\":\"https:\\\/\\\/fmgente.com.ar\\\/web\\\/#\\\/schema\\\/logo\\\/image\\\/\",\"url\":\"https:\\\/\\\/fmgente.com.ar\\\/web\\\/wp-content\\\/uploads\\\/2023\\\/07\\\/cropped-cropped-logo-sombra2.png\",\"contentUrl\":\"https:\\\/\\\/fmgente.com.ar\\\/web\\\/wp-content\\\/uploads\\\/2023\\\/07\\\/cropped-cropped-logo-sombra2.png\",\"width\":1782,\"height\":1782,\"caption\":\"Fm Gente\"},\"image\":{\"@id\":\"https:\\\/\\\/fmgente.com.ar\\\/web\\\/#\\\/schema\\\/logo\\\/image\\\/\"}}]}<\/script>\n<!-- \/ Yoast SEO plugin. -->","yoast_head_json":{"title":"INDEC: el turismo internacional creci\u00f3 un 8,0% interanual en febrero - Fm Gente","robots":{"index":"index","follow":"follow","max-snippet":"max-snippet:-1","max-image-preview":"max-image-preview:large","max-video-preview":"max-video-preview:-1"},"canonical":"https:\/\/fmgente.com.ar\/web\/indec-el-turismo-internacional-crecio-un-80-interanual-en-febrero\/","og_locale":"es_ES","og_type":"article","og_title":"INDEC: el turismo internacional creci\u00f3 un 8,0% interanual en febrero - Fm Gente","og_description":"Buenos Aires, 25 marzo (NA) \u2013 El Instituto Nacional de Estad\u00edstica y Censos (INDEC) dio","og_url":"https:\/\/fmgente.com.ar\/web\/indec-el-turismo-internacional-crecio-un-80-interanual-en-febrero\/","og_site_name":"Fm Gente","article_published_time":"2026-03-25T20:05:20+00:00","twitter_card":"summary_large_image","twitter_misc":{"Tiempo de lectura":"2 minutos"},"schema":{"@context":"https:\/\/schema.org","@graph":[{"@type":"Article","@id":"https:\/\/fmgente.com.ar\/web\/indec-el-turismo-internacional-crecio-un-80-interanual-en-febrero\/#article","isPartOf":{"@id":"https:\/\/fmgente.com.ar\/web\/indec-el-turismo-internacional-crecio-un-80-interanual-en-febrero\/"},"author":{"name":"","@id":""},"headline":"INDEC: el turismo internacional creci\u00f3 un 8,0% interanual en febrero","datePublished":"2026-03-25T20:05:20+00:00","mainEntityOfPage":{"@id":"https:\/\/fmgente.com.ar\/web\/indec-el-turismo-internacional-crecio-un-80-interanual-en-febrero\/"},"wordCount":494,"publisher":{"@id":"https:\/\/fmgente.com.ar\/web\/#organization"},"image":{"@id":"https:\/\/fmgente.com.ar\/web\/indec-el-turismo-internacional-crecio-un-80-interanual-en-febrero\/#primaryimage"},"thumbnailUrl":"https:\/\/fmgente.com.ar\/web\/wp-content\/uploads\/2026\/03\/720-1001.jpeg","articleSection":["REGIONALES"],"inLanguage":"es"},{"@type":"WebPage","@id":"https:\/\/fmgente.com.ar\/web\/indec-el-turismo-internacional-crecio-un-80-interanual-en-febrero\/","url":"https:\/\/fmgente.com.ar\/web\/indec-el-turismo-internacional-crecio-un-80-interanual-en-febrero\/","name":"INDEC: el turismo internacional creci\u00f3 un 8,0% interanual en febrero - Fm Gente","isPartOf":{"@id":"https:\/\/fmgente.com.ar\/web\/#website"},"primaryImageOfPage":{"@id":"https:\/\/fmgente.com.ar\/web\/indec-el-turismo-internacional-crecio-un-80-interanual-en-febrero\/#primaryimage"},"image":{"@id":"https:\/\/fmgente.com.ar\/web\/indec-el-turismo-internacional-crecio-un-80-interanual-en-febrero\/#primaryimage"},"thumbnailUrl":"https:\/\/fmgente.com.ar\/web\/wp-content\/uploads\/2026\/03\/720-1001.jpeg","datePublished":"2026-03-25T20:05:20+00:00","inLanguage":"es","potentialAction":[{"@type":"ReadAction","target":["https:\/\/fmgente.com.ar\/web\/indec-el-turismo-internacional-crecio-un-80-interanual-en-febrero\/"]}]},{"@type":"ImageObject","inLanguage":"es","@id":"https:\/\/fmgente.com.ar\/web\/indec-el-turismo-internacional-crecio-un-80-interanual-en-febrero\/#primaryimage","url":"https:\/\/fmgente.com.ar\/web\/wp-content\/uploads\/2026\/03\/720-1001.jpeg","contentUrl":"https:\/\/fmgente.com.ar\/web\/wp-content\/uploads\/2026\/03\/720-1001.jpeg","width":1117,"height":720},{"@type":"WebSite","@id":"https:\/\/fmgente.com.ar\/web\/#website","url":"https:\/\/fmgente.com.ar\/web\/","name":"Fm Gente","description":"- Jes\u00fas Mar\u00eda","publisher":{"@id":"https:\/\/fmgente.com.ar\/web\/#organization"},"potentialAction":[{"@type":"SearchAction","target":{"@type":"EntryPoint","urlTemplate":"https:\/\/fmgente.com.ar\/web\/?s={search_term_string}"},"query-input":{"@type":"PropertyValueSpecification","valueRequired":true,"valueName":"search_term_string"}}],"inLanguage":"es"},{"@type":"Organization","@id":"https:\/\/fmgente.com.ar\/web\/#organization","name":"Fm Gente","url":"https:\/\/fmgente.com.ar\/web\/","logo":{"@type":"ImageObject","inLanguage":"es","@id":"https:\/\/fmgente.com.ar\/web\/#\/schema\/logo\/image\/","url":"https:\/\/fmgente.com.ar\/web\/wp-content\/uploads\/2023\/07\/cropped-cropped-logo-sombra2.png","contentUrl":"https:\/\/fmgente.com.ar\/web\/wp-content\/uploads\/2023\/07\/cropped-cropped-logo-sombra2.png","width":1782,"height":1782,"caption":"Fm Gente"},"image":{"@id":"https:\/\/fmgente.com.ar\/web\/#\/schema\/logo\/image\/"}}]}},"_links":{"self":[{"href":"https:\/\/fmgente.com.ar\/web\/wp-json\/wp\/v2\/posts\/16605","targetHints":{"allow":["GET"]}}],"collection":[{"href":"https:\/\/fmgente.com.ar\/web\/wp-json\/wp\/v2\/posts"}],"about":[{"href":"https:\/\/fmgente.com.ar\/web\/wp-json\/wp\/v2\/types\/post"}],"replies":[{"embeddable":true,"href":"https:\/\/fmgente.com.ar\/web\/wp-json\/wp\/v2\/comments?post=16605"}],"version-history":[{"count":0,"href":"https:\/\/fmgente.com.ar\/web\/wp-json\/wp\/v2\/posts\/16605\/revisions"}],"wp:featuredmedia":[{"embeddable":true,"href":"https:\/\/fmgente.com.ar\/web\/wp-json\/wp\/v2\/media\/16606"}],"wp:attachment":[{"href":"https:\/\/fmgente.com.ar\/web\/wp-json\/wp\/v2\/media?parent=16605"}],"wp:term":[{"taxonomy":"category","embeddable":true,"href":"https:\/\/fmgente.com.ar\/web\/wp-json\/wp\/v2\/categories?post=16605"},{"taxonomy":"post_tag","embeddable":true,"href":"https:\/\/fmgente.com.ar\/web\/wp-json\/wp\/v2\/tags?post=16605"}],"curies":[{"name":"wp","href":"https:\/\/api.w.org\/{rel}","templated":true}]}}