{"id":16603,"date":"2026-03-25T16:15:19","date_gmt":"2026-03-25T19:15:19","guid":{"rendered":"https:\/\/fmgente.com.ar\/web\/mi-apoyo-intacto-el-blindaje-de-karina-milei-a-manuel-adorni-en-medio-de-la-polemica\/"},"modified":"2026-03-25T16:15:19","modified_gmt":"2026-03-25T19:15:19","slug":"mi-apoyo-intacto-el-blindaje-de-karina-milei-a-manuel-adorni-en-medio-de-la-polemica","status":"publish","type":"post","link":"https:\/\/fmgente.com.ar\/web\/mi-apoyo-intacto-el-blindaje-de-karina-milei-a-manuel-adorni-en-medio-de-la-polemica\/","title":{"rendered":"&quot;Mi apoyo, intacto&quot;: el blindaje de Karina Milei a Manuel Adorni en medio de la pol\u00e9mica"},"content":{"rendered":"<p>Buenos Aires, 25 marzo (NA) \u2013  A Karina Milei, la secretaria general de la presidencia, le alcanzaron dos oraciones y una foto para dejar en claro que sigue el respaldo al jefe de Gabinete, Manuel Adorni, luego de los vuelos que protagoniz\u00f3 con su mujer Bettina Angeletti. La funcionaria constituye el principal apoyo para el ministro coordinador.<\/p>\n<p>\u00abMi apoyo, intacto. M\u00e1s all\u00e1 de las operaciones del periodismo y la vieja pol\u00edtica s\u00e9 qui\u00e9n sos y de tu integridad\u00bb, expres\u00f3 \u00abEl Jefe\u00bb a trav\u00e9s de su cuenta de X. El mensaje fue acompa\u00f1ado por una fotograf\u00eda junto al vocero, una imagen tomada en los pasillos de la Casa Rosada.<\/p>\n<p>Este nuevo gesto de Karina Milei, que aparece luego de la conferencia de prensa del ex vocero presidencial, intenta cerrar filas en una semana en la cual la oposici\u00f3n y el periodismo contin\u00faan indagando sobre el patrimonio de Adorni. <\/p>\n<p>El ministro coordinador se encarg\u00f3 de negar acusaciones y desminti\u00f3 versiones en su primera conferencia tras el conocimiento de los viajes con su esposa a Estados Unidos y Uruguay.<\/p>\n<p>Un funcionario revel\u00f3 ante la Agencia Noticias Argentinas que el balance de la actividad comunicacional fue positivo. \u201cFaltaba ser claro y desmentir categ\u00f3ricamente las operetas\u201d, defini\u00f3. El gabinete en pleno tambi\u00e9n se sum\u00f3 al apoyo del ministro coordinador, al acompa\u00f1arlo en p\u00fablico y, adem\u00e1s, con gestos en privado.<\/p>\n<p>Antes de dar lugar a las cinco preguntas habituales el jefe de Gabinete hizo referencia a su situaci\u00f3n y acus\u00f3 a la oposici\u00f3n de querer \u201cdesestabilizar\u201d al Gobierno. Por otro lado, en la administraci\u00f3n Milei siguen se\u00f1alando que no hay posibilidades de que renuncie. #AgenciaNA<\/p>\n","protected":false},"excerpt":{"rendered":"<p>Buenos Aires, 25 marzo (NA) \u2013 A Karina Milei, la secretaria general de la presidencia,<\/p>\n","protected":false},"author":0,"featured_media":16604,"comment_status":"","ping_status":"","sticky":false,"template":"","format":"standard","meta":{"footnotes":""},"categories":[1],"tags":[],"class_list":["post-16603","post","type-post","status-publish","format-standard","has-post-thumbnail","hentry","category-regionales"],"yoast_head":"<!-- This site is optimized with the Yoast SEO plugin v27.4 - https:\/\/yoast.com\/product\/yoast-seo-wordpress\/ -->\n<title>&quot;Mi apoyo, intacto&quot;: el blindaje de Karina Milei a Manuel Adorni en medio de la pol\u00e9mica - Fm Gente<\/title>\n<meta name=\"robots\" content=\"index, follow, max-snippet:-1, max-image-preview:large, max-video-preview:-1\" \/>\n<link rel=\"canonical\" href=\"https:\/\/fmgente.com.ar\/web\/mi-apoyo-intacto-el-blindaje-de-karina-milei-a-manuel-adorni-en-medio-de-la-polemica\/\" \/>\n<meta property=\"og:locale\" content=\"es_ES\" \/>\n<meta property=\"og:type\" content=\"article\" \/>\n<meta property=\"og:title\" content=\"&quot;Mi apoyo, intacto&quot;: el blindaje de Karina Milei a Manuel Adorni en medio de la pol\u00e9mica - Fm Gente\" \/>\n<meta property=\"og:description\" content=\"Buenos Aires, 25 marzo (NA) \u2013 A Karina Milei, la secretaria general de la presidencia,\" \/>\n<meta property=\"og:url\" content=\"https:\/\/fmgente.com.ar\/web\/mi-apoyo-intacto-el-blindaje-de-karina-milei-a-manuel-adorni-en-medio-de-la-polemica\/\" \/>\n<meta property=\"og:site_name\" content=\"Fm Gente\" \/>\n<meta property=\"article:published_time\" content=\"2026-03-25T19:15:19+00:00\" \/>\n<meta name=\"twitter:card\" content=\"summary_large_image\" \/>\n<meta name=\"twitter:label1\" content=\"Tiempo de lectura\" \/>\n\t<meta name=\"twitter:data1\" content=\"1 minuto\" \/>\n<script type=\"application\/ld+json\" class=\"yoast-schema-graph\">{\"@context\":\"https:\\\/\\\/schema.org\",\"@graph\":[{\"@type\":\"Article\",\"@id\":\"https:\\\/\\\/fmgente.com.ar\\\/web\\\/mi-apoyo-intacto-el-blindaje-de-karina-milei-a-manuel-adorni-en-medio-de-la-polemica\\\/#article\",\"isPartOf\":{\"@id\":\"https:\\\/\\\/fmgente.com.ar\\\/web\\\/mi-apoyo-intacto-el-blindaje-de-karina-milei-a-manuel-adorni-en-medio-de-la-polemica\\\/\"},\"author\":{\"name\":\"\",\"@id\":\"\"},\"headline\":\"&quot;Mi apoyo, intacto&quot;: el blindaje de Karina Milei a Manuel Adorni en medio de la pol\u00e9mica\",\"datePublished\":\"2026-03-25T19:15:19+00:00\",\"mainEntityOfPage\":{\"@id\":\"https:\\\/\\\/fmgente.com.ar\\\/web\\\/mi-apoyo-intacto-el-blindaje-de-karina-milei-a-manuel-adorni-en-medio-de-la-polemica\\\/\"},\"wordCount\":303,\"publisher\":{\"@id\":\"https:\\\/\\\/fmgente.com.ar\\\/web\\\/#organization\"},\"image\":{\"@id\":\"https:\\\/\\\/fmgente.com.ar\\\/web\\\/mi-apoyo-intacto-el-blindaje-de-karina-milei-a-manuel-adorni-en-medio-de-la-polemica\\\/#primaryimage\"},\"thumbnailUrl\":\"https:\\\/\\\/fmgente.com.ar\\\/web\\\/wp-content\\\/uploads\\\/2026\\\/03\\\/720-1000.jpeg\",\"articleSection\":[\"REGIONALES\"],\"inLanguage\":\"es\"},{\"@type\":\"WebPage\",\"@id\":\"https:\\\/\\\/fmgente.com.ar\\\/web\\\/mi-apoyo-intacto-el-blindaje-de-karina-milei-a-manuel-adorni-en-medio-de-la-polemica\\\/\",\"url\":\"https:\\\/\\\/fmgente.com.ar\\\/web\\\/mi-apoyo-intacto-el-blindaje-de-karina-milei-a-manuel-adorni-en-medio-de-la-polemica\\\/\",\"name\":\"&quot;Mi apoyo, intacto&quot;: el blindaje de Karina Milei a Manuel Adorni en medio de la pol\u00e9mica - Fm Gente\",\"isPartOf\":{\"@id\":\"https:\\\/\\\/fmgente.com.ar\\\/web\\\/#website\"},\"primaryImageOfPage\":{\"@id\":\"https:\\\/\\\/fmgente.com.ar\\\/web\\\/mi-apoyo-intacto-el-blindaje-de-karina-milei-a-manuel-adorni-en-medio-de-la-polemica\\\/#primaryimage\"},\"image\":{\"@id\":\"https:\\\/\\\/fmgente.com.ar\\\/web\\\/mi-apoyo-intacto-el-blindaje-de-karina-milei-a-manuel-adorni-en-medio-de-la-polemica\\\/#primaryimage\"},\"thumbnailUrl\":\"https:\\\/\\\/fmgente.com.ar\\\/web\\\/wp-content\\\/uploads\\\/2026\\\/03\\\/720-1000.jpeg\",\"datePublished\":\"2026-03-25T19:15:19+00:00\",\"inLanguage\":\"es\",\"potentialAction\":[{\"@type\":\"ReadAction\",\"target\":[\"https:\\\/\\\/fmgente.com.ar\\\/web\\\/mi-apoyo-intacto-el-blindaje-de-karina-milei-a-manuel-adorni-en-medio-de-la-polemica\\\/\"]}]},{\"@type\":\"ImageObject\",\"inLanguage\":\"es\",\"@id\":\"https:\\\/\\\/fmgente.com.ar\\\/web\\\/mi-apoyo-intacto-el-blindaje-de-karina-milei-a-manuel-adorni-en-medio-de-la-polemica\\\/#primaryimage\",\"url\":\"https:\\\/\\\/fmgente.com.ar\\\/web\\\/wp-content\\\/uploads\\\/2026\\\/03\\\/720-1000.jpeg\",\"contentUrl\":\"https:\\\/\\\/fmgente.com.ar\\\/web\\\/wp-content\\\/uploads\\\/2026\\\/03\\\/720-1000.jpeg\",\"width\":406,\"height\":720},{\"@type\":\"WebSite\",\"@id\":\"https:\\\/\\\/fmgente.com.ar\\\/web\\\/#website\",\"url\":\"https:\\\/\\\/fmgente.com.ar\\\/web\\\/\",\"name\":\"Fm Gente\",\"description\":\"- Jes\u00fas Mar\u00eda\",\"publisher\":{\"@id\":\"https:\\\/\\\/fmgente.com.ar\\\/web\\\/#organization\"},\"potentialAction\":[{\"@type\":\"SearchAction\",\"target\":{\"@type\":\"EntryPoint\",\"urlTemplate\":\"https:\\\/\\\/fmgente.com.ar\\\/web\\\/?s={search_term_string}\"},\"query-input\":{\"@type\":\"PropertyValueSpecification\",\"valueRequired\":true,\"valueName\":\"search_term_string\"}}],\"inLanguage\":\"es\"},{\"@type\":\"Organization\",\"@id\":\"https:\\\/\\\/fmgente.com.ar\\\/web\\\/#organization\",\"name\":\"Fm Gente\",\"url\":\"https:\\\/\\\/fmgente.com.ar\\\/web\\\/\",\"logo\":{\"@type\":\"ImageObject\",\"inLanguage\":\"es\",\"@id\":\"https:\\\/\\\/fmgente.com.ar\\\/web\\\/#\\\/schema\\\/logo\\\/image\\\/\",\"url\":\"https:\\\/\\\/fmgente.com.ar\\\/web\\\/wp-content\\\/uploads\\\/2023\\\/07\\\/cropped-cropped-logo-sombra2.png\",\"contentUrl\":\"https:\\\/\\\/fmgente.com.ar\\\/web\\\/wp-content\\\/uploads\\\/2023\\\/07\\\/cropped-cropped-logo-sombra2.png\",\"width\":1782,\"height\":1782,\"caption\":\"Fm Gente\"},\"image\":{\"@id\":\"https:\\\/\\\/fmgente.com.ar\\\/web\\\/#\\\/schema\\\/logo\\\/image\\\/\"}}]}<\/script>\n<!-- \/ Yoast SEO plugin. -->","yoast_head_json":{"title":"&quot;Mi apoyo, intacto&quot;: el blindaje de Karina Milei a Manuel Adorni en medio de la pol\u00e9mica - Fm Gente","robots":{"index":"index","follow":"follow","max-snippet":"max-snippet:-1","max-image-preview":"max-image-preview:large","max-video-preview":"max-video-preview:-1"},"canonical":"https:\/\/fmgente.com.ar\/web\/mi-apoyo-intacto-el-blindaje-de-karina-milei-a-manuel-adorni-en-medio-de-la-polemica\/","og_locale":"es_ES","og_type":"article","og_title":"&quot;Mi apoyo, intacto&quot;: el blindaje de Karina Milei a Manuel Adorni en medio de la pol\u00e9mica - Fm Gente","og_description":"Buenos Aires, 25 marzo (NA) \u2013 A Karina Milei, la secretaria general de la presidencia,","og_url":"https:\/\/fmgente.com.ar\/web\/mi-apoyo-intacto-el-blindaje-de-karina-milei-a-manuel-adorni-en-medio-de-la-polemica\/","og_site_name":"Fm Gente","article_published_time":"2026-03-25T19:15:19+00:00","twitter_card":"summary_large_image","twitter_misc":{"Tiempo de lectura":"1 minuto"},"schema":{"@context":"https:\/\/schema.org","@graph":[{"@type":"Article","@id":"https:\/\/fmgente.com.ar\/web\/mi-apoyo-intacto-el-blindaje-de-karina-milei-a-manuel-adorni-en-medio-de-la-polemica\/#article","isPartOf":{"@id":"https:\/\/fmgente.com.ar\/web\/mi-apoyo-intacto-el-blindaje-de-karina-milei-a-manuel-adorni-en-medio-de-la-polemica\/"},"author":{"name":"","@id":""},"headline":"&quot;Mi apoyo, intacto&quot;: el blindaje de Karina Milei a Manuel Adorni en medio de la pol\u00e9mica","datePublished":"2026-03-25T19:15:19+00:00","mainEntityOfPage":{"@id":"https:\/\/fmgente.com.ar\/web\/mi-apoyo-intacto-el-blindaje-de-karina-milei-a-manuel-adorni-en-medio-de-la-polemica\/"},"wordCount":303,"publisher":{"@id":"https:\/\/fmgente.com.ar\/web\/#organization"},"image":{"@id":"https:\/\/fmgente.com.ar\/web\/mi-apoyo-intacto-el-blindaje-de-karina-milei-a-manuel-adorni-en-medio-de-la-polemica\/#primaryimage"},"thumbnailUrl":"https:\/\/fmgente.com.ar\/web\/wp-content\/uploads\/2026\/03\/720-1000.jpeg","articleSection":["REGIONALES"],"inLanguage":"es"},{"@type":"WebPage","@id":"https:\/\/fmgente.com.ar\/web\/mi-apoyo-intacto-el-blindaje-de-karina-milei-a-manuel-adorni-en-medio-de-la-polemica\/","url":"https:\/\/fmgente.com.ar\/web\/mi-apoyo-intacto-el-blindaje-de-karina-milei-a-manuel-adorni-en-medio-de-la-polemica\/","name":"&quot;Mi apoyo, intacto&quot;: el blindaje de Karina Milei a Manuel Adorni en medio de la pol\u00e9mica - Fm Gente","isPartOf":{"@id":"https:\/\/fmgente.com.ar\/web\/#website"},"primaryImageOfPage":{"@id":"https:\/\/fmgente.com.ar\/web\/mi-apoyo-intacto-el-blindaje-de-karina-milei-a-manuel-adorni-en-medio-de-la-polemica\/#primaryimage"},"image":{"@id":"https:\/\/fmgente.com.ar\/web\/mi-apoyo-intacto-el-blindaje-de-karina-milei-a-manuel-adorni-en-medio-de-la-polemica\/#primaryimage"},"thumbnailUrl":"https:\/\/fmgente.com.ar\/web\/wp-content\/uploads\/2026\/03\/720-1000.jpeg","datePublished":"2026-03-25T19:15:19+00:00","inLanguage":"es","potentialAction":[{"@type":"ReadAction","target":["https:\/\/fmgente.com.ar\/web\/mi-apoyo-intacto-el-blindaje-de-karina-milei-a-manuel-adorni-en-medio-de-la-polemica\/"]}]},{"@type":"ImageObject","inLanguage":"es","@id":"https:\/\/fmgente.com.ar\/web\/mi-apoyo-intacto-el-blindaje-de-karina-milei-a-manuel-adorni-en-medio-de-la-polemica\/#primaryimage","url":"https:\/\/fmgente.com.ar\/web\/wp-content\/uploads\/2026\/03\/720-1000.jpeg","contentUrl":"https:\/\/fmgente.com.ar\/web\/wp-content\/uploads\/2026\/03\/720-1000.jpeg","width":406,"height":720},{"@type":"WebSite","@id":"https:\/\/fmgente.com.ar\/web\/#website","url":"https:\/\/fmgente.com.ar\/web\/","name":"Fm Gente","description":"- Jes\u00fas Mar\u00eda","publisher":{"@id":"https:\/\/fmgente.com.ar\/web\/#organization"},"potentialAction":[{"@type":"SearchAction","target":{"@type":"EntryPoint","urlTemplate":"https:\/\/fmgente.com.ar\/web\/?s={search_term_string}"},"query-input":{"@type":"PropertyValueSpecification","valueRequired":true,"valueName":"search_term_string"}}],"inLanguage":"es"},{"@type":"Organization","@id":"https:\/\/fmgente.com.ar\/web\/#organization","name":"Fm Gente","url":"https:\/\/fmgente.com.ar\/web\/","logo":{"@type":"ImageObject","inLanguage":"es","@id":"https:\/\/fmgente.com.ar\/web\/#\/schema\/logo\/image\/","url":"https:\/\/fmgente.com.ar\/web\/wp-content\/uploads\/2023\/07\/cropped-cropped-logo-sombra2.png","contentUrl":"https:\/\/fmgente.com.ar\/web\/wp-content\/uploads\/2023\/07\/cropped-cropped-logo-sombra2.png","width":1782,"height":1782,"caption":"Fm Gente"},"image":{"@id":"https:\/\/fmgente.com.ar\/web\/#\/schema\/logo\/image\/"}}]}},"_links":{"self":[{"href":"https:\/\/fmgente.com.ar\/web\/wp-json\/wp\/v2\/posts\/16603","targetHints":{"allow":["GET"]}}],"collection":[{"href":"https:\/\/fmgente.com.ar\/web\/wp-json\/wp\/v2\/posts"}],"about":[{"href":"https:\/\/fmgente.com.ar\/web\/wp-json\/wp\/v2\/types\/post"}],"replies":[{"embeddable":true,"href":"https:\/\/fmgente.com.ar\/web\/wp-json\/wp\/v2\/comments?post=16603"}],"version-history":[{"count":0,"href":"https:\/\/fmgente.com.ar\/web\/wp-json\/wp\/v2\/posts\/16603\/revisions"}],"wp:featuredmedia":[{"embeddable":true,"href":"https:\/\/fmgente.com.ar\/web\/wp-json\/wp\/v2\/media\/16604"}],"wp:attachment":[{"href":"https:\/\/fmgente.com.ar\/web\/wp-json\/wp\/v2\/media?parent=16603"}],"wp:term":[{"taxonomy":"category","embeddable":true,"href":"https:\/\/fmgente.com.ar\/web\/wp-json\/wp\/v2\/categories?post=16603"},{"taxonomy":"post_tag","embeddable":true,"href":"https:\/\/fmgente.com.ar\/web\/wp-json\/wp\/v2\/tags?post=16603"}],"curies":[{"name":"wp","href":"https:\/\/api.w.org\/{rel}","templated":true}]}}