{"id":16573,"date":"2026-03-25T14:19:25","date_gmt":"2026-03-25T17:19:25","guid":{"rendered":"https:\/\/fmgente.com.ar\/web\/la-extrana-reaccion-de-santiago-oria-a-la-conferencia-de-adorni-que-milei-decidio-retuitear\/"},"modified":"2026-03-25T14:19:25","modified_gmt":"2026-03-25T17:19:25","slug":"la-extrana-reaccion-de-santiago-oria-a-la-conferencia-de-adorni-que-milei-decidio-retuitear","status":"publish","type":"post","link":"https:\/\/fmgente.com.ar\/web\/la-extrana-reaccion-de-santiago-oria-a-la-conferencia-de-adorni-que-milei-decidio-retuitear\/","title":{"rendered":"La extra\u00f1a reacci\u00f3n de Santiago Or\u00eda a la conferencia de Adorni que Milei decidi\u00f3 retuitear"},"content":{"rendered":"<p>La primera conferencia de prensa del a\u00f1o de Manuel Adorni fue una verg\u00fcenza. No solo no pudo justificar los casos de corrupci\u00f3n que lo salpicaron durante los \u00faltimos d\u00edas, sino que parece no haberse dado cuenta de que en realidad le estaba rindiendo cuentas a la sociedad y no a los periodistas acreditados, que no son mas que intermediarios.<\/p>\n<p>Pero el cuestionable director de cine del gobierno, Santiago Or\u00eda, que fue blanco de las redes por su p\u00e9simo trabajo, arm\u00f3 una foto del Jefe de Gabinete que parece una promoci\u00f3n de un boliche gay.<\/p>\n<p>El presidente Milei no pudo mas que retuitear orgulloso la imagen de Adorni, pero las redes, incluso de parte de votantes libertarios, los destrozaron.<\/p>\n","protected":false},"excerpt":{"rendered":"<p>La primera conferencia de prensa del a\u00f1o de Manuel Adorni fue una verg\u00fcenza. No solo<\/p>\n","protected":false},"author":0,"featured_media":16574,"comment_status":"","ping_status":"","sticky":false,"template":"","format":"standard","meta":{"footnotes":""},"categories":[11],"tags":[],"class_list":["post-16573","post","type-post","status-publish","format-standard","has-post-thumbnail","hentry","category-destacadas"],"yoast_head":"<!-- This site is optimized with the Yoast SEO plugin v27.4 - https:\/\/yoast.com\/product\/yoast-seo-wordpress\/ -->\n<title>La extra\u00f1a reacci\u00f3n de Santiago Or\u00eda a la conferencia de Adorni que Milei decidi\u00f3 retuitear - Fm Gente<\/title>\n<meta name=\"robots\" content=\"index, follow, max-snippet:-1, max-image-preview:large, max-video-preview:-1\" \/>\n<link rel=\"canonical\" href=\"https:\/\/fmgente.com.ar\/web\/la-extrana-reaccion-de-santiago-oria-a-la-conferencia-de-adorni-que-milei-decidio-retuitear\/\" \/>\n<meta property=\"og:locale\" content=\"es_ES\" \/>\n<meta property=\"og:type\" content=\"article\" \/>\n<meta property=\"og:title\" content=\"La extra\u00f1a reacci\u00f3n de Santiago Or\u00eda a la conferencia de Adorni que Milei decidi\u00f3 retuitear - Fm Gente\" \/>\n<meta property=\"og:description\" content=\"La primera conferencia de prensa del a\u00f1o de Manuel Adorni fue una verg\u00fcenza. No solo\" \/>\n<meta property=\"og:url\" content=\"https:\/\/fmgente.com.ar\/web\/la-extrana-reaccion-de-santiago-oria-a-la-conferencia-de-adorni-que-milei-decidio-retuitear\/\" \/>\n<meta property=\"og:site_name\" content=\"Fm Gente\" \/>\n<meta property=\"article:published_time\" content=\"2026-03-25T17:19:25+00:00\" \/>\n<meta name=\"twitter:card\" content=\"summary_large_image\" \/>\n<meta name=\"twitter:label1\" content=\"Tiempo de lectura\" \/>\n\t<meta name=\"twitter:data1\" content=\"1 minuto\" \/>\n<script type=\"application\/ld+json\" class=\"yoast-schema-graph\">{\"@context\":\"https:\\\/\\\/schema.org\",\"@graph\":[{\"@type\":\"Article\",\"@id\":\"https:\\\/\\\/fmgente.com.ar\\\/web\\\/la-extrana-reaccion-de-santiago-oria-a-la-conferencia-de-adorni-que-milei-decidio-retuitear\\\/#article\",\"isPartOf\":{\"@id\":\"https:\\\/\\\/fmgente.com.ar\\\/web\\\/la-extrana-reaccion-de-santiago-oria-a-la-conferencia-de-adorni-que-milei-decidio-retuitear\\\/\"},\"author\":{\"name\":\"\",\"@id\":\"\"},\"headline\":\"La extra\u00f1a reacci\u00f3n de Santiago Or\u00eda a la conferencia de Adorni que Milei decidi\u00f3 retuitear\",\"datePublished\":\"2026-03-25T17:19:25+00:00\",\"mainEntityOfPage\":{\"@id\":\"https:\\\/\\\/fmgente.com.ar\\\/web\\\/la-extrana-reaccion-de-santiago-oria-a-la-conferencia-de-adorni-que-milei-decidio-retuitear\\\/\"},\"wordCount\":143,\"publisher\":{\"@id\":\"https:\\\/\\\/fmgente.com.ar\\\/web\\\/#organization\"},\"image\":{\"@id\":\"https:\\\/\\\/fmgente.com.ar\\\/web\\\/la-extrana-reaccion-de-santiago-oria-a-la-conferencia-de-adorni-que-milei-decidio-retuitear\\\/#primaryimage\"},\"thumbnailUrl\":\"https:\\\/\\\/fmgente.com.ar\\\/web\\\/wp-content\\\/uploads\\\/2026\\\/03\\\/720-990.jpeg\",\"articleSection\":[\"DESTACADAS\"],\"inLanguage\":\"es\"},{\"@type\":\"WebPage\",\"@id\":\"https:\\\/\\\/fmgente.com.ar\\\/web\\\/la-extrana-reaccion-de-santiago-oria-a-la-conferencia-de-adorni-que-milei-decidio-retuitear\\\/\",\"url\":\"https:\\\/\\\/fmgente.com.ar\\\/web\\\/la-extrana-reaccion-de-santiago-oria-a-la-conferencia-de-adorni-que-milei-decidio-retuitear\\\/\",\"name\":\"La extra\u00f1a reacci\u00f3n de Santiago Or\u00eda a la conferencia de Adorni que Milei decidi\u00f3 retuitear - Fm Gente\",\"isPartOf\":{\"@id\":\"https:\\\/\\\/fmgente.com.ar\\\/web\\\/#website\"},\"primaryImageOfPage\":{\"@id\":\"https:\\\/\\\/fmgente.com.ar\\\/web\\\/la-extrana-reaccion-de-santiago-oria-a-la-conferencia-de-adorni-que-milei-decidio-retuitear\\\/#primaryimage\"},\"image\":{\"@id\":\"https:\\\/\\\/fmgente.com.ar\\\/web\\\/la-extrana-reaccion-de-santiago-oria-a-la-conferencia-de-adorni-que-milei-decidio-retuitear\\\/#primaryimage\"},\"thumbnailUrl\":\"https:\\\/\\\/fmgente.com.ar\\\/web\\\/wp-content\\\/uploads\\\/2026\\\/03\\\/720-990.jpeg\",\"datePublished\":\"2026-03-25T17:19:25+00:00\",\"inLanguage\":\"es\",\"potentialAction\":[{\"@type\":\"ReadAction\",\"target\":[\"https:\\\/\\\/fmgente.com.ar\\\/web\\\/la-extrana-reaccion-de-santiago-oria-a-la-conferencia-de-adorni-que-milei-decidio-retuitear\\\/\"]}]},{\"@type\":\"ImageObject\",\"inLanguage\":\"es\",\"@id\":\"https:\\\/\\\/fmgente.com.ar\\\/web\\\/la-extrana-reaccion-de-santiago-oria-a-la-conferencia-de-adorni-que-milei-decidio-retuitear\\\/#primaryimage\",\"url\":\"https:\\\/\\\/fmgente.com.ar\\\/web\\\/wp-content\\\/uploads\\\/2026\\\/03\\\/720-990.jpeg\",\"contentUrl\":\"https:\\\/\\\/fmgente.com.ar\\\/web\\\/wp-content\\\/uploads\\\/2026\\\/03\\\/720-990.jpeg\",\"width\":502,\"height\":720},{\"@type\":\"WebSite\",\"@id\":\"https:\\\/\\\/fmgente.com.ar\\\/web\\\/#website\",\"url\":\"https:\\\/\\\/fmgente.com.ar\\\/web\\\/\",\"name\":\"Fm Gente\",\"description\":\"- Jes\u00fas Mar\u00eda\",\"publisher\":{\"@id\":\"https:\\\/\\\/fmgente.com.ar\\\/web\\\/#organization\"},\"potentialAction\":[{\"@type\":\"SearchAction\",\"target\":{\"@type\":\"EntryPoint\",\"urlTemplate\":\"https:\\\/\\\/fmgente.com.ar\\\/web\\\/?s={search_term_string}\"},\"query-input\":{\"@type\":\"PropertyValueSpecification\",\"valueRequired\":true,\"valueName\":\"search_term_string\"}}],\"inLanguage\":\"es\"},{\"@type\":\"Organization\",\"@id\":\"https:\\\/\\\/fmgente.com.ar\\\/web\\\/#organization\",\"name\":\"Fm Gente\",\"url\":\"https:\\\/\\\/fmgente.com.ar\\\/web\\\/\",\"logo\":{\"@type\":\"ImageObject\",\"inLanguage\":\"es\",\"@id\":\"https:\\\/\\\/fmgente.com.ar\\\/web\\\/#\\\/schema\\\/logo\\\/image\\\/\",\"url\":\"https:\\\/\\\/fmgente.com.ar\\\/web\\\/wp-content\\\/uploads\\\/2023\\\/07\\\/cropped-cropped-logo-sombra2.png\",\"contentUrl\":\"https:\\\/\\\/fmgente.com.ar\\\/web\\\/wp-content\\\/uploads\\\/2023\\\/07\\\/cropped-cropped-logo-sombra2.png\",\"width\":1782,\"height\":1782,\"caption\":\"Fm Gente\"},\"image\":{\"@id\":\"https:\\\/\\\/fmgente.com.ar\\\/web\\\/#\\\/schema\\\/logo\\\/image\\\/\"}}]}<\/script>\n<!-- \/ Yoast SEO plugin. -->","yoast_head_json":{"title":"La extra\u00f1a reacci\u00f3n de Santiago Or\u00eda a la conferencia de Adorni que Milei decidi\u00f3 retuitear - Fm Gente","robots":{"index":"index","follow":"follow","max-snippet":"max-snippet:-1","max-image-preview":"max-image-preview:large","max-video-preview":"max-video-preview:-1"},"canonical":"https:\/\/fmgente.com.ar\/web\/la-extrana-reaccion-de-santiago-oria-a-la-conferencia-de-adorni-que-milei-decidio-retuitear\/","og_locale":"es_ES","og_type":"article","og_title":"La extra\u00f1a reacci\u00f3n de Santiago Or\u00eda a la conferencia de Adorni que Milei decidi\u00f3 retuitear - Fm Gente","og_description":"La primera conferencia de prensa del a\u00f1o de Manuel Adorni fue una verg\u00fcenza. No solo","og_url":"https:\/\/fmgente.com.ar\/web\/la-extrana-reaccion-de-santiago-oria-a-la-conferencia-de-adorni-que-milei-decidio-retuitear\/","og_site_name":"Fm Gente","article_published_time":"2026-03-25T17:19:25+00:00","twitter_card":"summary_large_image","twitter_misc":{"Tiempo de lectura":"1 minuto"},"schema":{"@context":"https:\/\/schema.org","@graph":[{"@type":"Article","@id":"https:\/\/fmgente.com.ar\/web\/la-extrana-reaccion-de-santiago-oria-a-la-conferencia-de-adorni-que-milei-decidio-retuitear\/#article","isPartOf":{"@id":"https:\/\/fmgente.com.ar\/web\/la-extrana-reaccion-de-santiago-oria-a-la-conferencia-de-adorni-que-milei-decidio-retuitear\/"},"author":{"name":"","@id":""},"headline":"La extra\u00f1a reacci\u00f3n de Santiago Or\u00eda a la conferencia de Adorni que Milei decidi\u00f3 retuitear","datePublished":"2026-03-25T17:19:25+00:00","mainEntityOfPage":{"@id":"https:\/\/fmgente.com.ar\/web\/la-extrana-reaccion-de-santiago-oria-a-la-conferencia-de-adorni-que-milei-decidio-retuitear\/"},"wordCount":143,"publisher":{"@id":"https:\/\/fmgente.com.ar\/web\/#organization"},"image":{"@id":"https:\/\/fmgente.com.ar\/web\/la-extrana-reaccion-de-santiago-oria-a-la-conferencia-de-adorni-que-milei-decidio-retuitear\/#primaryimage"},"thumbnailUrl":"https:\/\/fmgente.com.ar\/web\/wp-content\/uploads\/2026\/03\/720-990.jpeg","articleSection":["DESTACADAS"],"inLanguage":"es"},{"@type":"WebPage","@id":"https:\/\/fmgente.com.ar\/web\/la-extrana-reaccion-de-santiago-oria-a-la-conferencia-de-adorni-que-milei-decidio-retuitear\/","url":"https:\/\/fmgente.com.ar\/web\/la-extrana-reaccion-de-santiago-oria-a-la-conferencia-de-adorni-que-milei-decidio-retuitear\/","name":"La extra\u00f1a reacci\u00f3n de Santiago Or\u00eda a la conferencia de Adorni que Milei decidi\u00f3 retuitear - Fm Gente","isPartOf":{"@id":"https:\/\/fmgente.com.ar\/web\/#website"},"primaryImageOfPage":{"@id":"https:\/\/fmgente.com.ar\/web\/la-extrana-reaccion-de-santiago-oria-a-la-conferencia-de-adorni-que-milei-decidio-retuitear\/#primaryimage"},"image":{"@id":"https:\/\/fmgente.com.ar\/web\/la-extrana-reaccion-de-santiago-oria-a-la-conferencia-de-adorni-que-milei-decidio-retuitear\/#primaryimage"},"thumbnailUrl":"https:\/\/fmgente.com.ar\/web\/wp-content\/uploads\/2026\/03\/720-990.jpeg","datePublished":"2026-03-25T17:19:25+00:00","inLanguage":"es","potentialAction":[{"@type":"ReadAction","target":["https:\/\/fmgente.com.ar\/web\/la-extrana-reaccion-de-santiago-oria-a-la-conferencia-de-adorni-que-milei-decidio-retuitear\/"]}]},{"@type":"ImageObject","inLanguage":"es","@id":"https:\/\/fmgente.com.ar\/web\/la-extrana-reaccion-de-santiago-oria-a-la-conferencia-de-adorni-que-milei-decidio-retuitear\/#primaryimage","url":"https:\/\/fmgente.com.ar\/web\/wp-content\/uploads\/2026\/03\/720-990.jpeg","contentUrl":"https:\/\/fmgente.com.ar\/web\/wp-content\/uploads\/2026\/03\/720-990.jpeg","width":502,"height":720},{"@type":"WebSite","@id":"https:\/\/fmgente.com.ar\/web\/#website","url":"https:\/\/fmgente.com.ar\/web\/","name":"Fm Gente","description":"- Jes\u00fas Mar\u00eda","publisher":{"@id":"https:\/\/fmgente.com.ar\/web\/#organization"},"potentialAction":[{"@type":"SearchAction","target":{"@type":"EntryPoint","urlTemplate":"https:\/\/fmgente.com.ar\/web\/?s={search_term_string}"},"query-input":{"@type":"PropertyValueSpecification","valueRequired":true,"valueName":"search_term_string"}}],"inLanguage":"es"},{"@type":"Organization","@id":"https:\/\/fmgente.com.ar\/web\/#organization","name":"Fm Gente","url":"https:\/\/fmgente.com.ar\/web\/","logo":{"@type":"ImageObject","inLanguage":"es","@id":"https:\/\/fmgente.com.ar\/web\/#\/schema\/logo\/image\/","url":"https:\/\/fmgente.com.ar\/web\/wp-content\/uploads\/2023\/07\/cropped-cropped-logo-sombra2.png","contentUrl":"https:\/\/fmgente.com.ar\/web\/wp-content\/uploads\/2023\/07\/cropped-cropped-logo-sombra2.png","width":1782,"height":1782,"caption":"Fm Gente"},"image":{"@id":"https:\/\/fmgente.com.ar\/web\/#\/schema\/logo\/image\/"}}]}},"_links":{"self":[{"href":"https:\/\/fmgente.com.ar\/web\/wp-json\/wp\/v2\/posts\/16573","targetHints":{"allow":["GET"]}}],"collection":[{"href":"https:\/\/fmgente.com.ar\/web\/wp-json\/wp\/v2\/posts"}],"about":[{"href":"https:\/\/fmgente.com.ar\/web\/wp-json\/wp\/v2\/types\/post"}],"replies":[{"embeddable":true,"href":"https:\/\/fmgente.com.ar\/web\/wp-json\/wp\/v2\/comments?post=16573"}],"version-history":[{"count":0,"href":"https:\/\/fmgente.com.ar\/web\/wp-json\/wp\/v2\/posts\/16573\/revisions"}],"wp:featuredmedia":[{"embeddable":true,"href":"https:\/\/fmgente.com.ar\/web\/wp-json\/wp\/v2\/media\/16574"}],"wp:attachment":[{"href":"https:\/\/fmgente.com.ar\/web\/wp-json\/wp\/v2\/media?parent=16573"}],"wp:term":[{"taxonomy":"category","embeddable":true,"href":"https:\/\/fmgente.com.ar\/web\/wp-json\/wp\/v2\/categories?post=16573"},{"taxonomy":"post_tag","embeddable":true,"href":"https:\/\/fmgente.com.ar\/web\/wp-json\/wp\/v2\/tags?post=16573"}],"curies":[{"name":"wp","href":"https:\/\/api.w.org\/{rel}","templated":true}]}}