{"id":16461,"date":"2026-03-25T02:05:23","date_gmt":"2026-03-25T05:05:23","guid":{"rendered":"https:\/\/fmgente.com.ar\/web\/audiencias-por-la-reforma-de-la-ley-de-glaciares-comienza-hoy-la-primera-jornada-con-200-oradores-presenciales\/"},"modified":"2026-03-25T02:05:23","modified_gmt":"2026-03-25T05:05:23","slug":"audiencias-por-la-reforma-de-la-ley-de-glaciares-comienza-hoy-la-primera-jornada-con-200-oradores-presenciales","status":"publish","type":"post","link":"https:\/\/fmgente.com.ar\/web\/audiencias-por-la-reforma-de-la-ley-de-glaciares-comienza-hoy-la-primera-jornada-con-200-oradores-presenciales\/","title":{"rendered":"Audiencias por la reforma de la Ley de Glaciares: comienza hoy la primera jornada con 200 oradores presenciales"},"content":{"rendered":"<p>Buenos Aires, 25 marzo (NA) \u2013 La C\u00e1mara de Diputados abrir\u00e1 hoy a las 10 la primera audiencia sobre la reforma de la Ley de Glaciares aprobada por el Senado, que tendr\u00e1 en su primera jornada, que ser\u00e1 presencial, 200 oradores, y ma\u00f1ana otros 200 en una reuni\u00f3n p\u00fablica que se har\u00e1 en forma remota.<\/p>\n<p>Con m\u00e1s de 100 mil inscriptos, a Libertad Avanza (LLA) dise\u00f1\u00f3 un esquema mixto de participaci\u00f3n presencial y virtual, donde pondr\u00e1n exponer unos 400 oradores, de los cuales 200 lo har\u00e1n este mi\u00e9rcoles desde las 10 en forma presencial, otros 200 podr\u00e1n exponer el jueves en el sistema remoto y el resto tendr\u00e1 que hacerlo a trav\u00e9s de una plataforma con el env\u00edo de un escrito o un video.<\/p>\n<p>Si bien la Justicia rechaz\u00f3 una de las cautelares presentadas por particulares para suspender esas reuniones p\u00fablicas, quedaba otra presentada por organizaciones ambientalistas sin resoluci\u00f3n hasta hoy, mi\u00e9rcoles.<\/p>\n<p>La limitaci\u00f3n de los oradores, as\u00ed como la cantidad de asesores por bloque, ser\u00e1 un tema de pol\u00e9mica en la primera etapa de la reuni\u00f3n, ya que tanto Provincias Unidas como Uni\u00f3n por la Patria y la izquierda reclamar\u00e1n la extensi\u00f3n de esas audiencias, seg\u00fan supo la Agencia Noticias Argentinas.<\/p>\n<p>AUDIENCIAS<\/p>\n<p>Los presidentes de las comisiones de Recursos Naturales y Conservaci\u00f3n del Ambiente Humano y de Asuntos Constitucionales, Jos\u00e9 Peluc y Nicol\u00e1s Mayoraz, ratificaron anoche que las exposiciones presenciales estar\u00e1n a cargo de quienes fueron notificados por correo electr\u00f3nico, y que el ingreso a la HCDN se habilitar\u00e1 a las 9:00 h y se realizar\u00e1 por la intersecci\u00f3n de las calles Mitre y Riobamba.<\/p>\n<p>En una publicaci\u00f3n de la red social X, se record\u00f3 que \u201csolo podr\u00e1n ingresar a la sala de la audiencia las personas que han sido fehacientemente notificadas\u201d.<\/p>\n<p>Adem\u00e1s, se\u00f1alaron que \u201cla actividad ser\u00e1 transmitida por los medios oficiales de la C\u00e1mara y contar\u00e1 con la cobertura de la prensa acreditada\u201d.<\/p>\n<p>\u201cDe igual forma, tal como establece el reglamento, todos los diputados tendr\u00e1n acceso a la sala. Para garantizar la comodidad de expositores y diputados, y atento a las caracter\u00edsticas del lugar, se solicita a los bloques pol\u00edticos limitar el ingreso de asesores al n\u00famero que les ha sido comunicado oportunamente\u201d, agregaron.<\/p>\n<p>Los expositores no podr\u00e1n extenderse m\u00e1s de cinco minutos y, para eso, tanto Peluc como Mayoraz tendr\u00e1n que ser estrictos con los tiempos en los que podr\u00e1n hablar los oradores debido a que, en caso contrario, ser\u00e1 dif\u00edcil que este mi\u00e9rcoles puedan exponer casi 200 personas de las 24 jurisdicciones.<\/p>\n<p>Pese a los pedidos de la oposici\u00f3n de ampliar la cantidad de d\u00edas de las reuniones p\u00fablicas que se efectuar\u00e1n el 25 y 26 de marzo, el oficialismo mantuvo las fechas que se definieron en el plenario de las comisiones de Recursos Naturales y de Asuntos Constitucionales.<\/p>\n<p>TRANSITO<\/p>\n<p>Desde la ma\u00f1ana de este mi\u00e9rcoles, se implementar\u00e1n cortes de tr\u00e1nsito en la zona del Congreso que estar\u00e1n a cargo de las fuerzas federales y afectar\u00e1n distintos accesos y cruces clave en las inmediaciones del Palacio Legislativo, por lo que se recomienda evitar la zona o circular con demoras.<\/p>\n<p>Entre los puntos donde se realizar\u00e1n los cortes figuran Avenida Entre R\u00edos y Adolfo Alsina, Combate de los Pozos y Adolfo Alsina, Hip\u00f3lito Yrigoyen y Sarand\u00ed, Avenida Rivadavia y Sarand\u00ed, Riobamba y Mitre, y Avenida Callao y Mitre, con obturaci\u00f3n sobre la primera arteria mencionada en cada caso, seg\u00fan supo la Agencia Noticias Argentinas.<\/p>\n<p>Adem\u00e1s, por la tarde habr\u00e1 una marcha de organizaciones ambientalistas que reclamaban una extensi\u00f3n de las audiencias sobre glaciares.<\/p>\n<p>JUSTICIA<\/p>\n<p>Un grupo de particulares present\u00f3 una demanda que cay\u00f3 en el Juzgado Contencioso Administrativo Federal 5, a cargo del juez Enrique Regeuira, quien rechaz\u00f3 la medida solicitada para suspender las audiencias p\u00fablicas presentada por el abogado Jonatan Baldiviezo, junto con la Asociaci\u00f3n Civil Observatorio del Derecho a la Ciudad y la ingeniera Mar\u00eda Eva Koutsovitis.<\/p>\n<p>Tambi\u00e9n pidieron una medida cautelar las organizaciones ambientalistas, en una presentaci\u00f3n que recay\u00f3 en el Juzgado Contencioso N\u00b0 7, a cargo de Enrique Lavi\u00e9 Pico, quien a\u00fan no se ha expedido sobre ese pedido.<\/p>\n<p>Las organizaciones Fundaci\u00f3n Ambiente y Recursos Naturales (FARN), Asociaci\u00f3n Argentina de Abogados Ambientalistas, la Red Universitaria por la Crisis Clim\u00e1tica y Greenpeace solicitaron que se ordene \u201cal Congreso garantizar la participaci\u00f3n oral de la totalidad de los inscriptos en la audiencia p\u00fablica convocada a los efectos de recibir opiniones\u201d sobre la reforma de la ley de Glaciares aprobada por el Senado.<\/p>\n<p> #AgenciaNA<\/p>\n","protected":false},"excerpt":{"rendered":"<p>Buenos Aires, 25 marzo (NA) \u2013 La C\u00e1mara de Diputados abrir\u00e1 hoy a las 10<\/p>\n","protected":false},"author":0,"featured_media":16462,"comment_status":"","ping_status":"","sticky":false,"template":"","format":"standard","meta":{"footnotes":""},"categories":[1],"tags":[],"class_list":["post-16461","post","type-post","status-publish","format-standard","has-post-thumbnail","hentry","category-regionales"],"yoast_head":"<!-- This site is optimized with the Yoast SEO plugin v27.4 - https:\/\/yoast.com\/product\/yoast-seo-wordpress\/ -->\n<title>Audiencias por la reforma de la Ley de Glaciares: comienza hoy la primera jornada con 200 oradores presenciales - Fm Gente<\/title>\n<meta name=\"robots\" content=\"index, follow, max-snippet:-1, max-image-preview:large, max-video-preview:-1\" \/>\n<link rel=\"canonical\" href=\"https:\/\/fmgente.com.ar\/web\/audiencias-por-la-reforma-de-la-ley-de-glaciares-comienza-hoy-la-primera-jornada-con-200-oradores-presenciales\/\" \/>\n<meta property=\"og:locale\" content=\"es_ES\" \/>\n<meta property=\"og:type\" content=\"article\" \/>\n<meta property=\"og:title\" content=\"Audiencias por la reforma de la Ley de Glaciares: comienza hoy la primera jornada con 200 oradores presenciales - Fm Gente\" \/>\n<meta property=\"og:description\" content=\"Buenos Aires, 25 marzo (NA) \u2013 La C\u00e1mara de Diputados abrir\u00e1 hoy a las 10\" \/>\n<meta property=\"og:url\" content=\"https:\/\/fmgente.com.ar\/web\/audiencias-por-la-reforma-de-la-ley-de-glaciares-comienza-hoy-la-primera-jornada-con-200-oradores-presenciales\/\" \/>\n<meta property=\"og:site_name\" content=\"Fm Gente\" \/>\n<meta property=\"article:published_time\" content=\"2026-03-25T05:05:23+00:00\" \/>\n<meta name=\"twitter:card\" content=\"summary_large_image\" \/>\n<meta name=\"twitter:label1\" content=\"Tiempo de lectura\" \/>\n\t<meta name=\"twitter:data1\" content=\"4 minutos\" \/>\n<script type=\"application\/ld+json\" class=\"yoast-schema-graph\">{\"@context\":\"https:\\\/\\\/schema.org\",\"@graph\":[{\"@type\":\"Article\",\"@id\":\"https:\\\/\\\/fmgente.com.ar\\\/web\\\/audiencias-por-la-reforma-de-la-ley-de-glaciares-comienza-hoy-la-primera-jornada-con-200-oradores-presenciales\\\/#article\",\"isPartOf\":{\"@id\":\"https:\\\/\\\/fmgente.com.ar\\\/web\\\/audiencias-por-la-reforma-de-la-ley-de-glaciares-comienza-hoy-la-primera-jornada-con-200-oradores-presenciales\\\/\"},\"author\":{\"name\":\"\",\"@id\":\"\"},\"headline\":\"Audiencias por la reforma de la Ley de Glaciares: comienza hoy la primera jornada con 200 oradores presenciales\",\"datePublished\":\"2026-03-25T05:05:23+00:00\",\"mainEntityOfPage\":{\"@id\":\"https:\\\/\\\/fmgente.com.ar\\\/web\\\/audiencias-por-la-reforma-de-la-ley-de-glaciares-comienza-hoy-la-primera-jornada-con-200-oradores-presenciales\\\/\"},\"wordCount\":809,\"publisher\":{\"@id\":\"https:\\\/\\\/fmgente.com.ar\\\/web\\\/#organization\"},\"image\":{\"@id\":\"https:\\\/\\\/fmgente.com.ar\\\/web\\\/audiencias-por-la-reforma-de-la-ley-de-glaciares-comienza-hoy-la-primera-jornada-con-200-oradores-presenciales\\\/#primaryimage\"},\"thumbnailUrl\":\"https:\\\/\\\/fmgente.com.ar\\\/web\\\/wp-content\\\/uploads\\\/2026\\\/03\\\/720-972.jpeg\",\"articleSection\":[\"REGIONALES\"],\"inLanguage\":\"es\"},{\"@type\":\"WebPage\",\"@id\":\"https:\\\/\\\/fmgente.com.ar\\\/web\\\/audiencias-por-la-reforma-de-la-ley-de-glaciares-comienza-hoy-la-primera-jornada-con-200-oradores-presenciales\\\/\",\"url\":\"https:\\\/\\\/fmgente.com.ar\\\/web\\\/audiencias-por-la-reforma-de-la-ley-de-glaciares-comienza-hoy-la-primera-jornada-con-200-oradores-presenciales\\\/\",\"name\":\"Audiencias por la reforma de la Ley de Glaciares: comienza hoy la primera jornada con 200 oradores presenciales - Fm Gente\",\"isPartOf\":{\"@id\":\"https:\\\/\\\/fmgente.com.ar\\\/web\\\/#website\"},\"primaryImageOfPage\":{\"@id\":\"https:\\\/\\\/fmgente.com.ar\\\/web\\\/audiencias-por-la-reforma-de-la-ley-de-glaciares-comienza-hoy-la-primera-jornada-con-200-oradores-presenciales\\\/#primaryimage\"},\"image\":{\"@id\":\"https:\\\/\\\/fmgente.com.ar\\\/web\\\/audiencias-por-la-reforma-de-la-ley-de-glaciares-comienza-hoy-la-primera-jornada-con-200-oradores-presenciales\\\/#primaryimage\"},\"thumbnailUrl\":\"https:\\\/\\\/fmgente.com.ar\\\/web\\\/wp-content\\\/uploads\\\/2026\\\/03\\\/720-972.jpeg\",\"datePublished\":\"2026-03-25T05:05:23+00:00\",\"inLanguage\":\"es\",\"potentialAction\":[{\"@type\":\"ReadAction\",\"target\":[\"https:\\\/\\\/fmgente.com.ar\\\/web\\\/audiencias-por-la-reforma-de-la-ley-de-glaciares-comienza-hoy-la-primera-jornada-con-200-oradores-presenciales\\\/\"]}]},{\"@type\":\"ImageObject\",\"inLanguage\":\"es\",\"@id\":\"https:\\\/\\\/fmgente.com.ar\\\/web\\\/audiencias-por-la-reforma-de-la-ley-de-glaciares-comienza-hoy-la-primera-jornada-con-200-oradores-presenciales\\\/#primaryimage\",\"url\":\"https:\\\/\\\/fmgente.com.ar\\\/web\\\/wp-content\\\/uploads\\\/2026\\\/03\\\/720-972.jpeg\",\"contentUrl\":\"https:\\\/\\\/fmgente.com.ar\\\/web\\\/wp-content\\\/uploads\\\/2026\\\/03\\\/720-972.jpeg\",\"width\":1080,\"height\":720},{\"@type\":\"WebSite\",\"@id\":\"https:\\\/\\\/fmgente.com.ar\\\/web\\\/#website\",\"url\":\"https:\\\/\\\/fmgente.com.ar\\\/web\\\/\",\"name\":\"Fm Gente\",\"description\":\"- Jes\u00fas Mar\u00eda\",\"publisher\":{\"@id\":\"https:\\\/\\\/fmgente.com.ar\\\/web\\\/#organization\"},\"potentialAction\":[{\"@type\":\"SearchAction\",\"target\":{\"@type\":\"EntryPoint\",\"urlTemplate\":\"https:\\\/\\\/fmgente.com.ar\\\/web\\\/?s={search_term_string}\"},\"query-input\":{\"@type\":\"PropertyValueSpecification\",\"valueRequired\":true,\"valueName\":\"search_term_string\"}}],\"inLanguage\":\"es\"},{\"@type\":\"Organization\",\"@id\":\"https:\\\/\\\/fmgente.com.ar\\\/web\\\/#organization\",\"name\":\"Fm Gente\",\"url\":\"https:\\\/\\\/fmgente.com.ar\\\/web\\\/\",\"logo\":{\"@type\":\"ImageObject\",\"inLanguage\":\"es\",\"@id\":\"https:\\\/\\\/fmgente.com.ar\\\/web\\\/#\\\/schema\\\/logo\\\/image\\\/\",\"url\":\"https:\\\/\\\/fmgente.com.ar\\\/web\\\/wp-content\\\/uploads\\\/2023\\\/07\\\/cropped-cropped-logo-sombra2.png\",\"contentUrl\":\"https:\\\/\\\/fmgente.com.ar\\\/web\\\/wp-content\\\/uploads\\\/2023\\\/07\\\/cropped-cropped-logo-sombra2.png\",\"width\":1782,\"height\":1782,\"caption\":\"Fm Gente\"},\"image\":{\"@id\":\"https:\\\/\\\/fmgente.com.ar\\\/web\\\/#\\\/schema\\\/logo\\\/image\\\/\"}}]}<\/script>\n<!-- \/ Yoast SEO plugin. -->","yoast_head_json":{"title":"Audiencias por la reforma de la Ley de Glaciares: comienza hoy la primera jornada con 200 oradores presenciales - Fm Gente","robots":{"index":"index","follow":"follow","max-snippet":"max-snippet:-1","max-image-preview":"max-image-preview:large","max-video-preview":"max-video-preview:-1"},"canonical":"https:\/\/fmgente.com.ar\/web\/audiencias-por-la-reforma-de-la-ley-de-glaciares-comienza-hoy-la-primera-jornada-con-200-oradores-presenciales\/","og_locale":"es_ES","og_type":"article","og_title":"Audiencias por la reforma de la Ley de Glaciares: comienza hoy la primera jornada con 200 oradores presenciales - Fm Gente","og_description":"Buenos Aires, 25 marzo (NA) \u2013 La C\u00e1mara de Diputados abrir\u00e1 hoy a las 10","og_url":"https:\/\/fmgente.com.ar\/web\/audiencias-por-la-reforma-de-la-ley-de-glaciares-comienza-hoy-la-primera-jornada-con-200-oradores-presenciales\/","og_site_name":"Fm Gente","article_published_time":"2026-03-25T05:05:23+00:00","twitter_card":"summary_large_image","twitter_misc":{"Tiempo de lectura":"4 minutos"},"schema":{"@context":"https:\/\/schema.org","@graph":[{"@type":"Article","@id":"https:\/\/fmgente.com.ar\/web\/audiencias-por-la-reforma-de-la-ley-de-glaciares-comienza-hoy-la-primera-jornada-con-200-oradores-presenciales\/#article","isPartOf":{"@id":"https:\/\/fmgente.com.ar\/web\/audiencias-por-la-reforma-de-la-ley-de-glaciares-comienza-hoy-la-primera-jornada-con-200-oradores-presenciales\/"},"author":{"name":"","@id":""},"headline":"Audiencias por la reforma de la Ley de Glaciares: comienza hoy la primera jornada con 200 oradores presenciales","datePublished":"2026-03-25T05:05:23+00:00","mainEntityOfPage":{"@id":"https:\/\/fmgente.com.ar\/web\/audiencias-por-la-reforma-de-la-ley-de-glaciares-comienza-hoy-la-primera-jornada-con-200-oradores-presenciales\/"},"wordCount":809,"publisher":{"@id":"https:\/\/fmgente.com.ar\/web\/#organization"},"image":{"@id":"https:\/\/fmgente.com.ar\/web\/audiencias-por-la-reforma-de-la-ley-de-glaciares-comienza-hoy-la-primera-jornada-con-200-oradores-presenciales\/#primaryimage"},"thumbnailUrl":"https:\/\/fmgente.com.ar\/web\/wp-content\/uploads\/2026\/03\/720-972.jpeg","articleSection":["REGIONALES"],"inLanguage":"es"},{"@type":"WebPage","@id":"https:\/\/fmgente.com.ar\/web\/audiencias-por-la-reforma-de-la-ley-de-glaciares-comienza-hoy-la-primera-jornada-con-200-oradores-presenciales\/","url":"https:\/\/fmgente.com.ar\/web\/audiencias-por-la-reforma-de-la-ley-de-glaciares-comienza-hoy-la-primera-jornada-con-200-oradores-presenciales\/","name":"Audiencias por la reforma de la Ley de Glaciares: comienza hoy la primera jornada con 200 oradores presenciales - Fm Gente","isPartOf":{"@id":"https:\/\/fmgente.com.ar\/web\/#website"},"primaryImageOfPage":{"@id":"https:\/\/fmgente.com.ar\/web\/audiencias-por-la-reforma-de-la-ley-de-glaciares-comienza-hoy-la-primera-jornada-con-200-oradores-presenciales\/#primaryimage"},"image":{"@id":"https:\/\/fmgente.com.ar\/web\/audiencias-por-la-reforma-de-la-ley-de-glaciares-comienza-hoy-la-primera-jornada-con-200-oradores-presenciales\/#primaryimage"},"thumbnailUrl":"https:\/\/fmgente.com.ar\/web\/wp-content\/uploads\/2026\/03\/720-972.jpeg","datePublished":"2026-03-25T05:05:23+00:00","inLanguage":"es","potentialAction":[{"@type":"ReadAction","target":["https:\/\/fmgente.com.ar\/web\/audiencias-por-la-reforma-de-la-ley-de-glaciares-comienza-hoy-la-primera-jornada-con-200-oradores-presenciales\/"]}]},{"@type":"ImageObject","inLanguage":"es","@id":"https:\/\/fmgente.com.ar\/web\/audiencias-por-la-reforma-de-la-ley-de-glaciares-comienza-hoy-la-primera-jornada-con-200-oradores-presenciales\/#primaryimage","url":"https:\/\/fmgente.com.ar\/web\/wp-content\/uploads\/2026\/03\/720-972.jpeg","contentUrl":"https:\/\/fmgente.com.ar\/web\/wp-content\/uploads\/2026\/03\/720-972.jpeg","width":1080,"height":720},{"@type":"WebSite","@id":"https:\/\/fmgente.com.ar\/web\/#website","url":"https:\/\/fmgente.com.ar\/web\/","name":"Fm Gente","description":"- Jes\u00fas Mar\u00eda","publisher":{"@id":"https:\/\/fmgente.com.ar\/web\/#organization"},"potentialAction":[{"@type":"SearchAction","target":{"@type":"EntryPoint","urlTemplate":"https:\/\/fmgente.com.ar\/web\/?s={search_term_string}"},"query-input":{"@type":"PropertyValueSpecification","valueRequired":true,"valueName":"search_term_string"}}],"inLanguage":"es"},{"@type":"Organization","@id":"https:\/\/fmgente.com.ar\/web\/#organization","name":"Fm Gente","url":"https:\/\/fmgente.com.ar\/web\/","logo":{"@type":"ImageObject","inLanguage":"es","@id":"https:\/\/fmgente.com.ar\/web\/#\/schema\/logo\/image\/","url":"https:\/\/fmgente.com.ar\/web\/wp-content\/uploads\/2023\/07\/cropped-cropped-logo-sombra2.png","contentUrl":"https:\/\/fmgente.com.ar\/web\/wp-content\/uploads\/2023\/07\/cropped-cropped-logo-sombra2.png","width":1782,"height":1782,"caption":"Fm Gente"},"image":{"@id":"https:\/\/fmgente.com.ar\/web\/#\/schema\/logo\/image\/"}}]}},"_links":{"self":[{"href":"https:\/\/fmgente.com.ar\/web\/wp-json\/wp\/v2\/posts\/16461","targetHints":{"allow":["GET"]}}],"collection":[{"href":"https:\/\/fmgente.com.ar\/web\/wp-json\/wp\/v2\/posts"}],"about":[{"href":"https:\/\/fmgente.com.ar\/web\/wp-json\/wp\/v2\/types\/post"}],"replies":[{"embeddable":true,"href":"https:\/\/fmgente.com.ar\/web\/wp-json\/wp\/v2\/comments?post=16461"}],"version-history":[{"count":0,"href":"https:\/\/fmgente.com.ar\/web\/wp-json\/wp\/v2\/posts\/16461\/revisions"}],"wp:featuredmedia":[{"embeddable":true,"href":"https:\/\/fmgente.com.ar\/web\/wp-json\/wp\/v2\/media\/16462"}],"wp:attachment":[{"href":"https:\/\/fmgente.com.ar\/web\/wp-json\/wp\/v2\/media?parent=16461"}],"wp:term":[{"taxonomy":"category","embeddable":true,"href":"https:\/\/fmgente.com.ar\/web\/wp-json\/wp\/v2\/categories?post=16461"},{"taxonomy":"post_tag","embeddable":true,"href":"https:\/\/fmgente.com.ar\/web\/wp-json\/wp\/v2\/tags?post=16461"}],"curies":[{"name":"wp","href":"https:\/\/api.w.org\/{rel}","templated":true}]}}