{"id":15813,"date":"2026-03-19T09:06:30","date_gmt":"2026-03-19T12:06:30","guid":{"rendered":"https:\/\/fmgente.com.ar\/web\/los-campeones-saltenos-listos-para-el-mundialito-de-cataluna\/"},"modified":"2026-03-19T09:06:30","modified_gmt":"2026-03-19T12:06:30","slug":"los-campeones-saltenos-listos-para-el-mundialito-de-cataluna","status":"publish","type":"post","link":"https:\/\/fmgente.com.ar\/web\/los-campeones-saltenos-listos-para-el-mundialito-de-cataluna\/","title":{"rendered":"Los campeones salte\u00f1os, listos para el Mundialito de Catalu\u00f1a"},"content":{"rendered":"<p>El sue\u00f1o no para de crecer. La Selecci\u00f3n Sub-13 de la Liga Salte\u00f1a de F\u00fatbol, que participar\u00e1 del Mundialito 2026 en la ciudad espa\u00f1ola de Costa Dorada, Cataluya, entre el 29 de marzo y el 5 de abril, fue presentada ayer en el estadio mundialista Padre Martearena, durante un acto que estuvo encabezado por el presidente de entidad Sergio Chib\u00e1n.<\/p>\n<p><img decoding=\"async\" src=\"https:\/\/uscdn.eltribuno.com\/032026\/1773887052750.jpg\" \/><\/p>\n<p>Los campeones del Torneo Nacional de Ligas 2025, que hicieron historia para Salta junto a los campeones del Sub-15, estuvieron encabezados por el entrenador Alejandro Frezzotti y su cuerpo t\u00e9cnico, como as\u00ed tambi\u00e9n los integrantes del Comit\u00e9 Ejecutivo de la Liga Salte\u00f1a.<br \/>Adem\u00e1s, hubo una gran presencia de padres y familiares de los jugadores.<br \/>Cabe destacar que la Selecci\u00f3n Sub-13, que recibi\u00f3 a primera hora de la tarde de ayer el reconocimiento del Concejo Deliberante de la ciudad,encabezado por su presidente Dar\u00edo Madile, partir\u00e1 hacia Buenos Aires el pr\u00f3ximo jueves 26 de marzo y un d\u00eda despu\u00e9s partir\u00e1n desde Ezeiza hacia el Viejo Continente.<\/p>\n<p><img decoding=\"async\" src=\"https:\/\/uscdn.eltribuno.com\/032026\/1773887078733.jpg\" \/><\/p>\n<\/p>\n<p>\u00abA Salta y a la Argentina\u00bb<\/p>\n<p>Durante el acto, Chib\u00e1n resalt\u00f3 la experiencia de los chicos al remarcar que \u00abvan a tener la posibilidad de participar en uno de los campeonatos m\u00e1s importantes del mundo de Inferiores y van a tener el enorme privilegio de representan no solo a Salta sino a toda a Argentina\u00bb.<br \/>El mandatario tambi\u00e9n le mostr\u00f3 el camino a los campeones al resaltar que \u00abseguramente la historia volver\u00e1 a repetirse, no como chicos, sino como profesionales del f\u00fatbol\u00bb.<\/p>\n<p><img decoding=\"async\" src=\"https:\/\/uscdn.eltribuno.com\/032026\/1773887111301.jpg\" \/><\/p>\n<p>\u00abLa carrera de ustedes comienza hoy\u00bb, insisti\u00f3.<br \/>Pero a su vez marc\u00f3 la cancha: \u00abLa Liga est\u00e1 haciendo un enorme esfuerzo. Vamos a estar nueve d\u00edas todos junto y la forma de retribuir tanto esfuerzo de la Liga es con un excelente comportamiento\u00bb.<\/p>\n<p><img decoding=\"async\" src=\"https:\/\/uscdn.eltribuno.com\/032026\/1773887132068.jpg\" \/><\/p>\n<p>Cabe destacar que el viaje en su totalidad, el desayuno, almuerzo, merienda y cena, como as\u00ed tambi\u00e9n el transporte y hospedaje en Catalu\u00f1a, corre por cuenta exclusiva de la entidad rectora del f\u00fatbol salte\u00f1o.<br \/>Los campeones comenzar\u00e1n el torneo enfrentando a Barcelona, a la Selecci\u00f3n de M\u00e9xico, Cambridge y cerrar\u00e1 la fase de grupos ante Liverpool. En la cita europea habr\u00e1 5.000 futbolistas pertenecientes a 250 equipos de los 5 continentes.<\/p>\n","protected":false},"excerpt":{"rendered":"<p>El sue\u00f1o no para de crecer. La Selecci\u00f3n Sub-13 de la Liga Salte\u00f1a de F\u00fatbol,<\/p>\n","protected":false},"author":0,"featured_media":15814,"comment_status":"","ping_status":"","sticky":false,"template":"","format":"standard","meta":{"footnotes":""},"categories":[11],"tags":[],"class_list":["post-15813","post","type-post","status-publish","format-standard","has-post-thumbnail","hentry","category-destacadas"],"yoast_head":"<!-- This site is optimized with the Yoast SEO plugin v27.4 - https:\/\/yoast.com\/product\/yoast-seo-wordpress\/ -->\n<title>Los campeones salte\u00f1os, listos para el Mundialito de Catalu\u00f1a - Fm Gente<\/title>\n<meta name=\"robots\" content=\"index, follow, max-snippet:-1, max-image-preview:large, max-video-preview:-1\" \/>\n<link rel=\"canonical\" href=\"https:\/\/fmgente.com.ar\/web\/los-campeones-saltenos-listos-para-el-mundialito-de-cataluna\/\" \/>\n<meta property=\"og:locale\" content=\"es_ES\" \/>\n<meta property=\"og:type\" content=\"article\" \/>\n<meta property=\"og:title\" content=\"Los campeones salte\u00f1os, listos para el Mundialito de Catalu\u00f1a - Fm Gente\" \/>\n<meta property=\"og:description\" content=\"El sue\u00f1o no para de crecer. La Selecci\u00f3n Sub-13 de la Liga Salte\u00f1a de F\u00fatbol,\" \/>\n<meta property=\"og:url\" content=\"https:\/\/fmgente.com.ar\/web\/los-campeones-saltenos-listos-para-el-mundialito-de-cataluna\/\" \/>\n<meta property=\"og:site_name\" content=\"Fm Gente\" \/>\n<meta property=\"article:published_time\" content=\"2026-03-19T12:06:30+00:00\" \/>\n<meta property=\"og:image\" content=\"https:\/\/uscdn.eltribuno.com\/032026\/1773887052750.jpg\" \/>\n<meta name=\"twitter:card\" content=\"summary_large_image\" \/>\n<meta name=\"twitter:label1\" content=\"Tiempo de lectura\" \/>\n\t<meta name=\"twitter:data1\" content=\"2 minutos\" \/>\n<script type=\"application\/ld+json\" class=\"yoast-schema-graph\">{\"@context\":\"https:\\\/\\\/schema.org\",\"@graph\":[{\"@type\":\"Article\",\"@id\":\"https:\\\/\\\/fmgente.com.ar\\\/web\\\/los-campeones-saltenos-listos-para-el-mundialito-de-cataluna\\\/#article\",\"isPartOf\":{\"@id\":\"https:\\\/\\\/fmgente.com.ar\\\/web\\\/los-campeones-saltenos-listos-para-el-mundialito-de-cataluna\\\/\"},\"author\":{\"name\":\"\",\"@id\":\"\"},\"headline\":\"Los campeones salte\u00f1os, listos para el Mundialito de Catalu\u00f1a\",\"datePublished\":\"2026-03-19T12:06:30+00:00\",\"mainEntityOfPage\":{\"@id\":\"https:\\\/\\\/fmgente.com.ar\\\/web\\\/los-campeones-saltenos-listos-para-el-mundialito-de-cataluna\\\/\"},\"wordCount\":392,\"publisher\":{\"@id\":\"https:\\\/\\\/fmgente.com.ar\\\/web\\\/#organization\"},\"image\":{\"@id\":\"https:\\\/\\\/fmgente.com.ar\\\/web\\\/los-campeones-saltenos-listos-para-el-mundialito-de-cataluna\\\/#primaryimage\"},\"thumbnailUrl\":\"https:\\\/\\\/fmgente.com.ar\\\/web\\\/wp-content\\\/uploads\\\/2026\\\/03\\\/1773887052750.jpg\",\"articleSection\":[\"DESTACADAS\"],\"inLanguage\":\"es\"},{\"@type\":\"WebPage\",\"@id\":\"https:\\\/\\\/fmgente.com.ar\\\/web\\\/los-campeones-saltenos-listos-para-el-mundialito-de-cataluna\\\/\",\"url\":\"https:\\\/\\\/fmgente.com.ar\\\/web\\\/los-campeones-saltenos-listos-para-el-mundialito-de-cataluna\\\/\",\"name\":\"Los campeones salte\u00f1os, listos para el Mundialito de Catalu\u00f1a - Fm Gente\",\"isPartOf\":{\"@id\":\"https:\\\/\\\/fmgente.com.ar\\\/web\\\/#website\"},\"primaryImageOfPage\":{\"@id\":\"https:\\\/\\\/fmgente.com.ar\\\/web\\\/los-campeones-saltenos-listos-para-el-mundialito-de-cataluna\\\/#primaryimage\"},\"image\":{\"@id\":\"https:\\\/\\\/fmgente.com.ar\\\/web\\\/los-campeones-saltenos-listos-para-el-mundialito-de-cataluna\\\/#primaryimage\"},\"thumbnailUrl\":\"https:\\\/\\\/fmgente.com.ar\\\/web\\\/wp-content\\\/uploads\\\/2026\\\/03\\\/1773887052750.jpg\",\"datePublished\":\"2026-03-19T12:06:30+00:00\",\"inLanguage\":\"es\",\"potentialAction\":[{\"@type\":\"ReadAction\",\"target\":[\"https:\\\/\\\/fmgente.com.ar\\\/web\\\/los-campeones-saltenos-listos-para-el-mundialito-de-cataluna\\\/\"]}]},{\"@type\":\"ImageObject\",\"inLanguage\":\"es\",\"@id\":\"https:\\\/\\\/fmgente.com.ar\\\/web\\\/los-campeones-saltenos-listos-para-el-mundialito-de-cataluna\\\/#primaryimage\",\"url\":\"https:\\\/\\\/fmgente.com.ar\\\/web\\\/wp-content\\\/uploads\\\/2026\\\/03\\\/1773887052750.jpg\",\"contentUrl\":\"https:\\\/\\\/fmgente.com.ar\\\/web\\\/wp-content\\\/uploads\\\/2026\\\/03\\\/1773887052750.jpg\",\"width\":1002,\"height\":529},{\"@type\":\"WebSite\",\"@id\":\"https:\\\/\\\/fmgente.com.ar\\\/web\\\/#website\",\"url\":\"https:\\\/\\\/fmgente.com.ar\\\/web\\\/\",\"name\":\"Fm Gente\",\"description\":\"- Jes\u00fas Mar\u00eda\",\"publisher\":{\"@id\":\"https:\\\/\\\/fmgente.com.ar\\\/web\\\/#organization\"},\"potentialAction\":[{\"@type\":\"SearchAction\",\"target\":{\"@type\":\"EntryPoint\",\"urlTemplate\":\"https:\\\/\\\/fmgente.com.ar\\\/web\\\/?s={search_term_string}\"},\"query-input\":{\"@type\":\"PropertyValueSpecification\",\"valueRequired\":true,\"valueName\":\"search_term_string\"}}],\"inLanguage\":\"es\"},{\"@type\":\"Organization\",\"@id\":\"https:\\\/\\\/fmgente.com.ar\\\/web\\\/#organization\",\"name\":\"Fm Gente\",\"url\":\"https:\\\/\\\/fmgente.com.ar\\\/web\\\/\",\"logo\":{\"@type\":\"ImageObject\",\"inLanguage\":\"es\",\"@id\":\"https:\\\/\\\/fmgente.com.ar\\\/web\\\/#\\\/schema\\\/logo\\\/image\\\/\",\"url\":\"https:\\\/\\\/fmgente.com.ar\\\/web\\\/wp-content\\\/uploads\\\/2023\\\/07\\\/cropped-cropped-logo-sombra2.png\",\"contentUrl\":\"https:\\\/\\\/fmgente.com.ar\\\/web\\\/wp-content\\\/uploads\\\/2023\\\/07\\\/cropped-cropped-logo-sombra2.png\",\"width\":1782,\"height\":1782,\"caption\":\"Fm Gente\"},\"image\":{\"@id\":\"https:\\\/\\\/fmgente.com.ar\\\/web\\\/#\\\/schema\\\/logo\\\/image\\\/\"}}]}<\/script>\n<!-- \/ Yoast SEO plugin. -->","yoast_head_json":{"title":"Los campeones salte\u00f1os, listos para el Mundialito de Catalu\u00f1a - Fm Gente","robots":{"index":"index","follow":"follow","max-snippet":"max-snippet:-1","max-image-preview":"max-image-preview:large","max-video-preview":"max-video-preview:-1"},"canonical":"https:\/\/fmgente.com.ar\/web\/los-campeones-saltenos-listos-para-el-mundialito-de-cataluna\/","og_locale":"es_ES","og_type":"article","og_title":"Los campeones salte\u00f1os, listos para el Mundialito de Catalu\u00f1a - Fm Gente","og_description":"El sue\u00f1o no para de crecer. La Selecci\u00f3n Sub-13 de la Liga Salte\u00f1a de F\u00fatbol,","og_url":"https:\/\/fmgente.com.ar\/web\/los-campeones-saltenos-listos-para-el-mundialito-de-cataluna\/","og_site_name":"Fm Gente","article_published_time":"2026-03-19T12:06:30+00:00","og_image":[{"url":"https:\/\/uscdn.eltribuno.com\/032026\/1773887052750.jpg","type":"","width":"","height":""}],"twitter_card":"summary_large_image","twitter_misc":{"Tiempo de lectura":"2 minutos"},"schema":{"@context":"https:\/\/schema.org","@graph":[{"@type":"Article","@id":"https:\/\/fmgente.com.ar\/web\/los-campeones-saltenos-listos-para-el-mundialito-de-cataluna\/#article","isPartOf":{"@id":"https:\/\/fmgente.com.ar\/web\/los-campeones-saltenos-listos-para-el-mundialito-de-cataluna\/"},"author":{"name":"","@id":""},"headline":"Los campeones salte\u00f1os, listos para el Mundialito de Catalu\u00f1a","datePublished":"2026-03-19T12:06:30+00:00","mainEntityOfPage":{"@id":"https:\/\/fmgente.com.ar\/web\/los-campeones-saltenos-listos-para-el-mundialito-de-cataluna\/"},"wordCount":392,"publisher":{"@id":"https:\/\/fmgente.com.ar\/web\/#organization"},"image":{"@id":"https:\/\/fmgente.com.ar\/web\/los-campeones-saltenos-listos-para-el-mundialito-de-cataluna\/#primaryimage"},"thumbnailUrl":"https:\/\/fmgente.com.ar\/web\/wp-content\/uploads\/2026\/03\/1773887052750.jpg","articleSection":["DESTACADAS"],"inLanguage":"es"},{"@type":"WebPage","@id":"https:\/\/fmgente.com.ar\/web\/los-campeones-saltenos-listos-para-el-mundialito-de-cataluna\/","url":"https:\/\/fmgente.com.ar\/web\/los-campeones-saltenos-listos-para-el-mundialito-de-cataluna\/","name":"Los campeones salte\u00f1os, listos para el Mundialito de Catalu\u00f1a - Fm Gente","isPartOf":{"@id":"https:\/\/fmgente.com.ar\/web\/#website"},"primaryImageOfPage":{"@id":"https:\/\/fmgente.com.ar\/web\/los-campeones-saltenos-listos-para-el-mundialito-de-cataluna\/#primaryimage"},"image":{"@id":"https:\/\/fmgente.com.ar\/web\/los-campeones-saltenos-listos-para-el-mundialito-de-cataluna\/#primaryimage"},"thumbnailUrl":"https:\/\/fmgente.com.ar\/web\/wp-content\/uploads\/2026\/03\/1773887052750.jpg","datePublished":"2026-03-19T12:06:30+00:00","inLanguage":"es","potentialAction":[{"@type":"ReadAction","target":["https:\/\/fmgente.com.ar\/web\/los-campeones-saltenos-listos-para-el-mundialito-de-cataluna\/"]}]},{"@type":"ImageObject","inLanguage":"es","@id":"https:\/\/fmgente.com.ar\/web\/los-campeones-saltenos-listos-para-el-mundialito-de-cataluna\/#primaryimage","url":"https:\/\/fmgente.com.ar\/web\/wp-content\/uploads\/2026\/03\/1773887052750.jpg","contentUrl":"https:\/\/fmgente.com.ar\/web\/wp-content\/uploads\/2026\/03\/1773887052750.jpg","width":1002,"height":529},{"@type":"WebSite","@id":"https:\/\/fmgente.com.ar\/web\/#website","url":"https:\/\/fmgente.com.ar\/web\/","name":"Fm Gente","description":"- Jes\u00fas Mar\u00eda","publisher":{"@id":"https:\/\/fmgente.com.ar\/web\/#organization"},"potentialAction":[{"@type":"SearchAction","target":{"@type":"EntryPoint","urlTemplate":"https:\/\/fmgente.com.ar\/web\/?s={search_term_string}"},"query-input":{"@type":"PropertyValueSpecification","valueRequired":true,"valueName":"search_term_string"}}],"inLanguage":"es"},{"@type":"Organization","@id":"https:\/\/fmgente.com.ar\/web\/#organization","name":"Fm Gente","url":"https:\/\/fmgente.com.ar\/web\/","logo":{"@type":"ImageObject","inLanguage":"es","@id":"https:\/\/fmgente.com.ar\/web\/#\/schema\/logo\/image\/","url":"https:\/\/fmgente.com.ar\/web\/wp-content\/uploads\/2023\/07\/cropped-cropped-logo-sombra2.png","contentUrl":"https:\/\/fmgente.com.ar\/web\/wp-content\/uploads\/2023\/07\/cropped-cropped-logo-sombra2.png","width":1782,"height":1782,"caption":"Fm Gente"},"image":{"@id":"https:\/\/fmgente.com.ar\/web\/#\/schema\/logo\/image\/"}}]}},"_links":{"self":[{"href":"https:\/\/fmgente.com.ar\/web\/wp-json\/wp\/v2\/posts\/15813","targetHints":{"allow":["GET"]}}],"collection":[{"href":"https:\/\/fmgente.com.ar\/web\/wp-json\/wp\/v2\/posts"}],"about":[{"href":"https:\/\/fmgente.com.ar\/web\/wp-json\/wp\/v2\/types\/post"}],"replies":[{"embeddable":true,"href":"https:\/\/fmgente.com.ar\/web\/wp-json\/wp\/v2\/comments?post=15813"}],"version-history":[{"count":0,"href":"https:\/\/fmgente.com.ar\/web\/wp-json\/wp\/v2\/posts\/15813\/revisions"}],"wp:featuredmedia":[{"embeddable":true,"href":"https:\/\/fmgente.com.ar\/web\/wp-json\/wp\/v2\/media\/15814"}],"wp:attachment":[{"href":"https:\/\/fmgente.com.ar\/web\/wp-json\/wp\/v2\/media?parent=15813"}],"wp:term":[{"taxonomy":"category","embeddable":true,"href":"https:\/\/fmgente.com.ar\/web\/wp-json\/wp\/v2\/categories?post=15813"},{"taxonomy":"post_tag","embeddable":true,"href":"https:\/\/fmgente.com.ar\/web\/wp-json\/wp\/v2\/tags?post=15813"}],"curies":[{"name":"wp","href":"https:\/\/api.w.org\/{rel}","templated":true}]}}