{"id":15811,"date":"2026-03-19T09:06:27","date_gmt":"2026-03-19T12:06:27","guid":{"rendered":"https:\/\/fmgente.com.ar\/web\/detienen-a-un-policia-por-violencia-de-genero\/"},"modified":"2026-03-19T09:06:27","modified_gmt":"2026-03-19T12:06:27","slug":"detienen-a-un-policia-por-violencia-de-genero","status":"publish","type":"post","link":"https:\/\/fmgente.com.ar\/web\/detienen-a-un-policia-por-violencia-de-genero\/","title":{"rendered":"Detienen a un polic\u00eda por violencia de g\u00e9nero"},"content":{"rendered":"<p>Un efectivo de la Polic\u00eda de Salta fue detenido y apartado del servicio activo tras una nueva denuncia presentada por su expareja en la comisar\u00eda de Met\u00e1n.<\/p>\n<p>La \u00faltima denuncia penal contra el oficial habr\u00eda sido el punto de quiebre, ya que, seg\u00fan trascendi\u00f3, durante un tiempo prolongado <strong>habr\u00eda existido alg\u00fan tipo de protecci\u00f3n por parte de sus superiores.<\/strong><\/p>\n<p>El episodio, vinculado a presunta violencia institucional y de g\u00e9nero, se registr\u00f3 en San Jos\u00e9 de Met\u00e1n, donde el uniformado fue detenido luego de la nueva presentaci\u00f3n judicial. Fuentes locales se\u00f1alaron que<strong> esta denuncia habr\u00eda dejado al descubierto una posible red de encubrimiento interno.<\/strong><\/p>\n<p>De acuerdo con la informaci\u00f3n recabada, <strong>la v\u00edctima ya hab\u00eda acudido a la Justicia en reiteradas oportunidades<\/strong>, aunque sin respuestas efectivas.<\/p>\n<p>En ese sentido, se investiga si el anterior jefe de la dependencia habr\u00eda encubierto al efectivo, demorando las actuaciones e impidiendo la adopci\u00f3n de medidas preventivas y de protecci\u00f3n para la denunciante.<\/p>\n<p>Seg\u00fan trascendi\u00f3, la actual conducci\u00f3n de la comisar\u00eda, al tomar conocimiento del caso, dispuso de inmediato la detenci\u00f3n del oficial y el retiro de su arma reglamentaria.<\/p>\n<p>El director de Prensa y Difusi\u00f3n de la Polic\u00eda confirm\u00f3 a medios de comunicaci\u00f3n que el acusado ya no se encuentra en funciones y que se encuentra en proceso de retiro. \u00abSe tomaron todas las medidas cautelares y se verificaron los antecedentes\u00bb, indicaron desde la instituci\u00f3n, al tiempo que aseguraron la aplicaci\u00f3n del protocolo de tolerancia cero ante este tipo de hechos.<\/p>\n<p>Ante esta situaci\u00f3n, las autoridades confirmaron el inicio de una investigaci\u00f3n administrativa para determinar la eventual responsabilidad del jefe anterior.<strong> El objetivo es esclarecer por qu\u00e9 las denuncias previas no prosperaron y si existi\u00f3 alg\u00fan tipo de complicidad para proteger al efectivo, obstaculizando el accionar de la Justicia<\/strong>, seg\u00fan indicaron fuentes del sur de la provincia.<\/p>\n<p>.<\/p><\/p>\n","protected":false},"excerpt":{"rendered":"<p>Un efectivo de la Polic\u00eda de Salta fue detenido y apartado del servicio activo tras<\/p>\n","protected":false},"author":0,"featured_media":15812,"comment_status":"","ping_status":"","sticky":false,"template":"","format":"standard","meta":{"footnotes":""},"categories":[11],"tags":[],"class_list":["post-15811","post","type-post","status-publish","format-standard","has-post-thumbnail","hentry","category-destacadas"],"yoast_head":"<!-- This site is optimized with the Yoast SEO plugin v27.4 - https:\/\/yoast.com\/product\/yoast-seo-wordpress\/ -->\n<title>Detienen a un polic\u00eda por violencia de g\u00e9nero - Fm Gente<\/title>\n<meta name=\"robots\" content=\"index, follow, max-snippet:-1, max-image-preview:large, max-video-preview:-1\" \/>\n<link rel=\"canonical\" href=\"https:\/\/fmgente.com.ar\/web\/detienen-a-un-policia-por-violencia-de-genero\/\" \/>\n<meta property=\"og:locale\" content=\"es_ES\" \/>\n<meta property=\"og:type\" content=\"article\" \/>\n<meta property=\"og:title\" content=\"Detienen a un polic\u00eda por violencia de g\u00e9nero - Fm Gente\" \/>\n<meta property=\"og:description\" content=\"Un efectivo de la Polic\u00eda de Salta fue detenido y apartado del servicio activo tras\" \/>\n<meta property=\"og:url\" content=\"https:\/\/fmgente.com.ar\/web\/detienen-a-un-policia-por-violencia-de-genero\/\" \/>\n<meta property=\"og:site_name\" content=\"Fm Gente\" \/>\n<meta property=\"article:published_time\" content=\"2026-03-19T12:06:27+00:00\" \/>\n<meta name=\"twitter:card\" content=\"summary_large_image\" \/>\n<meta name=\"twitter:label1\" content=\"Tiempo de lectura\" \/>\n\t<meta name=\"twitter:data1\" content=\"2 minutos\" \/>\n<script type=\"application\/ld+json\" class=\"yoast-schema-graph\">{\"@context\":\"https:\\\/\\\/schema.org\",\"@graph\":[{\"@type\":\"Article\",\"@id\":\"https:\\\/\\\/fmgente.com.ar\\\/web\\\/detienen-a-un-policia-por-violencia-de-genero\\\/#article\",\"isPartOf\":{\"@id\":\"https:\\\/\\\/fmgente.com.ar\\\/web\\\/detienen-a-un-policia-por-violencia-de-genero\\\/\"},\"author\":{\"name\":\"\",\"@id\":\"\"},\"headline\":\"Detienen a un polic\u00eda por violencia de g\u00e9nero\",\"datePublished\":\"2026-03-19T12:06:27+00:00\",\"mainEntityOfPage\":{\"@id\":\"https:\\\/\\\/fmgente.com.ar\\\/web\\\/detienen-a-un-policia-por-violencia-de-genero\\\/\"},\"wordCount\":343,\"publisher\":{\"@id\":\"https:\\\/\\\/fmgente.com.ar\\\/web\\\/#organization\"},\"image\":{\"@id\":\"https:\\\/\\\/fmgente.com.ar\\\/web\\\/detienen-a-un-policia-por-violencia-de-genero\\\/#primaryimage\"},\"thumbnailUrl\":\"https:\\\/\\\/fmgente.com.ar\\\/web\\\/wp-content\\\/uploads\\\/2026\\\/03\\\/portadax-103.png\",\"articleSection\":[\"DESTACADAS\"],\"inLanguage\":\"es\"},{\"@type\":\"WebPage\",\"@id\":\"https:\\\/\\\/fmgente.com.ar\\\/web\\\/detienen-a-un-policia-por-violencia-de-genero\\\/\",\"url\":\"https:\\\/\\\/fmgente.com.ar\\\/web\\\/detienen-a-un-policia-por-violencia-de-genero\\\/\",\"name\":\"Detienen a un polic\u00eda por violencia de g\u00e9nero - Fm Gente\",\"isPartOf\":{\"@id\":\"https:\\\/\\\/fmgente.com.ar\\\/web\\\/#website\"},\"primaryImageOfPage\":{\"@id\":\"https:\\\/\\\/fmgente.com.ar\\\/web\\\/detienen-a-un-policia-por-violencia-de-genero\\\/#primaryimage\"},\"image\":{\"@id\":\"https:\\\/\\\/fmgente.com.ar\\\/web\\\/detienen-a-un-policia-por-violencia-de-genero\\\/#primaryimage\"},\"thumbnailUrl\":\"https:\\\/\\\/fmgente.com.ar\\\/web\\\/wp-content\\\/uploads\\\/2026\\\/03\\\/portadax-103.png\",\"datePublished\":\"2026-03-19T12:06:27+00:00\",\"inLanguage\":\"es\",\"potentialAction\":[{\"@type\":\"ReadAction\",\"target\":[\"https:\\\/\\\/fmgente.com.ar\\\/web\\\/detienen-a-un-policia-por-violencia-de-genero\\\/\"]}]},{\"@type\":\"ImageObject\",\"inLanguage\":\"es\",\"@id\":\"https:\\\/\\\/fmgente.com.ar\\\/web\\\/detienen-a-un-policia-por-violencia-de-genero\\\/#primaryimage\",\"url\":\"https:\\\/\\\/fmgente.com.ar\\\/web\\\/wp-content\\\/uploads\\\/2026\\\/03\\\/portadax-103.png\",\"contentUrl\":\"https:\\\/\\\/fmgente.com.ar\\\/web\\\/wp-content\\\/uploads\\\/2026\\\/03\\\/portadax-103.png\",\"width\":1366,\"height\":768},{\"@type\":\"WebSite\",\"@id\":\"https:\\\/\\\/fmgente.com.ar\\\/web\\\/#website\",\"url\":\"https:\\\/\\\/fmgente.com.ar\\\/web\\\/\",\"name\":\"Fm Gente\",\"description\":\"- Jes\u00fas Mar\u00eda\",\"publisher\":{\"@id\":\"https:\\\/\\\/fmgente.com.ar\\\/web\\\/#organization\"},\"potentialAction\":[{\"@type\":\"SearchAction\",\"target\":{\"@type\":\"EntryPoint\",\"urlTemplate\":\"https:\\\/\\\/fmgente.com.ar\\\/web\\\/?s={search_term_string}\"},\"query-input\":{\"@type\":\"PropertyValueSpecification\",\"valueRequired\":true,\"valueName\":\"search_term_string\"}}],\"inLanguage\":\"es\"},{\"@type\":\"Organization\",\"@id\":\"https:\\\/\\\/fmgente.com.ar\\\/web\\\/#organization\",\"name\":\"Fm Gente\",\"url\":\"https:\\\/\\\/fmgente.com.ar\\\/web\\\/\",\"logo\":{\"@type\":\"ImageObject\",\"inLanguage\":\"es\",\"@id\":\"https:\\\/\\\/fmgente.com.ar\\\/web\\\/#\\\/schema\\\/logo\\\/image\\\/\",\"url\":\"https:\\\/\\\/fmgente.com.ar\\\/web\\\/wp-content\\\/uploads\\\/2023\\\/07\\\/cropped-cropped-logo-sombra2.png\",\"contentUrl\":\"https:\\\/\\\/fmgente.com.ar\\\/web\\\/wp-content\\\/uploads\\\/2023\\\/07\\\/cropped-cropped-logo-sombra2.png\",\"width\":1782,\"height\":1782,\"caption\":\"Fm Gente\"},\"image\":{\"@id\":\"https:\\\/\\\/fmgente.com.ar\\\/web\\\/#\\\/schema\\\/logo\\\/image\\\/\"}}]}<\/script>\n<!-- \/ Yoast SEO plugin. -->","yoast_head_json":{"title":"Detienen a un polic\u00eda por violencia de g\u00e9nero - Fm Gente","robots":{"index":"index","follow":"follow","max-snippet":"max-snippet:-1","max-image-preview":"max-image-preview:large","max-video-preview":"max-video-preview:-1"},"canonical":"https:\/\/fmgente.com.ar\/web\/detienen-a-un-policia-por-violencia-de-genero\/","og_locale":"es_ES","og_type":"article","og_title":"Detienen a un polic\u00eda por violencia de g\u00e9nero - Fm Gente","og_description":"Un efectivo de la Polic\u00eda de Salta fue detenido y apartado del servicio activo tras","og_url":"https:\/\/fmgente.com.ar\/web\/detienen-a-un-policia-por-violencia-de-genero\/","og_site_name":"Fm Gente","article_published_time":"2026-03-19T12:06:27+00:00","twitter_card":"summary_large_image","twitter_misc":{"Tiempo de lectura":"2 minutos"},"schema":{"@context":"https:\/\/schema.org","@graph":[{"@type":"Article","@id":"https:\/\/fmgente.com.ar\/web\/detienen-a-un-policia-por-violencia-de-genero\/#article","isPartOf":{"@id":"https:\/\/fmgente.com.ar\/web\/detienen-a-un-policia-por-violencia-de-genero\/"},"author":{"name":"","@id":""},"headline":"Detienen a un polic\u00eda por violencia de g\u00e9nero","datePublished":"2026-03-19T12:06:27+00:00","mainEntityOfPage":{"@id":"https:\/\/fmgente.com.ar\/web\/detienen-a-un-policia-por-violencia-de-genero\/"},"wordCount":343,"publisher":{"@id":"https:\/\/fmgente.com.ar\/web\/#organization"},"image":{"@id":"https:\/\/fmgente.com.ar\/web\/detienen-a-un-policia-por-violencia-de-genero\/#primaryimage"},"thumbnailUrl":"https:\/\/fmgente.com.ar\/web\/wp-content\/uploads\/2026\/03\/portadax-103.png","articleSection":["DESTACADAS"],"inLanguage":"es"},{"@type":"WebPage","@id":"https:\/\/fmgente.com.ar\/web\/detienen-a-un-policia-por-violencia-de-genero\/","url":"https:\/\/fmgente.com.ar\/web\/detienen-a-un-policia-por-violencia-de-genero\/","name":"Detienen a un polic\u00eda por violencia de g\u00e9nero - Fm Gente","isPartOf":{"@id":"https:\/\/fmgente.com.ar\/web\/#website"},"primaryImageOfPage":{"@id":"https:\/\/fmgente.com.ar\/web\/detienen-a-un-policia-por-violencia-de-genero\/#primaryimage"},"image":{"@id":"https:\/\/fmgente.com.ar\/web\/detienen-a-un-policia-por-violencia-de-genero\/#primaryimage"},"thumbnailUrl":"https:\/\/fmgente.com.ar\/web\/wp-content\/uploads\/2026\/03\/portadax-103.png","datePublished":"2026-03-19T12:06:27+00:00","inLanguage":"es","potentialAction":[{"@type":"ReadAction","target":["https:\/\/fmgente.com.ar\/web\/detienen-a-un-policia-por-violencia-de-genero\/"]}]},{"@type":"ImageObject","inLanguage":"es","@id":"https:\/\/fmgente.com.ar\/web\/detienen-a-un-policia-por-violencia-de-genero\/#primaryimage","url":"https:\/\/fmgente.com.ar\/web\/wp-content\/uploads\/2026\/03\/portadax-103.png","contentUrl":"https:\/\/fmgente.com.ar\/web\/wp-content\/uploads\/2026\/03\/portadax-103.png","width":1366,"height":768},{"@type":"WebSite","@id":"https:\/\/fmgente.com.ar\/web\/#website","url":"https:\/\/fmgente.com.ar\/web\/","name":"Fm Gente","description":"- Jes\u00fas Mar\u00eda","publisher":{"@id":"https:\/\/fmgente.com.ar\/web\/#organization"},"potentialAction":[{"@type":"SearchAction","target":{"@type":"EntryPoint","urlTemplate":"https:\/\/fmgente.com.ar\/web\/?s={search_term_string}"},"query-input":{"@type":"PropertyValueSpecification","valueRequired":true,"valueName":"search_term_string"}}],"inLanguage":"es"},{"@type":"Organization","@id":"https:\/\/fmgente.com.ar\/web\/#organization","name":"Fm Gente","url":"https:\/\/fmgente.com.ar\/web\/","logo":{"@type":"ImageObject","inLanguage":"es","@id":"https:\/\/fmgente.com.ar\/web\/#\/schema\/logo\/image\/","url":"https:\/\/fmgente.com.ar\/web\/wp-content\/uploads\/2023\/07\/cropped-cropped-logo-sombra2.png","contentUrl":"https:\/\/fmgente.com.ar\/web\/wp-content\/uploads\/2023\/07\/cropped-cropped-logo-sombra2.png","width":1782,"height":1782,"caption":"Fm Gente"},"image":{"@id":"https:\/\/fmgente.com.ar\/web\/#\/schema\/logo\/image\/"}}]}},"_links":{"self":[{"href":"https:\/\/fmgente.com.ar\/web\/wp-json\/wp\/v2\/posts\/15811","targetHints":{"allow":["GET"]}}],"collection":[{"href":"https:\/\/fmgente.com.ar\/web\/wp-json\/wp\/v2\/posts"}],"about":[{"href":"https:\/\/fmgente.com.ar\/web\/wp-json\/wp\/v2\/types\/post"}],"replies":[{"embeddable":true,"href":"https:\/\/fmgente.com.ar\/web\/wp-json\/wp\/v2\/comments?post=15811"}],"version-history":[{"count":0,"href":"https:\/\/fmgente.com.ar\/web\/wp-json\/wp\/v2\/posts\/15811\/revisions"}],"wp:featuredmedia":[{"embeddable":true,"href":"https:\/\/fmgente.com.ar\/web\/wp-json\/wp\/v2\/media\/15812"}],"wp:attachment":[{"href":"https:\/\/fmgente.com.ar\/web\/wp-json\/wp\/v2\/media?parent=15811"}],"wp:term":[{"taxonomy":"category","embeddable":true,"href":"https:\/\/fmgente.com.ar\/web\/wp-json\/wp\/v2\/categories?post=15811"},{"taxonomy":"post_tag","embeddable":true,"href":"https:\/\/fmgente.com.ar\/web\/wp-json\/wp\/v2\/tags?post=15811"}],"curies":[{"name":"wp","href":"https:\/\/api.w.org\/{rel}","templated":true}]}}