{"id":15809,"date":"2026-03-19T09:06:24","date_gmt":"2026-03-19T12:06:24","guid":{"rendered":"https:\/\/fmgente.com.ar\/web\/dentro-del-noroeste-salta-tuvo-el-desempleo-mas-alto-59\/"},"modified":"2026-03-19T09:06:24","modified_gmt":"2026-03-19T12:06:24","slug":"dentro-del-noroeste-salta-tuvo-el-desempleo-mas-alto-59","status":"publish","type":"post","link":"https:\/\/fmgente.com.ar\/web\/dentro-del-noroeste-salta-tuvo-el-desempleo-mas-alto-59\/","title":{"rendered":"Dentro del Noroeste, Salta tuvo el desempleo m\u00e1s alto: 5,9%"},"content":{"rendered":"<p>La tasa de desempleo trep\u00f3 en el cuarto trimestre de 2025 al 7,5 %, con miles de empleos asalariados formales perdidos y una creciente precariedad laboral. Al interior del mapa argentino, el Noroeste qued\u00f3 como la regi\u00f3n con la tasa m\u00e1s baja, 4,2%, aunque dentro de ese distrito, la ciudad de Salta fue la que tuvo el \u00edndice m\u00e1s elevado, 5,9%.<\/p>\n<p>Seg\u00fan inform\u00f3 ayer el Instituto Nacional de Estad\u00edstica y Censos (Indec), el desempleo subi\u00f3 en el cuarto trimestre del a\u00f1o pasado 0,9 puntos porcentuales respecto al trimestre anterior y 1,1 puntos en comparaci\u00f3n con igual per\u00edodo de 2024. En relaci\u00f3n con fines de 2023 (5,7%), hubo un incremento de 1,8 puntos.<\/p>\n<p>Seg\u00fan el informe del Indec, la tasa de desocupaci\u00f3n, que se calcula sobre la poblaci\u00f3n econ\u00f3micamente activa, afecta a m\u00e1s de 1,7 millones de personas en todo el pa\u00eds. La cifra implica 193 mil nuevos desocupados en un a\u00f1o.<\/p>\n<p>La cifra de desocupados en los 31 mayores conglomerados urbanos considerados en la medici\u00f3n oficial fue en el cuarto trimestre de 2025 de 1.093.000 personas, 156.000 m\u00e1s que en igual trimestre de 2024.<\/p>\n<p>El empleo se redujo del 45,7% al 45% ( unos 150.000 ocupados menos) mientras avanz\u00f3 la informalidad del 42% al 43%, de acuerdo al \u00faltimo relevamiento del organismo estad\u00edstico nacional. Proyectado ese porcentaje a todo el pa\u00eds habr\u00eda 13 millones de trabajadores registrados y unos 9 millones \u00aben negro\u00bb.<\/p>\n<p>En los 31 Aglomerados que releva el INDEC, en un a\u00f1o los ocupados se redujeron en 93.000 personas, con 96.000 asalariados informales m\u00e1s. Los ocupados descendieron de 13.596.000 a 13.503.000.<\/p>\n<p><strong>Por regi\u00f3n<\/strong><\/p>\n<p>Al analizar el relevamiento seg\u00fan la geograf\u00eda, el Noroeste -donde est\u00e1 Salta- qued\u00f3 como la regi\u00f3n con el \u00edndice m\u00e1s bajo: 4,2% contra el 7,5% nacional. En el otro extremo se ubic\u00f3 el Gran Buenos Aires, con 8,6% de desempleo. En el medio quedaron la regi\u00f3n Pampeana con 7,7%, el Noreste con el 5,6%, Cuyo con 4,9% y la Patagonia con 4,8%.<\/p>\n<p>Dentro del Noroeste, la tasa m\u00e1s alta de desocupaci\u00f3n se registr\u00f3 en la ciudad de Salta (5,9%) y apenas por debajo aparece Gran Tucum\u00e1n-Taf\u00ed Viejo (5,6%). El aglomerado con menor desempleo fue Santiago del Estero-La Banda (0,6%, el n\u00famero m\u00e1s bajo del pa\u00eds), mientras que en Jujuy-Palpal\u00e1 fue de 2,2%. La Rioja y Catamarca mostraron un desempleo de 3,4% y 3,8%, respectivamente.<\/p>\n<p><strong>Los afectados<\/strong><\/p>\n<p>El desempleo del 7,5%, se desglosa en un 7,9% entre las mujeres y 7,2% entre los varones.<\/p>\n<p>Eso pas\u00f3 por el incremento del desempleo entre la poblaci\u00f3n m\u00e1s joven -el grupo de 14 a 29 a\u00f1os- que presentaron un aumento de 4,1 puntos en varones ( del 12,5% al 16,2%) y de 3 puntos ( del 13,8% al 16,8%) entre mujeres de esas edades.<\/p><\/p>\n","protected":false},"excerpt":{"rendered":"<p>La tasa de desempleo trep\u00f3 en el cuarto trimestre de 2025 al 7,5 %, con<\/p>\n","protected":false},"author":0,"featured_media":15810,"comment_status":"","ping_status":"","sticky":false,"template":"","format":"standard","meta":{"footnotes":""},"categories":[11],"tags":[],"class_list":["post-15809","post","type-post","status-publish","format-standard","has-post-thumbnail","hentry","category-destacadas"],"yoast_head":"<!-- This site is optimized with the Yoast SEO plugin v27.4 - https:\/\/yoast.com\/product\/yoast-seo-wordpress\/ -->\n<title>Dentro del Noroeste, Salta tuvo el desempleo m\u00e1s alto: 5,9% - Fm Gente<\/title>\n<meta name=\"robots\" content=\"index, follow, max-snippet:-1, max-image-preview:large, max-video-preview:-1\" \/>\n<link rel=\"canonical\" href=\"https:\/\/fmgente.com.ar\/web\/dentro-del-noroeste-salta-tuvo-el-desempleo-mas-alto-59\/\" \/>\n<meta property=\"og:locale\" content=\"es_ES\" \/>\n<meta property=\"og:type\" content=\"article\" \/>\n<meta property=\"og:title\" content=\"Dentro del Noroeste, Salta tuvo el desempleo m\u00e1s alto: 5,9% - Fm Gente\" \/>\n<meta property=\"og:description\" content=\"La tasa de desempleo trep\u00f3 en el cuarto trimestre de 2025 al 7,5 %, con\" \/>\n<meta property=\"og:url\" content=\"https:\/\/fmgente.com.ar\/web\/dentro-del-noroeste-salta-tuvo-el-desempleo-mas-alto-59\/\" \/>\n<meta property=\"og:site_name\" content=\"Fm Gente\" \/>\n<meta property=\"article:published_time\" content=\"2026-03-19T12:06:24+00:00\" \/>\n<meta name=\"twitter:card\" content=\"summary_large_image\" \/>\n<meta name=\"twitter:label1\" content=\"Tiempo de lectura\" \/>\n\t<meta name=\"twitter:data1\" content=\"2 minutos\" \/>\n<script type=\"application\/ld+json\" class=\"yoast-schema-graph\">{\"@context\":\"https:\\\/\\\/schema.org\",\"@graph\":[{\"@type\":\"Article\",\"@id\":\"https:\\\/\\\/fmgente.com.ar\\\/web\\\/dentro-del-noroeste-salta-tuvo-el-desempleo-mas-alto-59\\\/#article\",\"isPartOf\":{\"@id\":\"https:\\\/\\\/fmgente.com.ar\\\/web\\\/dentro-del-noroeste-salta-tuvo-el-desempleo-mas-alto-59\\\/\"},\"author\":{\"name\":\"\",\"@id\":\"\"},\"headline\":\"Dentro del Noroeste, Salta tuvo el desempleo m\u00e1s alto: 5,9%\",\"datePublished\":\"2026-03-19T12:06:24+00:00\",\"mainEntityOfPage\":{\"@id\":\"https:\\\/\\\/fmgente.com.ar\\\/web\\\/dentro-del-noroeste-salta-tuvo-el-desempleo-mas-alto-59\\\/\"},\"wordCount\":446,\"publisher\":{\"@id\":\"https:\\\/\\\/fmgente.com.ar\\\/web\\\/#organization\"},\"image\":{\"@id\":\"https:\\\/\\\/fmgente.com.ar\\\/web\\\/dentro-del-noroeste-salta-tuvo-el-desempleo-mas-alto-59\\\/#primaryimage\"},\"thumbnailUrl\":\"https:\\\/\\\/fmgente.com.ar\\\/web\\\/wp-content\\\/uploads\\\/2026\\\/03\\\/portadax-102.png\",\"articleSection\":[\"DESTACADAS\"],\"inLanguage\":\"es\"},{\"@type\":\"WebPage\",\"@id\":\"https:\\\/\\\/fmgente.com.ar\\\/web\\\/dentro-del-noroeste-salta-tuvo-el-desempleo-mas-alto-59\\\/\",\"url\":\"https:\\\/\\\/fmgente.com.ar\\\/web\\\/dentro-del-noroeste-salta-tuvo-el-desempleo-mas-alto-59\\\/\",\"name\":\"Dentro del Noroeste, Salta tuvo el desempleo m\u00e1s alto: 5,9% - Fm Gente\",\"isPartOf\":{\"@id\":\"https:\\\/\\\/fmgente.com.ar\\\/web\\\/#website\"},\"primaryImageOfPage\":{\"@id\":\"https:\\\/\\\/fmgente.com.ar\\\/web\\\/dentro-del-noroeste-salta-tuvo-el-desempleo-mas-alto-59\\\/#primaryimage\"},\"image\":{\"@id\":\"https:\\\/\\\/fmgente.com.ar\\\/web\\\/dentro-del-noroeste-salta-tuvo-el-desempleo-mas-alto-59\\\/#primaryimage\"},\"thumbnailUrl\":\"https:\\\/\\\/fmgente.com.ar\\\/web\\\/wp-content\\\/uploads\\\/2026\\\/03\\\/portadax-102.png\",\"datePublished\":\"2026-03-19T12:06:24+00:00\",\"inLanguage\":\"es\",\"potentialAction\":[{\"@type\":\"ReadAction\",\"target\":[\"https:\\\/\\\/fmgente.com.ar\\\/web\\\/dentro-del-noroeste-salta-tuvo-el-desempleo-mas-alto-59\\\/\"]}]},{\"@type\":\"ImageObject\",\"inLanguage\":\"es\",\"@id\":\"https:\\\/\\\/fmgente.com.ar\\\/web\\\/dentro-del-noroeste-salta-tuvo-el-desempleo-mas-alto-59\\\/#primaryimage\",\"url\":\"https:\\\/\\\/fmgente.com.ar\\\/web\\\/wp-content\\\/uploads\\\/2026\\\/03\\\/portadax-102.png\",\"contentUrl\":\"https:\\\/\\\/fmgente.com.ar\\\/web\\\/wp-content\\\/uploads\\\/2026\\\/03\\\/portadax-102.png\",\"width\":1366,\"height\":768},{\"@type\":\"WebSite\",\"@id\":\"https:\\\/\\\/fmgente.com.ar\\\/web\\\/#website\",\"url\":\"https:\\\/\\\/fmgente.com.ar\\\/web\\\/\",\"name\":\"Fm Gente\",\"description\":\"- Jes\u00fas Mar\u00eda\",\"publisher\":{\"@id\":\"https:\\\/\\\/fmgente.com.ar\\\/web\\\/#organization\"},\"potentialAction\":[{\"@type\":\"SearchAction\",\"target\":{\"@type\":\"EntryPoint\",\"urlTemplate\":\"https:\\\/\\\/fmgente.com.ar\\\/web\\\/?s={search_term_string}\"},\"query-input\":{\"@type\":\"PropertyValueSpecification\",\"valueRequired\":true,\"valueName\":\"search_term_string\"}}],\"inLanguage\":\"es\"},{\"@type\":\"Organization\",\"@id\":\"https:\\\/\\\/fmgente.com.ar\\\/web\\\/#organization\",\"name\":\"Fm Gente\",\"url\":\"https:\\\/\\\/fmgente.com.ar\\\/web\\\/\",\"logo\":{\"@type\":\"ImageObject\",\"inLanguage\":\"es\",\"@id\":\"https:\\\/\\\/fmgente.com.ar\\\/web\\\/#\\\/schema\\\/logo\\\/image\\\/\",\"url\":\"https:\\\/\\\/fmgente.com.ar\\\/web\\\/wp-content\\\/uploads\\\/2023\\\/07\\\/cropped-cropped-logo-sombra2.png\",\"contentUrl\":\"https:\\\/\\\/fmgente.com.ar\\\/web\\\/wp-content\\\/uploads\\\/2023\\\/07\\\/cropped-cropped-logo-sombra2.png\",\"width\":1782,\"height\":1782,\"caption\":\"Fm Gente\"},\"image\":{\"@id\":\"https:\\\/\\\/fmgente.com.ar\\\/web\\\/#\\\/schema\\\/logo\\\/image\\\/\"}}]}<\/script>\n<!-- \/ Yoast SEO plugin. -->","yoast_head_json":{"title":"Dentro del Noroeste, Salta tuvo el desempleo m\u00e1s alto: 5,9% - Fm Gente","robots":{"index":"index","follow":"follow","max-snippet":"max-snippet:-1","max-image-preview":"max-image-preview:large","max-video-preview":"max-video-preview:-1"},"canonical":"https:\/\/fmgente.com.ar\/web\/dentro-del-noroeste-salta-tuvo-el-desempleo-mas-alto-59\/","og_locale":"es_ES","og_type":"article","og_title":"Dentro del Noroeste, Salta tuvo el desempleo m\u00e1s alto: 5,9% - Fm Gente","og_description":"La tasa de desempleo trep\u00f3 en el cuarto trimestre de 2025 al 7,5 %, con","og_url":"https:\/\/fmgente.com.ar\/web\/dentro-del-noroeste-salta-tuvo-el-desempleo-mas-alto-59\/","og_site_name":"Fm Gente","article_published_time":"2026-03-19T12:06:24+00:00","twitter_card":"summary_large_image","twitter_misc":{"Tiempo de lectura":"2 minutos"},"schema":{"@context":"https:\/\/schema.org","@graph":[{"@type":"Article","@id":"https:\/\/fmgente.com.ar\/web\/dentro-del-noroeste-salta-tuvo-el-desempleo-mas-alto-59\/#article","isPartOf":{"@id":"https:\/\/fmgente.com.ar\/web\/dentro-del-noroeste-salta-tuvo-el-desempleo-mas-alto-59\/"},"author":{"name":"","@id":""},"headline":"Dentro del Noroeste, Salta tuvo el desempleo m\u00e1s alto: 5,9%","datePublished":"2026-03-19T12:06:24+00:00","mainEntityOfPage":{"@id":"https:\/\/fmgente.com.ar\/web\/dentro-del-noroeste-salta-tuvo-el-desempleo-mas-alto-59\/"},"wordCount":446,"publisher":{"@id":"https:\/\/fmgente.com.ar\/web\/#organization"},"image":{"@id":"https:\/\/fmgente.com.ar\/web\/dentro-del-noroeste-salta-tuvo-el-desempleo-mas-alto-59\/#primaryimage"},"thumbnailUrl":"https:\/\/fmgente.com.ar\/web\/wp-content\/uploads\/2026\/03\/portadax-102.png","articleSection":["DESTACADAS"],"inLanguage":"es"},{"@type":"WebPage","@id":"https:\/\/fmgente.com.ar\/web\/dentro-del-noroeste-salta-tuvo-el-desempleo-mas-alto-59\/","url":"https:\/\/fmgente.com.ar\/web\/dentro-del-noroeste-salta-tuvo-el-desempleo-mas-alto-59\/","name":"Dentro del Noroeste, Salta tuvo el desempleo m\u00e1s alto: 5,9% - Fm Gente","isPartOf":{"@id":"https:\/\/fmgente.com.ar\/web\/#website"},"primaryImageOfPage":{"@id":"https:\/\/fmgente.com.ar\/web\/dentro-del-noroeste-salta-tuvo-el-desempleo-mas-alto-59\/#primaryimage"},"image":{"@id":"https:\/\/fmgente.com.ar\/web\/dentro-del-noroeste-salta-tuvo-el-desempleo-mas-alto-59\/#primaryimage"},"thumbnailUrl":"https:\/\/fmgente.com.ar\/web\/wp-content\/uploads\/2026\/03\/portadax-102.png","datePublished":"2026-03-19T12:06:24+00:00","inLanguage":"es","potentialAction":[{"@type":"ReadAction","target":["https:\/\/fmgente.com.ar\/web\/dentro-del-noroeste-salta-tuvo-el-desempleo-mas-alto-59\/"]}]},{"@type":"ImageObject","inLanguage":"es","@id":"https:\/\/fmgente.com.ar\/web\/dentro-del-noroeste-salta-tuvo-el-desempleo-mas-alto-59\/#primaryimage","url":"https:\/\/fmgente.com.ar\/web\/wp-content\/uploads\/2026\/03\/portadax-102.png","contentUrl":"https:\/\/fmgente.com.ar\/web\/wp-content\/uploads\/2026\/03\/portadax-102.png","width":1366,"height":768},{"@type":"WebSite","@id":"https:\/\/fmgente.com.ar\/web\/#website","url":"https:\/\/fmgente.com.ar\/web\/","name":"Fm Gente","description":"- Jes\u00fas Mar\u00eda","publisher":{"@id":"https:\/\/fmgente.com.ar\/web\/#organization"},"potentialAction":[{"@type":"SearchAction","target":{"@type":"EntryPoint","urlTemplate":"https:\/\/fmgente.com.ar\/web\/?s={search_term_string}"},"query-input":{"@type":"PropertyValueSpecification","valueRequired":true,"valueName":"search_term_string"}}],"inLanguage":"es"},{"@type":"Organization","@id":"https:\/\/fmgente.com.ar\/web\/#organization","name":"Fm Gente","url":"https:\/\/fmgente.com.ar\/web\/","logo":{"@type":"ImageObject","inLanguage":"es","@id":"https:\/\/fmgente.com.ar\/web\/#\/schema\/logo\/image\/","url":"https:\/\/fmgente.com.ar\/web\/wp-content\/uploads\/2023\/07\/cropped-cropped-logo-sombra2.png","contentUrl":"https:\/\/fmgente.com.ar\/web\/wp-content\/uploads\/2023\/07\/cropped-cropped-logo-sombra2.png","width":1782,"height":1782,"caption":"Fm Gente"},"image":{"@id":"https:\/\/fmgente.com.ar\/web\/#\/schema\/logo\/image\/"}}]}},"_links":{"self":[{"href":"https:\/\/fmgente.com.ar\/web\/wp-json\/wp\/v2\/posts\/15809","targetHints":{"allow":["GET"]}}],"collection":[{"href":"https:\/\/fmgente.com.ar\/web\/wp-json\/wp\/v2\/posts"}],"about":[{"href":"https:\/\/fmgente.com.ar\/web\/wp-json\/wp\/v2\/types\/post"}],"replies":[{"embeddable":true,"href":"https:\/\/fmgente.com.ar\/web\/wp-json\/wp\/v2\/comments?post=15809"}],"version-history":[{"count":0,"href":"https:\/\/fmgente.com.ar\/web\/wp-json\/wp\/v2\/posts\/15809\/revisions"}],"wp:featuredmedia":[{"embeddable":true,"href":"https:\/\/fmgente.com.ar\/web\/wp-json\/wp\/v2\/media\/15810"}],"wp:attachment":[{"href":"https:\/\/fmgente.com.ar\/web\/wp-json\/wp\/v2\/media?parent=15809"}],"wp:term":[{"taxonomy":"category","embeddable":true,"href":"https:\/\/fmgente.com.ar\/web\/wp-json\/wp\/v2\/categories?post=15809"},{"taxonomy":"post_tag","embeddable":true,"href":"https:\/\/fmgente.com.ar\/web\/wp-json\/wp\/v2\/tags?post=15809"}],"curies":[{"name":"wp","href":"https:\/\/api.w.org\/{rel}","templated":true}]}}