{"id":15807,"date":"2026-03-19T09:06:21","date_gmt":"2026-03-19T12:06:21","guid":{"rendered":"https:\/\/fmgente.com.ar\/web\/activaron-el-alerta-sofia-por-una-nena-de-2-anos-que-desaparecio-en-cordoba-se-la-llevaron\/"},"modified":"2026-03-19T09:06:21","modified_gmt":"2026-03-19T12:06:21","slug":"activaron-el-alerta-sofia-por-una-nena-de-2-anos-que-desaparecio-en-cordoba-se-la-llevaron","status":"publish","type":"post","link":"https:\/\/fmgente.com.ar\/web\/activaron-el-alerta-sofia-por-una-nena-de-2-anos-que-desaparecio-en-cordoba-se-la-llevaron\/","title":{"rendered":"Activaron el Alerta Sof\u00eda por una nena de 2 a\u00f1os que desapareci\u00f3 en C\u00f3rdoba: &quot;Se la llevaron&quot;"},"content":{"rendered":"<p>El mi\u00e9rcoles 18 de marzo de 2026 fue la \u00faltima vez que Esmeralda Pereyra L\u00f3pez de 2 a\u00f1os fue vista. La desaparici\u00f3n de la nena alerta a toda la comunidad y las autoridades desplegaron un operativo de b\u00fasqueda en la provincia de C\u00f3rdoba.<\/p>\n<p>El Ministerio de Seguridad Nacional solicit\u00f3 la colaboraci\u00f3n de la comunidad tras la desaparici\u00f3n de Esmeralda en la localidad de Cosqu\u00edn. Seg\u00fan las fuentes fiscales, la \u00faltima vez que la vieron fue alrededor de las 14:30hs. en su domicilio ubicado en B\u00ba San Jos\u00e9 Obrero.<\/p>\n<p>Se anunci\u00f3 que Esmeralda mide aproximadamente 60 cm, es de contextura delgada, tiene tez blanca, cabello casta\u00f1o, largo y ondulado que le llega por los hombros y ojos marrones. La Fiscal\u00eda de Instrucci\u00f3n 2do turno de Cosqu\u00edn a cargo de la Dr. Silvana Pen solicita que ante cualquier informaci\u00f3n, comunicarse con la l\u00ednea 134, 911 o acercarse a una sede policial.<\/p>\n<p>Por otro lado, el ministro de Seguridad, Juan Pablos Quinteros tambi\u00e9n expres\u00f3 su preocupaci\u00f3n ante la desaparici\u00f3n y activ\u00f3 la Alerta Sof\u00eda. Esta alerta tiene el objetivo de \u201ccoordinar la inmediata b\u00fasqueda y localizaci\u00f3n de los ni\u00f1os y adolescentes desaparecidos cuyas vidas se consideren en Alto Riesgo Inminente\u201d.<br \/>Durante una entrevista con Telenoche, el Ministro detall\u00f3: \u201cEst\u00e1 la fiscal Silvana Pen en el lugar a pedido que seamos extremadamente prudentes en la informaci\u00f3n que brindamos\u201d.<br \/>\u201cEstamos trabajando sobre todas las hip\u00f3tesis posibles. Estamos trabajando con drones de visi\u00f3n nocturna, sigue el rastrillaje por el r\u00edo, estamos a 300 o 400 metros del r\u00edo con Bomberos Voluntarios de la zona con el Duar y vamos a seguir trabajando hasta encontrar a Esmeralda\u201d, explic\u00f3 Juan Pablos Quinteros sobre el operativo.<\/p>\n<p>Coment\u00f3 que la magnitud del despliegue es grande ya que est\u00e1n trabajando 104 personas. \u201cVamos a seguir trabajando toda la noche y vamos a seguir trabajando hasta que la encontremos. Acabamos de cortar una comunicaci\u00f3n con el Sistema Federal de B\u00fasqueda y todo el equipo de Protex, y todo el equipo de Naci\u00f3n y se acaba de activar el alerta Sof\u00eda para la b\u00fasqueda\u201d, agreg\u00f3.<\/p>\n<p>El pedido de la familia de Esmeralda<br \/>La t\u00eda de Esmeralda, Florencia, expres\u00f3 su preocupaci\u00f3n en di\u00e1logo con ElDoce.TV y afirm\u00f3: \u201cAlguien se la llev\u00f3\u201d. Seg\u00fan su descripci\u00f3n, la menor vest\u00eda un body gris al momento de la desaparici\u00f3n.<\/p>\n<p>\u201cEs una nena de dos a\u00f1os, chiquitita, una beb\u00e9. Por favor, ay\u00fadennos todos a buscarla. Ella pod\u00eda hablar, moverse, es inquieta, pero sale afuera y vuelve adentro de la casa, no se va para ning\u00fan lado\u201d, explic\u00f3 reforzando la hip\u00f3tesis de que alguien podr\u00eda haber intervenido.<\/p>\n","protected":false},"excerpt":{"rendered":"<p>El mi\u00e9rcoles 18 de marzo de 2026 fue la \u00faltima vez que Esmeralda Pereyra L\u00f3pez<\/p>\n","protected":false},"author":0,"featured_media":15808,"comment_status":"","ping_status":"","sticky":false,"template":"","format":"standard","meta":{"footnotes":""},"categories":[11],"tags":[],"class_list":["post-15807","post","type-post","status-publish","format-standard","has-post-thumbnail","hentry","category-destacadas"],"yoast_head":"<!-- This site is optimized with the Yoast SEO plugin v27.4 - https:\/\/yoast.com\/product\/yoast-seo-wordpress\/ -->\n<title>Activaron el Alerta Sof\u00eda por una nena de 2 a\u00f1os que desapareci\u00f3 en C\u00f3rdoba: &quot;Se la llevaron&quot; - Fm Gente<\/title>\n<meta name=\"robots\" content=\"index, follow, max-snippet:-1, max-image-preview:large, max-video-preview:-1\" \/>\n<link rel=\"canonical\" href=\"https:\/\/fmgente.com.ar\/web\/activaron-el-alerta-sofia-por-una-nena-de-2-anos-que-desaparecio-en-cordoba-se-la-llevaron\/\" \/>\n<meta property=\"og:locale\" content=\"es_ES\" \/>\n<meta property=\"og:type\" content=\"article\" \/>\n<meta property=\"og:title\" content=\"Activaron el Alerta Sof\u00eda por una nena de 2 a\u00f1os que desapareci\u00f3 en C\u00f3rdoba: &quot;Se la llevaron&quot; - Fm Gente\" \/>\n<meta property=\"og:description\" content=\"El mi\u00e9rcoles 18 de marzo de 2026 fue la \u00faltima vez que Esmeralda Pereyra L\u00f3pez\" \/>\n<meta property=\"og:url\" content=\"https:\/\/fmgente.com.ar\/web\/activaron-el-alerta-sofia-por-una-nena-de-2-anos-que-desaparecio-en-cordoba-se-la-llevaron\/\" \/>\n<meta property=\"og:site_name\" content=\"Fm Gente\" \/>\n<meta property=\"article:published_time\" content=\"2026-03-19T12:06:21+00:00\" \/>\n<meta name=\"twitter:card\" content=\"summary_large_image\" \/>\n<meta name=\"twitter:label1\" content=\"Tiempo de lectura\" \/>\n\t<meta name=\"twitter:data1\" content=\"2 minutos\" \/>\n<script type=\"application\/ld+json\" class=\"yoast-schema-graph\">{\"@context\":\"https:\\\/\\\/schema.org\",\"@graph\":[{\"@type\":\"Article\",\"@id\":\"https:\\\/\\\/fmgente.com.ar\\\/web\\\/activaron-el-alerta-sofia-por-una-nena-de-2-anos-que-desaparecio-en-cordoba-se-la-llevaron\\\/#article\",\"isPartOf\":{\"@id\":\"https:\\\/\\\/fmgente.com.ar\\\/web\\\/activaron-el-alerta-sofia-por-una-nena-de-2-anos-que-desaparecio-en-cordoba-se-la-llevaron\\\/\"},\"author\":{\"name\":\"\",\"@id\":\"\"},\"headline\":\"Activaron el Alerta Sof\u00eda por una nena de 2 a\u00f1os que desapareci\u00f3 en C\u00f3rdoba: &quot;Se la llevaron&quot;\",\"datePublished\":\"2026-03-19T12:06:21+00:00\",\"mainEntityOfPage\":{\"@id\":\"https:\\\/\\\/fmgente.com.ar\\\/web\\\/activaron-el-alerta-sofia-por-una-nena-de-2-anos-que-desaparecio-en-cordoba-se-la-llevaron\\\/\"},\"wordCount\":486,\"publisher\":{\"@id\":\"https:\\\/\\\/fmgente.com.ar\\\/web\\\/#organization\"},\"image\":{\"@id\":\"https:\\\/\\\/fmgente.com.ar\\\/web\\\/activaron-el-alerta-sofia-por-una-nena-de-2-anos-que-desaparecio-en-cordoba-se-la-llevaron\\\/#primaryimage\"},\"thumbnailUrl\":\"https:\\\/\\\/fmgente.com.ar\\\/web\\\/wp-content\\\/uploads\\\/2026\\\/03\\\/portadax-101.png\",\"articleSection\":[\"DESTACADAS\"],\"inLanguage\":\"es\"},{\"@type\":\"WebPage\",\"@id\":\"https:\\\/\\\/fmgente.com.ar\\\/web\\\/activaron-el-alerta-sofia-por-una-nena-de-2-anos-que-desaparecio-en-cordoba-se-la-llevaron\\\/\",\"url\":\"https:\\\/\\\/fmgente.com.ar\\\/web\\\/activaron-el-alerta-sofia-por-una-nena-de-2-anos-que-desaparecio-en-cordoba-se-la-llevaron\\\/\",\"name\":\"Activaron el Alerta Sof\u00eda por una nena de 2 a\u00f1os que desapareci\u00f3 en C\u00f3rdoba: &quot;Se la llevaron&quot; - Fm Gente\",\"isPartOf\":{\"@id\":\"https:\\\/\\\/fmgente.com.ar\\\/web\\\/#website\"},\"primaryImageOfPage\":{\"@id\":\"https:\\\/\\\/fmgente.com.ar\\\/web\\\/activaron-el-alerta-sofia-por-una-nena-de-2-anos-que-desaparecio-en-cordoba-se-la-llevaron\\\/#primaryimage\"},\"image\":{\"@id\":\"https:\\\/\\\/fmgente.com.ar\\\/web\\\/activaron-el-alerta-sofia-por-una-nena-de-2-anos-que-desaparecio-en-cordoba-se-la-llevaron\\\/#primaryimage\"},\"thumbnailUrl\":\"https:\\\/\\\/fmgente.com.ar\\\/web\\\/wp-content\\\/uploads\\\/2026\\\/03\\\/portadax-101.png\",\"datePublished\":\"2026-03-19T12:06:21+00:00\",\"inLanguage\":\"es\",\"potentialAction\":[{\"@type\":\"ReadAction\",\"target\":[\"https:\\\/\\\/fmgente.com.ar\\\/web\\\/activaron-el-alerta-sofia-por-una-nena-de-2-anos-que-desaparecio-en-cordoba-se-la-llevaron\\\/\"]}]},{\"@type\":\"ImageObject\",\"inLanguage\":\"es\",\"@id\":\"https:\\\/\\\/fmgente.com.ar\\\/web\\\/activaron-el-alerta-sofia-por-una-nena-de-2-anos-que-desaparecio-en-cordoba-se-la-llevaron\\\/#primaryimage\",\"url\":\"https:\\\/\\\/fmgente.com.ar\\\/web\\\/wp-content\\\/uploads\\\/2026\\\/03\\\/portadax-101.png\",\"contentUrl\":\"https:\\\/\\\/fmgente.com.ar\\\/web\\\/wp-content\\\/uploads\\\/2026\\\/03\\\/portadax-101.png\",\"width\":1366,\"height\":768},{\"@type\":\"WebSite\",\"@id\":\"https:\\\/\\\/fmgente.com.ar\\\/web\\\/#website\",\"url\":\"https:\\\/\\\/fmgente.com.ar\\\/web\\\/\",\"name\":\"Fm Gente\",\"description\":\"- Jes\u00fas Mar\u00eda\",\"publisher\":{\"@id\":\"https:\\\/\\\/fmgente.com.ar\\\/web\\\/#organization\"},\"potentialAction\":[{\"@type\":\"SearchAction\",\"target\":{\"@type\":\"EntryPoint\",\"urlTemplate\":\"https:\\\/\\\/fmgente.com.ar\\\/web\\\/?s={search_term_string}\"},\"query-input\":{\"@type\":\"PropertyValueSpecification\",\"valueRequired\":true,\"valueName\":\"search_term_string\"}}],\"inLanguage\":\"es\"},{\"@type\":\"Organization\",\"@id\":\"https:\\\/\\\/fmgente.com.ar\\\/web\\\/#organization\",\"name\":\"Fm Gente\",\"url\":\"https:\\\/\\\/fmgente.com.ar\\\/web\\\/\",\"logo\":{\"@type\":\"ImageObject\",\"inLanguage\":\"es\",\"@id\":\"https:\\\/\\\/fmgente.com.ar\\\/web\\\/#\\\/schema\\\/logo\\\/image\\\/\",\"url\":\"https:\\\/\\\/fmgente.com.ar\\\/web\\\/wp-content\\\/uploads\\\/2023\\\/07\\\/cropped-cropped-logo-sombra2.png\",\"contentUrl\":\"https:\\\/\\\/fmgente.com.ar\\\/web\\\/wp-content\\\/uploads\\\/2023\\\/07\\\/cropped-cropped-logo-sombra2.png\",\"width\":1782,\"height\":1782,\"caption\":\"Fm Gente\"},\"image\":{\"@id\":\"https:\\\/\\\/fmgente.com.ar\\\/web\\\/#\\\/schema\\\/logo\\\/image\\\/\"}}]}<\/script>\n<!-- \/ Yoast SEO plugin. -->","yoast_head_json":{"title":"Activaron el Alerta Sof\u00eda por una nena de 2 a\u00f1os que desapareci\u00f3 en C\u00f3rdoba: &quot;Se la llevaron&quot; - Fm Gente","robots":{"index":"index","follow":"follow","max-snippet":"max-snippet:-1","max-image-preview":"max-image-preview:large","max-video-preview":"max-video-preview:-1"},"canonical":"https:\/\/fmgente.com.ar\/web\/activaron-el-alerta-sofia-por-una-nena-de-2-anos-que-desaparecio-en-cordoba-se-la-llevaron\/","og_locale":"es_ES","og_type":"article","og_title":"Activaron el Alerta Sof\u00eda por una nena de 2 a\u00f1os que desapareci\u00f3 en C\u00f3rdoba: &quot;Se la llevaron&quot; - Fm Gente","og_description":"El mi\u00e9rcoles 18 de marzo de 2026 fue la \u00faltima vez que Esmeralda Pereyra L\u00f3pez","og_url":"https:\/\/fmgente.com.ar\/web\/activaron-el-alerta-sofia-por-una-nena-de-2-anos-que-desaparecio-en-cordoba-se-la-llevaron\/","og_site_name":"Fm Gente","article_published_time":"2026-03-19T12:06:21+00:00","twitter_card":"summary_large_image","twitter_misc":{"Tiempo de lectura":"2 minutos"},"schema":{"@context":"https:\/\/schema.org","@graph":[{"@type":"Article","@id":"https:\/\/fmgente.com.ar\/web\/activaron-el-alerta-sofia-por-una-nena-de-2-anos-que-desaparecio-en-cordoba-se-la-llevaron\/#article","isPartOf":{"@id":"https:\/\/fmgente.com.ar\/web\/activaron-el-alerta-sofia-por-una-nena-de-2-anos-que-desaparecio-en-cordoba-se-la-llevaron\/"},"author":{"name":"","@id":""},"headline":"Activaron el Alerta Sof\u00eda por una nena de 2 a\u00f1os que desapareci\u00f3 en C\u00f3rdoba: &quot;Se la llevaron&quot;","datePublished":"2026-03-19T12:06:21+00:00","mainEntityOfPage":{"@id":"https:\/\/fmgente.com.ar\/web\/activaron-el-alerta-sofia-por-una-nena-de-2-anos-que-desaparecio-en-cordoba-se-la-llevaron\/"},"wordCount":486,"publisher":{"@id":"https:\/\/fmgente.com.ar\/web\/#organization"},"image":{"@id":"https:\/\/fmgente.com.ar\/web\/activaron-el-alerta-sofia-por-una-nena-de-2-anos-que-desaparecio-en-cordoba-se-la-llevaron\/#primaryimage"},"thumbnailUrl":"https:\/\/fmgente.com.ar\/web\/wp-content\/uploads\/2026\/03\/portadax-101.png","articleSection":["DESTACADAS"],"inLanguage":"es"},{"@type":"WebPage","@id":"https:\/\/fmgente.com.ar\/web\/activaron-el-alerta-sofia-por-una-nena-de-2-anos-que-desaparecio-en-cordoba-se-la-llevaron\/","url":"https:\/\/fmgente.com.ar\/web\/activaron-el-alerta-sofia-por-una-nena-de-2-anos-que-desaparecio-en-cordoba-se-la-llevaron\/","name":"Activaron el Alerta Sof\u00eda por una nena de 2 a\u00f1os que desapareci\u00f3 en C\u00f3rdoba: &quot;Se la llevaron&quot; - Fm Gente","isPartOf":{"@id":"https:\/\/fmgente.com.ar\/web\/#website"},"primaryImageOfPage":{"@id":"https:\/\/fmgente.com.ar\/web\/activaron-el-alerta-sofia-por-una-nena-de-2-anos-que-desaparecio-en-cordoba-se-la-llevaron\/#primaryimage"},"image":{"@id":"https:\/\/fmgente.com.ar\/web\/activaron-el-alerta-sofia-por-una-nena-de-2-anos-que-desaparecio-en-cordoba-se-la-llevaron\/#primaryimage"},"thumbnailUrl":"https:\/\/fmgente.com.ar\/web\/wp-content\/uploads\/2026\/03\/portadax-101.png","datePublished":"2026-03-19T12:06:21+00:00","inLanguage":"es","potentialAction":[{"@type":"ReadAction","target":["https:\/\/fmgente.com.ar\/web\/activaron-el-alerta-sofia-por-una-nena-de-2-anos-que-desaparecio-en-cordoba-se-la-llevaron\/"]}]},{"@type":"ImageObject","inLanguage":"es","@id":"https:\/\/fmgente.com.ar\/web\/activaron-el-alerta-sofia-por-una-nena-de-2-anos-que-desaparecio-en-cordoba-se-la-llevaron\/#primaryimage","url":"https:\/\/fmgente.com.ar\/web\/wp-content\/uploads\/2026\/03\/portadax-101.png","contentUrl":"https:\/\/fmgente.com.ar\/web\/wp-content\/uploads\/2026\/03\/portadax-101.png","width":1366,"height":768},{"@type":"WebSite","@id":"https:\/\/fmgente.com.ar\/web\/#website","url":"https:\/\/fmgente.com.ar\/web\/","name":"Fm Gente","description":"- Jes\u00fas Mar\u00eda","publisher":{"@id":"https:\/\/fmgente.com.ar\/web\/#organization"},"potentialAction":[{"@type":"SearchAction","target":{"@type":"EntryPoint","urlTemplate":"https:\/\/fmgente.com.ar\/web\/?s={search_term_string}"},"query-input":{"@type":"PropertyValueSpecification","valueRequired":true,"valueName":"search_term_string"}}],"inLanguage":"es"},{"@type":"Organization","@id":"https:\/\/fmgente.com.ar\/web\/#organization","name":"Fm Gente","url":"https:\/\/fmgente.com.ar\/web\/","logo":{"@type":"ImageObject","inLanguage":"es","@id":"https:\/\/fmgente.com.ar\/web\/#\/schema\/logo\/image\/","url":"https:\/\/fmgente.com.ar\/web\/wp-content\/uploads\/2023\/07\/cropped-cropped-logo-sombra2.png","contentUrl":"https:\/\/fmgente.com.ar\/web\/wp-content\/uploads\/2023\/07\/cropped-cropped-logo-sombra2.png","width":1782,"height":1782,"caption":"Fm Gente"},"image":{"@id":"https:\/\/fmgente.com.ar\/web\/#\/schema\/logo\/image\/"}}]}},"_links":{"self":[{"href":"https:\/\/fmgente.com.ar\/web\/wp-json\/wp\/v2\/posts\/15807","targetHints":{"allow":["GET"]}}],"collection":[{"href":"https:\/\/fmgente.com.ar\/web\/wp-json\/wp\/v2\/posts"}],"about":[{"href":"https:\/\/fmgente.com.ar\/web\/wp-json\/wp\/v2\/types\/post"}],"replies":[{"embeddable":true,"href":"https:\/\/fmgente.com.ar\/web\/wp-json\/wp\/v2\/comments?post=15807"}],"version-history":[{"count":0,"href":"https:\/\/fmgente.com.ar\/web\/wp-json\/wp\/v2\/posts\/15807\/revisions"}],"wp:featuredmedia":[{"embeddable":true,"href":"https:\/\/fmgente.com.ar\/web\/wp-json\/wp\/v2\/media\/15808"}],"wp:attachment":[{"href":"https:\/\/fmgente.com.ar\/web\/wp-json\/wp\/v2\/media?parent=15807"}],"wp:term":[{"taxonomy":"category","embeddable":true,"href":"https:\/\/fmgente.com.ar\/web\/wp-json\/wp\/v2\/categories?post=15807"},{"taxonomy":"post_tag","embeddable":true,"href":"https:\/\/fmgente.com.ar\/web\/wp-json\/wp\/v2\/tags?post=15807"}],"curies":[{"name":"wp","href":"https:\/\/api.w.org\/{rel}","templated":true}]}}