{"id":15803,"date":"2026-03-19T09:06:15","date_gmt":"2026-03-19T12:06:15","guid":{"rendered":"https:\/\/fmgente.com.ar\/web\/cordoba-fpa-detuvo-a-un-sujeto-y-secuestro-cocaina-en-barrio-marques-anexo\/"},"modified":"2026-03-19T09:06:15","modified_gmt":"2026-03-19T12:06:15","slug":"cordoba-fpa-detuvo-a-un-sujeto-y-secuestro-cocaina-en-barrio-marques-anexo","status":"publish","type":"post","link":"https:\/\/fmgente.com.ar\/web\/cordoba-fpa-detuvo-a-un-sujeto-y-secuestro-cocaina-en-barrio-marques-anexo\/","title":{"rendered":"C\u00d3RDOBA: FPA DETUVO A UN SUJETO Y SECUESTR\u00d3 COCA\u00cdNA EN BARRIO MARQU\u00c9S ANEXO"},"content":{"rendered":"<p>En un operativo dirigido por el Ministerio P\u00fablico Fiscal, efectivos de la Fuerza Policial Antinarcotr\u00e1fico cerraron un punto de venta, detuvieron a un narcomenudista de 61 a\u00f1os y secuestraron estupefacientes en la ciudad de C\u00f3rdoba.<\/p>\n<p>El allanamiento fue llevado a cabo sobre calle Francisco L\u00f3pez Correa al 1900 de barrio Marqu\u00e9s Anexo. En el domicilio, con intensa labor de los investigadores de la Fuerza, se logr\u00f3 el secuestro de varios envoltorios de coca\u00edna, dinero, dos balanzas digitales y elementos relacionados a la causa.<\/p>\n<p>Este operativo guarda relaci\u00f3n con los controles preventivos realizados por Polic\u00eda de C\u00f3rdoba el d\u00eda 6 del corriente mes. En aquella ocasi\u00f3n, los oficiales detuvieron a un sujeto mayor de edad e incautaron coca\u00edna y marihuana.<\/p>\n<p>Por \u00faltimo, la Fiscal\u00eda de Lucha contra el Narcotr\u00e1fico del Tercer Turno ordenaron la remisi\u00f3n de lo secuestrado y el traslado del aprehendido a sede judicial por infracci\u00f3n a la Ley Nacional de Estupefacientes.<\/p>\n<p><img loading=\"lazy\" decoding=\"async\" class=\"alignnone wp-image-55805\" src=\"https:\/\/www.mpfcordoba.gob.ar\/wp-content\/uploads\/2026\/03\/WhatsApp-Image-2026-03-18-at-12.47.44-PM-1.jpeg\" alt=\"\" width=\"550\" height=\"733\" \/><\/p>\n<p><img loading=\"lazy\" decoding=\"async\" class=\"alignnone wp-image-55806\" src=\"https:\/\/www.mpfcordoba.gob.ar\/wp-content\/uploads\/2026\/03\/WhatsApp-Image-2026-03-18-at-12.47.44-PM.jpeg\" alt=\"\" width=\"550\" height=\"733\" \/><\/p>\n","protected":false},"excerpt":{"rendered":"<p>En un operativo dirigido por el Ministerio P\u00fablico Fiscal, efectivos de la Fuerza Policial Antinarcotr\u00e1fico<\/p>\n","protected":false},"author":0,"featured_media":15804,"comment_status":"","ping_status":"","sticky":false,"template":"","format":"standard","meta":{"footnotes":""},"categories":[1794],"tags":[],"class_list":["post-15803","post","type-post","status-publish","format-standard","has-post-thumbnail","hentry","category-policiales"],"yoast_head":"<!-- This site is optimized with the Yoast SEO plugin v27.4 - https:\/\/yoast.com\/product\/yoast-seo-wordpress\/ -->\n<title>C\u00d3RDOBA: FPA DETUVO A UN SUJETO Y SECUESTR\u00d3 COCA\u00cdNA EN BARRIO MARQU\u00c9S ANEXO - Fm Gente<\/title>\n<meta name=\"robots\" content=\"index, follow, max-snippet:-1, max-image-preview:large, max-video-preview:-1\" \/>\n<link rel=\"canonical\" href=\"https:\/\/fmgente.com.ar\/web\/cordoba-fpa-detuvo-a-un-sujeto-y-secuestro-cocaina-en-barrio-marques-anexo\/\" \/>\n<meta property=\"og:locale\" content=\"es_ES\" \/>\n<meta property=\"og:type\" content=\"article\" \/>\n<meta property=\"og:title\" content=\"C\u00d3RDOBA: FPA DETUVO A UN SUJETO Y SECUESTR\u00d3 COCA\u00cdNA EN BARRIO MARQU\u00c9S ANEXO - Fm Gente\" \/>\n<meta property=\"og:description\" content=\"En un operativo dirigido por el Ministerio P\u00fablico Fiscal, efectivos de la Fuerza Policial Antinarcotr\u00e1fico\" \/>\n<meta property=\"og:url\" content=\"https:\/\/fmgente.com.ar\/web\/cordoba-fpa-detuvo-a-un-sujeto-y-secuestro-cocaina-en-barrio-marques-anexo\/\" \/>\n<meta property=\"og:site_name\" content=\"Fm Gente\" \/>\n<meta property=\"article:published_time\" content=\"2026-03-19T12:06:15+00:00\" \/>\n<meta name=\"twitter:card\" content=\"summary_large_image\" \/>\n<meta name=\"twitter:label1\" content=\"Tiempo de lectura\" \/>\n\t<meta name=\"twitter:data1\" content=\"1 minuto\" \/>\n<script type=\"application\/ld+json\" class=\"yoast-schema-graph\">{\"@context\":\"https:\\\/\\\/schema.org\",\"@graph\":[{\"@type\":\"Article\",\"@id\":\"https:\\\/\\\/fmgente.com.ar\\\/web\\\/cordoba-fpa-detuvo-a-un-sujeto-y-secuestro-cocaina-en-barrio-marques-anexo\\\/#article\",\"isPartOf\":{\"@id\":\"https:\\\/\\\/fmgente.com.ar\\\/web\\\/cordoba-fpa-detuvo-a-un-sujeto-y-secuestro-cocaina-en-barrio-marques-anexo\\\/\"},\"author\":{\"name\":\"\",\"@id\":\"\"},\"headline\":\"C\u00d3RDOBA: FPA DETUVO A UN SUJETO Y SECUESTR\u00d3 COCA\u00cdNA EN BARRIO MARQU\u00c9S ANEXO\",\"datePublished\":\"2026-03-19T12:06:15+00:00\",\"mainEntityOfPage\":{\"@id\":\"https:\\\/\\\/fmgente.com.ar\\\/web\\\/cordoba-fpa-detuvo-a-un-sujeto-y-secuestro-cocaina-en-barrio-marques-anexo\\\/\"},\"wordCount\":183,\"publisher\":{\"@id\":\"https:\\\/\\\/fmgente.com.ar\\\/web\\\/#organization\"},\"image\":{\"@id\":\"https:\\\/\\\/fmgente.com.ar\\\/web\\\/cordoba-fpa-detuvo-a-un-sujeto-y-secuestro-cocaina-en-barrio-marques-anexo\\\/#primaryimage\"},\"thumbnailUrl\":\"https:\\\/\\\/fmgente.com.ar\\\/web\\\/wp-content\\\/uploads\\\/2026\\\/03\\\/WhatsApp-Image-2026-03-18-at-12.47.44-PM-1.jpeg\",\"articleSection\":[\"POLICIALES\"],\"inLanguage\":\"es\"},{\"@type\":\"WebPage\",\"@id\":\"https:\\\/\\\/fmgente.com.ar\\\/web\\\/cordoba-fpa-detuvo-a-un-sujeto-y-secuestro-cocaina-en-barrio-marques-anexo\\\/\",\"url\":\"https:\\\/\\\/fmgente.com.ar\\\/web\\\/cordoba-fpa-detuvo-a-un-sujeto-y-secuestro-cocaina-en-barrio-marques-anexo\\\/\",\"name\":\"C\u00d3RDOBA: FPA DETUVO A UN SUJETO Y SECUESTR\u00d3 COCA\u00cdNA EN BARRIO MARQU\u00c9S ANEXO - Fm Gente\",\"isPartOf\":{\"@id\":\"https:\\\/\\\/fmgente.com.ar\\\/web\\\/#website\"},\"primaryImageOfPage\":{\"@id\":\"https:\\\/\\\/fmgente.com.ar\\\/web\\\/cordoba-fpa-detuvo-a-un-sujeto-y-secuestro-cocaina-en-barrio-marques-anexo\\\/#primaryimage\"},\"image\":{\"@id\":\"https:\\\/\\\/fmgente.com.ar\\\/web\\\/cordoba-fpa-detuvo-a-un-sujeto-y-secuestro-cocaina-en-barrio-marques-anexo\\\/#primaryimage\"},\"thumbnailUrl\":\"https:\\\/\\\/fmgente.com.ar\\\/web\\\/wp-content\\\/uploads\\\/2026\\\/03\\\/WhatsApp-Image-2026-03-18-at-12.47.44-PM-1.jpeg\",\"datePublished\":\"2026-03-19T12:06:15+00:00\",\"inLanguage\":\"es\",\"potentialAction\":[{\"@type\":\"ReadAction\",\"target\":[\"https:\\\/\\\/fmgente.com.ar\\\/web\\\/cordoba-fpa-detuvo-a-un-sujeto-y-secuestro-cocaina-en-barrio-marques-anexo\\\/\"]}]},{\"@type\":\"ImageObject\",\"inLanguage\":\"es\",\"@id\":\"https:\\\/\\\/fmgente.com.ar\\\/web\\\/cordoba-fpa-detuvo-a-un-sujeto-y-secuestro-cocaina-en-barrio-marques-anexo\\\/#primaryimage\",\"url\":\"https:\\\/\\\/fmgente.com.ar\\\/web\\\/wp-content\\\/uploads\\\/2026\\\/03\\\/WhatsApp-Image-2026-03-18-at-12.47.44-PM-1.jpeg\",\"contentUrl\":\"https:\\\/\\\/fmgente.com.ar\\\/web\\\/wp-content\\\/uploads\\\/2026\\\/03\\\/WhatsApp-Image-2026-03-18-at-12.47.44-PM-1.jpeg\",\"width\":960,\"height\":1280},{\"@type\":\"WebSite\",\"@id\":\"https:\\\/\\\/fmgente.com.ar\\\/web\\\/#website\",\"url\":\"https:\\\/\\\/fmgente.com.ar\\\/web\\\/\",\"name\":\"Fm Gente\",\"description\":\"- Jes\u00fas Mar\u00eda\",\"publisher\":{\"@id\":\"https:\\\/\\\/fmgente.com.ar\\\/web\\\/#organization\"},\"potentialAction\":[{\"@type\":\"SearchAction\",\"target\":{\"@type\":\"EntryPoint\",\"urlTemplate\":\"https:\\\/\\\/fmgente.com.ar\\\/web\\\/?s={search_term_string}\"},\"query-input\":{\"@type\":\"PropertyValueSpecification\",\"valueRequired\":true,\"valueName\":\"search_term_string\"}}],\"inLanguage\":\"es\"},{\"@type\":\"Organization\",\"@id\":\"https:\\\/\\\/fmgente.com.ar\\\/web\\\/#organization\",\"name\":\"Fm Gente\",\"url\":\"https:\\\/\\\/fmgente.com.ar\\\/web\\\/\",\"logo\":{\"@type\":\"ImageObject\",\"inLanguage\":\"es\",\"@id\":\"https:\\\/\\\/fmgente.com.ar\\\/web\\\/#\\\/schema\\\/logo\\\/image\\\/\",\"url\":\"https:\\\/\\\/fmgente.com.ar\\\/web\\\/wp-content\\\/uploads\\\/2023\\\/07\\\/cropped-cropped-logo-sombra2.png\",\"contentUrl\":\"https:\\\/\\\/fmgente.com.ar\\\/web\\\/wp-content\\\/uploads\\\/2023\\\/07\\\/cropped-cropped-logo-sombra2.png\",\"width\":1782,\"height\":1782,\"caption\":\"Fm Gente\"},\"image\":{\"@id\":\"https:\\\/\\\/fmgente.com.ar\\\/web\\\/#\\\/schema\\\/logo\\\/image\\\/\"}}]}<\/script>\n<!-- \/ Yoast SEO plugin. -->","yoast_head_json":{"title":"C\u00d3RDOBA: FPA DETUVO A UN SUJETO Y SECUESTR\u00d3 COCA\u00cdNA EN BARRIO MARQU\u00c9S ANEXO - Fm Gente","robots":{"index":"index","follow":"follow","max-snippet":"max-snippet:-1","max-image-preview":"max-image-preview:large","max-video-preview":"max-video-preview:-1"},"canonical":"https:\/\/fmgente.com.ar\/web\/cordoba-fpa-detuvo-a-un-sujeto-y-secuestro-cocaina-en-barrio-marques-anexo\/","og_locale":"es_ES","og_type":"article","og_title":"C\u00d3RDOBA: FPA DETUVO A UN SUJETO Y SECUESTR\u00d3 COCA\u00cdNA EN BARRIO MARQU\u00c9S ANEXO - Fm Gente","og_description":"En un operativo dirigido por el Ministerio P\u00fablico Fiscal, efectivos de la Fuerza Policial Antinarcotr\u00e1fico","og_url":"https:\/\/fmgente.com.ar\/web\/cordoba-fpa-detuvo-a-un-sujeto-y-secuestro-cocaina-en-barrio-marques-anexo\/","og_site_name":"Fm Gente","article_published_time":"2026-03-19T12:06:15+00:00","twitter_card":"summary_large_image","twitter_misc":{"Tiempo de lectura":"1 minuto"},"schema":{"@context":"https:\/\/schema.org","@graph":[{"@type":"Article","@id":"https:\/\/fmgente.com.ar\/web\/cordoba-fpa-detuvo-a-un-sujeto-y-secuestro-cocaina-en-barrio-marques-anexo\/#article","isPartOf":{"@id":"https:\/\/fmgente.com.ar\/web\/cordoba-fpa-detuvo-a-un-sujeto-y-secuestro-cocaina-en-barrio-marques-anexo\/"},"author":{"name":"","@id":""},"headline":"C\u00d3RDOBA: FPA DETUVO A UN SUJETO Y SECUESTR\u00d3 COCA\u00cdNA EN BARRIO MARQU\u00c9S ANEXO","datePublished":"2026-03-19T12:06:15+00:00","mainEntityOfPage":{"@id":"https:\/\/fmgente.com.ar\/web\/cordoba-fpa-detuvo-a-un-sujeto-y-secuestro-cocaina-en-barrio-marques-anexo\/"},"wordCount":183,"publisher":{"@id":"https:\/\/fmgente.com.ar\/web\/#organization"},"image":{"@id":"https:\/\/fmgente.com.ar\/web\/cordoba-fpa-detuvo-a-un-sujeto-y-secuestro-cocaina-en-barrio-marques-anexo\/#primaryimage"},"thumbnailUrl":"https:\/\/fmgente.com.ar\/web\/wp-content\/uploads\/2026\/03\/WhatsApp-Image-2026-03-18-at-12.47.44-PM-1.jpeg","articleSection":["POLICIALES"],"inLanguage":"es"},{"@type":"WebPage","@id":"https:\/\/fmgente.com.ar\/web\/cordoba-fpa-detuvo-a-un-sujeto-y-secuestro-cocaina-en-barrio-marques-anexo\/","url":"https:\/\/fmgente.com.ar\/web\/cordoba-fpa-detuvo-a-un-sujeto-y-secuestro-cocaina-en-barrio-marques-anexo\/","name":"C\u00d3RDOBA: FPA DETUVO A UN SUJETO Y SECUESTR\u00d3 COCA\u00cdNA EN BARRIO MARQU\u00c9S ANEXO - Fm Gente","isPartOf":{"@id":"https:\/\/fmgente.com.ar\/web\/#website"},"primaryImageOfPage":{"@id":"https:\/\/fmgente.com.ar\/web\/cordoba-fpa-detuvo-a-un-sujeto-y-secuestro-cocaina-en-barrio-marques-anexo\/#primaryimage"},"image":{"@id":"https:\/\/fmgente.com.ar\/web\/cordoba-fpa-detuvo-a-un-sujeto-y-secuestro-cocaina-en-barrio-marques-anexo\/#primaryimage"},"thumbnailUrl":"https:\/\/fmgente.com.ar\/web\/wp-content\/uploads\/2026\/03\/WhatsApp-Image-2026-03-18-at-12.47.44-PM-1.jpeg","datePublished":"2026-03-19T12:06:15+00:00","inLanguage":"es","potentialAction":[{"@type":"ReadAction","target":["https:\/\/fmgente.com.ar\/web\/cordoba-fpa-detuvo-a-un-sujeto-y-secuestro-cocaina-en-barrio-marques-anexo\/"]}]},{"@type":"ImageObject","inLanguage":"es","@id":"https:\/\/fmgente.com.ar\/web\/cordoba-fpa-detuvo-a-un-sujeto-y-secuestro-cocaina-en-barrio-marques-anexo\/#primaryimage","url":"https:\/\/fmgente.com.ar\/web\/wp-content\/uploads\/2026\/03\/WhatsApp-Image-2026-03-18-at-12.47.44-PM-1.jpeg","contentUrl":"https:\/\/fmgente.com.ar\/web\/wp-content\/uploads\/2026\/03\/WhatsApp-Image-2026-03-18-at-12.47.44-PM-1.jpeg","width":960,"height":1280},{"@type":"WebSite","@id":"https:\/\/fmgente.com.ar\/web\/#website","url":"https:\/\/fmgente.com.ar\/web\/","name":"Fm Gente","description":"- Jes\u00fas Mar\u00eda","publisher":{"@id":"https:\/\/fmgente.com.ar\/web\/#organization"},"potentialAction":[{"@type":"SearchAction","target":{"@type":"EntryPoint","urlTemplate":"https:\/\/fmgente.com.ar\/web\/?s={search_term_string}"},"query-input":{"@type":"PropertyValueSpecification","valueRequired":true,"valueName":"search_term_string"}}],"inLanguage":"es"},{"@type":"Organization","@id":"https:\/\/fmgente.com.ar\/web\/#organization","name":"Fm Gente","url":"https:\/\/fmgente.com.ar\/web\/","logo":{"@type":"ImageObject","inLanguage":"es","@id":"https:\/\/fmgente.com.ar\/web\/#\/schema\/logo\/image\/","url":"https:\/\/fmgente.com.ar\/web\/wp-content\/uploads\/2023\/07\/cropped-cropped-logo-sombra2.png","contentUrl":"https:\/\/fmgente.com.ar\/web\/wp-content\/uploads\/2023\/07\/cropped-cropped-logo-sombra2.png","width":1782,"height":1782,"caption":"Fm Gente"},"image":{"@id":"https:\/\/fmgente.com.ar\/web\/#\/schema\/logo\/image\/"}}]}},"_links":{"self":[{"href":"https:\/\/fmgente.com.ar\/web\/wp-json\/wp\/v2\/posts\/15803","targetHints":{"allow":["GET"]}}],"collection":[{"href":"https:\/\/fmgente.com.ar\/web\/wp-json\/wp\/v2\/posts"}],"about":[{"href":"https:\/\/fmgente.com.ar\/web\/wp-json\/wp\/v2\/types\/post"}],"replies":[{"embeddable":true,"href":"https:\/\/fmgente.com.ar\/web\/wp-json\/wp\/v2\/comments?post=15803"}],"version-history":[{"count":0,"href":"https:\/\/fmgente.com.ar\/web\/wp-json\/wp\/v2\/posts\/15803\/revisions"}],"wp:featuredmedia":[{"embeddable":true,"href":"https:\/\/fmgente.com.ar\/web\/wp-json\/wp\/v2\/media\/15804"}],"wp:attachment":[{"href":"https:\/\/fmgente.com.ar\/web\/wp-json\/wp\/v2\/media?parent=15803"}],"wp:term":[{"taxonomy":"category","embeddable":true,"href":"https:\/\/fmgente.com.ar\/web\/wp-json\/wp\/v2\/categories?post=15803"},{"taxonomy":"post_tag","embeddable":true,"href":"https:\/\/fmgente.com.ar\/web\/wp-json\/wp\/v2\/tags?post=15803"}],"curies":[{"name":"wp","href":"https:\/\/api.w.org\/{rel}","templated":true}]}}