{"id":15512,"date":"2026-03-16T20:05:59","date_gmt":"2026-03-16T23:05:59","guid":{"rendered":"https:\/\/fmgente.com.ar\/web\/exito-total-del-festival-nacional-de-la-chicha-gran-convocatoria-y-dos-noches-inolvidables-en-la-caldera\/"},"modified":"2026-03-16T20:05:59","modified_gmt":"2026-03-16T23:05:59","slug":"exito-total-del-festival-nacional-de-la-chicha-gran-convocatoria-y-dos-noches-inolvidables-en-la-caldera","status":"publish","type":"post","link":"https:\/\/fmgente.com.ar\/web\/exito-total-del-festival-nacional-de-la-chicha-gran-convocatoria-y-dos-noches-inolvidables-en-la-caldera\/","title":{"rendered":"\u00c9xito total del Festival Nacional de la Chicha: gran convocatoria y dos noches inolvidables en La Caldera"},"content":{"rendered":"<p>El complejo municipal se vio completamente colmado de p\u00fablico durante las noches del viernes y s\u00e1bado, reflejando la enorme convocatoria que a\u00f1o tras a\u00f1o logra este evento, y reafirmando su categor\u00eda como uno de los festivales m\u00e1s importantes del calendario de eventos que cierra la temporada de Salta.<\/p>\n<p><img decoding=\"async\" src=\"https:\/\/uscdn.eltribuno.com\/032026\/1773700582110.jpeg\" \/><\/p>\n<p>El intendente de La Caldera, Diego Sumbay, destac\u00f3 la importancia del \u00e9xito del festival no solo desde lo cultural sino tambi\u00e9n como un dinamizador de la econom\u00eda local. En ese sentido, remarc\u00f3 que el evento gener\u00f3 un fuerte movimiento tur\u00edstico en la localidad, con ocupaci\u00f3n plena en los alojamientos y un importante impacto en la econom\u00eda local, beneficiando a comerciantes, emprendedores y trabajadores del sector tur\u00edstico.<\/p>\n<p><img decoding=\"async\" src=\"https:\/\/uscdn.eltribuno.com\/032026\/1773700588933.jpeg\" \/><\/p>\n<p>Las dos noches fueron acompa\u00f1adas por un buen clima durante toda la noche. El s\u00e1bado tuvo momentos muy festivos con el Indio Lucio Rojas, Las Voces de Or\u00e1n, y el reconocido grupo boliviano Los Kjarkas, quienes hicieron vibrar al p\u00fablico con un repertorio lleno de cl\u00e1sicos y pura emoci\u00f3n. Tambi\u00e9n dejaron todo Chirettes, Alma Carpera, Coroico y el d\u00fao Vane y Seba.<\/p>\n<p><img decoding=\"async\" src=\"https:\/\/uscdn.eltribuno.com\/032026\/1773700592766.jpeg\" \/><\/p>\n<p>En tanto, el viernes sobre el escenario mayor se presentaron grandes del cancionero popular como Christian Herrera, Chaque\u00f1o Palavecino, la cantante cordobesa Valentina M\u00e1rquez, adem\u00e1s de Marcela Ceballos, Los Mellizos D\u00edaz y Salta Folk, quienes hicieron vibrar al p\u00fablico con sus repertorios y generaron una verdadera fiesta en La Caldera.<\/p>\n<p><img decoding=\"async\" src=\"https:\/\/uscdn.eltribuno.com\/032026\/1773700596704.jpeg\" \/><\/p>\n<p>El festival tambi\u00e9n brill\u00f3 por su puesta en escena que incluy\u00f3 destacadas actuaciones de los ballets Madre Tierra, Tierra Gaucha, y Aires del Norte; el canto de las chicheras en el escenario, la chicha que ofrecieron al p\u00fablico y las tradicionales fondas.<\/p>\n<p><img decoding=\"async\" src=\"https:\/\/uscdn.eltribuno.com\/032026\/1773700591274.jpeg\" \/><\/p>\n<p>En tanto, el domingo el intendente junto a bagualeros y chicheras agradecieron a la Pachamama la realizaci\u00f3n exitosa del festival.<\/p>\n<p>La transmisi\u00f3n del festival puede verse en los siguientes links:<\/p>\n<p>&#8211; Viernes 13: <a href=\"https:\/\/www.youtube.com\/live\/9kmGdsHZTp4?si=5oiQ8uS_ypmmVjj8&amp;fbclid=IwZXh0bgNhZW0CMTAAYnJpZBExSURTMmJpaEdBdkhLMEJSdnNydGMGYXBwX2lkEDIyMjAzOTE3ODgyMDA4OTIAAR76NkcT8ZyY0K0MUdi3KHZOroormlSRmnaWaS3Kws6Twh9zZ9P5j8s5zShz4w_aem_YJPgGDxruJ7WGT7hmlrvbg\" target=\"_blank\"><strong>https:\/\/www.youtube.com\/live\/9kmGdsHZTp4?si=5oiQ8uS_ypmmVjj8<\/strong><\/a><\/p>\n<p>&#8211; S\u00e1bado 14: <a href=\"https:\/\/l.facebook.com\/l.php?u=https%3A%2F%2Fwww.youtube.com%2Flive%2FK-IgmvY7rEo%3Ffbclid%3DIwZXh0bgNhZW0CMTAAYnJpZBExSURTMmJpaEdBdkhLMEJSdnNydGMGYXBwX2lkEDIyMjAzOTE3ODgyMDA4OTIAAR7yC81Nu8jcFJhcjTfWyogkPk_qmIHcDADXnhFwhLa6CTKIeUQ69p1btptkUQ_aem_BZ3OZ6mrIFJmGAgf5Hbgig&amp;h=AT5yIqR80PStmKt2OCTIM6NbKh33R6YAmu0tXNspFunHVjqkiQP1dvJe-b_79KtoSxt6DXpCtZ8wdey4ZxSFyq01dQPtdmhQIbdM4_LG1DMuYGzF1SJ8m3ml6wdltACYXxLclHyuSKhPI7gvWTCh5HLwSkgJY3fc&amp;__tn__=-UK-R&amp;c%5b0%5d=AT6yRlAQma1S1ITu5aUZpZU8mNOhsCThfvqeuPa2wNyupB4b2Xce5ZOKEMBfquUtD7R7HnauyAWhdb13QZChbjDRrjMhFUqe5qQlwxJVS-_NpjCfUXXaNjVMw_aX2_musloduZhCQYrn59elHQqvOfFkT9PgcjcoxSgN9kOIvCE0I3Zl5384pUb7-GaJt8f4M4HcpFqwfJRspkwDdD4HYvfu4g\" target=\"_blank\"><strong>https:\/\/www.youtube.com\/live\/K-IgmvY7rEo<\/strong><\/a><\/p>\n","protected":false},"excerpt":{"rendered":"<p>El complejo municipal se vio completamente colmado de p\u00fablico durante las noches del viernes y<\/p>\n","protected":false},"author":0,"featured_media":15513,"comment_status":"","ping_status":"","sticky":false,"template":"","format":"standard","meta":{"footnotes":""},"categories":[11],"tags":[],"class_list":["post-15512","post","type-post","status-publish","format-standard","has-post-thumbnail","hentry","category-destacadas"],"yoast_head":"<!-- This site is optimized with the Yoast SEO plugin v27.4 - https:\/\/yoast.com\/product\/yoast-seo-wordpress\/ -->\n<title>\u00c9xito total del Festival Nacional de la Chicha: gran convocatoria y dos noches inolvidables en La Caldera - Fm Gente<\/title>\n<meta name=\"robots\" content=\"index, follow, max-snippet:-1, max-image-preview:large, max-video-preview:-1\" \/>\n<link rel=\"canonical\" href=\"https:\/\/fmgente.com.ar\/web\/exito-total-del-festival-nacional-de-la-chicha-gran-convocatoria-y-dos-noches-inolvidables-en-la-caldera\/\" \/>\n<meta property=\"og:locale\" content=\"es_ES\" \/>\n<meta property=\"og:type\" content=\"article\" \/>\n<meta property=\"og:title\" content=\"\u00c9xito total del Festival Nacional de la Chicha: gran convocatoria y dos noches inolvidables en La Caldera - Fm Gente\" \/>\n<meta property=\"og:description\" content=\"El complejo municipal se vio completamente colmado de p\u00fablico durante las noches del viernes y\" \/>\n<meta property=\"og:url\" content=\"https:\/\/fmgente.com.ar\/web\/exito-total-del-festival-nacional-de-la-chicha-gran-convocatoria-y-dos-noches-inolvidables-en-la-caldera\/\" \/>\n<meta property=\"og:site_name\" content=\"Fm Gente\" \/>\n<meta property=\"article:published_time\" content=\"2026-03-16T23:05:59+00:00\" \/>\n<meta property=\"og:image\" content=\"https:\/\/uscdn.eltribuno.com\/032026\/1773700582110.jpeg\" \/>\n<meta name=\"twitter:card\" content=\"summary_large_image\" \/>\n<meta name=\"twitter:label1\" content=\"Tiempo de lectura\" \/>\n\t<meta name=\"twitter:data1\" content=\"2 minutos\" \/>\n<script type=\"application\/ld+json\" class=\"yoast-schema-graph\">{\"@context\":\"https:\\\/\\\/schema.org\",\"@graph\":[{\"@type\":\"Article\",\"@id\":\"https:\\\/\\\/fmgente.com.ar\\\/web\\\/exito-total-del-festival-nacional-de-la-chicha-gran-convocatoria-y-dos-noches-inolvidables-en-la-caldera\\\/#article\",\"isPartOf\":{\"@id\":\"https:\\\/\\\/fmgente.com.ar\\\/web\\\/exito-total-del-festival-nacional-de-la-chicha-gran-convocatoria-y-dos-noches-inolvidables-en-la-caldera\\\/\"},\"author\":{\"name\":\"\",\"@id\":\"\"},\"headline\":\"\u00c9xito total del Festival Nacional de la Chicha: gran convocatoria y dos noches inolvidables en La Caldera\",\"datePublished\":\"2026-03-16T23:05:59+00:00\",\"mainEntityOfPage\":{\"@id\":\"https:\\\/\\\/fmgente.com.ar\\\/web\\\/exito-total-del-festival-nacional-de-la-chicha-gran-convocatoria-y-dos-noches-inolvidables-en-la-caldera\\\/\"},\"wordCount\":366,\"publisher\":{\"@id\":\"https:\\\/\\\/fmgente.com.ar\\\/web\\\/#organization\"},\"image\":{\"@id\":\"https:\\\/\\\/fmgente.com.ar\\\/web\\\/exito-total-del-festival-nacional-de-la-chicha-gran-convocatoria-y-dos-noches-inolvidables-en-la-caldera\\\/#primaryimage\"},\"thumbnailUrl\":\"https:\\\/\\\/fmgente.com.ar\\\/web\\\/wp-content\\\/uploads\\\/2026\\\/03\\\/1773700582110.jpeg\",\"articleSection\":[\"DESTACADAS\"],\"inLanguage\":\"es\"},{\"@type\":\"WebPage\",\"@id\":\"https:\\\/\\\/fmgente.com.ar\\\/web\\\/exito-total-del-festival-nacional-de-la-chicha-gran-convocatoria-y-dos-noches-inolvidables-en-la-caldera\\\/\",\"url\":\"https:\\\/\\\/fmgente.com.ar\\\/web\\\/exito-total-del-festival-nacional-de-la-chicha-gran-convocatoria-y-dos-noches-inolvidables-en-la-caldera\\\/\",\"name\":\"\u00c9xito total del Festival Nacional de la Chicha: gran convocatoria y dos noches inolvidables en La Caldera - Fm Gente\",\"isPartOf\":{\"@id\":\"https:\\\/\\\/fmgente.com.ar\\\/web\\\/#website\"},\"primaryImageOfPage\":{\"@id\":\"https:\\\/\\\/fmgente.com.ar\\\/web\\\/exito-total-del-festival-nacional-de-la-chicha-gran-convocatoria-y-dos-noches-inolvidables-en-la-caldera\\\/#primaryimage\"},\"image\":{\"@id\":\"https:\\\/\\\/fmgente.com.ar\\\/web\\\/exito-total-del-festival-nacional-de-la-chicha-gran-convocatoria-y-dos-noches-inolvidables-en-la-caldera\\\/#primaryimage\"},\"thumbnailUrl\":\"https:\\\/\\\/fmgente.com.ar\\\/web\\\/wp-content\\\/uploads\\\/2026\\\/03\\\/1773700582110.jpeg\",\"datePublished\":\"2026-03-16T23:05:59+00:00\",\"inLanguage\":\"es\",\"potentialAction\":[{\"@type\":\"ReadAction\",\"target\":[\"https:\\\/\\\/fmgente.com.ar\\\/web\\\/exito-total-del-festival-nacional-de-la-chicha-gran-convocatoria-y-dos-noches-inolvidables-en-la-caldera\\\/\"]}]},{\"@type\":\"ImageObject\",\"inLanguage\":\"es\",\"@id\":\"https:\\\/\\\/fmgente.com.ar\\\/web\\\/exito-total-del-festival-nacional-de-la-chicha-gran-convocatoria-y-dos-noches-inolvidables-en-la-caldera\\\/#primaryimage\",\"url\":\"https:\\\/\\\/fmgente.com.ar\\\/web\\\/wp-content\\\/uploads\\\/2026\\\/03\\\/1773700582110.jpeg\",\"contentUrl\":\"https:\\\/\\\/fmgente.com.ar\\\/web\\\/wp-content\\\/uploads\\\/2026\\\/03\\\/1773700582110.jpeg\",\"width\":1200,\"height\":1500},{\"@type\":\"WebSite\",\"@id\":\"https:\\\/\\\/fmgente.com.ar\\\/web\\\/#website\",\"url\":\"https:\\\/\\\/fmgente.com.ar\\\/web\\\/\",\"name\":\"Fm Gente\",\"description\":\"- Jes\u00fas Mar\u00eda\",\"publisher\":{\"@id\":\"https:\\\/\\\/fmgente.com.ar\\\/web\\\/#organization\"},\"potentialAction\":[{\"@type\":\"SearchAction\",\"target\":{\"@type\":\"EntryPoint\",\"urlTemplate\":\"https:\\\/\\\/fmgente.com.ar\\\/web\\\/?s={search_term_string}\"},\"query-input\":{\"@type\":\"PropertyValueSpecification\",\"valueRequired\":true,\"valueName\":\"search_term_string\"}}],\"inLanguage\":\"es\"},{\"@type\":\"Organization\",\"@id\":\"https:\\\/\\\/fmgente.com.ar\\\/web\\\/#organization\",\"name\":\"Fm Gente\",\"url\":\"https:\\\/\\\/fmgente.com.ar\\\/web\\\/\",\"logo\":{\"@type\":\"ImageObject\",\"inLanguage\":\"es\",\"@id\":\"https:\\\/\\\/fmgente.com.ar\\\/web\\\/#\\\/schema\\\/logo\\\/image\\\/\",\"url\":\"https:\\\/\\\/fmgente.com.ar\\\/web\\\/wp-content\\\/uploads\\\/2023\\\/07\\\/cropped-cropped-logo-sombra2.png\",\"contentUrl\":\"https:\\\/\\\/fmgente.com.ar\\\/web\\\/wp-content\\\/uploads\\\/2023\\\/07\\\/cropped-cropped-logo-sombra2.png\",\"width\":1782,\"height\":1782,\"caption\":\"Fm Gente\"},\"image\":{\"@id\":\"https:\\\/\\\/fmgente.com.ar\\\/web\\\/#\\\/schema\\\/logo\\\/image\\\/\"}}]}<\/script>\n<!-- \/ Yoast SEO plugin. -->","yoast_head_json":{"title":"\u00c9xito total del Festival Nacional de la Chicha: gran convocatoria y dos noches inolvidables en La Caldera - Fm Gente","robots":{"index":"index","follow":"follow","max-snippet":"max-snippet:-1","max-image-preview":"max-image-preview:large","max-video-preview":"max-video-preview:-1"},"canonical":"https:\/\/fmgente.com.ar\/web\/exito-total-del-festival-nacional-de-la-chicha-gran-convocatoria-y-dos-noches-inolvidables-en-la-caldera\/","og_locale":"es_ES","og_type":"article","og_title":"\u00c9xito total del Festival Nacional de la Chicha: gran convocatoria y dos noches inolvidables en La Caldera - Fm Gente","og_description":"El complejo municipal se vio completamente colmado de p\u00fablico durante las noches del viernes y","og_url":"https:\/\/fmgente.com.ar\/web\/exito-total-del-festival-nacional-de-la-chicha-gran-convocatoria-y-dos-noches-inolvidables-en-la-caldera\/","og_site_name":"Fm Gente","article_published_time":"2026-03-16T23:05:59+00:00","og_image":[{"url":"https:\/\/uscdn.eltribuno.com\/032026\/1773700582110.jpeg","type":"","width":"","height":""}],"twitter_card":"summary_large_image","twitter_misc":{"Tiempo de lectura":"2 minutos"},"schema":{"@context":"https:\/\/schema.org","@graph":[{"@type":"Article","@id":"https:\/\/fmgente.com.ar\/web\/exito-total-del-festival-nacional-de-la-chicha-gran-convocatoria-y-dos-noches-inolvidables-en-la-caldera\/#article","isPartOf":{"@id":"https:\/\/fmgente.com.ar\/web\/exito-total-del-festival-nacional-de-la-chicha-gran-convocatoria-y-dos-noches-inolvidables-en-la-caldera\/"},"author":{"name":"","@id":""},"headline":"\u00c9xito total del Festival Nacional de la Chicha: gran convocatoria y dos noches inolvidables en La Caldera","datePublished":"2026-03-16T23:05:59+00:00","mainEntityOfPage":{"@id":"https:\/\/fmgente.com.ar\/web\/exito-total-del-festival-nacional-de-la-chicha-gran-convocatoria-y-dos-noches-inolvidables-en-la-caldera\/"},"wordCount":366,"publisher":{"@id":"https:\/\/fmgente.com.ar\/web\/#organization"},"image":{"@id":"https:\/\/fmgente.com.ar\/web\/exito-total-del-festival-nacional-de-la-chicha-gran-convocatoria-y-dos-noches-inolvidables-en-la-caldera\/#primaryimage"},"thumbnailUrl":"https:\/\/fmgente.com.ar\/web\/wp-content\/uploads\/2026\/03\/1773700582110.jpeg","articleSection":["DESTACADAS"],"inLanguage":"es"},{"@type":"WebPage","@id":"https:\/\/fmgente.com.ar\/web\/exito-total-del-festival-nacional-de-la-chicha-gran-convocatoria-y-dos-noches-inolvidables-en-la-caldera\/","url":"https:\/\/fmgente.com.ar\/web\/exito-total-del-festival-nacional-de-la-chicha-gran-convocatoria-y-dos-noches-inolvidables-en-la-caldera\/","name":"\u00c9xito total del Festival Nacional de la Chicha: gran convocatoria y dos noches inolvidables en La Caldera - Fm Gente","isPartOf":{"@id":"https:\/\/fmgente.com.ar\/web\/#website"},"primaryImageOfPage":{"@id":"https:\/\/fmgente.com.ar\/web\/exito-total-del-festival-nacional-de-la-chicha-gran-convocatoria-y-dos-noches-inolvidables-en-la-caldera\/#primaryimage"},"image":{"@id":"https:\/\/fmgente.com.ar\/web\/exito-total-del-festival-nacional-de-la-chicha-gran-convocatoria-y-dos-noches-inolvidables-en-la-caldera\/#primaryimage"},"thumbnailUrl":"https:\/\/fmgente.com.ar\/web\/wp-content\/uploads\/2026\/03\/1773700582110.jpeg","datePublished":"2026-03-16T23:05:59+00:00","inLanguage":"es","potentialAction":[{"@type":"ReadAction","target":["https:\/\/fmgente.com.ar\/web\/exito-total-del-festival-nacional-de-la-chicha-gran-convocatoria-y-dos-noches-inolvidables-en-la-caldera\/"]}]},{"@type":"ImageObject","inLanguage":"es","@id":"https:\/\/fmgente.com.ar\/web\/exito-total-del-festival-nacional-de-la-chicha-gran-convocatoria-y-dos-noches-inolvidables-en-la-caldera\/#primaryimage","url":"https:\/\/fmgente.com.ar\/web\/wp-content\/uploads\/2026\/03\/1773700582110.jpeg","contentUrl":"https:\/\/fmgente.com.ar\/web\/wp-content\/uploads\/2026\/03\/1773700582110.jpeg","width":1200,"height":1500},{"@type":"WebSite","@id":"https:\/\/fmgente.com.ar\/web\/#website","url":"https:\/\/fmgente.com.ar\/web\/","name":"Fm Gente","description":"- Jes\u00fas Mar\u00eda","publisher":{"@id":"https:\/\/fmgente.com.ar\/web\/#organization"},"potentialAction":[{"@type":"SearchAction","target":{"@type":"EntryPoint","urlTemplate":"https:\/\/fmgente.com.ar\/web\/?s={search_term_string}"},"query-input":{"@type":"PropertyValueSpecification","valueRequired":true,"valueName":"search_term_string"}}],"inLanguage":"es"},{"@type":"Organization","@id":"https:\/\/fmgente.com.ar\/web\/#organization","name":"Fm Gente","url":"https:\/\/fmgente.com.ar\/web\/","logo":{"@type":"ImageObject","inLanguage":"es","@id":"https:\/\/fmgente.com.ar\/web\/#\/schema\/logo\/image\/","url":"https:\/\/fmgente.com.ar\/web\/wp-content\/uploads\/2023\/07\/cropped-cropped-logo-sombra2.png","contentUrl":"https:\/\/fmgente.com.ar\/web\/wp-content\/uploads\/2023\/07\/cropped-cropped-logo-sombra2.png","width":1782,"height":1782,"caption":"Fm Gente"},"image":{"@id":"https:\/\/fmgente.com.ar\/web\/#\/schema\/logo\/image\/"}}]}},"_links":{"self":[{"href":"https:\/\/fmgente.com.ar\/web\/wp-json\/wp\/v2\/posts\/15512","targetHints":{"allow":["GET"]}}],"collection":[{"href":"https:\/\/fmgente.com.ar\/web\/wp-json\/wp\/v2\/posts"}],"about":[{"href":"https:\/\/fmgente.com.ar\/web\/wp-json\/wp\/v2\/types\/post"}],"replies":[{"embeddable":true,"href":"https:\/\/fmgente.com.ar\/web\/wp-json\/wp\/v2\/comments?post=15512"}],"version-history":[{"count":0,"href":"https:\/\/fmgente.com.ar\/web\/wp-json\/wp\/v2\/posts\/15512\/revisions"}],"wp:featuredmedia":[{"embeddable":true,"href":"https:\/\/fmgente.com.ar\/web\/wp-json\/wp\/v2\/media\/15513"}],"wp:attachment":[{"href":"https:\/\/fmgente.com.ar\/web\/wp-json\/wp\/v2\/media?parent=15512"}],"wp:term":[{"taxonomy":"category","embeddable":true,"href":"https:\/\/fmgente.com.ar\/web\/wp-json\/wp\/v2\/categories?post=15512"},{"taxonomy":"post_tag","embeddable":true,"href":"https:\/\/fmgente.com.ar\/web\/wp-json\/wp\/v2\/tags?post=15512"}],"curies":[{"name":"wp","href":"https:\/\/api.w.org\/{rel}","templated":true}]}}