{"id":15510,"date":"2026-03-16T20:05:57","date_gmt":"2026-03-16T23:05:57","guid":{"rendered":"https:\/\/fmgente.com.ar\/web\/pedro-rosemblat-bajo-linea-pleno-el-movil-chimentero-hundio-a-adorni-por-denigrar-y-verduguear-y-de-paso-ridiculizo-a-majul\/"},"modified":"2026-03-16T20:05:57","modified_gmt":"2026-03-16T23:05:57","slug":"pedro-rosemblat-bajo-linea-pleno-el-movil-chimentero-hundio-a-adorni-por-denigrar-y-verduguear-y-de-paso-ridiculizo-a-majul","status":"publish","type":"post","link":"https:\/\/fmgente.com.ar\/web\/pedro-rosemblat-bajo-linea-pleno-el-movil-chimentero-hundio-a-adorni-por-denigrar-y-verduguear-y-de-paso-ridiculizo-a-majul\/","title":{"rendered":"Pedro Rosemblat baj\u00f3 l\u00ednea pleno el m\u00f3vil chimentero, hundi\u00f3 a Adorni por \u201cdenigrar y verduguear\u201d y de paso ridiculiz\u00f3 a Majul"},"content":{"rendered":"<p>El conductor y streamer Pedro Rosemblat tuvo una destacada participaci\u00f3n en un m\u00f3vil de un programa de espect\u00e1culos de El Trece al ser consultado sobre las expresiones de su novia, Lali Esp\u00f3sito, de cara a su presentaci\u00f3n en River. <\/p>\n<p>\u201cEl lenguaje es de todos, viste, y est\u00e1 para usarlo\u201d, se\u00f1al\u00f3 Rosemblat al referirse a las discusiones p\u00fablicas que se generaron en los \u00faltimos d\u00edas y al t\u00e9rmino \u201cdeslomado\u201d.<\/p>\n<p>En ese contexto, tambi\u00e9n lanz\u00f3 una frase que muchos interpretaron como un mensaje directo a Manuel Adorni en medio del esc\u00e1ndalo que lo tiene  en el centro de la pol\u00e9mica.<\/p>\n<p>\u201cHay que tratar de no escupir para arriba porque nunca sab\u00e9s en qu\u00e9 momento van a descubrir que subiste a tu mujer a un avi\u00f3n presidencial\u201d, indic\u00f3. \u201cAndar denigrando y verdugueando a todo el mundo se te viene en contra\u201d, agreg\u00f3.<\/p>\n<p>Por otra parte, se refiri\u00f3 a las ins\u00f3litas declaraciones de Luis Majul sobre Lali Esp\u00f3sito y lanz\u00f3 una chicana picante.<\/p>\n<p>Pedro Rosemblat la descosi\u00f3 en un m\u00f3vil chimentero: baj\u00f3 l\u00ednea, hundi\u00f3 a Adorni y de paso ridiculiz\u00f3 a Majul<\/p>\n","protected":false},"excerpt":{"rendered":"<p>El conductor y streamer Pedro Rosemblat tuvo una destacada participaci\u00f3n en un m\u00f3vil de un<\/p>\n","protected":false},"author":0,"featured_media":15511,"comment_status":"","ping_status":"","sticky":false,"template":"","format":"standard","meta":{"footnotes":""},"categories":[11],"tags":[],"class_list":["post-15510","post","type-post","status-publish","format-standard","has-post-thumbnail","hentry","category-destacadas"],"yoast_head":"<!-- This site is optimized with the Yoast SEO plugin v27.4 - https:\/\/yoast.com\/product\/yoast-seo-wordpress\/ -->\n<title>Pedro Rosemblat baj\u00f3 l\u00ednea pleno el m\u00f3vil chimentero, hundi\u00f3 a Adorni por \u201cdenigrar y verduguear\u201d y de paso ridiculiz\u00f3 a Majul - Fm Gente<\/title>\n<meta name=\"robots\" content=\"index, follow, max-snippet:-1, max-image-preview:large, max-video-preview:-1\" \/>\n<link rel=\"canonical\" href=\"https:\/\/fmgente.com.ar\/web\/pedro-rosemblat-bajo-linea-pleno-el-movil-chimentero-hundio-a-adorni-por-denigrar-y-verduguear-y-de-paso-ridiculizo-a-majul\/\" \/>\n<meta property=\"og:locale\" content=\"es_ES\" \/>\n<meta property=\"og:type\" content=\"article\" \/>\n<meta property=\"og:title\" content=\"Pedro Rosemblat baj\u00f3 l\u00ednea pleno el m\u00f3vil chimentero, hundi\u00f3 a Adorni por \u201cdenigrar y verduguear\u201d y de paso ridiculiz\u00f3 a Majul - Fm Gente\" \/>\n<meta property=\"og:description\" content=\"El conductor y streamer Pedro Rosemblat tuvo una destacada participaci\u00f3n en un m\u00f3vil de un\" \/>\n<meta property=\"og:url\" content=\"https:\/\/fmgente.com.ar\/web\/pedro-rosemblat-bajo-linea-pleno-el-movil-chimentero-hundio-a-adorni-por-denigrar-y-verduguear-y-de-paso-ridiculizo-a-majul\/\" \/>\n<meta property=\"og:site_name\" content=\"Fm Gente\" \/>\n<meta property=\"article:published_time\" content=\"2026-03-16T23:05:57+00:00\" \/>\n<meta name=\"twitter:card\" content=\"summary_large_image\" \/>\n<meta name=\"twitter:label1\" content=\"Tiempo de lectura\" \/>\n\t<meta name=\"twitter:data1\" content=\"1 minuto\" \/>\n<script type=\"application\/ld+json\" class=\"yoast-schema-graph\">{\"@context\":\"https:\\\/\\\/schema.org\",\"@graph\":[{\"@type\":\"Article\",\"@id\":\"https:\\\/\\\/fmgente.com.ar\\\/web\\\/pedro-rosemblat-bajo-linea-pleno-el-movil-chimentero-hundio-a-adorni-por-denigrar-y-verduguear-y-de-paso-ridiculizo-a-majul\\\/#article\",\"isPartOf\":{\"@id\":\"https:\\\/\\\/fmgente.com.ar\\\/web\\\/pedro-rosemblat-bajo-linea-pleno-el-movil-chimentero-hundio-a-adorni-por-denigrar-y-verduguear-y-de-paso-ridiculizo-a-majul\\\/\"},\"author\":{\"name\":\"\",\"@id\":\"\"},\"headline\":\"Pedro Rosemblat baj\u00f3 l\u00ednea pleno el m\u00f3vil chimentero, hundi\u00f3 a Adorni por \u201cdenigrar y verduguear\u201d y de paso ridiculiz\u00f3 a Majul\",\"datePublished\":\"2026-03-16T23:05:57+00:00\",\"mainEntityOfPage\":{\"@id\":\"https:\\\/\\\/fmgente.com.ar\\\/web\\\/pedro-rosemblat-bajo-linea-pleno-el-movil-chimentero-hundio-a-adorni-por-denigrar-y-verduguear-y-de-paso-ridiculizo-a-majul\\\/\"},\"wordCount\":219,\"publisher\":{\"@id\":\"https:\\\/\\\/fmgente.com.ar\\\/web\\\/#organization\"},\"image\":{\"@id\":\"https:\\\/\\\/fmgente.com.ar\\\/web\\\/pedro-rosemblat-bajo-linea-pleno-el-movil-chimentero-hundio-a-adorni-por-denigrar-y-verduguear-y-de-paso-ridiculizo-a-majul\\\/#primaryimage\"},\"thumbnailUrl\":\"https:\\\/\\\/fmgente.com.ar\\\/web\\\/wp-content\\\/uploads\\\/2026\\\/03\\\/720-659.jpeg\",\"articleSection\":[\"DESTACADAS\"],\"inLanguage\":\"es\"},{\"@type\":\"WebPage\",\"@id\":\"https:\\\/\\\/fmgente.com.ar\\\/web\\\/pedro-rosemblat-bajo-linea-pleno-el-movil-chimentero-hundio-a-adorni-por-denigrar-y-verduguear-y-de-paso-ridiculizo-a-majul\\\/\",\"url\":\"https:\\\/\\\/fmgente.com.ar\\\/web\\\/pedro-rosemblat-bajo-linea-pleno-el-movil-chimentero-hundio-a-adorni-por-denigrar-y-verduguear-y-de-paso-ridiculizo-a-majul\\\/\",\"name\":\"Pedro Rosemblat baj\u00f3 l\u00ednea pleno el m\u00f3vil chimentero, hundi\u00f3 a Adorni por \u201cdenigrar y verduguear\u201d y de paso ridiculiz\u00f3 a Majul - Fm Gente\",\"isPartOf\":{\"@id\":\"https:\\\/\\\/fmgente.com.ar\\\/web\\\/#website\"},\"primaryImageOfPage\":{\"@id\":\"https:\\\/\\\/fmgente.com.ar\\\/web\\\/pedro-rosemblat-bajo-linea-pleno-el-movil-chimentero-hundio-a-adorni-por-denigrar-y-verduguear-y-de-paso-ridiculizo-a-majul\\\/#primaryimage\"},\"image\":{\"@id\":\"https:\\\/\\\/fmgente.com.ar\\\/web\\\/pedro-rosemblat-bajo-linea-pleno-el-movil-chimentero-hundio-a-adorni-por-denigrar-y-verduguear-y-de-paso-ridiculizo-a-majul\\\/#primaryimage\"},\"thumbnailUrl\":\"https:\\\/\\\/fmgente.com.ar\\\/web\\\/wp-content\\\/uploads\\\/2026\\\/03\\\/720-659.jpeg\",\"datePublished\":\"2026-03-16T23:05:57+00:00\",\"inLanguage\":\"es\",\"potentialAction\":[{\"@type\":\"ReadAction\",\"target\":[\"https:\\\/\\\/fmgente.com.ar\\\/web\\\/pedro-rosemblat-bajo-linea-pleno-el-movil-chimentero-hundio-a-adorni-por-denigrar-y-verduguear-y-de-paso-ridiculizo-a-majul\\\/\"]}]},{\"@type\":\"ImageObject\",\"inLanguage\":\"es\",\"@id\":\"https:\\\/\\\/fmgente.com.ar\\\/web\\\/pedro-rosemblat-bajo-linea-pleno-el-movil-chimentero-hundio-a-adorni-por-denigrar-y-verduguear-y-de-paso-ridiculizo-a-majul\\\/#primaryimage\",\"url\":\"https:\\\/\\\/fmgente.com.ar\\\/web\\\/wp-content\\\/uploads\\\/2026\\\/03\\\/720-659.jpeg\",\"contentUrl\":\"https:\\\/\\\/fmgente.com.ar\\\/web\\\/wp-content\\\/uploads\\\/2026\\\/03\\\/720-659.jpeg\",\"width\":1280,\"height\":699},{\"@type\":\"WebSite\",\"@id\":\"https:\\\/\\\/fmgente.com.ar\\\/web\\\/#website\",\"url\":\"https:\\\/\\\/fmgente.com.ar\\\/web\\\/\",\"name\":\"Fm Gente\",\"description\":\"- Jes\u00fas Mar\u00eda\",\"publisher\":{\"@id\":\"https:\\\/\\\/fmgente.com.ar\\\/web\\\/#organization\"},\"potentialAction\":[{\"@type\":\"SearchAction\",\"target\":{\"@type\":\"EntryPoint\",\"urlTemplate\":\"https:\\\/\\\/fmgente.com.ar\\\/web\\\/?s={search_term_string}\"},\"query-input\":{\"@type\":\"PropertyValueSpecification\",\"valueRequired\":true,\"valueName\":\"search_term_string\"}}],\"inLanguage\":\"es\"},{\"@type\":\"Organization\",\"@id\":\"https:\\\/\\\/fmgente.com.ar\\\/web\\\/#organization\",\"name\":\"Fm Gente\",\"url\":\"https:\\\/\\\/fmgente.com.ar\\\/web\\\/\",\"logo\":{\"@type\":\"ImageObject\",\"inLanguage\":\"es\",\"@id\":\"https:\\\/\\\/fmgente.com.ar\\\/web\\\/#\\\/schema\\\/logo\\\/image\\\/\",\"url\":\"https:\\\/\\\/fmgente.com.ar\\\/web\\\/wp-content\\\/uploads\\\/2023\\\/07\\\/cropped-cropped-logo-sombra2.png\",\"contentUrl\":\"https:\\\/\\\/fmgente.com.ar\\\/web\\\/wp-content\\\/uploads\\\/2023\\\/07\\\/cropped-cropped-logo-sombra2.png\",\"width\":1782,\"height\":1782,\"caption\":\"Fm Gente\"},\"image\":{\"@id\":\"https:\\\/\\\/fmgente.com.ar\\\/web\\\/#\\\/schema\\\/logo\\\/image\\\/\"}}]}<\/script>\n<!-- \/ Yoast SEO plugin. -->","yoast_head_json":{"title":"Pedro Rosemblat baj\u00f3 l\u00ednea pleno el m\u00f3vil chimentero, hundi\u00f3 a Adorni por \u201cdenigrar y verduguear\u201d y de paso ridiculiz\u00f3 a Majul - Fm Gente","robots":{"index":"index","follow":"follow","max-snippet":"max-snippet:-1","max-image-preview":"max-image-preview:large","max-video-preview":"max-video-preview:-1"},"canonical":"https:\/\/fmgente.com.ar\/web\/pedro-rosemblat-bajo-linea-pleno-el-movil-chimentero-hundio-a-adorni-por-denigrar-y-verduguear-y-de-paso-ridiculizo-a-majul\/","og_locale":"es_ES","og_type":"article","og_title":"Pedro Rosemblat baj\u00f3 l\u00ednea pleno el m\u00f3vil chimentero, hundi\u00f3 a Adorni por \u201cdenigrar y verduguear\u201d y de paso ridiculiz\u00f3 a Majul - Fm Gente","og_description":"El conductor y streamer Pedro Rosemblat tuvo una destacada participaci\u00f3n en un m\u00f3vil de un","og_url":"https:\/\/fmgente.com.ar\/web\/pedro-rosemblat-bajo-linea-pleno-el-movil-chimentero-hundio-a-adorni-por-denigrar-y-verduguear-y-de-paso-ridiculizo-a-majul\/","og_site_name":"Fm Gente","article_published_time":"2026-03-16T23:05:57+00:00","twitter_card":"summary_large_image","twitter_misc":{"Tiempo de lectura":"1 minuto"},"schema":{"@context":"https:\/\/schema.org","@graph":[{"@type":"Article","@id":"https:\/\/fmgente.com.ar\/web\/pedro-rosemblat-bajo-linea-pleno-el-movil-chimentero-hundio-a-adorni-por-denigrar-y-verduguear-y-de-paso-ridiculizo-a-majul\/#article","isPartOf":{"@id":"https:\/\/fmgente.com.ar\/web\/pedro-rosemblat-bajo-linea-pleno-el-movil-chimentero-hundio-a-adorni-por-denigrar-y-verduguear-y-de-paso-ridiculizo-a-majul\/"},"author":{"name":"","@id":""},"headline":"Pedro Rosemblat baj\u00f3 l\u00ednea pleno el m\u00f3vil chimentero, hundi\u00f3 a Adorni por \u201cdenigrar y verduguear\u201d y de paso ridiculiz\u00f3 a Majul","datePublished":"2026-03-16T23:05:57+00:00","mainEntityOfPage":{"@id":"https:\/\/fmgente.com.ar\/web\/pedro-rosemblat-bajo-linea-pleno-el-movil-chimentero-hundio-a-adorni-por-denigrar-y-verduguear-y-de-paso-ridiculizo-a-majul\/"},"wordCount":219,"publisher":{"@id":"https:\/\/fmgente.com.ar\/web\/#organization"},"image":{"@id":"https:\/\/fmgente.com.ar\/web\/pedro-rosemblat-bajo-linea-pleno-el-movil-chimentero-hundio-a-adorni-por-denigrar-y-verduguear-y-de-paso-ridiculizo-a-majul\/#primaryimage"},"thumbnailUrl":"https:\/\/fmgente.com.ar\/web\/wp-content\/uploads\/2026\/03\/720-659.jpeg","articleSection":["DESTACADAS"],"inLanguage":"es"},{"@type":"WebPage","@id":"https:\/\/fmgente.com.ar\/web\/pedro-rosemblat-bajo-linea-pleno-el-movil-chimentero-hundio-a-adorni-por-denigrar-y-verduguear-y-de-paso-ridiculizo-a-majul\/","url":"https:\/\/fmgente.com.ar\/web\/pedro-rosemblat-bajo-linea-pleno-el-movil-chimentero-hundio-a-adorni-por-denigrar-y-verduguear-y-de-paso-ridiculizo-a-majul\/","name":"Pedro Rosemblat baj\u00f3 l\u00ednea pleno el m\u00f3vil chimentero, hundi\u00f3 a Adorni por \u201cdenigrar y verduguear\u201d y de paso ridiculiz\u00f3 a Majul - Fm Gente","isPartOf":{"@id":"https:\/\/fmgente.com.ar\/web\/#website"},"primaryImageOfPage":{"@id":"https:\/\/fmgente.com.ar\/web\/pedro-rosemblat-bajo-linea-pleno-el-movil-chimentero-hundio-a-adorni-por-denigrar-y-verduguear-y-de-paso-ridiculizo-a-majul\/#primaryimage"},"image":{"@id":"https:\/\/fmgente.com.ar\/web\/pedro-rosemblat-bajo-linea-pleno-el-movil-chimentero-hundio-a-adorni-por-denigrar-y-verduguear-y-de-paso-ridiculizo-a-majul\/#primaryimage"},"thumbnailUrl":"https:\/\/fmgente.com.ar\/web\/wp-content\/uploads\/2026\/03\/720-659.jpeg","datePublished":"2026-03-16T23:05:57+00:00","inLanguage":"es","potentialAction":[{"@type":"ReadAction","target":["https:\/\/fmgente.com.ar\/web\/pedro-rosemblat-bajo-linea-pleno-el-movil-chimentero-hundio-a-adorni-por-denigrar-y-verduguear-y-de-paso-ridiculizo-a-majul\/"]}]},{"@type":"ImageObject","inLanguage":"es","@id":"https:\/\/fmgente.com.ar\/web\/pedro-rosemblat-bajo-linea-pleno-el-movil-chimentero-hundio-a-adorni-por-denigrar-y-verduguear-y-de-paso-ridiculizo-a-majul\/#primaryimage","url":"https:\/\/fmgente.com.ar\/web\/wp-content\/uploads\/2026\/03\/720-659.jpeg","contentUrl":"https:\/\/fmgente.com.ar\/web\/wp-content\/uploads\/2026\/03\/720-659.jpeg","width":1280,"height":699},{"@type":"WebSite","@id":"https:\/\/fmgente.com.ar\/web\/#website","url":"https:\/\/fmgente.com.ar\/web\/","name":"Fm Gente","description":"- Jes\u00fas Mar\u00eda","publisher":{"@id":"https:\/\/fmgente.com.ar\/web\/#organization"},"potentialAction":[{"@type":"SearchAction","target":{"@type":"EntryPoint","urlTemplate":"https:\/\/fmgente.com.ar\/web\/?s={search_term_string}"},"query-input":{"@type":"PropertyValueSpecification","valueRequired":true,"valueName":"search_term_string"}}],"inLanguage":"es"},{"@type":"Organization","@id":"https:\/\/fmgente.com.ar\/web\/#organization","name":"Fm Gente","url":"https:\/\/fmgente.com.ar\/web\/","logo":{"@type":"ImageObject","inLanguage":"es","@id":"https:\/\/fmgente.com.ar\/web\/#\/schema\/logo\/image\/","url":"https:\/\/fmgente.com.ar\/web\/wp-content\/uploads\/2023\/07\/cropped-cropped-logo-sombra2.png","contentUrl":"https:\/\/fmgente.com.ar\/web\/wp-content\/uploads\/2023\/07\/cropped-cropped-logo-sombra2.png","width":1782,"height":1782,"caption":"Fm Gente"},"image":{"@id":"https:\/\/fmgente.com.ar\/web\/#\/schema\/logo\/image\/"}}]}},"_links":{"self":[{"href":"https:\/\/fmgente.com.ar\/web\/wp-json\/wp\/v2\/posts\/15510","targetHints":{"allow":["GET"]}}],"collection":[{"href":"https:\/\/fmgente.com.ar\/web\/wp-json\/wp\/v2\/posts"}],"about":[{"href":"https:\/\/fmgente.com.ar\/web\/wp-json\/wp\/v2\/types\/post"}],"replies":[{"embeddable":true,"href":"https:\/\/fmgente.com.ar\/web\/wp-json\/wp\/v2\/comments?post=15510"}],"version-history":[{"count":0,"href":"https:\/\/fmgente.com.ar\/web\/wp-json\/wp\/v2\/posts\/15510\/revisions"}],"wp:featuredmedia":[{"embeddable":true,"href":"https:\/\/fmgente.com.ar\/web\/wp-json\/wp\/v2\/media\/15511"}],"wp:attachment":[{"href":"https:\/\/fmgente.com.ar\/web\/wp-json\/wp\/v2\/media?parent=15510"}],"wp:term":[{"taxonomy":"category","embeddable":true,"href":"https:\/\/fmgente.com.ar\/web\/wp-json\/wp\/v2\/categories?post=15510"},{"taxonomy":"post_tag","embeddable":true,"href":"https:\/\/fmgente.com.ar\/web\/wp-json\/wp\/v2\/tags?post=15510"}],"curies":[{"name":"wp","href":"https:\/\/api.w.org\/{rel}","templated":true}]}}