{"id":15401,"date":"2026-03-16T07:07:23","date_gmt":"2026-03-16T10:07:23","guid":{"rendered":"https:\/\/fmgente.com.ar\/web\/metan-cultura-viva-con-la-muestra-mujeres-que-hicieron-historia\/"},"modified":"2026-03-16T07:07:23","modified_gmt":"2026-03-16T10:07:23","slug":"metan-cultura-viva-con-la-muestra-mujeres-que-hicieron-historia","status":"publish","type":"post","link":"https:\/\/fmgente.com.ar\/web\/metan-cultura-viva-con-la-muestra-mujeres-que-hicieron-historia\/","title":{"rendered":"Met\u00e1n: Cultura viva con la muestra &quot;Mujeres que hicieron historia&quot;"},"content":{"rendered":"<p>En el marco del Mes de la Mujer, se llev\u00f3 a cabo con gran participaci\u00f3n la muestra fotogr\u00e1fica \u00abMujeres que hicieron historia\u00bb, un espacio dedicado a reconocer y honrar el legado de mujeres metanenses que dejaron una huella en la vida social, deportiva, cultural, educativa y pol\u00edtica de Met\u00e1n. La exposici\u00f3n en el museo Gauffin re\u00fane fotograf\u00edas, documentos y rese\u00f1as aportadas por familiares, permitiendo recuperar y preservar historias que forman parte de la identidad de San Jos\u00e9 de Met\u00e1n.<\/p>\n<p>Durante la jornada tambi\u00e9n comenzaron a surgir nuevas historias y gestos de enorme generosidad: hasta el momento, doce vecinos manifestaron su voluntad de realizar donaciones de material hist\u00f3rico, enriqueciendo as\u00ed el patrimonio del Archivo Hist\u00f3rico. La actividad fue impulsada por la presidenta del Concejo Deliberante, Mar\u00eda Jos\u00e9 Bernis, junto a la profesora Norma Aguilar, responsable del Archivo Hist\u00f3rico de Met\u00e1n.<\/p>\n<p>\u00abPeky\u00bb la nieta de Mar\u00eda Magdalena Azucena Lagoria de Concha, destacada artista pl\u00e1stica y docente; nacida en Santiago del Estero pero radicada desde ni\u00f1a en Met\u00e1n, don\u00f3 93 fotograf\u00edas que registran el trabajo y las creaciones de alumnos, as\u00ed como sus obras -pinturas y esculturas- y registros de eventos en los que particip\u00f3. Adem\u00e1s don\u00f3 un ejemplar del libro \u00abTinta fresca (poes\u00edas)\u00bb y p\u00e1ginas del diario El Tribuno del 28 de abril de 2002, en el que se informaba su fallecimiento.<\/p><\/p>\n","protected":false},"excerpt":{"rendered":"<p>En el marco del Mes de la Mujer, se llev\u00f3 a cabo con gran participaci\u00f3n<\/p>\n","protected":false},"author":0,"featured_media":15402,"comment_status":"","ping_status":"","sticky":false,"template":"","format":"standard","meta":{"footnotes":""},"categories":[11],"tags":[],"class_list":["post-15401","post","type-post","status-publish","format-standard","has-post-thumbnail","hentry","category-destacadas"],"yoast_head":"<!-- This site is optimized with the Yoast SEO plugin v27.4 - https:\/\/yoast.com\/product\/yoast-seo-wordpress\/ -->\n<title>Met\u00e1n: Cultura viva con la muestra &quot;Mujeres que hicieron historia&quot; - Fm Gente<\/title>\n<meta name=\"robots\" content=\"index, follow, max-snippet:-1, max-image-preview:large, max-video-preview:-1\" \/>\n<link rel=\"canonical\" href=\"https:\/\/fmgente.com.ar\/web\/metan-cultura-viva-con-la-muestra-mujeres-que-hicieron-historia\/\" \/>\n<meta property=\"og:locale\" content=\"es_ES\" \/>\n<meta property=\"og:type\" content=\"article\" \/>\n<meta property=\"og:title\" content=\"Met\u00e1n: Cultura viva con la muestra &quot;Mujeres que hicieron historia&quot; - Fm Gente\" \/>\n<meta property=\"og:description\" content=\"En el marco del Mes de la Mujer, se llev\u00f3 a cabo con gran participaci\u00f3n\" \/>\n<meta property=\"og:url\" content=\"https:\/\/fmgente.com.ar\/web\/metan-cultura-viva-con-la-muestra-mujeres-que-hicieron-historia\/\" \/>\n<meta property=\"og:site_name\" content=\"Fm Gente\" \/>\n<meta property=\"article:published_time\" content=\"2026-03-16T10:07:23+00:00\" \/>\n<meta name=\"twitter:card\" content=\"summary_large_image\" \/>\n<meta name=\"twitter:label1\" content=\"Tiempo de lectura\" \/>\n\t<meta name=\"twitter:data1\" content=\"1 minuto\" \/>\n<script type=\"application\/ld+json\" class=\"yoast-schema-graph\">{\"@context\":\"https:\\\/\\\/schema.org\",\"@graph\":[{\"@type\":\"Article\",\"@id\":\"https:\\\/\\\/fmgente.com.ar\\\/web\\\/metan-cultura-viva-con-la-muestra-mujeres-que-hicieron-historia\\\/#article\",\"isPartOf\":{\"@id\":\"https:\\\/\\\/fmgente.com.ar\\\/web\\\/metan-cultura-viva-con-la-muestra-mujeres-que-hicieron-historia\\\/\"},\"author\":{\"name\":\"\",\"@id\":\"\"},\"headline\":\"Met\u00e1n: Cultura viva con la muestra &quot;Mujeres que hicieron historia&quot;\",\"datePublished\":\"2026-03-16T10:07:23+00:00\",\"mainEntityOfPage\":{\"@id\":\"https:\\\/\\\/fmgente.com.ar\\\/web\\\/metan-cultura-viva-con-la-muestra-mujeres-que-hicieron-historia\\\/\"},\"wordCount\":253,\"publisher\":{\"@id\":\"https:\\\/\\\/fmgente.com.ar\\\/web\\\/#organization\"},\"image\":{\"@id\":\"https:\\\/\\\/fmgente.com.ar\\\/web\\\/metan-cultura-viva-con-la-muestra-mujeres-que-hicieron-historia\\\/#primaryimage\"},\"thumbnailUrl\":\"https:\\\/\\\/fmgente.com.ar\\\/web\\\/wp-content\\\/uploads\\\/2026\\\/03\\\/portadax-80.png\",\"articleSection\":[\"DESTACADAS\"],\"inLanguage\":\"es\"},{\"@type\":\"WebPage\",\"@id\":\"https:\\\/\\\/fmgente.com.ar\\\/web\\\/metan-cultura-viva-con-la-muestra-mujeres-que-hicieron-historia\\\/\",\"url\":\"https:\\\/\\\/fmgente.com.ar\\\/web\\\/metan-cultura-viva-con-la-muestra-mujeres-que-hicieron-historia\\\/\",\"name\":\"Met\u00e1n: Cultura viva con la muestra &quot;Mujeres que hicieron historia&quot; - Fm Gente\",\"isPartOf\":{\"@id\":\"https:\\\/\\\/fmgente.com.ar\\\/web\\\/#website\"},\"primaryImageOfPage\":{\"@id\":\"https:\\\/\\\/fmgente.com.ar\\\/web\\\/metan-cultura-viva-con-la-muestra-mujeres-que-hicieron-historia\\\/#primaryimage\"},\"image\":{\"@id\":\"https:\\\/\\\/fmgente.com.ar\\\/web\\\/metan-cultura-viva-con-la-muestra-mujeres-que-hicieron-historia\\\/#primaryimage\"},\"thumbnailUrl\":\"https:\\\/\\\/fmgente.com.ar\\\/web\\\/wp-content\\\/uploads\\\/2026\\\/03\\\/portadax-80.png\",\"datePublished\":\"2026-03-16T10:07:23+00:00\",\"inLanguage\":\"es\",\"potentialAction\":[{\"@type\":\"ReadAction\",\"target\":[\"https:\\\/\\\/fmgente.com.ar\\\/web\\\/metan-cultura-viva-con-la-muestra-mujeres-que-hicieron-historia\\\/\"]}]},{\"@type\":\"ImageObject\",\"inLanguage\":\"es\",\"@id\":\"https:\\\/\\\/fmgente.com.ar\\\/web\\\/metan-cultura-viva-con-la-muestra-mujeres-que-hicieron-historia\\\/#primaryimage\",\"url\":\"https:\\\/\\\/fmgente.com.ar\\\/web\\\/wp-content\\\/uploads\\\/2026\\\/03\\\/portadax-80.png\",\"contentUrl\":\"https:\\\/\\\/fmgente.com.ar\\\/web\\\/wp-content\\\/uploads\\\/2026\\\/03\\\/portadax-80.png\",\"width\":1366,\"height\":768},{\"@type\":\"WebSite\",\"@id\":\"https:\\\/\\\/fmgente.com.ar\\\/web\\\/#website\",\"url\":\"https:\\\/\\\/fmgente.com.ar\\\/web\\\/\",\"name\":\"Fm Gente\",\"description\":\"- Jes\u00fas Mar\u00eda\",\"publisher\":{\"@id\":\"https:\\\/\\\/fmgente.com.ar\\\/web\\\/#organization\"},\"potentialAction\":[{\"@type\":\"SearchAction\",\"target\":{\"@type\":\"EntryPoint\",\"urlTemplate\":\"https:\\\/\\\/fmgente.com.ar\\\/web\\\/?s={search_term_string}\"},\"query-input\":{\"@type\":\"PropertyValueSpecification\",\"valueRequired\":true,\"valueName\":\"search_term_string\"}}],\"inLanguage\":\"es\"},{\"@type\":\"Organization\",\"@id\":\"https:\\\/\\\/fmgente.com.ar\\\/web\\\/#organization\",\"name\":\"Fm Gente\",\"url\":\"https:\\\/\\\/fmgente.com.ar\\\/web\\\/\",\"logo\":{\"@type\":\"ImageObject\",\"inLanguage\":\"es\",\"@id\":\"https:\\\/\\\/fmgente.com.ar\\\/web\\\/#\\\/schema\\\/logo\\\/image\\\/\",\"url\":\"https:\\\/\\\/fmgente.com.ar\\\/web\\\/wp-content\\\/uploads\\\/2023\\\/07\\\/cropped-cropped-logo-sombra2.png\",\"contentUrl\":\"https:\\\/\\\/fmgente.com.ar\\\/web\\\/wp-content\\\/uploads\\\/2023\\\/07\\\/cropped-cropped-logo-sombra2.png\",\"width\":1782,\"height\":1782,\"caption\":\"Fm Gente\"},\"image\":{\"@id\":\"https:\\\/\\\/fmgente.com.ar\\\/web\\\/#\\\/schema\\\/logo\\\/image\\\/\"}}]}<\/script>\n<!-- \/ Yoast SEO plugin. -->","yoast_head_json":{"title":"Met\u00e1n: Cultura viva con la muestra &quot;Mujeres que hicieron historia&quot; - Fm Gente","robots":{"index":"index","follow":"follow","max-snippet":"max-snippet:-1","max-image-preview":"max-image-preview:large","max-video-preview":"max-video-preview:-1"},"canonical":"https:\/\/fmgente.com.ar\/web\/metan-cultura-viva-con-la-muestra-mujeres-que-hicieron-historia\/","og_locale":"es_ES","og_type":"article","og_title":"Met\u00e1n: Cultura viva con la muestra &quot;Mujeres que hicieron historia&quot; - Fm Gente","og_description":"En el marco del Mes de la Mujer, se llev\u00f3 a cabo con gran participaci\u00f3n","og_url":"https:\/\/fmgente.com.ar\/web\/metan-cultura-viva-con-la-muestra-mujeres-que-hicieron-historia\/","og_site_name":"Fm Gente","article_published_time":"2026-03-16T10:07:23+00:00","twitter_card":"summary_large_image","twitter_misc":{"Tiempo de lectura":"1 minuto"},"schema":{"@context":"https:\/\/schema.org","@graph":[{"@type":"Article","@id":"https:\/\/fmgente.com.ar\/web\/metan-cultura-viva-con-la-muestra-mujeres-que-hicieron-historia\/#article","isPartOf":{"@id":"https:\/\/fmgente.com.ar\/web\/metan-cultura-viva-con-la-muestra-mujeres-que-hicieron-historia\/"},"author":{"name":"","@id":""},"headline":"Met\u00e1n: Cultura viva con la muestra &quot;Mujeres que hicieron historia&quot;","datePublished":"2026-03-16T10:07:23+00:00","mainEntityOfPage":{"@id":"https:\/\/fmgente.com.ar\/web\/metan-cultura-viva-con-la-muestra-mujeres-que-hicieron-historia\/"},"wordCount":253,"publisher":{"@id":"https:\/\/fmgente.com.ar\/web\/#organization"},"image":{"@id":"https:\/\/fmgente.com.ar\/web\/metan-cultura-viva-con-la-muestra-mujeres-que-hicieron-historia\/#primaryimage"},"thumbnailUrl":"https:\/\/fmgente.com.ar\/web\/wp-content\/uploads\/2026\/03\/portadax-80.png","articleSection":["DESTACADAS"],"inLanguage":"es"},{"@type":"WebPage","@id":"https:\/\/fmgente.com.ar\/web\/metan-cultura-viva-con-la-muestra-mujeres-que-hicieron-historia\/","url":"https:\/\/fmgente.com.ar\/web\/metan-cultura-viva-con-la-muestra-mujeres-que-hicieron-historia\/","name":"Met\u00e1n: Cultura viva con la muestra &quot;Mujeres que hicieron historia&quot; - Fm Gente","isPartOf":{"@id":"https:\/\/fmgente.com.ar\/web\/#website"},"primaryImageOfPage":{"@id":"https:\/\/fmgente.com.ar\/web\/metan-cultura-viva-con-la-muestra-mujeres-que-hicieron-historia\/#primaryimage"},"image":{"@id":"https:\/\/fmgente.com.ar\/web\/metan-cultura-viva-con-la-muestra-mujeres-que-hicieron-historia\/#primaryimage"},"thumbnailUrl":"https:\/\/fmgente.com.ar\/web\/wp-content\/uploads\/2026\/03\/portadax-80.png","datePublished":"2026-03-16T10:07:23+00:00","inLanguage":"es","potentialAction":[{"@type":"ReadAction","target":["https:\/\/fmgente.com.ar\/web\/metan-cultura-viva-con-la-muestra-mujeres-que-hicieron-historia\/"]}]},{"@type":"ImageObject","inLanguage":"es","@id":"https:\/\/fmgente.com.ar\/web\/metan-cultura-viva-con-la-muestra-mujeres-que-hicieron-historia\/#primaryimage","url":"https:\/\/fmgente.com.ar\/web\/wp-content\/uploads\/2026\/03\/portadax-80.png","contentUrl":"https:\/\/fmgente.com.ar\/web\/wp-content\/uploads\/2026\/03\/portadax-80.png","width":1366,"height":768},{"@type":"WebSite","@id":"https:\/\/fmgente.com.ar\/web\/#website","url":"https:\/\/fmgente.com.ar\/web\/","name":"Fm Gente","description":"- Jes\u00fas Mar\u00eda","publisher":{"@id":"https:\/\/fmgente.com.ar\/web\/#organization"},"potentialAction":[{"@type":"SearchAction","target":{"@type":"EntryPoint","urlTemplate":"https:\/\/fmgente.com.ar\/web\/?s={search_term_string}"},"query-input":{"@type":"PropertyValueSpecification","valueRequired":true,"valueName":"search_term_string"}}],"inLanguage":"es"},{"@type":"Organization","@id":"https:\/\/fmgente.com.ar\/web\/#organization","name":"Fm Gente","url":"https:\/\/fmgente.com.ar\/web\/","logo":{"@type":"ImageObject","inLanguage":"es","@id":"https:\/\/fmgente.com.ar\/web\/#\/schema\/logo\/image\/","url":"https:\/\/fmgente.com.ar\/web\/wp-content\/uploads\/2023\/07\/cropped-cropped-logo-sombra2.png","contentUrl":"https:\/\/fmgente.com.ar\/web\/wp-content\/uploads\/2023\/07\/cropped-cropped-logo-sombra2.png","width":1782,"height":1782,"caption":"Fm Gente"},"image":{"@id":"https:\/\/fmgente.com.ar\/web\/#\/schema\/logo\/image\/"}}]}},"_links":{"self":[{"href":"https:\/\/fmgente.com.ar\/web\/wp-json\/wp\/v2\/posts\/15401","targetHints":{"allow":["GET"]}}],"collection":[{"href":"https:\/\/fmgente.com.ar\/web\/wp-json\/wp\/v2\/posts"}],"about":[{"href":"https:\/\/fmgente.com.ar\/web\/wp-json\/wp\/v2\/types\/post"}],"replies":[{"embeddable":true,"href":"https:\/\/fmgente.com.ar\/web\/wp-json\/wp\/v2\/comments?post=15401"}],"version-history":[{"count":0,"href":"https:\/\/fmgente.com.ar\/web\/wp-json\/wp\/v2\/posts\/15401\/revisions"}],"wp:featuredmedia":[{"embeddable":true,"href":"https:\/\/fmgente.com.ar\/web\/wp-json\/wp\/v2\/media\/15402"}],"wp:attachment":[{"href":"https:\/\/fmgente.com.ar\/web\/wp-json\/wp\/v2\/media?parent=15401"}],"wp:term":[{"taxonomy":"category","embeddable":true,"href":"https:\/\/fmgente.com.ar\/web\/wp-json\/wp\/v2\/categories?post=15401"},{"taxonomy":"post_tag","embeddable":true,"href":"https:\/\/fmgente.com.ar\/web\/wp-json\/wp\/v2\/tags?post=15401"}],"curies":[{"name":"wp","href":"https:\/\/api.w.org\/{rel}","templated":true}]}}