{"id":15393,"date":"2026-03-16T07:07:11","date_gmt":"2026-03-16T10:07:11","guid":{"rendered":"https:\/\/fmgente.com.ar\/web\/cerrillos-un-trabajador-murio-electrocutado-mientras-realizaba-una-instalacion-electrica\/"},"modified":"2026-03-16T07:07:11","modified_gmt":"2026-03-16T10:07:11","slug":"cerrillos-un-trabajador-murio-electrocutado-mientras-realizaba-una-instalacion-electrica","status":"publish","type":"post","link":"https:\/\/fmgente.com.ar\/web\/cerrillos-un-trabajador-murio-electrocutado-mientras-realizaba-una-instalacion-electrica\/","title":{"rendered":"Cerrillos: un trabajador muri\u00f3 electrocutado mientras realizaba una instalaci\u00f3n el\u00e9ctrica"},"content":{"rendered":"<p>Un tr\u00e1gico accidente laboral ocurri\u00f3 en la tarde de ayer en <strong>Cerrillos<\/strong>, donde un operario perdi\u00f3 la vida tras recibir una fuerte <strong>descarga el\u00e9ctrica<\/strong> mientras realizaba tareas de instalaci\u00f3n.<\/p>\n<p>De acuerdo con las primeras informaciones dadas a conocer por portales locales, el hecho se registr\u00f3 cerca de las 18.30 cuando tres trabajadores se encontraban <strong>colocando una carteler\u00eda<\/strong> en un conocido local comercial de venta de hojas de coca. Por causas que se investigan, los operarios habr\u00edan entrado en contacto con cables de alta tensi\u00f3n, lo que provoc\u00f3 una potente descarga.<\/p>\n<p>Como consecuencia del impacto el\u00e9ctrico, <strong>uno de los trabajadores falleci\u00f3 en el lugar<\/strong>.<strong> Otro de los operarios result\u00f3 con lesiones<\/strong> y fue trasladado a un centro de salud para recibir atenci\u00f3n m\u00e9dica, mientras que el tercer trabajador logr\u00f3 salir ileso del incidente.<\/p>\n<p>Tras el hecho, se despleg\u00f3 un <strong>operativo <\/strong>en la zona con la presencia de <strong>efectivos policiales, personal de emergencias y perito<\/strong>s que trabajan para establecer con precisi\u00f3n c\u00f3mo se produjo el fatal accidente.<\/p>\n<p>En el lugar tambi\u00e9n se encontraban familiares de la v\u00edctima, quienes permanecieron en la zona visiblemente afectados por lo ocurrido. El hecho gener\u00f3 conmoci\u00f3n entre vecinos y comerciantes de la localidad.<\/p>\n","protected":false},"excerpt":{"rendered":"<p>Un tr\u00e1gico accidente laboral ocurri\u00f3 en la tarde de ayer en Cerrillos, donde un operario<\/p>\n","protected":false},"author":0,"featured_media":15394,"comment_status":"","ping_status":"","sticky":false,"template":"","format":"standard","meta":{"footnotes":""},"categories":[11],"tags":[],"class_list":["post-15393","post","type-post","status-publish","format-standard","has-post-thumbnail","hentry","category-destacadas"],"yoast_head":"<!-- This site is optimized with the Yoast SEO plugin v27.4 - https:\/\/yoast.com\/product\/yoast-seo-wordpress\/ -->\n<title>Cerrillos: un trabajador muri\u00f3 electrocutado mientras realizaba una instalaci\u00f3n el\u00e9ctrica - Fm Gente<\/title>\n<meta name=\"robots\" content=\"index, follow, max-snippet:-1, max-image-preview:large, max-video-preview:-1\" \/>\n<link rel=\"canonical\" href=\"https:\/\/fmgente.com.ar\/web\/cerrillos-un-trabajador-murio-electrocutado-mientras-realizaba-una-instalacion-electrica\/\" \/>\n<meta property=\"og:locale\" content=\"es_ES\" \/>\n<meta property=\"og:type\" content=\"article\" \/>\n<meta property=\"og:title\" content=\"Cerrillos: un trabajador muri\u00f3 electrocutado mientras realizaba una instalaci\u00f3n el\u00e9ctrica - Fm Gente\" \/>\n<meta property=\"og:description\" content=\"Un tr\u00e1gico accidente laboral ocurri\u00f3 en la tarde de ayer en Cerrillos, donde un operario\" \/>\n<meta property=\"og:url\" content=\"https:\/\/fmgente.com.ar\/web\/cerrillos-un-trabajador-murio-electrocutado-mientras-realizaba-una-instalacion-electrica\/\" \/>\n<meta property=\"og:site_name\" content=\"Fm Gente\" \/>\n<meta property=\"article:published_time\" content=\"2026-03-16T10:07:11+00:00\" \/>\n<meta name=\"twitter:card\" content=\"summary_large_image\" \/>\n<meta name=\"twitter:label1\" content=\"Tiempo de lectura\" \/>\n\t<meta name=\"twitter:data1\" content=\"1 minuto\" \/>\n<script type=\"application\/ld+json\" class=\"yoast-schema-graph\">{\"@context\":\"https:\\\/\\\/schema.org\",\"@graph\":[{\"@type\":\"Article\",\"@id\":\"https:\\\/\\\/fmgente.com.ar\\\/web\\\/cerrillos-un-trabajador-murio-electrocutado-mientras-realizaba-una-instalacion-electrica\\\/#article\",\"isPartOf\":{\"@id\":\"https:\\\/\\\/fmgente.com.ar\\\/web\\\/cerrillos-un-trabajador-murio-electrocutado-mientras-realizaba-una-instalacion-electrica\\\/\"},\"author\":{\"name\":\"\",\"@id\":\"\"},\"headline\":\"Cerrillos: un trabajador muri\u00f3 electrocutado mientras realizaba una instalaci\u00f3n el\u00e9ctrica\",\"datePublished\":\"2026-03-16T10:07:11+00:00\",\"mainEntityOfPage\":{\"@id\":\"https:\\\/\\\/fmgente.com.ar\\\/web\\\/cerrillos-un-trabajador-murio-electrocutado-mientras-realizaba-una-instalacion-electrica\\\/\"},\"wordCount\":221,\"publisher\":{\"@id\":\"https:\\\/\\\/fmgente.com.ar\\\/web\\\/#organization\"},\"image\":{\"@id\":\"https:\\\/\\\/fmgente.com.ar\\\/web\\\/cerrillos-un-trabajador-murio-electrocutado-mientras-realizaba-una-instalacion-electrica\\\/#primaryimage\"},\"thumbnailUrl\":\"https:\\\/\\\/fmgente.com.ar\\\/web\\\/wp-content\\\/uploads\\\/2026\\\/03\\\/portadax-77.png\",\"articleSection\":[\"DESTACADAS\"],\"inLanguage\":\"es\"},{\"@type\":\"WebPage\",\"@id\":\"https:\\\/\\\/fmgente.com.ar\\\/web\\\/cerrillos-un-trabajador-murio-electrocutado-mientras-realizaba-una-instalacion-electrica\\\/\",\"url\":\"https:\\\/\\\/fmgente.com.ar\\\/web\\\/cerrillos-un-trabajador-murio-electrocutado-mientras-realizaba-una-instalacion-electrica\\\/\",\"name\":\"Cerrillos: un trabajador muri\u00f3 electrocutado mientras realizaba una instalaci\u00f3n el\u00e9ctrica - Fm Gente\",\"isPartOf\":{\"@id\":\"https:\\\/\\\/fmgente.com.ar\\\/web\\\/#website\"},\"primaryImageOfPage\":{\"@id\":\"https:\\\/\\\/fmgente.com.ar\\\/web\\\/cerrillos-un-trabajador-murio-electrocutado-mientras-realizaba-una-instalacion-electrica\\\/#primaryimage\"},\"image\":{\"@id\":\"https:\\\/\\\/fmgente.com.ar\\\/web\\\/cerrillos-un-trabajador-murio-electrocutado-mientras-realizaba-una-instalacion-electrica\\\/#primaryimage\"},\"thumbnailUrl\":\"https:\\\/\\\/fmgente.com.ar\\\/web\\\/wp-content\\\/uploads\\\/2026\\\/03\\\/portadax-77.png\",\"datePublished\":\"2026-03-16T10:07:11+00:00\",\"inLanguage\":\"es\",\"potentialAction\":[{\"@type\":\"ReadAction\",\"target\":[\"https:\\\/\\\/fmgente.com.ar\\\/web\\\/cerrillos-un-trabajador-murio-electrocutado-mientras-realizaba-una-instalacion-electrica\\\/\"]}]},{\"@type\":\"ImageObject\",\"inLanguage\":\"es\",\"@id\":\"https:\\\/\\\/fmgente.com.ar\\\/web\\\/cerrillos-un-trabajador-murio-electrocutado-mientras-realizaba-una-instalacion-electrica\\\/#primaryimage\",\"url\":\"https:\\\/\\\/fmgente.com.ar\\\/web\\\/wp-content\\\/uploads\\\/2026\\\/03\\\/portadax-77.png\",\"contentUrl\":\"https:\\\/\\\/fmgente.com.ar\\\/web\\\/wp-content\\\/uploads\\\/2026\\\/03\\\/portadax-77.png\",\"width\":1366,\"height\":768},{\"@type\":\"WebSite\",\"@id\":\"https:\\\/\\\/fmgente.com.ar\\\/web\\\/#website\",\"url\":\"https:\\\/\\\/fmgente.com.ar\\\/web\\\/\",\"name\":\"Fm Gente\",\"description\":\"- Jes\u00fas Mar\u00eda\",\"publisher\":{\"@id\":\"https:\\\/\\\/fmgente.com.ar\\\/web\\\/#organization\"},\"potentialAction\":[{\"@type\":\"SearchAction\",\"target\":{\"@type\":\"EntryPoint\",\"urlTemplate\":\"https:\\\/\\\/fmgente.com.ar\\\/web\\\/?s={search_term_string}\"},\"query-input\":{\"@type\":\"PropertyValueSpecification\",\"valueRequired\":true,\"valueName\":\"search_term_string\"}}],\"inLanguage\":\"es\"},{\"@type\":\"Organization\",\"@id\":\"https:\\\/\\\/fmgente.com.ar\\\/web\\\/#organization\",\"name\":\"Fm Gente\",\"url\":\"https:\\\/\\\/fmgente.com.ar\\\/web\\\/\",\"logo\":{\"@type\":\"ImageObject\",\"inLanguage\":\"es\",\"@id\":\"https:\\\/\\\/fmgente.com.ar\\\/web\\\/#\\\/schema\\\/logo\\\/image\\\/\",\"url\":\"https:\\\/\\\/fmgente.com.ar\\\/web\\\/wp-content\\\/uploads\\\/2023\\\/07\\\/cropped-cropped-logo-sombra2.png\",\"contentUrl\":\"https:\\\/\\\/fmgente.com.ar\\\/web\\\/wp-content\\\/uploads\\\/2023\\\/07\\\/cropped-cropped-logo-sombra2.png\",\"width\":1782,\"height\":1782,\"caption\":\"Fm Gente\"},\"image\":{\"@id\":\"https:\\\/\\\/fmgente.com.ar\\\/web\\\/#\\\/schema\\\/logo\\\/image\\\/\"}}]}<\/script>\n<!-- \/ Yoast SEO plugin. -->","yoast_head_json":{"title":"Cerrillos: un trabajador muri\u00f3 electrocutado mientras realizaba una instalaci\u00f3n el\u00e9ctrica - Fm Gente","robots":{"index":"index","follow":"follow","max-snippet":"max-snippet:-1","max-image-preview":"max-image-preview:large","max-video-preview":"max-video-preview:-1"},"canonical":"https:\/\/fmgente.com.ar\/web\/cerrillos-un-trabajador-murio-electrocutado-mientras-realizaba-una-instalacion-electrica\/","og_locale":"es_ES","og_type":"article","og_title":"Cerrillos: un trabajador muri\u00f3 electrocutado mientras realizaba una instalaci\u00f3n el\u00e9ctrica - Fm Gente","og_description":"Un tr\u00e1gico accidente laboral ocurri\u00f3 en la tarde de ayer en Cerrillos, donde un operario","og_url":"https:\/\/fmgente.com.ar\/web\/cerrillos-un-trabajador-murio-electrocutado-mientras-realizaba-una-instalacion-electrica\/","og_site_name":"Fm Gente","article_published_time":"2026-03-16T10:07:11+00:00","twitter_card":"summary_large_image","twitter_misc":{"Tiempo de lectura":"1 minuto"},"schema":{"@context":"https:\/\/schema.org","@graph":[{"@type":"Article","@id":"https:\/\/fmgente.com.ar\/web\/cerrillos-un-trabajador-murio-electrocutado-mientras-realizaba-una-instalacion-electrica\/#article","isPartOf":{"@id":"https:\/\/fmgente.com.ar\/web\/cerrillos-un-trabajador-murio-electrocutado-mientras-realizaba-una-instalacion-electrica\/"},"author":{"name":"","@id":""},"headline":"Cerrillos: un trabajador muri\u00f3 electrocutado mientras realizaba una instalaci\u00f3n el\u00e9ctrica","datePublished":"2026-03-16T10:07:11+00:00","mainEntityOfPage":{"@id":"https:\/\/fmgente.com.ar\/web\/cerrillos-un-trabajador-murio-electrocutado-mientras-realizaba-una-instalacion-electrica\/"},"wordCount":221,"publisher":{"@id":"https:\/\/fmgente.com.ar\/web\/#organization"},"image":{"@id":"https:\/\/fmgente.com.ar\/web\/cerrillos-un-trabajador-murio-electrocutado-mientras-realizaba-una-instalacion-electrica\/#primaryimage"},"thumbnailUrl":"https:\/\/fmgente.com.ar\/web\/wp-content\/uploads\/2026\/03\/portadax-77.png","articleSection":["DESTACADAS"],"inLanguage":"es"},{"@type":"WebPage","@id":"https:\/\/fmgente.com.ar\/web\/cerrillos-un-trabajador-murio-electrocutado-mientras-realizaba-una-instalacion-electrica\/","url":"https:\/\/fmgente.com.ar\/web\/cerrillos-un-trabajador-murio-electrocutado-mientras-realizaba-una-instalacion-electrica\/","name":"Cerrillos: un trabajador muri\u00f3 electrocutado mientras realizaba una instalaci\u00f3n el\u00e9ctrica - Fm Gente","isPartOf":{"@id":"https:\/\/fmgente.com.ar\/web\/#website"},"primaryImageOfPage":{"@id":"https:\/\/fmgente.com.ar\/web\/cerrillos-un-trabajador-murio-electrocutado-mientras-realizaba-una-instalacion-electrica\/#primaryimage"},"image":{"@id":"https:\/\/fmgente.com.ar\/web\/cerrillos-un-trabajador-murio-electrocutado-mientras-realizaba-una-instalacion-electrica\/#primaryimage"},"thumbnailUrl":"https:\/\/fmgente.com.ar\/web\/wp-content\/uploads\/2026\/03\/portadax-77.png","datePublished":"2026-03-16T10:07:11+00:00","inLanguage":"es","potentialAction":[{"@type":"ReadAction","target":["https:\/\/fmgente.com.ar\/web\/cerrillos-un-trabajador-murio-electrocutado-mientras-realizaba-una-instalacion-electrica\/"]}]},{"@type":"ImageObject","inLanguage":"es","@id":"https:\/\/fmgente.com.ar\/web\/cerrillos-un-trabajador-murio-electrocutado-mientras-realizaba-una-instalacion-electrica\/#primaryimage","url":"https:\/\/fmgente.com.ar\/web\/wp-content\/uploads\/2026\/03\/portadax-77.png","contentUrl":"https:\/\/fmgente.com.ar\/web\/wp-content\/uploads\/2026\/03\/portadax-77.png","width":1366,"height":768},{"@type":"WebSite","@id":"https:\/\/fmgente.com.ar\/web\/#website","url":"https:\/\/fmgente.com.ar\/web\/","name":"Fm Gente","description":"- Jes\u00fas Mar\u00eda","publisher":{"@id":"https:\/\/fmgente.com.ar\/web\/#organization"},"potentialAction":[{"@type":"SearchAction","target":{"@type":"EntryPoint","urlTemplate":"https:\/\/fmgente.com.ar\/web\/?s={search_term_string}"},"query-input":{"@type":"PropertyValueSpecification","valueRequired":true,"valueName":"search_term_string"}}],"inLanguage":"es"},{"@type":"Organization","@id":"https:\/\/fmgente.com.ar\/web\/#organization","name":"Fm Gente","url":"https:\/\/fmgente.com.ar\/web\/","logo":{"@type":"ImageObject","inLanguage":"es","@id":"https:\/\/fmgente.com.ar\/web\/#\/schema\/logo\/image\/","url":"https:\/\/fmgente.com.ar\/web\/wp-content\/uploads\/2023\/07\/cropped-cropped-logo-sombra2.png","contentUrl":"https:\/\/fmgente.com.ar\/web\/wp-content\/uploads\/2023\/07\/cropped-cropped-logo-sombra2.png","width":1782,"height":1782,"caption":"Fm Gente"},"image":{"@id":"https:\/\/fmgente.com.ar\/web\/#\/schema\/logo\/image\/"}}]}},"_links":{"self":[{"href":"https:\/\/fmgente.com.ar\/web\/wp-json\/wp\/v2\/posts\/15393","targetHints":{"allow":["GET"]}}],"collection":[{"href":"https:\/\/fmgente.com.ar\/web\/wp-json\/wp\/v2\/posts"}],"about":[{"href":"https:\/\/fmgente.com.ar\/web\/wp-json\/wp\/v2\/types\/post"}],"replies":[{"embeddable":true,"href":"https:\/\/fmgente.com.ar\/web\/wp-json\/wp\/v2\/comments?post=15393"}],"version-history":[{"count":0,"href":"https:\/\/fmgente.com.ar\/web\/wp-json\/wp\/v2\/posts\/15393\/revisions"}],"wp:featuredmedia":[{"embeddable":true,"href":"https:\/\/fmgente.com.ar\/web\/wp-json\/wp\/v2\/media\/15394"}],"wp:attachment":[{"href":"https:\/\/fmgente.com.ar\/web\/wp-json\/wp\/v2\/media?parent=15393"}],"wp:term":[{"taxonomy":"category","embeddable":true,"href":"https:\/\/fmgente.com.ar\/web\/wp-json\/wp\/v2\/categories?post=15393"},{"taxonomy":"post_tag","embeddable":true,"href":"https:\/\/fmgente.com.ar\/web\/wp-json\/wp\/v2\/tags?post=15393"}],"curies":[{"name":"wp","href":"https:\/\/api.w.org\/{rel}","templated":true}]}}