{"id":15383,"date":"2026-03-16T07:07:06","date_gmt":"2026-03-16T10:07:06","guid":{"rendered":"https:\/\/fmgente.com.ar\/web\/papelon-de-adorni-cuando-majul-lo-apuro-con-el-caso-libra-los-chats-de-milei-y-sus-viajes-a-nueva-york-y-punta-del-este\/"},"modified":"2026-03-16T07:07:06","modified_gmt":"2026-03-16T10:07:06","slug":"papelon-de-adorni-cuando-majul-lo-apuro-con-el-caso-libra-los-chats-de-milei-y-sus-viajes-a-nueva-york-y-punta-del-este","status":"publish","type":"post","link":"https:\/\/fmgente.com.ar\/web\/papelon-de-adorni-cuando-majul-lo-apuro-con-el-caso-libra-los-chats-de-milei-y-sus-viajes-a-nueva-york-y-punta-del-este\/","title":{"rendered":"Papel\u00f3n de Adorni cuando Majul lo apur\u00f3 con el caso $LIBRA, los chats de Milei y sus viajes a Nueva York y Punta del Este"},"content":{"rendered":"<p>Manuel Adorni regres\u00f3 a la Argentina tras su pol\u00e9mico viaje a Nueva York -\u00bfse qued\u00f3 de vacaciones?- con su esposa en la comitiva oficial. <\/p>\n<p>Y eligi\u00f3 el programa de Luis Majul en La Naci\u00f3n+ para dar su versi\u00f3n de los hechos. Pero qued\u00f3 acorralado por las preguntas del periodista. <\/p>\n<p>El jefe de Gabinete hab\u00eda hablado en otros medios, en la \u00faltima entrevista hab\u00eda responsabilizado a Javier Milei. <\/p>\n<p>El funcionario la pas\u00f3 mal. Cuando Majul le pregunt\u00f3 por el esc\u00e1ndalo del caso $LIBRA y lo comprometido que est\u00e1 Javier Milei. luego de que se sumara a la causa las 206 llamadas con Mauricio Novelli. <\/p>\n<p>Y luego cuando intent\u00f3 justificar sus escandalosos viajes. <\/p>\n<p>EL VIAJE A NY: \u201cFUE UNA P\u00c9SIMA DECISI\u00d3N, NO UN DELITO\u201d<\/p>\n<p>\u00abPido disculpas\u00bb, dijo Adorni. <\/p>\n<p>\u00bfY SOBRE EL VIAJE A URUGUAY?<\/p>\n<p>Majul, notablemente incisivo con el jefe de Gabinete, acorral\u00f3 a Adorni <\/p>\n<p>Fin.<\/p>\n","protected":false},"excerpt":{"rendered":"<p>Manuel Adorni regres\u00f3 a la Argentina tras su pol\u00e9mico viaje a Nueva York -\u00bfse qued\u00f3<\/p>\n","protected":false},"author":0,"featured_media":15384,"comment_status":"","ping_status":"","sticky":false,"template":"","format":"standard","meta":{"footnotes":""},"categories":[11],"tags":[],"class_list":["post-15383","post","type-post","status-publish","format-standard","has-post-thumbnail","hentry","category-destacadas"],"yoast_head":"<!-- This site is optimized with the Yoast SEO plugin v27.4 - https:\/\/yoast.com\/product\/yoast-seo-wordpress\/ -->\n<title>Papel\u00f3n de Adorni cuando Majul lo apur\u00f3 con el caso $LIBRA, los chats de Milei y sus viajes a Nueva York y Punta del Este - Fm Gente<\/title>\n<meta name=\"robots\" content=\"index, follow, max-snippet:-1, max-image-preview:large, max-video-preview:-1\" \/>\n<link rel=\"canonical\" href=\"https:\/\/fmgente.com.ar\/web\/papelon-de-adorni-cuando-majul-lo-apuro-con-el-caso-libra-los-chats-de-milei-y-sus-viajes-a-nueva-york-y-punta-del-este\/\" \/>\n<meta property=\"og:locale\" content=\"es_ES\" \/>\n<meta property=\"og:type\" content=\"article\" \/>\n<meta property=\"og:title\" content=\"Papel\u00f3n de Adorni cuando Majul lo apur\u00f3 con el caso $LIBRA, los chats de Milei y sus viajes a Nueva York y Punta del Este - Fm Gente\" \/>\n<meta property=\"og:description\" content=\"Manuel Adorni regres\u00f3 a la Argentina tras su pol\u00e9mico viaje a Nueva York -\u00bfse qued\u00f3\" \/>\n<meta property=\"og:url\" content=\"https:\/\/fmgente.com.ar\/web\/papelon-de-adorni-cuando-majul-lo-apuro-con-el-caso-libra-los-chats-de-milei-y-sus-viajes-a-nueva-york-y-punta-del-este\/\" \/>\n<meta property=\"og:site_name\" content=\"Fm Gente\" \/>\n<meta property=\"article:published_time\" content=\"2026-03-16T10:07:06+00:00\" \/>\n<meta name=\"twitter:card\" content=\"summary_large_image\" \/>\n<meta name=\"twitter:label1\" content=\"Tiempo de lectura\" \/>\n\t<meta name=\"twitter:data1\" content=\"1 minuto\" \/>\n<script type=\"application\/ld+json\" class=\"yoast-schema-graph\">{\"@context\":\"https:\\\/\\\/schema.org\",\"@graph\":[{\"@type\":\"Article\",\"@id\":\"https:\\\/\\\/fmgente.com.ar\\\/web\\\/papelon-de-adorni-cuando-majul-lo-apuro-con-el-caso-libra-los-chats-de-milei-y-sus-viajes-a-nueva-york-y-punta-del-este\\\/#article\",\"isPartOf\":{\"@id\":\"https:\\\/\\\/fmgente.com.ar\\\/web\\\/papelon-de-adorni-cuando-majul-lo-apuro-con-el-caso-libra-los-chats-de-milei-y-sus-viajes-a-nueva-york-y-punta-del-este\\\/\"},\"author\":{\"name\":\"\",\"@id\":\"\"},\"headline\":\"Papel\u00f3n de Adorni cuando Majul lo apur\u00f3 con el caso $LIBRA, los chats de Milei y sus viajes a Nueva York y Punta del Este\",\"datePublished\":\"2026-03-16T10:07:06+00:00\",\"mainEntityOfPage\":{\"@id\":\"https:\\\/\\\/fmgente.com.ar\\\/web\\\/papelon-de-adorni-cuando-majul-lo-apuro-con-el-caso-libra-los-chats-de-milei-y-sus-viajes-a-nueva-york-y-punta-del-este\\\/\"},\"wordCount\":179,\"publisher\":{\"@id\":\"https:\\\/\\\/fmgente.com.ar\\\/web\\\/#organization\"},\"image\":{\"@id\":\"https:\\\/\\\/fmgente.com.ar\\\/web\\\/papelon-de-adorni-cuando-majul-lo-apuro-con-el-caso-libra-los-chats-de-milei-y-sus-viajes-a-nueva-york-y-punta-del-este\\\/#primaryimage\"},\"thumbnailUrl\":\"https:\\\/\\\/fmgente.com.ar\\\/web\\\/wp-content\\\/uploads\\\/2026\\\/03\\\/720-619.jpeg\",\"articleSection\":[\"DESTACADAS\"],\"inLanguage\":\"es\"},{\"@type\":\"WebPage\",\"@id\":\"https:\\\/\\\/fmgente.com.ar\\\/web\\\/papelon-de-adorni-cuando-majul-lo-apuro-con-el-caso-libra-los-chats-de-milei-y-sus-viajes-a-nueva-york-y-punta-del-este\\\/\",\"url\":\"https:\\\/\\\/fmgente.com.ar\\\/web\\\/papelon-de-adorni-cuando-majul-lo-apuro-con-el-caso-libra-los-chats-de-milei-y-sus-viajes-a-nueva-york-y-punta-del-este\\\/\",\"name\":\"Papel\u00f3n de Adorni cuando Majul lo apur\u00f3 con el caso $LIBRA, los chats de Milei y sus viajes a Nueva York y Punta del Este - Fm Gente\",\"isPartOf\":{\"@id\":\"https:\\\/\\\/fmgente.com.ar\\\/web\\\/#website\"},\"primaryImageOfPage\":{\"@id\":\"https:\\\/\\\/fmgente.com.ar\\\/web\\\/papelon-de-adorni-cuando-majul-lo-apuro-con-el-caso-libra-los-chats-de-milei-y-sus-viajes-a-nueva-york-y-punta-del-este\\\/#primaryimage\"},\"image\":{\"@id\":\"https:\\\/\\\/fmgente.com.ar\\\/web\\\/papelon-de-adorni-cuando-majul-lo-apuro-con-el-caso-libra-los-chats-de-milei-y-sus-viajes-a-nueva-york-y-punta-del-este\\\/#primaryimage\"},\"thumbnailUrl\":\"https:\\\/\\\/fmgente.com.ar\\\/web\\\/wp-content\\\/uploads\\\/2026\\\/03\\\/720-619.jpeg\",\"datePublished\":\"2026-03-16T10:07:06+00:00\",\"inLanguage\":\"es\",\"potentialAction\":[{\"@type\":\"ReadAction\",\"target\":[\"https:\\\/\\\/fmgente.com.ar\\\/web\\\/papelon-de-adorni-cuando-majul-lo-apuro-con-el-caso-libra-los-chats-de-milei-y-sus-viajes-a-nueva-york-y-punta-del-este\\\/\"]}]},{\"@type\":\"ImageObject\",\"inLanguage\":\"es\",\"@id\":\"https:\\\/\\\/fmgente.com.ar\\\/web\\\/papelon-de-adorni-cuando-majul-lo-apuro-con-el-caso-libra-los-chats-de-milei-y-sus-viajes-a-nueva-york-y-punta-del-este\\\/#primaryimage\",\"url\":\"https:\\\/\\\/fmgente.com.ar\\\/web\\\/wp-content\\\/uploads\\\/2026\\\/03\\\/720-619.jpeg\",\"contentUrl\":\"https:\\\/\\\/fmgente.com.ar\\\/web\\\/wp-content\\\/uploads\\\/2026\\\/03\\\/720-619.jpeg\",\"width\":1280,\"height\":704},{\"@type\":\"WebSite\",\"@id\":\"https:\\\/\\\/fmgente.com.ar\\\/web\\\/#website\",\"url\":\"https:\\\/\\\/fmgente.com.ar\\\/web\\\/\",\"name\":\"Fm Gente\",\"description\":\"- Jes\u00fas Mar\u00eda\",\"publisher\":{\"@id\":\"https:\\\/\\\/fmgente.com.ar\\\/web\\\/#organization\"},\"potentialAction\":[{\"@type\":\"SearchAction\",\"target\":{\"@type\":\"EntryPoint\",\"urlTemplate\":\"https:\\\/\\\/fmgente.com.ar\\\/web\\\/?s={search_term_string}\"},\"query-input\":{\"@type\":\"PropertyValueSpecification\",\"valueRequired\":true,\"valueName\":\"search_term_string\"}}],\"inLanguage\":\"es\"},{\"@type\":\"Organization\",\"@id\":\"https:\\\/\\\/fmgente.com.ar\\\/web\\\/#organization\",\"name\":\"Fm Gente\",\"url\":\"https:\\\/\\\/fmgente.com.ar\\\/web\\\/\",\"logo\":{\"@type\":\"ImageObject\",\"inLanguage\":\"es\",\"@id\":\"https:\\\/\\\/fmgente.com.ar\\\/web\\\/#\\\/schema\\\/logo\\\/image\\\/\",\"url\":\"https:\\\/\\\/fmgente.com.ar\\\/web\\\/wp-content\\\/uploads\\\/2023\\\/07\\\/cropped-cropped-logo-sombra2.png\",\"contentUrl\":\"https:\\\/\\\/fmgente.com.ar\\\/web\\\/wp-content\\\/uploads\\\/2023\\\/07\\\/cropped-cropped-logo-sombra2.png\",\"width\":1782,\"height\":1782,\"caption\":\"Fm Gente\"},\"image\":{\"@id\":\"https:\\\/\\\/fmgente.com.ar\\\/web\\\/#\\\/schema\\\/logo\\\/image\\\/\"}}]}<\/script>\n<!-- \/ Yoast SEO plugin. -->","yoast_head_json":{"title":"Papel\u00f3n de Adorni cuando Majul lo apur\u00f3 con el caso $LIBRA, los chats de Milei y sus viajes a Nueva York y Punta del Este - Fm Gente","robots":{"index":"index","follow":"follow","max-snippet":"max-snippet:-1","max-image-preview":"max-image-preview:large","max-video-preview":"max-video-preview:-1"},"canonical":"https:\/\/fmgente.com.ar\/web\/papelon-de-adorni-cuando-majul-lo-apuro-con-el-caso-libra-los-chats-de-milei-y-sus-viajes-a-nueva-york-y-punta-del-este\/","og_locale":"es_ES","og_type":"article","og_title":"Papel\u00f3n de Adorni cuando Majul lo apur\u00f3 con el caso $LIBRA, los chats de Milei y sus viajes a Nueva York y Punta del Este - Fm Gente","og_description":"Manuel Adorni regres\u00f3 a la Argentina tras su pol\u00e9mico viaje a Nueva York -\u00bfse qued\u00f3","og_url":"https:\/\/fmgente.com.ar\/web\/papelon-de-adorni-cuando-majul-lo-apuro-con-el-caso-libra-los-chats-de-milei-y-sus-viajes-a-nueva-york-y-punta-del-este\/","og_site_name":"Fm Gente","article_published_time":"2026-03-16T10:07:06+00:00","twitter_card":"summary_large_image","twitter_misc":{"Tiempo de lectura":"1 minuto"},"schema":{"@context":"https:\/\/schema.org","@graph":[{"@type":"Article","@id":"https:\/\/fmgente.com.ar\/web\/papelon-de-adorni-cuando-majul-lo-apuro-con-el-caso-libra-los-chats-de-milei-y-sus-viajes-a-nueva-york-y-punta-del-este\/#article","isPartOf":{"@id":"https:\/\/fmgente.com.ar\/web\/papelon-de-adorni-cuando-majul-lo-apuro-con-el-caso-libra-los-chats-de-milei-y-sus-viajes-a-nueva-york-y-punta-del-este\/"},"author":{"name":"","@id":""},"headline":"Papel\u00f3n de Adorni cuando Majul lo apur\u00f3 con el caso $LIBRA, los chats de Milei y sus viajes a Nueva York y Punta del Este","datePublished":"2026-03-16T10:07:06+00:00","mainEntityOfPage":{"@id":"https:\/\/fmgente.com.ar\/web\/papelon-de-adorni-cuando-majul-lo-apuro-con-el-caso-libra-los-chats-de-milei-y-sus-viajes-a-nueva-york-y-punta-del-este\/"},"wordCount":179,"publisher":{"@id":"https:\/\/fmgente.com.ar\/web\/#organization"},"image":{"@id":"https:\/\/fmgente.com.ar\/web\/papelon-de-adorni-cuando-majul-lo-apuro-con-el-caso-libra-los-chats-de-milei-y-sus-viajes-a-nueva-york-y-punta-del-este\/#primaryimage"},"thumbnailUrl":"https:\/\/fmgente.com.ar\/web\/wp-content\/uploads\/2026\/03\/720-619.jpeg","articleSection":["DESTACADAS"],"inLanguage":"es"},{"@type":"WebPage","@id":"https:\/\/fmgente.com.ar\/web\/papelon-de-adorni-cuando-majul-lo-apuro-con-el-caso-libra-los-chats-de-milei-y-sus-viajes-a-nueva-york-y-punta-del-este\/","url":"https:\/\/fmgente.com.ar\/web\/papelon-de-adorni-cuando-majul-lo-apuro-con-el-caso-libra-los-chats-de-milei-y-sus-viajes-a-nueva-york-y-punta-del-este\/","name":"Papel\u00f3n de Adorni cuando Majul lo apur\u00f3 con el caso $LIBRA, los chats de Milei y sus viajes a Nueva York y Punta del Este - Fm Gente","isPartOf":{"@id":"https:\/\/fmgente.com.ar\/web\/#website"},"primaryImageOfPage":{"@id":"https:\/\/fmgente.com.ar\/web\/papelon-de-adorni-cuando-majul-lo-apuro-con-el-caso-libra-los-chats-de-milei-y-sus-viajes-a-nueva-york-y-punta-del-este\/#primaryimage"},"image":{"@id":"https:\/\/fmgente.com.ar\/web\/papelon-de-adorni-cuando-majul-lo-apuro-con-el-caso-libra-los-chats-de-milei-y-sus-viajes-a-nueva-york-y-punta-del-este\/#primaryimage"},"thumbnailUrl":"https:\/\/fmgente.com.ar\/web\/wp-content\/uploads\/2026\/03\/720-619.jpeg","datePublished":"2026-03-16T10:07:06+00:00","inLanguage":"es","potentialAction":[{"@type":"ReadAction","target":["https:\/\/fmgente.com.ar\/web\/papelon-de-adorni-cuando-majul-lo-apuro-con-el-caso-libra-los-chats-de-milei-y-sus-viajes-a-nueva-york-y-punta-del-este\/"]}]},{"@type":"ImageObject","inLanguage":"es","@id":"https:\/\/fmgente.com.ar\/web\/papelon-de-adorni-cuando-majul-lo-apuro-con-el-caso-libra-los-chats-de-milei-y-sus-viajes-a-nueva-york-y-punta-del-este\/#primaryimage","url":"https:\/\/fmgente.com.ar\/web\/wp-content\/uploads\/2026\/03\/720-619.jpeg","contentUrl":"https:\/\/fmgente.com.ar\/web\/wp-content\/uploads\/2026\/03\/720-619.jpeg","width":1280,"height":704},{"@type":"WebSite","@id":"https:\/\/fmgente.com.ar\/web\/#website","url":"https:\/\/fmgente.com.ar\/web\/","name":"Fm Gente","description":"- Jes\u00fas Mar\u00eda","publisher":{"@id":"https:\/\/fmgente.com.ar\/web\/#organization"},"potentialAction":[{"@type":"SearchAction","target":{"@type":"EntryPoint","urlTemplate":"https:\/\/fmgente.com.ar\/web\/?s={search_term_string}"},"query-input":{"@type":"PropertyValueSpecification","valueRequired":true,"valueName":"search_term_string"}}],"inLanguage":"es"},{"@type":"Organization","@id":"https:\/\/fmgente.com.ar\/web\/#organization","name":"Fm Gente","url":"https:\/\/fmgente.com.ar\/web\/","logo":{"@type":"ImageObject","inLanguage":"es","@id":"https:\/\/fmgente.com.ar\/web\/#\/schema\/logo\/image\/","url":"https:\/\/fmgente.com.ar\/web\/wp-content\/uploads\/2023\/07\/cropped-cropped-logo-sombra2.png","contentUrl":"https:\/\/fmgente.com.ar\/web\/wp-content\/uploads\/2023\/07\/cropped-cropped-logo-sombra2.png","width":1782,"height":1782,"caption":"Fm Gente"},"image":{"@id":"https:\/\/fmgente.com.ar\/web\/#\/schema\/logo\/image\/"}}]}},"_links":{"self":[{"href":"https:\/\/fmgente.com.ar\/web\/wp-json\/wp\/v2\/posts\/15383","targetHints":{"allow":["GET"]}}],"collection":[{"href":"https:\/\/fmgente.com.ar\/web\/wp-json\/wp\/v2\/posts"}],"about":[{"href":"https:\/\/fmgente.com.ar\/web\/wp-json\/wp\/v2\/types\/post"}],"replies":[{"embeddable":true,"href":"https:\/\/fmgente.com.ar\/web\/wp-json\/wp\/v2\/comments?post=15383"}],"version-history":[{"count":0,"href":"https:\/\/fmgente.com.ar\/web\/wp-json\/wp\/v2\/posts\/15383\/revisions"}],"wp:featuredmedia":[{"embeddable":true,"href":"https:\/\/fmgente.com.ar\/web\/wp-json\/wp\/v2\/media\/15384"}],"wp:attachment":[{"href":"https:\/\/fmgente.com.ar\/web\/wp-json\/wp\/v2\/media?parent=15383"}],"wp:term":[{"taxonomy":"category","embeddable":true,"href":"https:\/\/fmgente.com.ar\/web\/wp-json\/wp\/v2\/categories?post=15383"},{"taxonomy":"post_tag","embeddable":true,"href":"https:\/\/fmgente.com.ar\/web\/wp-json\/wp\/v2\/tags?post=15383"}],"curies":[{"name":"wp","href":"https:\/\/api.w.org\/{rel}","templated":true}]}}