{"id":15369,"date":"2026-03-15T18:09:28","date_gmt":"2026-03-15T21:09:28","guid":{"rendered":"https:\/\/fmgente.com.ar\/web\/incertidumbre-de-la-memoria-una-gran-coleccion-abierta-al-publico\/"},"modified":"2026-03-15T18:09:28","modified_gmt":"2026-03-15T21:09:28","slug":"incertidumbre-de-la-memoria-una-gran-coleccion-abierta-al-publico","status":"publish","type":"post","link":"https:\/\/fmgente.com.ar\/web\/incertidumbre-de-la-memoria-una-gran-coleccion-abierta-al-publico\/","title":{"rendered":"&quot;Incertidumbre de la memoria&quot;, una gran colecci\u00f3n abierta al p\u00fablico"},"content":{"rendered":"<p>La muestra \u00abLa incertidumbre de la memoria\u00bb va a estar disponible al p\u00fablico un a\u00f1o, informa Federico Kirschbaum. El artista ha trabajado como curador en esta exposici\u00f3n, un gran relato visual que dispara en todos los sentidos con la reuni\u00f3n de algunas de las obras de CAM &#8211; Colecci\u00f3n Alfredo Mu\u00f1oz, nombre de un espacio ubicado en Paseo G\u00fcemes 112, y tambi\u00e9n de un artista.<\/p>\n<p>Dos creadores, uno como coleccionista y el otro como curador, se unen para presentar a los salte\u00f1os obras de otros creadores. Una experiencia, sin dudas, riqu\u00edsima y poco frecuente.<\/p>\n<p>\u00abHacer la curadur\u00eda es darle sentido a la muestra\u00bb, dice Federico en contacto con El Tribuno.<\/p>\n<p>\u00abEl curador, desde que elige, piensa en el di\u00e1logo que va a haber entre las distintas obras, un guion\u2026 Es decir, que tenga sentido. Y cuando ya est\u00e1n elegidas, en qu\u00e9 lugares van a estar colocadas, qu\u00e9 obra al lado de qu\u00e9 otra. Es como armar con todas una obra general, que es la muestra\u00bb, completa.<\/p>\n<p><img decoding=\"async\" src=\"https:\/\/uscdn.eltribuno.com\/032026\/1773603459146.jpg\" \/><\/p>\n<p>Nombres del arte<\/p>\n<p>El espacio re\u00fane obras de 100 artistas en sus seis salas. Entre ellas se encuentran piezas de Marcos Acosta, Roly Arias, Heber Artaza, Gonzalo Beccar Varela, Roma Blanco, Mar\u00eda Laura Buccianti, Felipe Catal\u00e1n, Mariano Cornejo, Flavia Da Rin, Mar\u00eda Martorell, Marta Minuj\u00edn, Fabi\u00e1n Nanni, Alina Neiman, Liliana Porter, Ivana Salfiti, Javier Torres, Rodolfo Vivas.<\/p>\n<p>\u00abQue haya algo de esto en Salta es un lujo porque no hay muchas colecciones en el pa\u00eds que est\u00e9n abiertas al p\u00fablico. Que Alfredo haya armado un espacio, y abrirlo al p\u00fablico, compartirlo es un acto generoso y es un lujo para los salte\u00f1os que de otra forma no tendr\u00edamos acceso a ciertas obras\u00bb, se\u00f1ala Kirschbaum.<\/p>\n<p>Di\u00e1logos<\/p>\n<p>\u00abLa de Alfredo es una de las colecciones m\u00e1s importantes de la regi\u00f3n\u00bb, dice, y describe lo que podr\u00e1 verse. \u00abEn alguna sala, por ejemplo, la idea fue que haya un di\u00e1logo entre artistas contempor\u00e1neos o emergentes y artistas consagrados\u00bb, cuenta.<\/p>\n<p>\u00abEntonces, ten\u00e9s obras de Marta Minuj\u00edn, de Adriana Margalef, de Benito Laren, de Nicol\u00e1s Picatto. De diversas procedencias, Yuyo Guardiol, que es un artista de Rosario. Ten\u00e9s Marcos Acosta, un cordob\u00e9s que vive en Estados Unidos\u00bb, suma.<\/p>\n<p>La muestra inaugur\u00f3 a fines de febrero y va a estar todo un a\u00f1o. Las personas interesadas pueden contactarse por la cuenta de Instagram de CAM, y all\u00ed solicitar una visita, que se van agendando y coordinando. \u00abNo est\u00e1 abierta siempre, hay fechas espec\u00edficas para visitar\u00bb, ilustra.<\/p>\n<p>El coleccionista<\/p>\n<p>Alfredo Mu\u00f1oz lleva mucho tiempo en el mundo del arte. Aparte de ser un artista que trabaja hace a\u00f1os en su obra, tambi\u00e9n tiene una colecci\u00f3n.<\/p>\n<p>Su obra forma parte del patrimonio cultural de la Provincia de Salta, de la Casa de la Cultura de Salta y est\u00e1 en colecciones privadas de Chile, Espa\u00f1a, Italia, Jap\u00f3n, EEUU y Suiza.<\/p>\n<p>\u00abEs muy com\u00fan que haya artistas que coleccionen, eso me parece significativo tambi\u00e9n. Alfredo tambi\u00e9n es uno de los organizadores de FAS, la Feria de Arte de Salta, y de alguna forma se ha convertido en un referente del arte de la regi\u00f3n\u00bb, afirma Kirschbaum.<\/p>\n<p><img decoding=\"async\" src=\"https:\/\/uscdn.eltribuno.com\/032026\/1773603403699.jpg\" \/><\/p>\n<p>\u00abViaja a todas las ferias, todo el tiempo est\u00e1 haciendo de nexo entre Salta y otros lugares, trayendo obras, relacion\u00e1ndose con otros coleccionistas, con directores de museos, con gestores\u00bb, describe en Mu\u00f1oz el hacer de un coleccionista.<\/p>\n<p>\u00abEs una figura importante en el mundo del arte, por estos di\u00e1logos que genera entre artistas, coleccionistas, museos, galeristas. Y, en particular, esta es una colecci\u00f3n desde el afecto\u00bb, dice Federico, y completa la idea: \u00abAlfredo se relaciona con las personas que compran la obra, con los galeristas, con los creadores. Y que el coleccionista sea un artista tambi\u00e9n suma. Tiene una sensibilidad diferente, los artistas que est\u00e1n en su colecci\u00f3n son sus colegas\u00bb.<\/p>\n<p>\u00abFue un placer trabajar con \u00e9l. Somos amigos y tambi\u00e9n artistas, entonces fue muy f\u00e1cil armar el recorte. Tiene muchas obras, se va a mostrar solamente una parte de la colecci\u00f3n, el a\u00f1o pasado se mostr\u00f3 otra. Y la idea es esa, que cada a\u00f1o vaya habiendo un recorte distinto\u00bb, cuenta.<\/p>\n<p>\u00bfQu\u00e9 es una colecci\u00f3n?<\/p>\n<p>\u00abHay coleccionistas, pero mucha gente no sabe qu\u00e9 es una colecci\u00f3n, de hecho, me preguntan \u00bfqu\u00e9 es?, \u00bfes una muestra?\u00bb, refiere Federico. \u00abEl Malba es una colecci\u00f3n de arte privada\u00bb, dice.<\/p>\n<p>Y desarrolla: \u00abEs una instancia distinta, est\u00e1n los museos, est\u00e1n las colecciones cerradas al p\u00fablico, que no sabemos que existen, y est\u00e1n las colecciones que se abren. Y el coleccionismo es una llama que est\u00e1 bueno que se replique. Porque los artistas vivimos de gente que consume arte; entonces, mientras m\u00e1s gente adquiera arte, m\u00e1s artistas pueden vivir de eso. Es bueno que m\u00e1s gente se anime a adquirir obra, a ir armando un acervo personal&#8230; Una colecci\u00f3n abierta inspira a otros a sumarse a este mundo\u00bb.<\/p>\n<p>Motivaciones<\/p>\n<p>Una de las motivaciones de las colecciones es preservar las obras. \u00abSer coleccionista es un trabajo altruista en un punto\u00bb, dice Federico. \u00abEst\u00e1s apoyando a que los artistas puedan seguir desarrollando su carrera, y est\u00e1s conservando un patrimonio a futuro\u00bb.<\/p>\n<p>\u00abEn general las colecciones privadas son para el disfrute en un c\u00edrculo \u00edntimo, entonces que haya alguien que se anime a abrir su colecci\u00f3n a esta instancia p\u00fablica es un hecho importante y bueno para aprovechar\u00bb, a\u00f1ade.<\/p>\n<p>\u00abCada artista cuando hace una obra deja una parte de su alma, de su historia. Cuando la ves sab\u00e9s qu\u00e9 estabas atravesando en tu vida, qu\u00e9 situaci\u00f3n, en qu\u00e9 lugar estabas. Cada obra tiene intr\u00ednsecamente recuerdos a\u00f1adidos. Y cuando alguien adquiere una obra tambi\u00e9n se generan recuerdos\u00bb, dice Federico Kirschbaum.<\/p>\n<p><img decoding=\"async\" src=\"https:\/\/uscdn.eltribuno.com\/032026\/1773603505267.jpg\" \/><\/p>\n<p>\u00abEl arte como una huella que construye la memoria\u00bb<\/p>\n<p>\u00abHist\u00f3ricamente, el arte ha sido una forma de dejar registro: una huella que construye la memoria que tenemos de tiempos anteriores, aunque no como un archivo exacto, sino como una acumulaci\u00f3n de im\u00e1genes, gestos y emociones que se sedimentan con el paso del tiempo\u00bb, dice el texto curatorial de la muestra de CAM.<\/p>\n<p>\u00abIncertidumbre de la memoria\u00bb re\u00fane un recorte de la colecci\u00f3n de un artista. \u00abCada obra incorporada funciona como un punto de anclaje: una muestra, una feria, un encuentro&#8230; los artistas, los amigos del mundo del arte, los viajes, los v\u00ednculos&#8230;\u00bb, contin\u00faa.<\/p>\n<p>\u00abTener un lugar, mantenerlo, hacer visitas guiadas, charlar con la gente son instancias sumamente importantes y educativas para acercar m\u00e1s gente al mundo del arte\u00bb, dice en la charla Federico Kirschbaum sobre el trabajo que asume Alfredo Mu\u00f1oz.<\/p>\n<p>Y una colecci\u00f3n permite conocer: \u00abEn la muestra hay artistas que no est\u00e1n en los museos de Salta. Artistas de Corrientes, por ejemplo, no est\u00e1n en los museos, entonces a trav\u00e9s de esta muestra lleg\u00e1s a conocerlos\u00bb.<\/p>\n<p>Y tambi\u00e9n suma a la oferta tur\u00edstica. \u00abHay turistas sensibles al arte, y ten\u00e9s una opci\u00f3n m\u00e1s cuando ven\u00eds a Salta\u00bb, ilustra.<\/p>\n<p><img decoding=\"async\" src=\"https:\/\/uscdn.eltribuno.com\/032026\/1773604239331.jpg\" \/><\/p>\n<p>Memorias<\/p>\n<p>\u00abAlfredo viaja y compra en ferias, en galer\u00edas y a veces los artistas le venden de forma directa. Siempre hay un trato con el otro, hay recuerdos\u00bb, dice, y agrega: \u00abUna obra genera recuerdos tambi\u00e9n cuando conviv\u00eds con ella\u00bb.<\/p>\n<p>Esta muestra deja en evidencia esa memoria vinculada con el arte&#8230; \u00abUna memoria que no es certera 100%, porque uno va olvidando cosas, va filtrando, mezclando con otras experiencias, con sue\u00f1os, y se va como diluyendo. Entonces, de todo lo que uno recuerda, \u00bfqu\u00e9 es cierto y qu\u00e9 no es cierto?\u00bb, reflexiona.<\/p>\n","protected":false},"excerpt":{"rendered":"<p>La muestra \u00abLa incertidumbre de la memoria\u00bb va a estar disponible al p\u00fablico un a\u00f1o,<\/p>\n","protected":false},"author":0,"featured_media":15370,"comment_status":"","ping_status":"","sticky":false,"template":"","format":"standard","meta":{"footnotes":""},"categories":[11],"tags":[],"class_list":["post-15369","post","type-post","status-publish","format-standard","has-post-thumbnail","hentry","category-destacadas"],"yoast_head":"<!-- This site is optimized with the Yoast SEO plugin v27.4 - https:\/\/yoast.com\/product\/yoast-seo-wordpress\/ -->\n<title>&quot;Incertidumbre de la memoria&quot;, una gran colecci\u00f3n abierta al p\u00fablico - Fm Gente<\/title>\n<meta name=\"robots\" content=\"index, follow, max-snippet:-1, max-image-preview:large, max-video-preview:-1\" \/>\n<link rel=\"canonical\" href=\"https:\/\/fmgente.com.ar\/web\/incertidumbre-de-la-memoria-una-gran-coleccion-abierta-al-publico\/\" \/>\n<meta property=\"og:locale\" content=\"es_ES\" \/>\n<meta property=\"og:type\" content=\"article\" \/>\n<meta property=\"og:title\" content=\"&quot;Incertidumbre de la memoria&quot;, una gran colecci\u00f3n abierta al p\u00fablico - Fm Gente\" \/>\n<meta property=\"og:description\" content=\"La muestra \u00abLa incertidumbre de la memoria\u00bb va a estar disponible al p\u00fablico un a\u00f1o,\" \/>\n<meta property=\"og:url\" content=\"https:\/\/fmgente.com.ar\/web\/incertidumbre-de-la-memoria-una-gran-coleccion-abierta-al-publico\/\" \/>\n<meta property=\"og:site_name\" content=\"Fm Gente\" \/>\n<meta property=\"article:published_time\" content=\"2026-03-15T21:09:28+00:00\" \/>\n<meta property=\"og:image\" content=\"https:\/\/uscdn.eltribuno.com\/032026\/1773603459146.jpg\" \/>\n<meta name=\"twitter:card\" content=\"summary_large_image\" \/>\n<meta name=\"twitter:label1\" content=\"Tiempo de lectura\" \/>\n\t<meta name=\"twitter:data1\" content=\"7 minutos\" \/>\n<script type=\"application\/ld+json\" class=\"yoast-schema-graph\">{\"@context\":\"https:\\\/\\\/schema.org\",\"@graph\":[{\"@type\":\"Article\",\"@id\":\"https:\\\/\\\/fmgente.com.ar\\\/web\\\/incertidumbre-de-la-memoria-una-gran-coleccion-abierta-al-publico\\\/#article\",\"isPartOf\":{\"@id\":\"https:\\\/\\\/fmgente.com.ar\\\/web\\\/incertidumbre-de-la-memoria-una-gran-coleccion-abierta-al-publico\\\/\"},\"author\":{\"name\":\"\",\"@id\":\"\"},\"headline\":\"&quot;Incertidumbre de la memoria&quot;, una gran colecci\u00f3n abierta al p\u00fablico\",\"datePublished\":\"2026-03-15T21:09:28+00:00\",\"mainEntityOfPage\":{\"@id\":\"https:\\\/\\\/fmgente.com.ar\\\/web\\\/incertidumbre-de-la-memoria-una-gran-coleccion-abierta-al-publico\\\/\"},\"wordCount\":1330,\"publisher\":{\"@id\":\"https:\\\/\\\/fmgente.com.ar\\\/web\\\/#organization\"},\"image\":{\"@id\":\"https:\\\/\\\/fmgente.com.ar\\\/web\\\/incertidumbre-de-la-memoria-una-gran-coleccion-abierta-al-publico\\\/#primaryimage\"},\"thumbnailUrl\":\"https:\\\/\\\/fmgente.com.ar\\\/web\\\/wp-content\\\/uploads\\\/2026\\\/03\\\/1773603459146.jpg\",\"articleSection\":[\"DESTACADAS\"],\"inLanguage\":\"es\"},{\"@type\":\"WebPage\",\"@id\":\"https:\\\/\\\/fmgente.com.ar\\\/web\\\/incertidumbre-de-la-memoria-una-gran-coleccion-abierta-al-publico\\\/\",\"url\":\"https:\\\/\\\/fmgente.com.ar\\\/web\\\/incertidumbre-de-la-memoria-una-gran-coleccion-abierta-al-publico\\\/\",\"name\":\"&quot;Incertidumbre de la memoria&quot;, una gran colecci\u00f3n abierta al p\u00fablico - Fm Gente\",\"isPartOf\":{\"@id\":\"https:\\\/\\\/fmgente.com.ar\\\/web\\\/#website\"},\"primaryImageOfPage\":{\"@id\":\"https:\\\/\\\/fmgente.com.ar\\\/web\\\/incertidumbre-de-la-memoria-una-gran-coleccion-abierta-al-publico\\\/#primaryimage\"},\"image\":{\"@id\":\"https:\\\/\\\/fmgente.com.ar\\\/web\\\/incertidumbre-de-la-memoria-una-gran-coleccion-abierta-al-publico\\\/#primaryimage\"},\"thumbnailUrl\":\"https:\\\/\\\/fmgente.com.ar\\\/web\\\/wp-content\\\/uploads\\\/2026\\\/03\\\/1773603459146.jpg\",\"datePublished\":\"2026-03-15T21:09:28+00:00\",\"inLanguage\":\"es\",\"potentialAction\":[{\"@type\":\"ReadAction\",\"target\":[\"https:\\\/\\\/fmgente.com.ar\\\/web\\\/incertidumbre-de-la-memoria-una-gran-coleccion-abierta-al-publico\\\/\"]}]},{\"@type\":\"ImageObject\",\"inLanguage\":\"es\",\"@id\":\"https:\\\/\\\/fmgente.com.ar\\\/web\\\/incertidumbre-de-la-memoria-una-gran-coleccion-abierta-al-publico\\\/#primaryimage\",\"url\":\"https:\\\/\\\/fmgente.com.ar\\\/web\\\/wp-content\\\/uploads\\\/2026\\\/03\\\/1773603459146.jpg\",\"contentUrl\":\"https:\\\/\\\/fmgente.com.ar\\\/web\\\/wp-content\\\/uploads\\\/2026\\\/03\\\/1773603459146.jpg\",\"width\":1277,\"height\":783},{\"@type\":\"WebSite\",\"@id\":\"https:\\\/\\\/fmgente.com.ar\\\/web\\\/#website\",\"url\":\"https:\\\/\\\/fmgente.com.ar\\\/web\\\/\",\"name\":\"Fm Gente\",\"description\":\"- Jes\u00fas Mar\u00eda\",\"publisher\":{\"@id\":\"https:\\\/\\\/fmgente.com.ar\\\/web\\\/#organization\"},\"potentialAction\":[{\"@type\":\"SearchAction\",\"target\":{\"@type\":\"EntryPoint\",\"urlTemplate\":\"https:\\\/\\\/fmgente.com.ar\\\/web\\\/?s={search_term_string}\"},\"query-input\":{\"@type\":\"PropertyValueSpecification\",\"valueRequired\":true,\"valueName\":\"search_term_string\"}}],\"inLanguage\":\"es\"},{\"@type\":\"Organization\",\"@id\":\"https:\\\/\\\/fmgente.com.ar\\\/web\\\/#organization\",\"name\":\"Fm Gente\",\"url\":\"https:\\\/\\\/fmgente.com.ar\\\/web\\\/\",\"logo\":{\"@type\":\"ImageObject\",\"inLanguage\":\"es\",\"@id\":\"https:\\\/\\\/fmgente.com.ar\\\/web\\\/#\\\/schema\\\/logo\\\/image\\\/\",\"url\":\"https:\\\/\\\/fmgente.com.ar\\\/web\\\/wp-content\\\/uploads\\\/2023\\\/07\\\/cropped-cropped-logo-sombra2.png\",\"contentUrl\":\"https:\\\/\\\/fmgente.com.ar\\\/web\\\/wp-content\\\/uploads\\\/2023\\\/07\\\/cropped-cropped-logo-sombra2.png\",\"width\":1782,\"height\":1782,\"caption\":\"Fm Gente\"},\"image\":{\"@id\":\"https:\\\/\\\/fmgente.com.ar\\\/web\\\/#\\\/schema\\\/logo\\\/image\\\/\"}}]}<\/script>\n<!-- \/ Yoast SEO plugin. -->","yoast_head_json":{"title":"&quot;Incertidumbre de la memoria&quot;, una gran colecci\u00f3n abierta al p\u00fablico - Fm Gente","robots":{"index":"index","follow":"follow","max-snippet":"max-snippet:-1","max-image-preview":"max-image-preview:large","max-video-preview":"max-video-preview:-1"},"canonical":"https:\/\/fmgente.com.ar\/web\/incertidumbre-de-la-memoria-una-gran-coleccion-abierta-al-publico\/","og_locale":"es_ES","og_type":"article","og_title":"&quot;Incertidumbre de la memoria&quot;, una gran colecci\u00f3n abierta al p\u00fablico - Fm Gente","og_description":"La muestra \u00abLa incertidumbre de la memoria\u00bb va a estar disponible al p\u00fablico un a\u00f1o,","og_url":"https:\/\/fmgente.com.ar\/web\/incertidumbre-de-la-memoria-una-gran-coleccion-abierta-al-publico\/","og_site_name":"Fm Gente","article_published_time":"2026-03-15T21:09:28+00:00","og_image":[{"url":"https:\/\/uscdn.eltribuno.com\/032026\/1773603459146.jpg","type":"","width":"","height":""}],"twitter_card":"summary_large_image","twitter_misc":{"Tiempo de lectura":"7 minutos"},"schema":{"@context":"https:\/\/schema.org","@graph":[{"@type":"Article","@id":"https:\/\/fmgente.com.ar\/web\/incertidumbre-de-la-memoria-una-gran-coleccion-abierta-al-publico\/#article","isPartOf":{"@id":"https:\/\/fmgente.com.ar\/web\/incertidumbre-de-la-memoria-una-gran-coleccion-abierta-al-publico\/"},"author":{"name":"","@id":""},"headline":"&quot;Incertidumbre de la memoria&quot;, una gran colecci\u00f3n abierta al p\u00fablico","datePublished":"2026-03-15T21:09:28+00:00","mainEntityOfPage":{"@id":"https:\/\/fmgente.com.ar\/web\/incertidumbre-de-la-memoria-una-gran-coleccion-abierta-al-publico\/"},"wordCount":1330,"publisher":{"@id":"https:\/\/fmgente.com.ar\/web\/#organization"},"image":{"@id":"https:\/\/fmgente.com.ar\/web\/incertidumbre-de-la-memoria-una-gran-coleccion-abierta-al-publico\/#primaryimage"},"thumbnailUrl":"https:\/\/fmgente.com.ar\/web\/wp-content\/uploads\/2026\/03\/1773603459146.jpg","articleSection":["DESTACADAS"],"inLanguage":"es"},{"@type":"WebPage","@id":"https:\/\/fmgente.com.ar\/web\/incertidumbre-de-la-memoria-una-gran-coleccion-abierta-al-publico\/","url":"https:\/\/fmgente.com.ar\/web\/incertidumbre-de-la-memoria-una-gran-coleccion-abierta-al-publico\/","name":"&quot;Incertidumbre de la memoria&quot;, una gran colecci\u00f3n abierta al p\u00fablico - Fm Gente","isPartOf":{"@id":"https:\/\/fmgente.com.ar\/web\/#website"},"primaryImageOfPage":{"@id":"https:\/\/fmgente.com.ar\/web\/incertidumbre-de-la-memoria-una-gran-coleccion-abierta-al-publico\/#primaryimage"},"image":{"@id":"https:\/\/fmgente.com.ar\/web\/incertidumbre-de-la-memoria-una-gran-coleccion-abierta-al-publico\/#primaryimage"},"thumbnailUrl":"https:\/\/fmgente.com.ar\/web\/wp-content\/uploads\/2026\/03\/1773603459146.jpg","datePublished":"2026-03-15T21:09:28+00:00","inLanguage":"es","potentialAction":[{"@type":"ReadAction","target":["https:\/\/fmgente.com.ar\/web\/incertidumbre-de-la-memoria-una-gran-coleccion-abierta-al-publico\/"]}]},{"@type":"ImageObject","inLanguage":"es","@id":"https:\/\/fmgente.com.ar\/web\/incertidumbre-de-la-memoria-una-gran-coleccion-abierta-al-publico\/#primaryimage","url":"https:\/\/fmgente.com.ar\/web\/wp-content\/uploads\/2026\/03\/1773603459146.jpg","contentUrl":"https:\/\/fmgente.com.ar\/web\/wp-content\/uploads\/2026\/03\/1773603459146.jpg","width":1277,"height":783},{"@type":"WebSite","@id":"https:\/\/fmgente.com.ar\/web\/#website","url":"https:\/\/fmgente.com.ar\/web\/","name":"Fm Gente","description":"- Jes\u00fas Mar\u00eda","publisher":{"@id":"https:\/\/fmgente.com.ar\/web\/#organization"},"potentialAction":[{"@type":"SearchAction","target":{"@type":"EntryPoint","urlTemplate":"https:\/\/fmgente.com.ar\/web\/?s={search_term_string}"},"query-input":{"@type":"PropertyValueSpecification","valueRequired":true,"valueName":"search_term_string"}}],"inLanguage":"es"},{"@type":"Organization","@id":"https:\/\/fmgente.com.ar\/web\/#organization","name":"Fm Gente","url":"https:\/\/fmgente.com.ar\/web\/","logo":{"@type":"ImageObject","inLanguage":"es","@id":"https:\/\/fmgente.com.ar\/web\/#\/schema\/logo\/image\/","url":"https:\/\/fmgente.com.ar\/web\/wp-content\/uploads\/2023\/07\/cropped-cropped-logo-sombra2.png","contentUrl":"https:\/\/fmgente.com.ar\/web\/wp-content\/uploads\/2023\/07\/cropped-cropped-logo-sombra2.png","width":1782,"height":1782,"caption":"Fm Gente"},"image":{"@id":"https:\/\/fmgente.com.ar\/web\/#\/schema\/logo\/image\/"}}]}},"_links":{"self":[{"href":"https:\/\/fmgente.com.ar\/web\/wp-json\/wp\/v2\/posts\/15369","targetHints":{"allow":["GET"]}}],"collection":[{"href":"https:\/\/fmgente.com.ar\/web\/wp-json\/wp\/v2\/posts"}],"about":[{"href":"https:\/\/fmgente.com.ar\/web\/wp-json\/wp\/v2\/types\/post"}],"replies":[{"embeddable":true,"href":"https:\/\/fmgente.com.ar\/web\/wp-json\/wp\/v2\/comments?post=15369"}],"version-history":[{"count":0,"href":"https:\/\/fmgente.com.ar\/web\/wp-json\/wp\/v2\/posts\/15369\/revisions"}],"wp:featuredmedia":[{"embeddable":true,"href":"https:\/\/fmgente.com.ar\/web\/wp-json\/wp\/v2\/media\/15370"}],"wp:attachment":[{"href":"https:\/\/fmgente.com.ar\/web\/wp-json\/wp\/v2\/media?parent=15369"}],"wp:term":[{"taxonomy":"category","embeddable":true,"href":"https:\/\/fmgente.com.ar\/web\/wp-json\/wp\/v2\/categories?post=15369"},{"taxonomy":"post_tag","embeddable":true,"href":"https:\/\/fmgente.com.ar\/web\/wp-json\/wp\/v2\/tags?post=15369"}],"curies":[{"name":"wp","href":"https:\/\/api.w.org\/{rel}","templated":true}]}}