{"id":15367,"date":"2026-03-15T18:09:28","date_gmt":"2026-03-15T21:09:28","guid":{"rendered":"https:\/\/fmgente.com.ar\/web\/hoy-no-tendriamos-ni-para-pagar-la-luz-h-i-r-pa-ce-alerta-sobre-una-crisis-que-pone-en-riesgo-sus-servicios\/"},"modified":"2026-03-15T18:09:28","modified_gmt":"2026-03-15T21:09:28","slug":"hoy-no-tendriamos-ni-para-pagar-la-luz-h-i-r-pa-ce-alerta-sobre-una-crisis-que-pone-en-riesgo-sus-servicios","status":"publish","type":"post","link":"https:\/\/fmgente.com.ar\/web\/hoy-no-tendriamos-ni-para-pagar-la-luz-h-i-r-pa-ce-alerta-sobre-una-crisis-que-pone-en-riesgo-sus-servicios\/","title":{"rendered":"\u201cHoy no tendr\u00edamos ni para pagar la luz\u201d: H.I.R.Pa.Ce. alerta sobre una crisis que pone en riesgo sus servicios"},"content":{"rendered":"<p>La instituci\u00f3n salte\u00f1a HIRPACE, dedicada a la rehabilitaci\u00f3n y asistencia de personas con discapacidad, atraviesa una delicada situaci\u00f3n econ\u00f3mica que amenaza con afectar la continuidad de los servicios que brinda a m\u00e1s de 200 ni\u00f1os y j\u00f3venes.<\/p>\n<p>Con m\u00e1s de 60 a\u00f1os de trayectoria, la entidad inform\u00f3 a la comunidad que enfrenta un escenario cr\u00edtico originado en la falta de actualizaci\u00f3n de aranceles y en las reiteradas demoras en los pagos por parte de los organismos que financian las prestaciones. Entre ellos se encuentran el PAMI y el programa Incluir Salud, destinado a personas con pensiones no contributivas.<\/p>\n<p>Desde la instituci\u00f3n se\u00f1alaron que, hasta el momento, no se ha informado un esquema claro de regularizaci\u00f3n de esos pagos, lo que genera una fuerte incertidumbre sobre la posibilidad de sostener las actividades.<\/p>\n<p><img decoding=\"async\" src=\"https:\/\/uscdn.eltribuno.com\/032026\/1773603864565.jpg\" \/><\/p>\n<p><strong>Riesgo para servicios esenciales<\/strong><\/p>\n<p>La presidenta de la Comisi\u00f3n Directiva de H.I.R.Pa.Ce., Amalia Peralta, explic\u00f3 que los atrasos en los pagos ya impactan directamente en el funcionamiento diario de la instituci\u00f3n.<\/p>\n<p>\u201cHace bastante tiempo que todos los prestadores que trabajamos en discapacidad estamos pasando una situaci\u00f3n dif\u00edcil. Las obras sociales est\u00e1n muy atrasadas, no solo en los pagos sino tambi\u00e9n en los montos\u201d, se\u00f1al\u00f3.<\/p>\n<p>Seg\u00fan explic\u00f3, los mayores atrasos corresponden al PAMI y al programa Incluir Salud, lo que complica seriamente la capacidad de la instituci\u00f3n para afrontar sus gastos corrientes.<\/p>\n<p>Peralta asegur\u00f3 que la situaci\u00f3n lleg\u00f3 a un punto l\u00edmite. \u201cYa estamos con dificultades para pagar no solo al personal, sino incluso servicios b\u00e1sicos. Hoy no tendr\u00edamos para pagar la luz\u201d, advirti\u00f3.<\/p>\n<p>La dirigente detall\u00f3 que la \u00faltima factura de energ\u00eda el\u00e9ctrica supera el mill\u00f3n de pesos, un monto que resulta dif\u00edcil de afrontar ante la falta de ingresos regulares.<\/p>\n<\/p>\n<p><strong>M\u00e1s de 200 chicos asistidos<\/strong><\/p>\n<p>H.I.R.Pa.Ce. brinda atenci\u00f3n a personas desde la primera infancia hasta la adultez joven. La instituci\u00f3n cuenta con servicios de estimulaci\u00f3n temprana, nivel inicial, escolaridad primaria y rehabilitaci\u00f3n integral.<\/p>\n<p>\u201cTenemos desde reci\u00e9n nacidos hasta j\u00f3venes de 25 a\u00f1os. En total son alrededor de 200 chicos\u201d, detall\u00f3 Peralta.<\/p>\n<p>Adem\u00e1s de las terapias m\u00e9dicas y educativas, el centro brinda desayuno, almuerzo y merienda, y en muchos casos se encarga del ba\u00f1o, el cambio de pa\u00f1ales, la reparaci\u00f3n de sillas de ruedas y el acompa\u00f1amiento diario de los pacientes.<\/p>\n<p>\u201cAc\u00e1 no solo reciben rehabilitaci\u00f3n y educaci\u00f3n, tambi\u00e9n alimentaci\u00f3n. En algunos casos es la \u00fanica comida que tienen en el d\u00eda\u201d, explic\u00f3.<\/p>\n<p>Por ese motivo, la instituci\u00f3n decidi\u00f3 no adherir a medidas de fuerza que se impulsan a nivel nacional en el sector de discapacidad.<\/p>\n<p>\u201cPara nosotros ser\u00eda terrible decirles a las familias que los chicos no pueden venir m\u00e1s. Vamos a seguir sosteniendo el servicio mientras podamos\u201d, afirm\u00f3.<\/p>\n<\/p>\n<p><strong>Una estructura con casi 100 trabajadores<\/strong><\/p>\n<p>Para sostener esa tarea, HIRPACE cuenta con una estructura de 92 trabajadores entre docentes, profesionales de rehabilitaci\u00f3n, personal de cocina, choferes y acompa\u00f1antes.<\/p>\n<p>\u201cTenemos fisioterapeutas, fonoaudi\u00f3logos, docentes, cocineros, choferes y acompa\u00f1antes en los veh\u00edculos, porque as\u00ed lo exige la ley. Es una estructura grande para poder atender a los chicos como corresponde\u201d, explic\u00f3.<\/p>\n<p>Sin embargo, la falta de pagos de las prestaciones genera incertidumbre sobre la posibilidad de seguir afrontando los salarios.<\/p>\n<p>\u201cEste mes apenas pudimos pagar los sueldos. No s\u00e9 c\u00f3mo vamos a hacer el pr\u00f3ximo\u201d, reconoci\u00f3.<\/p>\n<\/p>\n<p><strong>Donaciones para sostener la instituci\u00f3n<\/strong><\/p>\n<p>Frente a la falta de recursos, la instituci\u00f3n se sostiene en gran medida gracias a donaciones y aportes solidarios de empresas y vecinos.<\/p>\n<p>\u201cTenemos muchos colaboradores que nos ayudan con alimentos o insumos. Salimos a buscar leche, alimentos, lo que sea necesario\u201d, cont\u00f3 Peralta.<\/p>\n<p>Sin embargo, remarc\u00f3 que esa ayuda solidaria no alcanza para sostener el funcionamiento estructural del centro.<\/p>\n<p>\u201cPodemos conseguir alimentos o donaciones, pero despu\u00e9s tenemos que pagar sueldos, servicios y mantenimiento. Eso no se puede sostener solo con donaciones\u201d, explic\u00f3.<\/p>\n<\/p>\n<p><strong>Una instituci\u00f3n con m\u00e1s de seis d\u00e9cadas de trabajo<\/strong><\/p>\n<p>H.I.R.Pa.Ce. es una de las instituciones m\u00e1s reconocidas de Salta en la atenci\u00f3n de personas con discapacidad y funciona desde hace m\u00e1s de 60 a\u00f1os brindando rehabilitaci\u00f3n, educaci\u00f3n y contenci\u00f3n a cientos de familias.<\/p>\n<p>Su sede est\u00e1 ubicada en calle Santiago del Estero al 1900 y recibe pacientes de distintos puntos de la provincia.<\/p>\n<p>Al frente de la instituci\u00f3n se encuentra Amalia Peralta, quien a sus 83 a\u00f1os lleva tres d\u00e9cadas trabajando en el lugar.<\/p>\n<p>\u201cTenemos un compromiso con los chicos y sus familias. Mientras podamos, no vamos a cerrar la instituci\u00f3n\u201d, asegur\u00f3.<\/p>\n<p>Sin embargo, advirti\u00f3 que para sostener ese compromiso es fundamental que los organismos responsables regularicen los pagos pendientes.<\/p>\n<p>\u201cSolo pedimos que se paguen las prestaciones que estamos brindando. Nada m\u00e1s que eso\u201d, finaliz\u00f3.<\/p>\n","protected":false},"excerpt":{"rendered":"<p>La instituci\u00f3n salte\u00f1a HIRPACE, dedicada a la rehabilitaci\u00f3n y asistencia de personas con discapacidad, atraviesa<\/p>\n","protected":false},"author":0,"featured_media":15368,"comment_status":"","ping_status":"","sticky":false,"template":"","format":"standard","meta":{"footnotes":""},"categories":[11],"tags":[],"class_list":["post-15367","post","type-post","status-publish","format-standard","has-post-thumbnail","hentry","category-destacadas"],"yoast_head":"<!-- This site is optimized with the Yoast SEO plugin v27.4 - https:\/\/yoast.com\/product\/yoast-seo-wordpress\/ -->\n<title>\u201cHoy no tendr\u00edamos ni para pagar la luz\u201d: H.I.R.Pa.Ce. alerta sobre una crisis que pone en riesgo sus servicios - Fm Gente<\/title>\n<meta name=\"robots\" content=\"index, follow, max-snippet:-1, max-image-preview:large, max-video-preview:-1\" \/>\n<link rel=\"canonical\" href=\"https:\/\/fmgente.com.ar\/web\/hoy-no-tendriamos-ni-para-pagar-la-luz-h-i-r-pa-ce-alerta-sobre-una-crisis-que-pone-en-riesgo-sus-servicios\/\" \/>\n<meta property=\"og:locale\" content=\"es_ES\" \/>\n<meta property=\"og:type\" content=\"article\" \/>\n<meta property=\"og:title\" content=\"\u201cHoy no tendr\u00edamos ni para pagar la luz\u201d: H.I.R.Pa.Ce. alerta sobre una crisis que pone en riesgo sus servicios - Fm Gente\" \/>\n<meta property=\"og:description\" content=\"La instituci\u00f3n salte\u00f1a HIRPACE, dedicada a la rehabilitaci\u00f3n y asistencia de personas con discapacidad, atraviesa\" \/>\n<meta property=\"og:url\" content=\"https:\/\/fmgente.com.ar\/web\/hoy-no-tendriamos-ni-para-pagar-la-luz-h-i-r-pa-ce-alerta-sobre-una-crisis-que-pone-en-riesgo-sus-servicios\/\" \/>\n<meta property=\"og:site_name\" content=\"Fm Gente\" \/>\n<meta property=\"article:published_time\" content=\"2026-03-15T21:09:28+00:00\" \/>\n<meta property=\"og:image\" content=\"https:\/\/uscdn.eltribuno.com\/032026\/1773603864565.jpg\" \/>\n<meta name=\"twitter:card\" content=\"summary_large_image\" \/>\n<meta name=\"twitter:label1\" content=\"Tiempo de lectura\" \/>\n\t<meta name=\"twitter:data1\" content=\"4 minutos\" \/>\n<script type=\"application\/ld+json\" class=\"yoast-schema-graph\">{\"@context\":\"https:\\\/\\\/schema.org\",\"@graph\":[{\"@type\":\"Article\",\"@id\":\"https:\\\/\\\/fmgente.com.ar\\\/web\\\/hoy-no-tendriamos-ni-para-pagar-la-luz-h-i-r-pa-ce-alerta-sobre-una-crisis-que-pone-en-riesgo-sus-servicios\\\/#article\",\"isPartOf\":{\"@id\":\"https:\\\/\\\/fmgente.com.ar\\\/web\\\/hoy-no-tendriamos-ni-para-pagar-la-luz-h-i-r-pa-ce-alerta-sobre-una-crisis-que-pone-en-riesgo-sus-servicios\\\/\"},\"author\":{\"name\":\"\",\"@id\":\"\"},\"headline\":\"\u201cHoy no tendr\u00edamos ni para pagar la luz\u201d: H.I.R.Pa.Ce. alerta sobre una crisis que pone en riesgo sus servicios\",\"datePublished\":\"2026-03-15T21:09:28+00:00\",\"mainEntityOfPage\":{\"@id\":\"https:\\\/\\\/fmgente.com.ar\\\/web\\\/hoy-no-tendriamos-ni-para-pagar-la-luz-h-i-r-pa-ce-alerta-sobre-una-crisis-que-pone-en-riesgo-sus-servicios\\\/\"},\"wordCount\":863,\"publisher\":{\"@id\":\"https:\\\/\\\/fmgente.com.ar\\\/web\\\/#organization\"},\"image\":{\"@id\":\"https:\\\/\\\/fmgente.com.ar\\\/web\\\/hoy-no-tendriamos-ni-para-pagar-la-luz-h-i-r-pa-ce-alerta-sobre-una-crisis-que-pone-en-riesgo-sus-servicios\\\/#primaryimage\"},\"thumbnailUrl\":\"https:\\\/\\\/fmgente.com.ar\\\/web\\\/wp-content\\\/uploads\\\/2026\\\/03\\\/1773603864565.jpg\",\"articleSection\":[\"DESTACADAS\"],\"inLanguage\":\"es\"},{\"@type\":\"WebPage\",\"@id\":\"https:\\\/\\\/fmgente.com.ar\\\/web\\\/hoy-no-tendriamos-ni-para-pagar-la-luz-h-i-r-pa-ce-alerta-sobre-una-crisis-que-pone-en-riesgo-sus-servicios\\\/\",\"url\":\"https:\\\/\\\/fmgente.com.ar\\\/web\\\/hoy-no-tendriamos-ni-para-pagar-la-luz-h-i-r-pa-ce-alerta-sobre-una-crisis-que-pone-en-riesgo-sus-servicios\\\/\",\"name\":\"\u201cHoy no tendr\u00edamos ni para pagar la luz\u201d: H.I.R.Pa.Ce. alerta sobre una crisis que pone en riesgo sus servicios - Fm Gente\",\"isPartOf\":{\"@id\":\"https:\\\/\\\/fmgente.com.ar\\\/web\\\/#website\"},\"primaryImageOfPage\":{\"@id\":\"https:\\\/\\\/fmgente.com.ar\\\/web\\\/hoy-no-tendriamos-ni-para-pagar-la-luz-h-i-r-pa-ce-alerta-sobre-una-crisis-que-pone-en-riesgo-sus-servicios\\\/#primaryimage\"},\"image\":{\"@id\":\"https:\\\/\\\/fmgente.com.ar\\\/web\\\/hoy-no-tendriamos-ni-para-pagar-la-luz-h-i-r-pa-ce-alerta-sobre-una-crisis-que-pone-en-riesgo-sus-servicios\\\/#primaryimage\"},\"thumbnailUrl\":\"https:\\\/\\\/fmgente.com.ar\\\/web\\\/wp-content\\\/uploads\\\/2026\\\/03\\\/1773603864565.jpg\",\"datePublished\":\"2026-03-15T21:09:28+00:00\",\"inLanguage\":\"es\",\"potentialAction\":[{\"@type\":\"ReadAction\",\"target\":[\"https:\\\/\\\/fmgente.com.ar\\\/web\\\/hoy-no-tendriamos-ni-para-pagar-la-luz-h-i-r-pa-ce-alerta-sobre-una-crisis-que-pone-en-riesgo-sus-servicios\\\/\"]}]},{\"@type\":\"ImageObject\",\"inLanguage\":\"es\",\"@id\":\"https:\\\/\\\/fmgente.com.ar\\\/web\\\/hoy-no-tendriamos-ni-para-pagar-la-luz-h-i-r-pa-ce-alerta-sobre-una-crisis-que-pone-en-riesgo-sus-servicios\\\/#primaryimage\",\"url\":\"https:\\\/\\\/fmgente.com.ar\\\/web\\\/wp-content\\\/uploads\\\/2026\\\/03\\\/1773603864565.jpg\",\"contentUrl\":\"https:\\\/\\\/fmgente.com.ar\\\/web\\\/wp-content\\\/uploads\\\/2026\\\/03\\\/1773603864565.jpg\",\"width\":1500,\"height\":1000},{\"@type\":\"WebSite\",\"@id\":\"https:\\\/\\\/fmgente.com.ar\\\/web\\\/#website\",\"url\":\"https:\\\/\\\/fmgente.com.ar\\\/web\\\/\",\"name\":\"Fm Gente\",\"description\":\"- Jes\u00fas Mar\u00eda\",\"publisher\":{\"@id\":\"https:\\\/\\\/fmgente.com.ar\\\/web\\\/#organization\"},\"potentialAction\":[{\"@type\":\"SearchAction\",\"target\":{\"@type\":\"EntryPoint\",\"urlTemplate\":\"https:\\\/\\\/fmgente.com.ar\\\/web\\\/?s={search_term_string}\"},\"query-input\":{\"@type\":\"PropertyValueSpecification\",\"valueRequired\":true,\"valueName\":\"search_term_string\"}}],\"inLanguage\":\"es\"},{\"@type\":\"Organization\",\"@id\":\"https:\\\/\\\/fmgente.com.ar\\\/web\\\/#organization\",\"name\":\"Fm Gente\",\"url\":\"https:\\\/\\\/fmgente.com.ar\\\/web\\\/\",\"logo\":{\"@type\":\"ImageObject\",\"inLanguage\":\"es\",\"@id\":\"https:\\\/\\\/fmgente.com.ar\\\/web\\\/#\\\/schema\\\/logo\\\/image\\\/\",\"url\":\"https:\\\/\\\/fmgente.com.ar\\\/web\\\/wp-content\\\/uploads\\\/2023\\\/07\\\/cropped-cropped-logo-sombra2.png\",\"contentUrl\":\"https:\\\/\\\/fmgente.com.ar\\\/web\\\/wp-content\\\/uploads\\\/2023\\\/07\\\/cropped-cropped-logo-sombra2.png\",\"width\":1782,\"height\":1782,\"caption\":\"Fm Gente\"},\"image\":{\"@id\":\"https:\\\/\\\/fmgente.com.ar\\\/web\\\/#\\\/schema\\\/logo\\\/image\\\/\"}}]}<\/script>\n<!-- \/ Yoast SEO plugin. -->","yoast_head_json":{"title":"\u201cHoy no tendr\u00edamos ni para pagar la luz\u201d: H.I.R.Pa.Ce. alerta sobre una crisis que pone en riesgo sus servicios - Fm Gente","robots":{"index":"index","follow":"follow","max-snippet":"max-snippet:-1","max-image-preview":"max-image-preview:large","max-video-preview":"max-video-preview:-1"},"canonical":"https:\/\/fmgente.com.ar\/web\/hoy-no-tendriamos-ni-para-pagar-la-luz-h-i-r-pa-ce-alerta-sobre-una-crisis-que-pone-en-riesgo-sus-servicios\/","og_locale":"es_ES","og_type":"article","og_title":"\u201cHoy no tendr\u00edamos ni para pagar la luz\u201d: H.I.R.Pa.Ce. alerta sobre una crisis que pone en riesgo sus servicios - Fm Gente","og_description":"La instituci\u00f3n salte\u00f1a HIRPACE, dedicada a la rehabilitaci\u00f3n y asistencia de personas con discapacidad, atraviesa","og_url":"https:\/\/fmgente.com.ar\/web\/hoy-no-tendriamos-ni-para-pagar-la-luz-h-i-r-pa-ce-alerta-sobre-una-crisis-que-pone-en-riesgo-sus-servicios\/","og_site_name":"Fm Gente","article_published_time":"2026-03-15T21:09:28+00:00","og_image":[{"url":"https:\/\/uscdn.eltribuno.com\/032026\/1773603864565.jpg","type":"","width":"","height":""}],"twitter_card":"summary_large_image","twitter_misc":{"Tiempo de lectura":"4 minutos"},"schema":{"@context":"https:\/\/schema.org","@graph":[{"@type":"Article","@id":"https:\/\/fmgente.com.ar\/web\/hoy-no-tendriamos-ni-para-pagar-la-luz-h-i-r-pa-ce-alerta-sobre-una-crisis-que-pone-en-riesgo-sus-servicios\/#article","isPartOf":{"@id":"https:\/\/fmgente.com.ar\/web\/hoy-no-tendriamos-ni-para-pagar-la-luz-h-i-r-pa-ce-alerta-sobre-una-crisis-que-pone-en-riesgo-sus-servicios\/"},"author":{"name":"","@id":""},"headline":"\u201cHoy no tendr\u00edamos ni para pagar la luz\u201d: H.I.R.Pa.Ce. alerta sobre una crisis que pone en riesgo sus servicios","datePublished":"2026-03-15T21:09:28+00:00","mainEntityOfPage":{"@id":"https:\/\/fmgente.com.ar\/web\/hoy-no-tendriamos-ni-para-pagar-la-luz-h-i-r-pa-ce-alerta-sobre-una-crisis-que-pone-en-riesgo-sus-servicios\/"},"wordCount":863,"publisher":{"@id":"https:\/\/fmgente.com.ar\/web\/#organization"},"image":{"@id":"https:\/\/fmgente.com.ar\/web\/hoy-no-tendriamos-ni-para-pagar-la-luz-h-i-r-pa-ce-alerta-sobre-una-crisis-que-pone-en-riesgo-sus-servicios\/#primaryimage"},"thumbnailUrl":"https:\/\/fmgente.com.ar\/web\/wp-content\/uploads\/2026\/03\/1773603864565.jpg","articleSection":["DESTACADAS"],"inLanguage":"es"},{"@type":"WebPage","@id":"https:\/\/fmgente.com.ar\/web\/hoy-no-tendriamos-ni-para-pagar-la-luz-h-i-r-pa-ce-alerta-sobre-una-crisis-que-pone-en-riesgo-sus-servicios\/","url":"https:\/\/fmgente.com.ar\/web\/hoy-no-tendriamos-ni-para-pagar-la-luz-h-i-r-pa-ce-alerta-sobre-una-crisis-que-pone-en-riesgo-sus-servicios\/","name":"\u201cHoy no tendr\u00edamos ni para pagar la luz\u201d: H.I.R.Pa.Ce. alerta sobre una crisis que pone en riesgo sus servicios - Fm Gente","isPartOf":{"@id":"https:\/\/fmgente.com.ar\/web\/#website"},"primaryImageOfPage":{"@id":"https:\/\/fmgente.com.ar\/web\/hoy-no-tendriamos-ni-para-pagar-la-luz-h-i-r-pa-ce-alerta-sobre-una-crisis-que-pone-en-riesgo-sus-servicios\/#primaryimage"},"image":{"@id":"https:\/\/fmgente.com.ar\/web\/hoy-no-tendriamos-ni-para-pagar-la-luz-h-i-r-pa-ce-alerta-sobre-una-crisis-que-pone-en-riesgo-sus-servicios\/#primaryimage"},"thumbnailUrl":"https:\/\/fmgente.com.ar\/web\/wp-content\/uploads\/2026\/03\/1773603864565.jpg","datePublished":"2026-03-15T21:09:28+00:00","inLanguage":"es","potentialAction":[{"@type":"ReadAction","target":["https:\/\/fmgente.com.ar\/web\/hoy-no-tendriamos-ni-para-pagar-la-luz-h-i-r-pa-ce-alerta-sobre-una-crisis-que-pone-en-riesgo-sus-servicios\/"]}]},{"@type":"ImageObject","inLanguage":"es","@id":"https:\/\/fmgente.com.ar\/web\/hoy-no-tendriamos-ni-para-pagar-la-luz-h-i-r-pa-ce-alerta-sobre-una-crisis-que-pone-en-riesgo-sus-servicios\/#primaryimage","url":"https:\/\/fmgente.com.ar\/web\/wp-content\/uploads\/2026\/03\/1773603864565.jpg","contentUrl":"https:\/\/fmgente.com.ar\/web\/wp-content\/uploads\/2026\/03\/1773603864565.jpg","width":1500,"height":1000},{"@type":"WebSite","@id":"https:\/\/fmgente.com.ar\/web\/#website","url":"https:\/\/fmgente.com.ar\/web\/","name":"Fm Gente","description":"- Jes\u00fas Mar\u00eda","publisher":{"@id":"https:\/\/fmgente.com.ar\/web\/#organization"},"potentialAction":[{"@type":"SearchAction","target":{"@type":"EntryPoint","urlTemplate":"https:\/\/fmgente.com.ar\/web\/?s={search_term_string}"},"query-input":{"@type":"PropertyValueSpecification","valueRequired":true,"valueName":"search_term_string"}}],"inLanguage":"es"},{"@type":"Organization","@id":"https:\/\/fmgente.com.ar\/web\/#organization","name":"Fm Gente","url":"https:\/\/fmgente.com.ar\/web\/","logo":{"@type":"ImageObject","inLanguage":"es","@id":"https:\/\/fmgente.com.ar\/web\/#\/schema\/logo\/image\/","url":"https:\/\/fmgente.com.ar\/web\/wp-content\/uploads\/2023\/07\/cropped-cropped-logo-sombra2.png","contentUrl":"https:\/\/fmgente.com.ar\/web\/wp-content\/uploads\/2023\/07\/cropped-cropped-logo-sombra2.png","width":1782,"height":1782,"caption":"Fm Gente"},"image":{"@id":"https:\/\/fmgente.com.ar\/web\/#\/schema\/logo\/image\/"}}]}},"_links":{"self":[{"href":"https:\/\/fmgente.com.ar\/web\/wp-json\/wp\/v2\/posts\/15367","targetHints":{"allow":["GET"]}}],"collection":[{"href":"https:\/\/fmgente.com.ar\/web\/wp-json\/wp\/v2\/posts"}],"about":[{"href":"https:\/\/fmgente.com.ar\/web\/wp-json\/wp\/v2\/types\/post"}],"replies":[{"embeddable":true,"href":"https:\/\/fmgente.com.ar\/web\/wp-json\/wp\/v2\/comments?post=15367"}],"version-history":[{"count":0,"href":"https:\/\/fmgente.com.ar\/web\/wp-json\/wp\/v2\/posts\/15367\/revisions"}],"wp:featuredmedia":[{"embeddable":true,"href":"https:\/\/fmgente.com.ar\/web\/wp-json\/wp\/v2\/media\/15368"}],"wp:attachment":[{"href":"https:\/\/fmgente.com.ar\/web\/wp-json\/wp\/v2\/media?parent=15367"}],"wp:term":[{"taxonomy":"category","embeddable":true,"href":"https:\/\/fmgente.com.ar\/web\/wp-json\/wp\/v2\/categories?post=15367"},{"taxonomy":"post_tag","embeddable":true,"href":"https:\/\/fmgente.com.ar\/web\/wp-json\/wp\/v2\/tags?post=15367"}],"curies":[{"name":"wp","href":"https:\/\/api.w.org\/{rel}","templated":true}]}}