{"id":15359,"date":"2026-03-15T18:09:21","date_gmt":"2026-03-15T21:09:21","guid":{"rendered":"https:\/\/fmgente.com.ar\/web\/acorralado-y-nervioso-por-el-caso-libra-milei-acuso-a-clarin-de-agitar-una-campana-sucia-por-pauta-y-poder\/"},"modified":"2026-03-15T18:09:21","modified_gmt":"2026-03-15T21:09:21","slug":"acorralado-y-nervioso-por-el-caso-libra-milei-acuso-a-clarin-de-agitar-una-campana-sucia-por-pauta-y-poder","status":"publish","type":"post","link":"https:\/\/fmgente.com.ar\/web\/acorralado-y-nervioso-por-el-caso-libra-milei-acuso-a-clarin-de-agitar-una-campana-sucia-por-pauta-y-poder\/","title":{"rendered":"Acorralado y nervioso por el caso $LIBRA, Milei acus\u00f3 a Clar\u00edn de agitar \u201cuna campa\u00f1a sucia\u201d por \u201cpauta y poder\u201d"},"content":{"rendered":"<p>En medio del esc\u00e1ndalo que sacude al gobierno por el caso $LIBRA y los viajes de Manuel Adorni y su esposa a Nueva York y Punta del Este, el gobierno lanz\u00f3 una feroz ofensiva contra la prensa.<\/p>\n<p>A trav\u00e9s de su cuenta en redes sociales, la diputada Juliana Santill\u00e1n, public\u00f3 un mensaje en el que cuestion\u00f3 con dureza la cobertura medi\u00e1tica de los \u00faltimos d\u00edas. <\/p>\n<p>\u201cLo que estamos viendo estos \u00faltimos d\u00edas no es periodismo, es una ofensiva coordinada\u201d, expres\u00f3 la legisladora. En el mismo texto, apunt\u00f3 directamente contra el Grupo Clar\u00edn.<\/p>\n<p>\u201cEl Grupo Clar\u00edn ha pasado de la distancia cr\u00edtica a una campa\u00f1a sucia a cielo abierto, y los motivos son tan b\u00e1sicos como hist\u00f3ricos: pauta y poder\u201d, sostuvo.<\/p>\n<p>El mensaje fue retuiteado por el presidente Javier Milei, quien acompa\u00f1\u00f3 la publicaci\u00f3n con una frase breve y contundente: \u201cLA MAFIA MEDI\u00c1TICA. Fin.\u201d.<\/p>\n","protected":false},"excerpt":{"rendered":"<p>En medio del esc\u00e1ndalo que sacude al gobierno por el caso $LIBRA y los viajes<\/p>\n","protected":false},"author":0,"featured_media":15360,"comment_status":"","ping_status":"","sticky":false,"template":"","format":"standard","meta":{"footnotes":""},"categories":[11],"tags":[],"class_list":["post-15359","post","type-post","status-publish","format-standard","has-post-thumbnail","hentry","category-destacadas"],"yoast_head":"<!-- This site is optimized with the Yoast SEO plugin v27.4 - https:\/\/yoast.com\/product\/yoast-seo-wordpress\/ -->\n<title>Acorralado y nervioso por el caso $LIBRA, Milei acus\u00f3 a Clar\u00edn de agitar \u201cuna campa\u00f1a sucia\u201d por \u201cpauta y poder\u201d - Fm Gente<\/title>\n<meta name=\"robots\" content=\"index, follow, max-snippet:-1, max-image-preview:large, max-video-preview:-1\" \/>\n<link rel=\"canonical\" href=\"https:\/\/fmgente.com.ar\/web\/acorralado-y-nervioso-por-el-caso-libra-milei-acuso-a-clarin-de-agitar-una-campana-sucia-por-pauta-y-poder\/\" \/>\n<meta property=\"og:locale\" content=\"es_ES\" \/>\n<meta property=\"og:type\" content=\"article\" \/>\n<meta property=\"og:title\" content=\"Acorralado y nervioso por el caso $LIBRA, Milei acus\u00f3 a Clar\u00edn de agitar \u201cuna campa\u00f1a sucia\u201d por \u201cpauta y poder\u201d - Fm Gente\" \/>\n<meta property=\"og:description\" content=\"En medio del esc\u00e1ndalo que sacude al gobierno por el caso $LIBRA y los viajes\" \/>\n<meta property=\"og:url\" content=\"https:\/\/fmgente.com.ar\/web\/acorralado-y-nervioso-por-el-caso-libra-milei-acuso-a-clarin-de-agitar-una-campana-sucia-por-pauta-y-poder\/\" \/>\n<meta property=\"og:site_name\" content=\"Fm Gente\" \/>\n<meta property=\"article:published_time\" content=\"2026-03-15T21:09:21+00:00\" \/>\n<meta name=\"twitter:card\" content=\"summary_large_image\" \/>\n<meta name=\"twitter:label1\" content=\"Tiempo de lectura\" \/>\n\t<meta name=\"twitter:data1\" content=\"1 minuto\" \/>\n<script type=\"application\/ld+json\" class=\"yoast-schema-graph\">{\"@context\":\"https:\\\/\\\/schema.org\",\"@graph\":[{\"@type\":\"Article\",\"@id\":\"https:\\\/\\\/fmgente.com.ar\\\/web\\\/acorralado-y-nervioso-por-el-caso-libra-milei-acuso-a-clarin-de-agitar-una-campana-sucia-por-pauta-y-poder\\\/#article\",\"isPartOf\":{\"@id\":\"https:\\\/\\\/fmgente.com.ar\\\/web\\\/acorralado-y-nervioso-por-el-caso-libra-milei-acuso-a-clarin-de-agitar-una-campana-sucia-por-pauta-y-poder\\\/\"},\"author\":{\"name\":\"\",\"@id\":\"\"},\"headline\":\"Acorralado y nervioso por el caso $LIBRA, Milei acus\u00f3 a Clar\u00edn de agitar \u201cuna campa\u00f1a sucia\u201d por \u201cpauta y poder\u201d\",\"datePublished\":\"2026-03-15T21:09:21+00:00\",\"mainEntityOfPage\":{\"@id\":\"https:\\\/\\\/fmgente.com.ar\\\/web\\\/acorralado-y-nervioso-por-el-caso-libra-milei-acuso-a-clarin-de-agitar-una-campana-sucia-por-pauta-y-poder\\\/\"},\"wordCount\":179,\"publisher\":{\"@id\":\"https:\\\/\\\/fmgente.com.ar\\\/web\\\/#organization\"},\"image\":{\"@id\":\"https:\\\/\\\/fmgente.com.ar\\\/web\\\/acorralado-y-nervioso-por-el-caso-libra-milei-acuso-a-clarin-de-agitar-una-campana-sucia-por-pauta-y-poder\\\/#primaryimage\"},\"thumbnailUrl\":\"https:\\\/\\\/fmgente.com.ar\\\/web\\\/wp-content\\\/uploads\\\/2026\\\/03\\\/720-612.jpeg\",\"articleSection\":[\"DESTACADAS\"],\"inLanguage\":\"es\"},{\"@type\":\"WebPage\",\"@id\":\"https:\\\/\\\/fmgente.com.ar\\\/web\\\/acorralado-y-nervioso-por-el-caso-libra-milei-acuso-a-clarin-de-agitar-una-campana-sucia-por-pauta-y-poder\\\/\",\"url\":\"https:\\\/\\\/fmgente.com.ar\\\/web\\\/acorralado-y-nervioso-por-el-caso-libra-milei-acuso-a-clarin-de-agitar-una-campana-sucia-por-pauta-y-poder\\\/\",\"name\":\"Acorralado y nervioso por el caso $LIBRA, Milei acus\u00f3 a Clar\u00edn de agitar \u201cuna campa\u00f1a sucia\u201d por \u201cpauta y poder\u201d - Fm Gente\",\"isPartOf\":{\"@id\":\"https:\\\/\\\/fmgente.com.ar\\\/web\\\/#website\"},\"primaryImageOfPage\":{\"@id\":\"https:\\\/\\\/fmgente.com.ar\\\/web\\\/acorralado-y-nervioso-por-el-caso-libra-milei-acuso-a-clarin-de-agitar-una-campana-sucia-por-pauta-y-poder\\\/#primaryimage\"},\"image\":{\"@id\":\"https:\\\/\\\/fmgente.com.ar\\\/web\\\/acorralado-y-nervioso-por-el-caso-libra-milei-acuso-a-clarin-de-agitar-una-campana-sucia-por-pauta-y-poder\\\/#primaryimage\"},\"thumbnailUrl\":\"https:\\\/\\\/fmgente.com.ar\\\/web\\\/wp-content\\\/uploads\\\/2026\\\/03\\\/720-612.jpeg\",\"datePublished\":\"2026-03-15T21:09:21+00:00\",\"inLanguage\":\"es\",\"potentialAction\":[{\"@type\":\"ReadAction\",\"target\":[\"https:\\\/\\\/fmgente.com.ar\\\/web\\\/acorralado-y-nervioso-por-el-caso-libra-milei-acuso-a-clarin-de-agitar-una-campana-sucia-por-pauta-y-poder\\\/\"]}]},{\"@type\":\"ImageObject\",\"inLanguage\":\"es\",\"@id\":\"https:\\\/\\\/fmgente.com.ar\\\/web\\\/acorralado-y-nervioso-por-el-caso-libra-milei-acuso-a-clarin-de-agitar-una-campana-sucia-por-pauta-y-poder\\\/#primaryimage\",\"url\":\"https:\\\/\\\/fmgente.com.ar\\\/web\\\/wp-content\\\/uploads\\\/2026\\\/03\\\/720-612.jpeg\",\"contentUrl\":\"https:\\\/\\\/fmgente.com.ar\\\/web\\\/wp-content\\\/uploads\\\/2026\\\/03\\\/720-612.jpeg\",\"width\":1280,\"height\":719},{\"@type\":\"WebSite\",\"@id\":\"https:\\\/\\\/fmgente.com.ar\\\/web\\\/#website\",\"url\":\"https:\\\/\\\/fmgente.com.ar\\\/web\\\/\",\"name\":\"Fm Gente\",\"description\":\"- Jes\u00fas Mar\u00eda\",\"publisher\":{\"@id\":\"https:\\\/\\\/fmgente.com.ar\\\/web\\\/#organization\"},\"potentialAction\":[{\"@type\":\"SearchAction\",\"target\":{\"@type\":\"EntryPoint\",\"urlTemplate\":\"https:\\\/\\\/fmgente.com.ar\\\/web\\\/?s={search_term_string}\"},\"query-input\":{\"@type\":\"PropertyValueSpecification\",\"valueRequired\":true,\"valueName\":\"search_term_string\"}}],\"inLanguage\":\"es\"},{\"@type\":\"Organization\",\"@id\":\"https:\\\/\\\/fmgente.com.ar\\\/web\\\/#organization\",\"name\":\"Fm Gente\",\"url\":\"https:\\\/\\\/fmgente.com.ar\\\/web\\\/\",\"logo\":{\"@type\":\"ImageObject\",\"inLanguage\":\"es\",\"@id\":\"https:\\\/\\\/fmgente.com.ar\\\/web\\\/#\\\/schema\\\/logo\\\/image\\\/\",\"url\":\"https:\\\/\\\/fmgente.com.ar\\\/web\\\/wp-content\\\/uploads\\\/2023\\\/07\\\/cropped-cropped-logo-sombra2.png\",\"contentUrl\":\"https:\\\/\\\/fmgente.com.ar\\\/web\\\/wp-content\\\/uploads\\\/2023\\\/07\\\/cropped-cropped-logo-sombra2.png\",\"width\":1782,\"height\":1782,\"caption\":\"Fm Gente\"},\"image\":{\"@id\":\"https:\\\/\\\/fmgente.com.ar\\\/web\\\/#\\\/schema\\\/logo\\\/image\\\/\"}}]}<\/script>\n<!-- \/ Yoast SEO plugin. -->","yoast_head_json":{"title":"Acorralado y nervioso por el caso $LIBRA, Milei acus\u00f3 a Clar\u00edn de agitar \u201cuna campa\u00f1a sucia\u201d por \u201cpauta y poder\u201d - Fm Gente","robots":{"index":"index","follow":"follow","max-snippet":"max-snippet:-1","max-image-preview":"max-image-preview:large","max-video-preview":"max-video-preview:-1"},"canonical":"https:\/\/fmgente.com.ar\/web\/acorralado-y-nervioso-por-el-caso-libra-milei-acuso-a-clarin-de-agitar-una-campana-sucia-por-pauta-y-poder\/","og_locale":"es_ES","og_type":"article","og_title":"Acorralado y nervioso por el caso $LIBRA, Milei acus\u00f3 a Clar\u00edn de agitar \u201cuna campa\u00f1a sucia\u201d por \u201cpauta y poder\u201d - Fm Gente","og_description":"En medio del esc\u00e1ndalo que sacude al gobierno por el caso $LIBRA y los viajes","og_url":"https:\/\/fmgente.com.ar\/web\/acorralado-y-nervioso-por-el-caso-libra-milei-acuso-a-clarin-de-agitar-una-campana-sucia-por-pauta-y-poder\/","og_site_name":"Fm Gente","article_published_time":"2026-03-15T21:09:21+00:00","twitter_card":"summary_large_image","twitter_misc":{"Tiempo de lectura":"1 minuto"},"schema":{"@context":"https:\/\/schema.org","@graph":[{"@type":"Article","@id":"https:\/\/fmgente.com.ar\/web\/acorralado-y-nervioso-por-el-caso-libra-milei-acuso-a-clarin-de-agitar-una-campana-sucia-por-pauta-y-poder\/#article","isPartOf":{"@id":"https:\/\/fmgente.com.ar\/web\/acorralado-y-nervioso-por-el-caso-libra-milei-acuso-a-clarin-de-agitar-una-campana-sucia-por-pauta-y-poder\/"},"author":{"name":"","@id":""},"headline":"Acorralado y nervioso por el caso $LIBRA, Milei acus\u00f3 a Clar\u00edn de agitar \u201cuna campa\u00f1a sucia\u201d por \u201cpauta y poder\u201d","datePublished":"2026-03-15T21:09:21+00:00","mainEntityOfPage":{"@id":"https:\/\/fmgente.com.ar\/web\/acorralado-y-nervioso-por-el-caso-libra-milei-acuso-a-clarin-de-agitar-una-campana-sucia-por-pauta-y-poder\/"},"wordCount":179,"publisher":{"@id":"https:\/\/fmgente.com.ar\/web\/#organization"},"image":{"@id":"https:\/\/fmgente.com.ar\/web\/acorralado-y-nervioso-por-el-caso-libra-milei-acuso-a-clarin-de-agitar-una-campana-sucia-por-pauta-y-poder\/#primaryimage"},"thumbnailUrl":"https:\/\/fmgente.com.ar\/web\/wp-content\/uploads\/2026\/03\/720-612.jpeg","articleSection":["DESTACADAS"],"inLanguage":"es"},{"@type":"WebPage","@id":"https:\/\/fmgente.com.ar\/web\/acorralado-y-nervioso-por-el-caso-libra-milei-acuso-a-clarin-de-agitar-una-campana-sucia-por-pauta-y-poder\/","url":"https:\/\/fmgente.com.ar\/web\/acorralado-y-nervioso-por-el-caso-libra-milei-acuso-a-clarin-de-agitar-una-campana-sucia-por-pauta-y-poder\/","name":"Acorralado y nervioso por el caso $LIBRA, Milei acus\u00f3 a Clar\u00edn de agitar \u201cuna campa\u00f1a sucia\u201d por \u201cpauta y poder\u201d - Fm Gente","isPartOf":{"@id":"https:\/\/fmgente.com.ar\/web\/#website"},"primaryImageOfPage":{"@id":"https:\/\/fmgente.com.ar\/web\/acorralado-y-nervioso-por-el-caso-libra-milei-acuso-a-clarin-de-agitar-una-campana-sucia-por-pauta-y-poder\/#primaryimage"},"image":{"@id":"https:\/\/fmgente.com.ar\/web\/acorralado-y-nervioso-por-el-caso-libra-milei-acuso-a-clarin-de-agitar-una-campana-sucia-por-pauta-y-poder\/#primaryimage"},"thumbnailUrl":"https:\/\/fmgente.com.ar\/web\/wp-content\/uploads\/2026\/03\/720-612.jpeg","datePublished":"2026-03-15T21:09:21+00:00","inLanguage":"es","potentialAction":[{"@type":"ReadAction","target":["https:\/\/fmgente.com.ar\/web\/acorralado-y-nervioso-por-el-caso-libra-milei-acuso-a-clarin-de-agitar-una-campana-sucia-por-pauta-y-poder\/"]}]},{"@type":"ImageObject","inLanguage":"es","@id":"https:\/\/fmgente.com.ar\/web\/acorralado-y-nervioso-por-el-caso-libra-milei-acuso-a-clarin-de-agitar-una-campana-sucia-por-pauta-y-poder\/#primaryimage","url":"https:\/\/fmgente.com.ar\/web\/wp-content\/uploads\/2026\/03\/720-612.jpeg","contentUrl":"https:\/\/fmgente.com.ar\/web\/wp-content\/uploads\/2026\/03\/720-612.jpeg","width":1280,"height":719},{"@type":"WebSite","@id":"https:\/\/fmgente.com.ar\/web\/#website","url":"https:\/\/fmgente.com.ar\/web\/","name":"Fm Gente","description":"- Jes\u00fas Mar\u00eda","publisher":{"@id":"https:\/\/fmgente.com.ar\/web\/#organization"},"potentialAction":[{"@type":"SearchAction","target":{"@type":"EntryPoint","urlTemplate":"https:\/\/fmgente.com.ar\/web\/?s={search_term_string}"},"query-input":{"@type":"PropertyValueSpecification","valueRequired":true,"valueName":"search_term_string"}}],"inLanguage":"es"},{"@type":"Organization","@id":"https:\/\/fmgente.com.ar\/web\/#organization","name":"Fm Gente","url":"https:\/\/fmgente.com.ar\/web\/","logo":{"@type":"ImageObject","inLanguage":"es","@id":"https:\/\/fmgente.com.ar\/web\/#\/schema\/logo\/image\/","url":"https:\/\/fmgente.com.ar\/web\/wp-content\/uploads\/2023\/07\/cropped-cropped-logo-sombra2.png","contentUrl":"https:\/\/fmgente.com.ar\/web\/wp-content\/uploads\/2023\/07\/cropped-cropped-logo-sombra2.png","width":1782,"height":1782,"caption":"Fm Gente"},"image":{"@id":"https:\/\/fmgente.com.ar\/web\/#\/schema\/logo\/image\/"}}]}},"_links":{"self":[{"href":"https:\/\/fmgente.com.ar\/web\/wp-json\/wp\/v2\/posts\/15359","targetHints":{"allow":["GET"]}}],"collection":[{"href":"https:\/\/fmgente.com.ar\/web\/wp-json\/wp\/v2\/posts"}],"about":[{"href":"https:\/\/fmgente.com.ar\/web\/wp-json\/wp\/v2\/types\/post"}],"replies":[{"embeddable":true,"href":"https:\/\/fmgente.com.ar\/web\/wp-json\/wp\/v2\/comments?post=15359"}],"version-history":[{"count":0,"href":"https:\/\/fmgente.com.ar\/web\/wp-json\/wp\/v2\/posts\/15359\/revisions"}],"wp:featuredmedia":[{"embeddable":true,"href":"https:\/\/fmgente.com.ar\/web\/wp-json\/wp\/v2\/media\/15360"}],"wp:attachment":[{"href":"https:\/\/fmgente.com.ar\/web\/wp-json\/wp\/v2\/media?parent=15359"}],"wp:term":[{"taxonomy":"category","embeddable":true,"href":"https:\/\/fmgente.com.ar\/web\/wp-json\/wp\/v2\/categories?post=15359"},{"taxonomy":"post_tag","embeddable":true,"href":"https:\/\/fmgente.com.ar\/web\/wp-json\/wp\/v2\/tags?post=15359"}],"curies":[{"name":"wp","href":"https:\/\/api.w.org\/{rel}","templated":true}]}}