{"id":15357,"date":"2026-03-15T18:09:20","date_gmt":"2026-03-15T21:09:20","guid":{"rendered":"https:\/\/fmgente.com.ar\/web\/lo-mas-impactante-que-vas-a-ver-hoy-el-espectacular-video-hiperrealista-que-recrea-la-historia-de-milei-en-el-escandalo-libra\/"},"modified":"2026-03-15T18:09:20","modified_gmt":"2026-03-15T21:09:20","slug":"lo-mas-impactante-que-vas-a-ver-hoy-el-espectacular-video-hiperrealista-que-recrea-la-historia-de-milei-en-el-escandalo-libra","status":"publish","type":"post","link":"https:\/\/fmgente.com.ar\/web\/lo-mas-impactante-que-vas-a-ver-hoy-el-espectacular-video-hiperrealista-que-recrea-la-historia-de-milei-en-el-escandalo-libra\/","title":{"rendered":"Lo m\u00e1s impactante que vas a ver hoy: el espectacular video hiperrealista que recrea la historia de Milei en el esc\u00e1ndalo $LIBRA"},"content":{"rendered":"<p>El celular de Mauricio Novelli se convirti\u00f3 en una pieza clave para reconstruir la madrugada en la que explot\u00f3 el esc\u00e1ndalo por el token $LIBRA. <\/p>\n<p>Seg\u00fan un informe de la Direcci\u00f3n General de Investigaciones y Apoyo Tecnol\u00f3gico a la Investigaci\u00f3n (DATIP), el dispositivo registr\u00f3 206 llamadas en menos de 72 horas.<\/p>\n<p>A partir de esa informaci\u00f3n, que dej\u00f3 en un lugar complejo al presidente Javier Milei, en las redes sociales comenz\u00f3 a circular con fuerza en redes un video hecho con Inteligencia Artificial.<\/p>\n<p>El material muestra una escena con llamadas telef\u00f3nicas, pantallas de traders y gritos de euforia mientras el valor de la criptomoneda se dispara tras su promoci\u00f3n, recreando el supuesto dialogo que se dio por esas horas, con la frase del presidente: \u201c\u00bfMe van a pagar?\u201d.<\/p>\n<p>Las im\u00e1genes parecen sacadas de una serie o tr\u00e1iler de ficci\u00f3n, aunque todo el contenido es generado digitalmente. La referencia apunta al caso de la criptomoneda $LIBRA.<\/p>\n","protected":false},"excerpt":{"rendered":"<p>El celular de Mauricio Novelli se convirti\u00f3 en una pieza clave para reconstruir la madrugada<\/p>\n","protected":false},"author":0,"featured_media":15358,"comment_status":"","ping_status":"","sticky":false,"template":"","format":"standard","meta":{"footnotes":""},"categories":[11],"tags":[],"class_list":["post-15357","post","type-post","status-publish","format-standard","has-post-thumbnail","hentry","category-destacadas"],"yoast_head":"<!-- This site is optimized with the Yoast SEO plugin v27.4 - https:\/\/yoast.com\/product\/yoast-seo-wordpress\/ -->\n<title>Lo m\u00e1s impactante que vas a ver hoy: el espectacular video hiperrealista que recrea la historia de Milei en el esc\u00e1ndalo $LIBRA - Fm Gente<\/title>\n<meta name=\"robots\" content=\"index, follow, max-snippet:-1, max-image-preview:large, max-video-preview:-1\" \/>\n<link rel=\"canonical\" href=\"https:\/\/fmgente.com.ar\/web\/lo-mas-impactante-que-vas-a-ver-hoy-el-espectacular-video-hiperrealista-que-recrea-la-historia-de-milei-en-el-escandalo-libra\/\" \/>\n<meta property=\"og:locale\" content=\"es_ES\" \/>\n<meta property=\"og:type\" content=\"article\" \/>\n<meta property=\"og:title\" content=\"Lo m\u00e1s impactante que vas a ver hoy: el espectacular video hiperrealista que recrea la historia de Milei en el esc\u00e1ndalo $LIBRA - Fm Gente\" \/>\n<meta property=\"og:description\" content=\"El celular de Mauricio Novelli se convirti\u00f3 en una pieza clave para reconstruir la madrugada\" \/>\n<meta property=\"og:url\" content=\"https:\/\/fmgente.com.ar\/web\/lo-mas-impactante-que-vas-a-ver-hoy-el-espectacular-video-hiperrealista-que-recrea-la-historia-de-milei-en-el-escandalo-libra\/\" \/>\n<meta property=\"og:site_name\" content=\"Fm Gente\" \/>\n<meta property=\"article:published_time\" content=\"2026-03-15T21:09:20+00:00\" \/>\n<meta name=\"twitter:card\" content=\"summary_large_image\" \/>\n<meta name=\"twitter:label1\" content=\"Tiempo de lectura\" \/>\n\t<meta name=\"twitter:data1\" content=\"1 minuto\" \/>\n<script type=\"application\/ld+json\" class=\"yoast-schema-graph\">{\"@context\":\"https:\\\/\\\/schema.org\",\"@graph\":[{\"@type\":\"Article\",\"@id\":\"https:\\\/\\\/fmgente.com.ar\\\/web\\\/lo-mas-impactante-que-vas-a-ver-hoy-el-espectacular-video-hiperrealista-que-recrea-la-historia-de-milei-en-el-escandalo-libra\\\/#article\",\"isPartOf\":{\"@id\":\"https:\\\/\\\/fmgente.com.ar\\\/web\\\/lo-mas-impactante-que-vas-a-ver-hoy-el-espectacular-video-hiperrealista-que-recrea-la-historia-de-milei-en-el-escandalo-libra\\\/\"},\"author\":{\"name\":\"\",\"@id\":\"\"},\"headline\":\"Lo m\u00e1s impactante que vas a ver hoy: el espectacular video hiperrealista que recrea la historia de Milei en el esc\u00e1ndalo $LIBRA\",\"datePublished\":\"2026-03-15T21:09:20+00:00\",\"mainEntityOfPage\":{\"@id\":\"https:\\\/\\\/fmgente.com.ar\\\/web\\\/lo-mas-impactante-que-vas-a-ver-hoy-el-espectacular-video-hiperrealista-que-recrea-la-historia-de-milei-en-el-escandalo-libra\\\/\"},\"wordCount\":188,\"publisher\":{\"@id\":\"https:\\\/\\\/fmgente.com.ar\\\/web\\\/#organization\"},\"image\":{\"@id\":\"https:\\\/\\\/fmgente.com.ar\\\/web\\\/lo-mas-impactante-que-vas-a-ver-hoy-el-espectacular-video-hiperrealista-que-recrea-la-historia-de-milei-en-el-escandalo-libra\\\/#primaryimage\"},\"thumbnailUrl\":\"https:\\\/\\\/fmgente.com.ar\\\/web\\\/wp-content\\\/uploads\\\/2026\\\/03\\\/720-611.jpeg\",\"articleSection\":[\"DESTACADAS\"],\"inLanguage\":\"es\"},{\"@type\":\"WebPage\",\"@id\":\"https:\\\/\\\/fmgente.com.ar\\\/web\\\/lo-mas-impactante-que-vas-a-ver-hoy-el-espectacular-video-hiperrealista-que-recrea-la-historia-de-milei-en-el-escandalo-libra\\\/\",\"url\":\"https:\\\/\\\/fmgente.com.ar\\\/web\\\/lo-mas-impactante-que-vas-a-ver-hoy-el-espectacular-video-hiperrealista-que-recrea-la-historia-de-milei-en-el-escandalo-libra\\\/\",\"name\":\"Lo m\u00e1s impactante que vas a ver hoy: el espectacular video hiperrealista que recrea la historia de Milei en el esc\u00e1ndalo $LIBRA - Fm Gente\",\"isPartOf\":{\"@id\":\"https:\\\/\\\/fmgente.com.ar\\\/web\\\/#website\"},\"primaryImageOfPage\":{\"@id\":\"https:\\\/\\\/fmgente.com.ar\\\/web\\\/lo-mas-impactante-que-vas-a-ver-hoy-el-espectacular-video-hiperrealista-que-recrea-la-historia-de-milei-en-el-escandalo-libra\\\/#primaryimage\"},\"image\":{\"@id\":\"https:\\\/\\\/fmgente.com.ar\\\/web\\\/lo-mas-impactante-que-vas-a-ver-hoy-el-espectacular-video-hiperrealista-que-recrea-la-historia-de-milei-en-el-escandalo-libra\\\/#primaryimage\"},\"thumbnailUrl\":\"https:\\\/\\\/fmgente.com.ar\\\/web\\\/wp-content\\\/uploads\\\/2026\\\/03\\\/720-611.jpeg\",\"datePublished\":\"2026-03-15T21:09:20+00:00\",\"inLanguage\":\"es\",\"potentialAction\":[{\"@type\":\"ReadAction\",\"target\":[\"https:\\\/\\\/fmgente.com.ar\\\/web\\\/lo-mas-impactante-que-vas-a-ver-hoy-el-espectacular-video-hiperrealista-que-recrea-la-historia-de-milei-en-el-escandalo-libra\\\/\"]}]},{\"@type\":\"ImageObject\",\"inLanguage\":\"es\",\"@id\":\"https:\\\/\\\/fmgente.com.ar\\\/web\\\/lo-mas-impactante-que-vas-a-ver-hoy-el-espectacular-video-hiperrealista-que-recrea-la-historia-de-milei-en-el-escandalo-libra\\\/#primaryimage\",\"url\":\"https:\\\/\\\/fmgente.com.ar\\\/web\\\/wp-content\\\/uploads\\\/2026\\\/03\\\/720-611.jpeg\",\"contentUrl\":\"https:\\\/\\\/fmgente.com.ar\\\/web\\\/wp-content\\\/uploads\\\/2026\\\/03\\\/720-611.jpeg\",\"width\":1178,\"height\":720},{\"@type\":\"WebSite\",\"@id\":\"https:\\\/\\\/fmgente.com.ar\\\/web\\\/#website\",\"url\":\"https:\\\/\\\/fmgente.com.ar\\\/web\\\/\",\"name\":\"Fm Gente\",\"description\":\"- Jes\u00fas Mar\u00eda\",\"publisher\":{\"@id\":\"https:\\\/\\\/fmgente.com.ar\\\/web\\\/#organization\"},\"potentialAction\":[{\"@type\":\"SearchAction\",\"target\":{\"@type\":\"EntryPoint\",\"urlTemplate\":\"https:\\\/\\\/fmgente.com.ar\\\/web\\\/?s={search_term_string}\"},\"query-input\":{\"@type\":\"PropertyValueSpecification\",\"valueRequired\":true,\"valueName\":\"search_term_string\"}}],\"inLanguage\":\"es\"},{\"@type\":\"Organization\",\"@id\":\"https:\\\/\\\/fmgente.com.ar\\\/web\\\/#organization\",\"name\":\"Fm Gente\",\"url\":\"https:\\\/\\\/fmgente.com.ar\\\/web\\\/\",\"logo\":{\"@type\":\"ImageObject\",\"inLanguage\":\"es\",\"@id\":\"https:\\\/\\\/fmgente.com.ar\\\/web\\\/#\\\/schema\\\/logo\\\/image\\\/\",\"url\":\"https:\\\/\\\/fmgente.com.ar\\\/web\\\/wp-content\\\/uploads\\\/2023\\\/07\\\/cropped-cropped-logo-sombra2.png\",\"contentUrl\":\"https:\\\/\\\/fmgente.com.ar\\\/web\\\/wp-content\\\/uploads\\\/2023\\\/07\\\/cropped-cropped-logo-sombra2.png\",\"width\":1782,\"height\":1782,\"caption\":\"Fm Gente\"},\"image\":{\"@id\":\"https:\\\/\\\/fmgente.com.ar\\\/web\\\/#\\\/schema\\\/logo\\\/image\\\/\"}}]}<\/script>\n<!-- \/ Yoast SEO plugin. -->","yoast_head_json":{"title":"Lo m\u00e1s impactante que vas a ver hoy: el espectacular video hiperrealista que recrea la historia de Milei en el esc\u00e1ndalo $LIBRA - Fm Gente","robots":{"index":"index","follow":"follow","max-snippet":"max-snippet:-1","max-image-preview":"max-image-preview:large","max-video-preview":"max-video-preview:-1"},"canonical":"https:\/\/fmgente.com.ar\/web\/lo-mas-impactante-que-vas-a-ver-hoy-el-espectacular-video-hiperrealista-que-recrea-la-historia-de-milei-en-el-escandalo-libra\/","og_locale":"es_ES","og_type":"article","og_title":"Lo m\u00e1s impactante que vas a ver hoy: el espectacular video hiperrealista que recrea la historia de Milei en el esc\u00e1ndalo $LIBRA - Fm Gente","og_description":"El celular de Mauricio Novelli se convirti\u00f3 en una pieza clave para reconstruir la madrugada","og_url":"https:\/\/fmgente.com.ar\/web\/lo-mas-impactante-que-vas-a-ver-hoy-el-espectacular-video-hiperrealista-que-recrea-la-historia-de-milei-en-el-escandalo-libra\/","og_site_name":"Fm Gente","article_published_time":"2026-03-15T21:09:20+00:00","twitter_card":"summary_large_image","twitter_misc":{"Tiempo de lectura":"1 minuto"},"schema":{"@context":"https:\/\/schema.org","@graph":[{"@type":"Article","@id":"https:\/\/fmgente.com.ar\/web\/lo-mas-impactante-que-vas-a-ver-hoy-el-espectacular-video-hiperrealista-que-recrea-la-historia-de-milei-en-el-escandalo-libra\/#article","isPartOf":{"@id":"https:\/\/fmgente.com.ar\/web\/lo-mas-impactante-que-vas-a-ver-hoy-el-espectacular-video-hiperrealista-que-recrea-la-historia-de-milei-en-el-escandalo-libra\/"},"author":{"name":"","@id":""},"headline":"Lo m\u00e1s impactante que vas a ver hoy: el espectacular video hiperrealista que recrea la historia de Milei en el esc\u00e1ndalo $LIBRA","datePublished":"2026-03-15T21:09:20+00:00","mainEntityOfPage":{"@id":"https:\/\/fmgente.com.ar\/web\/lo-mas-impactante-que-vas-a-ver-hoy-el-espectacular-video-hiperrealista-que-recrea-la-historia-de-milei-en-el-escandalo-libra\/"},"wordCount":188,"publisher":{"@id":"https:\/\/fmgente.com.ar\/web\/#organization"},"image":{"@id":"https:\/\/fmgente.com.ar\/web\/lo-mas-impactante-que-vas-a-ver-hoy-el-espectacular-video-hiperrealista-que-recrea-la-historia-de-milei-en-el-escandalo-libra\/#primaryimage"},"thumbnailUrl":"https:\/\/fmgente.com.ar\/web\/wp-content\/uploads\/2026\/03\/720-611.jpeg","articleSection":["DESTACADAS"],"inLanguage":"es"},{"@type":"WebPage","@id":"https:\/\/fmgente.com.ar\/web\/lo-mas-impactante-que-vas-a-ver-hoy-el-espectacular-video-hiperrealista-que-recrea-la-historia-de-milei-en-el-escandalo-libra\/","url":"https:\/\/fmgente.com.ar\/web\/lo-mas-impactante-que-vas-a-ver-hoy-el-espectacular-video-hiperrealista-que-recrea-la-historia-de-milei-en-el-escandalo-libra\/","name":"Lo m\u00e1s impactante que vas a ver hoy: el espectacular video hiperrealista que recrea la historia de Milei en el esc\u00e1ndalo $LIBRA - Fm Gente","isPartOf":{"@id":"https:\/\/fmgente.com.ar\/web\/#website"},"primaryImageOfPage":{"@id":"https:\/\/fmgente.com.ar\/web\/lo-mas-impactante-que-vas-a-ver-hoy-el-espectacular-video-hiperrealista-que-recrea-la-historia-de-milei-en-el-escandalo-libra\/#primaryimage"},"image":{"@id":"https:\/\/fmgente.com.ar\/web\/lo-mas-impactante-que-vas-a-ver-hoy-el-espectacular-video-hiperrealista-que-recrea-la-historia-de-milei-en-el-escandalo-libra\/#primaryimage"},"thumbnailUrl":"https:\/\/fmgente.com.ar\/web\/wp-content\/uploads\/2026\/03\/720-611.jpeg","datePublished":"2026-03-15T21:09:20+00:00","inLanguage":"es","potentialAction":[{"@type":"ReadAction","target":["https:\/\/fmgente.com.ar\/web\/lo-mas-impactante-que-vas-a-ver-hoy-el-espectacular-video-hiperrealista-que-recrea-la-historia-de-milei-en-el-escandalo-libra\/"]}]},{"@type":"ImageObject","inLanguage":"es","@id":"https:\/\/fmgente.com.ar\/web\/lo-mas-impactante-que-vas-a-ver-hoy-el-espectacular-video-hiperrealista-que-recrea-la-historia-de-milei-en-el-escandalo-libra\/#primaryimage","url":"https:\/\/fmgente.com.ar\/web\/wp-content\/uploads\/2026\/03\/720-611.jpeg","contentUrl":"https:\/\/fmgente.com.ar\/web\/wp-content\/uploads\/2026\/03\/720-611.jpeg","width":1178,"height":720},{"@type":"WebSite","@id":"https:\/\/fmgente.com.ar\/web\/#website","url":"https:\/\/fmgente.com.ar\/web\/","name":"Fm Gente","description":"- Jes\u00fas Mar\u00eda","publisher":{"@id":"https:\/\/fmgente.com.ar\/web\/#organization"},"potentialAction":[{"@type":"SearchAction","target":{"@type":"EntryPoint","urlTemplate":"https:\/\/fmgente.com.ar\/web\/?s={search_term_string}"},"query-input":{"@type":"PropertyValueSpecification","valueRequired":true,"valueName":"search_term_string"}}],"inLanguage":"es"},{"@type":"Organization","@id":"https:\/\/fmgente.com.ar\/web\/#organization","name":"Fm Gente","url":"https:\/\/fmgente.com.ar\/web\/","logo":{"@type":"ImageObject","inLanguage":"es","@id":"https:\/\/fmgente.com.ar\/web\/#\/schema\/logo\/image\/","url":"https:\/\/fmgente.com.ar\/web\/wp-content\/uploads\/2023\/07\/cropped-cropped-logo-sombra2.png","contentUrl":"https:\/\/fmgente.com.ar\/web\/wp-content\/uploads\/2023\/07\/cropped-cropped-logo-sombra2.png","width":1782,"height":1782,"caption":"Fm Gente"},"image":{"@id":"https:\/\/fmgente.com.ar\/web\/#\/schema\/logo\/image\/"}}]}},"_links":{"self":[{"href":"https:\/\/fmgente.com.ar\/web\/wp-json\/wp\/v2\/posts\/15357","targetHints":{"allow":["GET"]}}],"collection":[{"href":"https:\/\/fmgente.com.ar\/web\/wp-json\/wp\/v2\/posts"}],"about":[{"href":"https:\/\/fmgente.com.ar\/web\/wp-json\/wp\/v2\/types\/post"}],"replies":[{"embeddable":true,"href":"https:\/\/fmgente.com.ar\/web\/wp-json\/wp\/v2\/comments?post=15357"}],"version-history":[{"count":0,"href":"https:\/\/fmgente.com.ar\/web\/wp-json\/wp\/v2\/posts\/15357\/revisions"}],"wp:featuredmedia":[{"embeddable":true,"href":"https:\/\/fmgente.com.ar\/web\/wp-json\/wp\/v2\/media\/15358"}],"wp:attachment":[{"href":"https:\/\/fmgente.com.ar\/web\/wp-json\/wp\/v2\/media?parent=15357"}],"wp:term":[{"taxonomy":"category","embeddable":true,"href":"https:\/\/fmgente.com.ar\/web\/wp-json\/wp\/v2\/categories?post=15357"},{"taxonomy":"post_tag","embeddable":true,"href":"https:\/\/fmgente.com.ar\/web\/wp-json\/wp\/v2\/tags?post=15357"}],"curies":[{"name":"wp","href":"https:\/\/api.w.org\/{rel}","templated":true}]}}