{"id":15355,"date":"2026-03-15T18:09:19","date_gmt":"2026-03-15T21:09:19","guid":{"rendered":"https:\/\/fmgente.com.ar\/web\/las-redes-se-burlan-de-feinmann-y-su-aliado-inesperado-compartio-un-mensaje-de-schoklender-y-estallo-la-polemica\/"},"modified":"2026-03-15T18:09:19","modified_gmt":"2026-03-15T21:09:19","slug":"las-redes-se-burlan-de-feinmann-y-su-aliado-inesperado-compartio-un-mensaje-de-schoklender-y-estallo-la-polemica","status":"publish","type":"post","link":"https:\/\/fmgente.com.ar\/web\/las-redes-se-burlan-de-feinmann-y-su-aliado-inesperado-compartio-un-mensaje-de-schoklender-y-estallo-la-polemica\/","title":{"rendered":"Las redes se burlan de Feinmann y su aliado inesperado: comparti\u00f3 un mensaje de Schoklender y estall\u00f3 la pol\u00e9mica"},"content":{"rendered":"<p>Mientras el mundo de la pol\u00edtica est\u00e1 metido en el esc\u00e1ndalo de $LIBRA, Eduardo Feinmann evit\u00f3 hablar de ese tema central pero aprovech\u00f3 las redes para dejar un mensaje por el manejo de fondos del plan Sue\u00f1os Compartidos. <\/p>\n<p>En las \u00faltimas horas, reapareci\u00f3 \u2060\u2060\u2060el pol\u00e9mico Sergio Schoklender con duras acusaciones sobre el destino de fondos. El mensajen de este controvertido personaje fue difundido en redes por Feinmann, quien lo acompa\u00f1\u00f3 con una frase contundente: \u201clos pa\u00f1uelos blancos manchados de corrupci\u00f3n\u201d.<\/p>\n<p>La escena dej\u00f3 una curiosa coincidencia: un periodista que supo cuestionar al ex apoderado de las Madres termin\u00f3 amplificando ahora sus acusaciones contra la hist\u00f3rica organizaci\u00f3n de derechos humanos.<\/p>\n","protected":false},"excerpt":{"rendered":"<p>Mientras el mundo de la pol\u00edtica est\u00e1 metido en el esc\u00e1ndalo de $LIBRA, Eduardo Feinmann<\/p>\n","protected":false},"author":0,"featured_media":15356,"comment_status":"","ping_status":"","sticky":false,"template":"","format":"standard","meta":{"footnotes":""},"categories":[11],"tags":[],"class_list":["post-15355","post","type-post","status-publish","format-standard","has-post-thumbnail","hentry","category-destacadas"],"yoast_head":"<!-- This site is optimized with the Yoast SEO plugin v27.4 - https:\/\/yoast.com\/product\/yoast-seo-wordpress\/ -->\n<title>Las redes se burlan de Feinmann y su aliado inesperado: comparti\u00f3 un mensaje de Schoklender y estall\u00f3 la pol\u00e9mica - Fm Gente<\/title>\n<meta name=\"robots\" content=\"index, follow, max-snippet:-1, max-image-preview:large, max-video-preview:-1\" \/>\n<link rel=\"canonical\" href=\"https:\/\/fmgente.com.ar\/web\/las-redes-se-burlan-de-feinmann-y-su-aliado-inesperado-compartio-un-mensaje-de-schoklender-y-estallo-la-polemica\/\" \/>\n<meta property=\"og:locale\" content=\"es_ES\" \/>\n<meta property=\"og:type\" content=\"article\" \/>\n<meta property=\"og:title\" content=\"Las redes se burlan de Feinmann y su aliado inesperado: comparti\u00f3 un mensaje de Schoklender y estall\u00f3 la pol\u00e9mica - Fm Gente\" \/>\n<meta property=\"og:description\" content=\"Mientras el mundo de la pol\u00edtica est\u00e1 metido en el esc\u00e1ndalo de $LIBRA, Eduardo Feinmann\" \/>\n<meta property=\"og:url\" content=\"https:\/\/fmgente.com.ar\/web\/las-redes-se-burlan-de-feinmann-y-su-aliado-inesperado-compartio-un-mensaje-de-schoklender-y-estallo-la-polemica\/\" \/>\n<meta property=\"og:site_name\" content=\"Fm Gente\" \/>\n<meta property=\"article:published_time\" content=\"2026-03-15T21:09:19+00:00\" \/>\n<meta name=\"twitter:card\" content=\"summary_large_image\" \/>\n<meta name=\"twitter:label1\" content=\"Tiempo de lectura\" \/>\n\t<meta name=\"twitter:data1\" content=\"1 minuto\" \/>\n<script type=\"application\/ld+json\" class=\"yoast-schema-graph\">{\"@context\":\"https:\\\/\\\/schema.org\",\"@graph\":[{\"@type\":\"Article\",\"@id\":\"https:\\\/\\\/fmgente.com.ar\\\/web\\\/las-redes-se-burlan-de-feinmann-y-su-aliado-inesperado-compartio-un-mensaje-de-schoklender-y-estallo-la-polemica\\\/#article\",\"isPartOf\":{\"@id\":\"https:\\\/\\\/fmgente.com.ar\\\/web\\\/las-redes-se-burlan-de-feinmann-y-su-aliado-inesperado-compartio-un-mensaje-de-schoklender-y-estallo-la-polemica\\\/\"},\"author\":{\"name\":\"\",\"@id\":\"\"},\"headline\":\"Las redes se burlan de Feinmann y su aliado inesperado: comparti\u00f3 un mensaje de Schoklender y estall\u00f3 la pol\u00e9mica\",\"datePublished\":\"2026-03-15T21:09:19+00:00\",\"mainEntityOfPage\":{\"@id\":\"https:\\\/\\\/fmgente.com.ar\\\/web\\\/las-redes-se-burlan-de-feinmann-y-su-aliado-inesperado-compartio-un-mensaje-de-schoklender-y-estallo-la-polemica\\\/\"},\"wordCount\":137,\"publisher\":{\"@id\":\"https:\\\/\\\/fmgente.com.ar\\\/web\\\/#organization\"},\"image\":{\"@id\":\"https:\\\/\\\/fmgente.com.ar\\\/web\\\/las-redes-se-burlan-de-feinmann-y-su-aliado-inesperado-compartio-un-mensaje-de-schoklender-y-estallo-la-polemica\\\/#primaryimage\"},\"thumbnailUrl\":\"https:\\\/\\\/fmgente.com.ar\\\/web\\\/wp-content\\\/uploads\\\/2026\\\/03\\\/720-610.jpeg\",\"articleSection\":[\"DESTACADAS\"],\"inLanguage\":\"es\"},{\"@type\":\"WebPage\",\"@id\":\"https:\\\/\\\/fmgente.com.ar\\\/web\\\/las-redes-se-burlan-de-feinmann-y-su-aliado-inesperado-compartio-un-mensaje-de-schoklender-y-estallo-la-polemica\\\/\",\"url\":\"https:\\\/\\\/fmgente.com.ar\\\/web\\\/las-redes-se-burlan-de-feinmann-y-su-aliado-inesperado-compartio-un-mensaje-de-schoklender-y-estallo-la-polemica\\\/\",\"name\":\"Las redes se burlan de Feinmann y su aliado inesperado: comparti\u00f3 un mensaje de Schoklender y estall\u00f3 la pol\u00e9mica - Fm Gente\",\"isPartOf\":{\"@id\":\"https:\\\/\\\/fmgente.com.ar\\\/web\\\/#website\"},\"primaryImageOfPage\":{\"@id\":\"https:\\\/\\\/fmgente.com.ar\\\/web\\\/las-redes-se-burlan-de-feinmann-y-su-aliado-inesperado-compartio-un-mensaje-de-schoklender-y-estallo-la-polemica\\\/#primaryimage\"},\"image\":{\"@id\":\"https:\\\/\\\/fmgente.com.ar\\\/web\\\/las-redes-se-burlan-de-feinmann-y-su-aliado-inesperado-compartio-un-mensaje-de-schoklender-y-estallo-la-polemica\\\/#primaryimage\"},\"thumbnailUrl\":\"https:\\\/\\\/fmgente.com.ar\\\/web\\\/wp-content\\\/uploads\\\/2026\\\/03\\\/720-610.jpeg\",\"datePublished\":\"2026-03-15T21:09:19+00:00\",\"inLanguage\":\"es\",\"potentialAction\":[{\"@type\":\"ReadAction\",\"target\":[\"https:\\\/\\\/fmgente.com.ar\\\/web\\\/las-redes-se-burlan-de-feinmann-y-su-aliado-inesperado-compartio-un-mensaje-de-schoklender-y-estallo-la-polemica\\\/\"]}]},{\"@type\":\"ImageObject\",\"inLanguage\":\"es\",\"@id\":\"https:\\\/\\\/fmgente.com.ar\\\/web\\\/las-redes-se-burlan-de-feinmann-y-su-aliado-inesperado-compartio-un-mensaje-de-schoklender-y-estallo-la-polemica\\\/#primaryimage\",\"url\":\"https:\\\/\\\/fmgente.com.ar\\\/web\\\/wp-content\\\/uploads\\\/2026\\\/03\\\/720-610.jpeg\",\"contentUrl\":\"https:\\\/\\\/fmgente.com.ar\\\/web\\\/wp-content\\\/uploads\\\/2026\\\/03\\\/720-610.jpeg\",\"width\":1105,\"height\":720},{\"@type\":\"WebSite\",\"@id\":\"https:\\\/\\\/fmgente.com.ar\\\/web\\\/#website\",\"url\":\"https:\\\/\\\/fmgente.com.ar\\\/web\\\/\",\"name\":\"Fm Gente\",\"description\":\"- Jes\u00fas Mar\u00eda\",\"publisher\":{\"@id\":\"https:\\\/\\\/fmgente.com.ar\\\/web\\\/#organization\"},\"potentialAction\":[{\"@type\":\"SearchAction\",\"target\":{\"@type\":\"EntryPoint\",\"urlTemplate\":\"https:\\\/\\\/fmgente.com.ar\\\/web\\\/?s={search_term_string}\"},\"query-input\":{\"@type\":\"PropertyValueSpecification\",\"valueRequired\":true,\"valueName\":\"search_term_string\"}}],\"inLanguage\":\"es\"},{\"@type\":\"Organization\",\"@id\":\"https:\\\/\\\/fmgente.com.ar\\\/web\\\/#organization\",\"name\":\"Fm Gente\",\"url\":\"https:\\\/\\\/fmgente.com.ar\\\/web\\\/\",\"logo\":{\"@type\":\"ImageObject\",\"inLanguage\":\"es\",\"@id\":\"https:\\\/\\\/fmgente.com.ar\\\/web\\\/#\\\/schema\\\/logo\\\/image\\\/\",\"url\":\"https:\\\/\\\/fmgente.com.ar\\\/web\\\/wp-content\\\/uploads\\\/2023\\\/07\\\/cropped-cropped-logo-sombra2.png\",\"contentUrl\":\"https:\\\/\\\/fmgente.com.ar\\\/web\\\/wp-content\\\/uploads\\\/2023\\\/07\\\/cropped-cropped-logo-sombra2.png\",\"width\":1782,\"height\":1782,\"caption\":\"Fm Gente\"},\"image\":{\"@id\":\"https:\\\/\\\/fmgente.com.ar\\\/web\\\/#\\\/schema\\\/logo\\\/image\\\/\"}}]}<\/script>\n<!-- \/ Yoast SEO plugin. -->","yoast_head_json":{"title":"Las redes se burlan de Feinmann y su aliado inesperado: comparti\u00f3 un mensaje de Schoklender y estall\u00f3 la pol\u00e9mica - Fm Gente","robots":{"index":"index","follow":"follow","max-snippet":"max-snippet:-1","max-image-preview":"max-image-preview:large","max-video-preview":"max-video-preview:-1"},"canonical":"https:\/\/fmgente.com.ar\/web\/las-redes-se-burlan-de-feinmann-y-su-aliado-inesperado-compartio-un-mensaje-de-schoklender-y-estallo-la-polemica\/","og_locale":"es_ES","og_type":"article","og_title":"Las redes se burlan de Feinmann y su aliado inesperado: comparti\u00f3 un mensaje de Schoklender y estall\u00f3 la pol\u00e9mica - Fm Gente","og_description":"Mientras el mundo de la pol\u00edtica est\u00e1 metido en el esc\u00e1ndalo de $LIBRA, Eduardo Feinmann","og_url":"https:\/\/fmgente.com.ar\/web\/las-redes-se-burlan-de-feinmann-y-su-aliado-inesperado-compartio-un-mensaje-de-schoklender-y-estallo-la-polemica\/","og_site_name":"Fm Gente","article_published_time":"2026-03-15T21:09:19+00:00","twitter_card":"summary_large_image","twitter_misc":{"Tiempo de lectura":"1 minuto"},"schema":{"@context":"https:\/\/schema.org","@graph":[{"@type":"Article","@id":"https:\/\/fmgente.com.ar\/web\/las-redes-se-burlan-de-feinmann-y-su-aliado-inesperado-compartio-un-mensaje-de-schoklender-y-estallo-la-polemica\/#article","isPartOf":{"@id":"https:\/\/fmgente.com.ar\/web\/las-redes-se-burlan-de-feinmann-y-su-aliado-inesperado-compartio-un-mensaje-de-schoklender-y-estallo-la-polemica\/"},"author":{"name":"","@id":""},"headline":"Las redes se burlan de Feinmann y su aliado inesperado: comparti\u00f3 un mensaje de Schoklender y estall\u00f3 la pol\u00e9mica","datePublished":"2026-03-15T21:09:19+00:00","mainEntityOfPage":{"@id":"https:\/\/fmgente.com.ar\/web\/las-redes-se-burlan-de-feinmann-y-su-aliado-inesperado-compartio-un-mensaje-de-schoklender-y-estallo-la-polemica\/"},"wordCount":137,"publisher":{"@id":"https:\/\/fmgente.com.ar\/web\/#organization"},"image":{"@id":"https:\/\/fmgente.com.ar\/web\/las-redes-se-burlan-de-feinmann-y-su-aliado-inesperado-compartio-un-mensaje-de-schoklender-y-estallo-la-polemica\/#primaryimage"},"thumbnailUrl":"https:\/\/fmgente.com.ar\/web\/wp-content\/uploads\/2026\/03\/720-610.jpeg","articleSection":["DESTACADAS"],"inLanguage":"es"},{"@type":"WebPage","@id":"https:\/\/fmgente.com.ar\/web\/las-redes-se-burlan-de-feinmann-y-su-aliado-inesperado-compartio-un-mensaje-de-schoklender-y-estallo-la-polemica\/","url":"https:\/\/fmgente.com.ar\/web\/las-redes-se-burlan-de-feinmann-y-su-aliado-inesperado-compartio-un-mensaje-de-schoklender-y-estallo-la-polemica\/","name":"Las redes se burlan de Feinmann y su aliado inesperado: comparti\u00f3 un mensaje de Schoklender y estall\u00f3 la pol\u00e9mica - Fm Gente","isPartOf":{"@id":"https:\/\/fmgente.com.ar\/web\/#website"},"primaryImageOfPage":{"@id":"https:\/\/fmgente.com.ar\/web\/las-redes-se-burlan-de-feinmann-y-su-aliado-inesperado-compartio-un-mensaje-de-schoklender-y-estallo-la-polemica\/#primaryimage"},"image":{"@id":"https:\/\/fmgente.com.ar\/web\/las-redes-se-burlan-de-feinmann-y-su-aliado-inesperado-compartio-un-mensaje-de-schoklender-y-estallo-la-polemica\/#primaryimage"},"thumbnailUrl":"https:\/\/fmgente.com.ar\/web\/wp-content\/uploads\/2026\/03\/720-610.jpeg","datePublished":"2026-03-15T21:09:19+00:00","inLanguage":"es","potentialAction":[{"@type":"ReadAction","target":["https:\/\/fmgente.com.ar\/web\/las-redes-se-burlan-de-feinmann-y-su-aliado-inesperado-compartio-un-mensaje-de-schoklender-y-estallo-la-polemica\/"]}]},{"@type":"ImageObject","inLanguage":"es","@id":"https:\/\/fmgente.com.ar\/web\/las-redes-se-burlan-de-feinmann-y-su-aliado-inesperado-compartio-un-mensaje-de-schoklender-y-estallo-la-polemica\/#primaryimage","url":"https:\/\/fmgente.com.ar\/web\/wp-content\/uploads\/2026\/03\/720-610.jpeg","contentUrl":"https:\/\/fmgente.com.ar\/web\/wp-content\/uploads\/2026\/03\/720-610.jpeg","width":1105,"height":720},{"@type":"WebSite","@id":"https:\/\/fmgente.com.ar\/web\/#website","url":"https:\/\/fmgente.com.ar\/web\/","name":"Fm Gente","description":"- Jes\u00fas Mar\u00eda","publisher":{"@id":"https:\/\/fmgente.com.ar\/web\/#organization"},"potentialAction":[{"@type":"SearchAction","target":{"@type":"EntryPoint","urlTemplate":"https:\/\/fmgente.com.ar\/web\/?s={search_term_string}"},"query-input":{"@type":"PropertyValueSpecification","valueRequired":true,"valueName":"search_term_string"}}],"inLanguage":"es"},{"@type":"Organization","@id":"https:\/\/fmgente.com.ar\/web\/#organization","name":"Fm Gente","url":"https:\/\/fmgente.com.ar\/web\/","logo":{"@type":"ImageObject","inLanguage":"es","@id":"https:\/\/fmgente.com.ar\/web\/#\/schema\/logo\/image\/","url":"https:\/\/fmgente.com.ar\/web\/wp-content\/uploads\/2023\/07\/cropped-cropped-logo-sombra2.png","contentUrl":"https:\/\/fmgente.com.ar\/web\/wp-content\/uploads\/2023\/07\/cropped-cropped-logo-sombra2.png","width":1782,"height":1782,"caption":"Fm Gente"},"image":{"@id":"https:\/\/fmgente.com.ar\/web\/#\/schema\/logo\/image\/"}}]}},"_links":{"self":[{"href":"https:\/\/fmgente.com.ar\/web\/wp-json\/wp\/v2\/posts\/15355","targetHints":{"allow":["GET"]}}],"collection":[{"href":"https:\/\/fmgente.com.ar\/web\/wp-json\/wp\/v2\/posts"}],"about":[{"href":"https:\/\/fmgente.com.ar\/web\/wp-json\/wp\/v2\/types\/post"}],"replies":[{"embeddable":true,"href":"https:\/\/fmgente.com.ar\/web\/wp-json\/wp\/v2\/comments?post=15355"}],"version-history":[{"count":0,"href":"https:\/\/fmgente.com.ar\/web\/wp-json\/wp\/v2\/posts\/15355\/revisions"}],"wp:featuredmedia":[{"embeddable":true,"href":"https:\/\/fmgente.com.ar\/web\/wp-json\/wp\/v2\/media\/15356"}],"wp:attachment":[{"href":"https:\/\/fmgente.com.ar\/web\/wp-json\/wp\/v2\/media?parent=15355"}],"wp:term":[{"taxonomy":"category","embeddable":true,"href":"https:\/\/fmgente.com.ar\/web\/wp-json\/wp\/v2\/categories?post=15355"},{"taxonomy":"post_tag","embeddable":true,"href":"https:\/\/fmgente.com.ar\/web\/wp-json\/wp\/v2\/tags?post=15355"}],"curies":[{"name":"wp","href":"https:\/\/api.w.org\/{rel}","templated":true}]}}